{"id":24854,"date":"2026-04-29T17:05:23","date_gmt":"2026-04-29T20:05:23","guid":{"rendered":"https:\/\/redelitoralrs.com\/?p=24854"},"modified":"2026-04-29T17:05:23","modified_gmt":"2026-04-29T20:05:23","slug":"osorio-recebe-etapa-da-liga-litoral-norte-de-voleibol-com-jogos-no-sabado","status":"publish","type":"post","link":"https:\/\/redelitoralrs.com\/index.php\/2026\/04\/29\/osorio-recebe-etapa-da-liga-litoral-norte-de-voleibol-com-jogos-no-sabado\/","title":{"rendered":"Os\u00f3rio recebe etapa da Liga Litoral Norte de Voleibol com jogos no s\u00e1bado"},"content":{"rendered":"\n<p>O munic\u00edpio de Os\u00f3rio sedia, neste s\u00e1bado (2), mais uma etapa da Liga Litoral Norte de Voleibol, reunindo equipes da categoria infantil masculina e feminina. A programa\u00e7\u00e3o inicia \u00e0s 9h, no Gin\u00e1sio da Escola Osvaldo Amaral, no bairro Sulbrasileiro.<\/p>\n\n\n\n<p>A rodada contar\u00e1 com o confronto entre as equipes Netcomet e V\u00f4lei Os\u00f3rio, em partidas voltadas ao desenvolvimento do esporte de base e \u00e0 forma\u00e7\u00e3o de novos atletas. A expectativa \u00e9 de presen\u00e7a de p\u00fablico e incentivo aos jovens participantes.<\/p>\n\n\n\n<p>A iniciativa tem apoio da Prefeitura de Os\u00f3rio, por meio da Assessoria de Esportes, al\u00e9m de empresas patrocinadoras. A entrada \u00e9 gratuita.<\/p>\n\n\n\n<p>Al\u00e9m desta etapa, o calend\u00e1rio esportivo do munic\u00edpio prev\u00ea, para o dia 9, nova competi\u00e7\u00e3o no Gin\u00e1sio Municipal Rut\u00edlio Kestering, no bairro Porto Lacustre, com a realiza\u00e7\u00e3o de jogos da Liga Ga\u00facha de Base, na categoria infantil feminina.<\/p>\n\n\n\n<p>Os eventos refor\u00e7am o incentivo \u00e0 pr\u00e1tica esportiva entre crian\u00e7as e adolescentes, al\u00e9m de movimentar o cen\u00e1rio esportivo do Litoral Norte.<\/p>\n","protected":false},"excerpt":{"rendered":"<p>O munic\u00edpio de Os\u00f3rio sedia, neste s\u00e1bado (2), mais uma etapa da Liga Litoral Norte de Voleibol, reunindo equipes da categoria infantil masculina e feminina. A programa\u00e7\u00e3o inicia \u00e0s 9h, no Gin\u00e1sio da Escola Osvaldo Amaral, no bairro Sulbrasileiro. A rodada contar\u00e1 com o confronto entre as equipes Netcomet e V\u00f4lei Os\u00f3rio, em partidas voltadas [&hellip;]<\/p>\n","protected":false},"author":2,"featured_media":24855,"comment_status":"open","ping_status":"open","sticky":false,"template":"","format":"standard","meta":{"_themeisle_gutenberg_block_has_review":false,"footnotes":""},"categories":[14,172,15],"tags":[],"class_list":["post-24854","post","type-post","status-publish","format-standard","has-post-thumbnail","hentry","category-esportes","category-osorio","category-noticias"],"yoast_head":"<!-- This site is optimized with the Yoast SEO plugin v27.4 - https:\/\/yoast.com\/product\/yoast-seo-wordpress\/ -->\n<title>Os\u00f3rio recebe etapa da Liga Litoral Norte de Voleibol com jogos no s\u00e1bado - Rede Litoral RS<\/title>\n<meta name=\"robots\" content=\"index, follow, max-snippet:-1, max-image-preview:large, max-video-preview:-1\" \/>\n<link rel=\"canonical\" href=\"https:\/\/redelitoralrs.com\/index.php\/2026\/04\/29\/osorio-recebe-etapa-da-liga-litoral-norte-de-voleibol-com-jogos-no-sabado\/\" \/>\n<meta property=\"og:locale\" content=\"pt_BR\" \/>\n<meta property=\"og:type\" content=\"article\" \/>\n<meta property=\"og:title\" content=\"Os\u00f3rio recebe etapa da Liga Litoral Norte de Voleibol com jogos no s\u00e1bado - Rede Litoral RS\" \/>\n<meta property=\"og:description\" content=\"O munic\u00edpio de Os\u00f3rio sedia, neste s\u00e1bado (2), mais uma etapa da Liga Litoral Norte de Voleibol, reunindo equipes da categoria infantil masculina e feminina. A programa\u00e7\u00e3o inicia \u00e0s 9h, no Gin\u00e1sio da Escola Osvaldo Amaral, no bairro Sulbrasileiro. A rodada contar\u00e1 com o confronto entre as equipes Netcomet e V\u00f4lei Os\u00f3rio, em partidas voltadas [&hellip;]\" \/>\n<meta property=\"og:url\" content=\"https:\/\/redelitoralrs.com\/index.php\/2026\/04\/29\/osorio-recebe-etapa-da-liga-litoral-norte-de-voleibol-com-jogos-no-sabado\/\" \/>\n<meta property=\"og:site_name\" content=\"Rede Litoral RS\" \/>\n<meta property=\"article:publisher\" content=\"https:\/\/www.facebook.com\/tvlitoralrsoficial\" \/>\n<meta property=\"article:published_time\" content=\"2026-04-29T20:05:23+00:00\" \/>\n<meta property=\"og:image\" content=\"https:\/\/redelitoralrs.com\/wp-content\/uploads\/2026\/04\/WhatsApp-Image-2026-04-29-at-13.59.43.jpeg\" \/>\n\t<meta property=\"og:image:width\" content=\"1600\" \/>\n\t<meta property=\"og:image:height\" content=\"1200\" \/>\n\t<meta property=\"og:image:type\" content=\"image\/jpeg\" \/>\n<meta name=\"author\" content=\"Reda\u00e7\u00e3o TV Litoral\" \/>\n<meta name=\"twitter:card\" content=\"summary_large_image\" \/>\n<meta name=\"twitter:label1\" content=\"Escrito por\" \/>\n\t<meta name=\"twitter:data1\" content=\"Reda\u00e7\u00e3o TV Litoral\" \/>\n\t<meta name=\"twitter:label2\" content=\"Est. tempo de leitura\" \/>\n\t<meta name=\"twitter:data2\" content=\"2 minutos\" \/>\n<script type=\"application\/ld+json\" class=\"yoast-schema-graph\">{\"@context\":\"https:\\\/\\\/schema.org\",\"@graph\":[{\"@type\":\"Article\",\"@id\":\"https:\\\/\\\/redelitoralrs.com\\\/index.php\\\/2026\\\/04\\\/29\\\/osorio-recebe-etapa-da-liga-litoral-norte-de-voleibol-com-jogos-no-sabado\\\/#article\",\"isPartOf\":{\"@id\":\"https:\\\/\\\/redelitoralrs.com\\\/index.php\\\/2026\\\/04\\\/29\\\/osorio-recebe-etapa-da-liga-litoral-norte-de-voleibol-com-jogos-no-sabado\\\/\"},\"author\":{\"name\":\"Reda\u00e7\u00e3o TV Litoral\",\"@id\":\"https:\\\/\\\/redelitoralrs.com\\\/#\\\/schema\\\/person\\\/9f8181f2a7359dd3986f05ebaf5bd68a\"},\"headline\":\"Os\u00f3rio recebe etapa da Liga Litoral Norte de Voleibol com jogos no s\u00e1bado\",\"datePublished\":\"2026-04-29T20:05:23+00:00\",\"mainEntityOfPage\":{\"@id\":\"https:\\\/\\\/redelitoralrs.com\\\/index.php\\\/2026\\\/04\\\/29\\\/osorio-recebe-etapa-da-liga-litoral-norte-de-voleibol-com-jogos-no-sabado\\\/\"},\"wordCount\":194,\"commentCount\":0,\"publisher\":{\"@id\":\"https:\\\/\\\/redelitoralrs.com\\\/#organization\"},\"image\":{\"@id\":\"https:\\\/\\\/redelitoralrs.com\\\/index.php\\\/2026\\\/04\\\/29\\\/osorio-recebe-etapa-da-liga-litoral-norte-de-voleibol-com-jogos-no-sabado\\\/#primaryimage\"},\"thumbnailUrl\":\"https:\\\/\\\/redelitoralrs.com\\\/wp-content\\\/uploads\\\/2026\\\/04\\\/WhatsApp-Image-2026-04-29-at-13.59.43.jpeg\",\"articleSection\":[\"Esportes\",\"Os\u00f3rio\",\"\u00daltimas not\u00edcias\"],\"inLanguage\":\"pt-BR\",\"potentialAction\":[{\"@type\":\"CommentAction\",\"name\":\"Comment\",\"target\":[\"https:\\\/\\\/redelitoralrs.com\\\/index.php\\\/2026\\\/04\\\/29\\\/osorio-recebe-etapa-da-liga-litoral-norte-de-voleibol-com-jogos-no-sabado\\\/#respond\"]}]},{\"@type\":\"WebPage\",\"@id\":\"https:\\\/\\\/redelitoralrs.com\\\/index.php\\\/2026\\\/04\\\/29\\\/osorio-recebe-etapa-da-liga-litoral-norte-de-voleibol-com-jogos-no-sabado\\\/\",\"url\":\"https:\\\/\\\/redelitoralrs.com\\\/index.php\\\/2026\\\/04\\\/29\\\/osorio-recebe-etapa-da-liga-litoral-norte-de-voleibol-com-jogos-no-sabado\\\/\",\"name\":\"Os\u00f3rio recebe etapa da Liga Litoral Norte de Voleibol com jogos no s\u00e1bado - Rede Litoral RS\",\"isPartOf\":{\"@id\":\"https:\\\/\\\/redelitoralrs.com\\\/#website\"},\"primaryImageOfPage\":{\"@id\":\"https:\\\/\\\/redelitoralrs.com\\\/index.php\\\/2026\\\/04\\\/29\\\/osorio-recebe-etapa-da-liga-litoral-norte-de-voleibol-com-jogos-no-sabado\\\/#primaryimage\"},\"image\":{\"@id\":\"https:\\\/\\\/redelitoralrs.com\\\/index.php\\\/2026\\\/04\\\/29\\\/osorio-recebe-etapa-da-liga-litoral-norte-de-voleibol-com-jogos-no-sabado\\\/#primaryimage\"},\"thumbnailUrl\":\"https:\\\/\\\/redelitoralrs.com\\\/wp-content\\\/uploads\\\/2026\\\/04\\\/WhatsApp-Image-2026-04-29-at-13.59.43.jpeg\",\"datePublished\":\"2026-04-29T20:05:23+00:00\",\"breadcrumb\":{\"@id\":\"https:\\\/\\\/redelitoralrs.com\\\/index.php\\\/2026\\\/04\\\/29\\\/osorio-recebe-etapa-da-liga-litoral-norte-de-voleibol-com-jogos-no-sabado\\\/#breadcrumb\"},\"inLanguage\":\"pt-BR\",\"potentialAction\":[{\"@type\":\"ReadAction\",\"target\":[\"https:\\\/\\\/redelitoralrs.com\\\/index.php\\\/2026\\\/04\\\/29\\\/osorio-recebe-etapa-da-liga-litoral-norte-de-voleibol-com-jogos-no-sabado\\\/\"]}]},{\"@type\":\"ImageObject\",\"inLanguage\":\"pt-BR\",\"@id\":\"https:\\\/\\\/redelitoralrs.com\\\/index.php\\\/2026\\\/04\\\/29\\\/osorio-recebe-etapa-da-liga-litoral-norte-de-voleibol-com-jogos-no-sabado\\\/#primaryimage\",\"url\":\"https:\\\/\\\/redelitoralrs.com\\\/wp-content\\\/uploads\\\/2026\\\/04\\\/WhatsApp-Image-2026-04-29-at-13.59.43.jpeg\",\"contentUrl\":\"https:\\\/\\\/redelitoralrs.com\\\/wp-content\\\/uploads\\\/2026\\\/04\\\/WhatsApp-Image-2026-04-29-at-13.59.43.jpeg\",\"width\":1600,\"height\":1200,\"caption\":\"Foto: Ascom\\\/PMO\"},{\"@type\":\"BreadcrumbList\",\"@id\":\"https:\\\/\\\/redelitoralrs.com\\\/index.php\\\/2026\\\/04\\\/29\\\/osorio-recebe-etapa-da-liga-litoral-norte-de-voleibol-com-jogos-no-sabado\\\/#breadcrumb\",\"itemListElement\":[{\"@type\":\"ListItem\",\"position\":1,\"name\":\"In\u00edcio\",\"item\":\"https:\\\/\\\/redelitoralrs.com\\\/\"},{\"@type\":\"ListItem\",\"position\":2,\"name\":\"Os\u00f3rio recebe etapa da Liga Litoral Norte de Voleibol com jogos no s\u00e1bado\"}]},{\"@type\":\"WebSite\",\"@id\":\"https:\\\/\\\/redelitoralrs.com\\\/#website\",\"url\":\"https:\\\/\\\/redelitoralrs.com\\\/\",\"name\":\"TV Litoral\",\"description\":\"Acompanhe tudo do litoral ga\u00facho com a cobertura completa e atualizada da Rede Litoral RS. Nossos jornalistas trazem as \u00faltimas not\u00edcias, os acontecimentos mais quentes e as hist\u00f3rias que importam sobre nosso amado litoral.\",\"publisher\":{\"@id\":\"https:\\\/\\\/redelitoralrs.com\\\/#organization\"},\"potentialAction\":[{\"@type\":\"SearchAction\",\"target\":{\"@type\":\"EntryPoint\",\"urlTemplate\":\"https:\\\/\\\/redelitoralrs.com\\\/?s={search_term_string}\"},\"query-input\":{\"@type\":\"PropertyValueSpecification\",\"valueRequired\":true,\"valueName\":\"search_term_string\"}}],\"inLanguage\":\"pt-BR\"},{\"@type\":\"Organization\",\"@id\":\"https:\\\/\\\/redelitoralrs.com\\\/#organization\",\"name\":\"TV Litoral\",\"url\":\"https:\\\/\\\/redelitoralrs.com\\\/\",\"logo\":{\"@type\":\"ImageObject\",\"inLanguage\":\"pt-BR\",\"@id\":\"https:\\\/\\\/redelitoralrs.com\\\/#\\\/schema\\\/logo\\\/image\\\/\",\"url\":\"https:\\\/\\\/redelitoralrs.com\\\/wp-content\\\/uploads\\\/2024\\\/01\\\/faviconicon-1-1.png\",\"contentUrl\":\"https:\\\/\\\/redelitoralrs.com\\\/wp-content\\\/uploads\\\/2024\\\/01\\\/faviconicon-1-1.png\",\"width\":454,\"height\":454,\"caption\":\"TV Litoral\"},\"image\":{\"@id\":\"https:\\\/\\\/redelitoralrs.com\\\/#\\\/schema\\\/logo\\\/image\\\/\"},\"sameAs\":[\"https:\\\/\\\/www.facebook.com\\\/tvlitoralrsoficial\",\"https:\\\/\\\/www.instagram.com\\\/tvlitoral.rs\"]},{\"@type\":\"Person\",\"@id\":\"https:\\\/\\\/redelitoralrs.com\\\/#\\\/schema\\\/person\\\/9f8181f2a7359dd3986f05ebaf5bd68a\",\"name\":\"Reda\u00e7\u00e3o TV Litoral\",\"image\":{\"@type\":\"ImageObject\",\"inLanguage\":\"pt-BR\",\"@id\":\"https:\\\/\\\/redelitoralrs.com\\\/wp-content\\\/litespeed\\\/avatar\\\/779aafbb45e66c7f82733e21abb48259.jpg?ver=1776956734\",\"url\":\"https:\\\/\\\/redelitoralrs.com\\\/wp-content\\\/litespeed\\\/avatar\\\/779aafbb45e66c7f82733e21abb48259.jpg?ver=1776956734\",\"contentUrl\":\"https:\\\/\\\/redelitoralrs.com\\\/wp-content\\\/litespeed\\\/avatar\\\/779aafbb45e66c7f82733e21abb48259.jpg?ver=1776956734\",\"caption\":\"Reda\u00e7\u00e3o TV Litoral\"},\"description\":\"A Rede Litoral de Comunica\u00e7\u00e3o \u00e9 um grupo de m\u00eddia multiplataforma do Litoral Norte do RS. Com atua\u00e7\u00e3o em TV, r\u00e1dio, portal e redes sociais, levamos informa\u00e7\u00e3o, conte\u00fado e entretenimento \u00e0 comunidade, fortalecendo a comunica\u00e7\u00e3o local e impulsionando o desenvolvimento regional. Acompanhe atrav\u00e9s de @redelitoralrs.\",\"sameAs\":[\"https:\\\/\\\/redelitoralrs.com\",\"https:\\\/\\\/www.instagram.com\\\/redelitoralrs\",\"https:\\\/\\\/www.youtube.com\\\/@redelitoralrs\"],\"url\":\"https:\\\/\\\/redelitoralrs.com\\\/index.php\\\/author\\\/redacaotvlitoral\\\/\"}]}<\/script>\n<!-- \/ Yoast SEO plugin. -->","yoast_head_json":{"title":"Os\u00f3rio recebe etapa da Liga Litoral Norte de Voleibol com jogos no s\u00e1bado - Rede Litoral RS","robots":{"index":"index","follow":"follow","max-snippet":"max-snippet:-1","max-image-preview":"max-image-preview:large","max-video-preview":"max-video-preview:-1"},"canonical":"https:\/\/redelitoralrs.com\/index.php\/2026\/04\/29\/osorio-recebe-etapa-da-liga-litoral-norte-de-voleibol-com-jogos-no-sabado\/","og_locale":"pt_BR","og_type":"article","og_title":"Os\u00f3rio recebe etapa da Liga Litoral Norte de Voleibol com jogos no s\u00e1bado - Rede Litoral RS","og_description":"O munic\u00edpio de Os\u00f3rio sedia, neste s\u00e1bado (2), mais uma etapa da Liga Litoral Norte de Voleibol, reunindo equipes da categoria infantil masculina e feminina. A programa\u00e7\u00e3o inicia \u00e0s 9h, no Gin\u00e1sio da Escola Osvaldo Amaral, no bairro Sulbrasileiro. A rodada contar\u00e1 com o confronto entre as equipes Netcomet e V\u00f4lei Os\u00f3rio, em partidas voltadas [&hellip;]","og_url":"https:\/\/redelitoralrs.com\/index.php\/2026\/04\/29\/osorio-recebe-etapa-da-liga-litoral-norte-de-voleibol-com-jogos-no-sabado\/","og_site_name":"Rede Litoral RS","article_publisher":"https:\/\/www.facebook.com\/tvlitoralrsoficial","article_published_time":"2026-04-29T20:05:23+00:00","og_image":[{"width":1600,"height":1200,"url":"https:\/\/redelitoralrs.com\/wp-content\/uploads\/2026\/04\/WhatsApp-Image-2026-04-29-at-13.59.43.jpeg","type":"image\/jpeg"}],"author":"Reda\u00e7\u00e3o TV Litoral","twitter_card":"summary_large_image","twitter_misc":{"Escrito por":"Reda\u00e7\u00e3o TV Litoral","Est. tempo de leitura":"2 minutos"},"schema":{"@context":"https:\/\/schema.org","@graph":[{"@type":"Article","@id":"https:\/\/redelitoralrs.com\/index.php\/2026\/04\/29\/osorio-recebe-etapa-da-liga-litoral-norte-de-voleibol-com-jogos-no-sabado\/#article","isPartOf":{"@id":"https:\/\/redelitoralrs.com\/index.php\/2026\/04\/29\/osorio-recebe-etapa-da-liga-litoral-norte-de-voleibol-com-jogos-no-sabado\/"},"author":{"name":"Reda\u00e7\u00e3o TV Litoral","@id":"https:\/\/redelitoralrs.com\/#\/schema\/person\/9f8181f2a7359dd3986f05ebaf5bd68a"},"headline":"Os\u00f3rio recebe etapa da Liga Litoral Norte de Voleibol com jogos no s\u00e1bado","datePublished":"2026-04-29T20:05:23+00:00","mainEntityOfPage":{"@id":"https:\/\/redelitoralrs.com\/index.php\/2026\/04\/29\/osorio-recebe-etapa-da-liga-litoral-norte-de-voleibol-com-jogos-no-sabado\/"},"wordCount":194,"commentCount":0,"publisher":{"@id":"https:\/\/redelitoralrs.com\/#organization"},"image":{"@id":"https:\/\/redelitoralrs.com\/index.php\/2026\/04\/29\/osorio-recebe-etapa-da-liga-litoral-norte-de-voleibol-com-jogos-no-sabado\/#primaryimage"},"thumbnailUrl":"https:\/\/redelitoralrs.com\/wp-content\/uploads\/2026\/04\/WhatsApp-Image-2026-04-29-at-13.59.43.jpeg","articleSection":["Esportes","Os\u00f3rio","\u00daltimas not\u00edcias"],"inLanguage":"pt-BR","potentialAction":[{"@type":"CommentAction","name":"Comment","target":["https:\/\/redelitoralrs.com\/index.php\/2026\/04\/29\/osorio-recebe-etapa-da-liga-litoral-norte-de-voleibol-com-jogos-no-sabado\/#respond"]}]},{"@type":"WebPage","@id":"https:\/\/redelitoralrs.com\/index.php\/2026\/04\/29\/osorio-recebe-etapa-da-liga-litoral-norte-de-voleibol-com-jogos-no-sabado\/","url":"https:\/\/redelitoralrs.com\/index.php\/2026\/04\/29\/osorio-recebe-etapa-da-liga-litoral-norte-de-voleibol-com-jogos-no-sabado\/","name":"Os\u00f3rio recebe etapa da Liga Litoral Norte de Voleibol com jogos no s\u00e1bado - Rede Litoral RS","isPartOf":{"@id":"https:\/\/redelitoralrs.com\/#website"},"primaryImageOfPage":{"@id":"https:\/\/redelitoralrs.com\/index.php\/2026\/04\/29\/osorio-recebe-etapa-da-liga-litoral-norte-de-voleibol-com-jogos-no-sabado\/#primaryimage"},"image":{"@id":"https:\/\/redelitoralrs.com\/index.php\/2026\/04\/29\/osorio-recebe-etapa-da-liga-litoral-norte-de-voleibol-com-jogos-no-sabado\/#primaryimage"},"thumbnailUrl":"https:\/\/redelitoralrs.com\/wp-content\/uploads\/2026\/04\/WhatsApp-Image-2026-04-29-at-13.59.43.jpeg","datePublished":"2026-04-29T20:05:23+00:00","breadcrumb":{"@id":"https:\/\/redelitoralrs.com\/index.php\/2026\/04\/29\/osorio-recebe-etapa-da-liga-litoral-norte-de-voleibol-com-jogos-no-sabado\/#breadcrumb"},"inLanguage":"pt-BR","potentialAction":[{"@type":"ReadAction","target":["https:\/\/redelitoralrs.com\/index.php\/2026\/04\/29\/osorio-recebe-etapa-da-liga-litoral-norte-de-voleibol-com-jogos-no-sabado\/"]}]},{"@type":"ImageObject","inLanguage":"pt-BR","@id":"https:\/\/redelitoralrs.com\/index.php\/2026\/04\/29\/osorio-recebe-etapa-da-liga-litoral-norte-de-voleibol-com-jogos-no-sabado\/#primaryimage","url":"https:\/\/redelitoralrs.com\/wp-content\/uploads\/2026\/04\/WhatsApp-Image-2026-04-29-at-13.59.43.jpeg","contentUrl":"https:\/\/redelitoralrs.com\/wp-content\/uploads\/2026\/04\/WhatsApp-Image-2026-04-29-at-13.59.43.jpeg","width":1600,"height":1200,"caption":"Foto: Ascom\/PMO"},{"@type":"BreadcrumbList","@id":"https:\/\/redelitoralrs.com\/index.php\/2026\/04\/29\/osorio-recebe-etapa-da-liga-litoral-norte-de-voleibol-com-jogos-no-sabado\/#breadcrumb","itemListElement":[{"@type":"ListItem","position":1,"name":"In\u00edcio","item":"https:\/\/redelitoralrs.com\/"},{"@type":"ListItem","position":2,"name":"Os\u00f3rio recebe etapa da Liga Litoral Norte de Voleibol com jogos no s\u00e1bado"}]},{"@type":"WebSite","@id":"https:\/\/redelitoralrs.com\/#website","url":"https:\/\/redelitoralrs.com\/","name":"TV Litoral","description":"Acompanhe tudo do litoral ga\u00facho com a cobertura completa e atualizada da Rede Litoral RS. Nossos jornalistas trazem as \u00faltimas not\u00edcias, os acontecimentos mais quentes e as hist\u00f3rias que importam sobre nosso amado litoral.","publisher":{"@id":"https:\/\/redelitoralrs.com\/#organization"},"potentialAction":[{"@type":"SearchAction","target":{"@type":"EntryPoint","urlTemplate":"https:\/\/redelitoralrs.com\/?s={search_term_string}"},"query-input":{"@type":"PropertyValueSpecification","valueRequired":true,"valueName":"search_term_string"}}],"inLanguage":"pt-BR"},{"@type":"Organization","@id":"https:\/\/redelitoralrs.com\/#organization","name":"TV Litoral","url":"https:\/\/redelitoralrs.com\/","logo":{"@type":"ImageObject","inLanguage":"pt-BR","@id":"https:\/\/redelitoralrs.com\/#\/schema\/logo\/image\/","url":"https:\/\/redelitoralrs.com\/wp-content\/uploads\/2024\/01\/faviconicon-1-1.png","contentUrl":"https:\/\/redelitoralrs.com\/wp-content\/uploads\/2024\/01\/faviconicon-1-1.png","width":454,"height":454,"caption":"TV Litoral"},"image":{"@id":"https:\/\/redelitoralrs.com\/#\/schema\/logo\/image\/"},"sameAs":["https:\/\/www.facebook.com\/tvlitoralrsoficial","https:\/\/www.instagram.com\/tvlitoral.rs"]},{"@type":"Person","@id":"https:\/\/redelitoralrs.com\/#\/schema\/person\/9f8181f2a7359dd3986f05ebaf5bd68a","name":"Reda\u00e7\u00e3o TV Litoral","image":{"@type":"ImageObject","inLanguage":"pt-BR","@id":"https:\/\/redelitoralrs.com\/wp-content\/litespeed\/avatar\/779aafbb45e66c7f82733e21abb48259.jpg?ver=1776956734","url":"https:\/\/redelitoralrs.com\/wp-content\/litespeed\/avatar\/779aafbb45e66c7f82733e21abb48259.jpg?ver=1776956734","contentUrl":"https:\/\/redelitoralrs.com\/wp-content\/litespeed\/avatar\/779aafbb45e66c7f82733e21abb48259.jpg?ver=1776956734","caption":"Reda\u00e7\u00e3o TV Litoral"},"description":"A Rede Litoral de Comunica\u00e7\u00e3o \u00e9 um grupo de m\u00eddia multiplataforma do Litoral Norte do RS. Com atua\u00e7\u00e3o em TV, r\u00e1dio, portal e redes sociais, levamos informa\u00e7\u00e3o, conte\u00fado e entretenimento \u00e0 comunidade, fortalecendo a comunica\u00e7\u00e3o local e impulsionando o desenvolvimento regional. Acompanhe atrav\u00e9s de @redelitoralrs.","sameAs":["https:\/\/redelitoralrs.com","https:\/\/www.instagram.com\/redelitoralrs","https:\/\/www.youtube.com\/@redelitoralrs"],"url":"https:\/\/redelitoralrs.com\/index.php\/author\/redacaotvlitoral\/"}]}},"_links":{"self":[{"href":"https:\/\/redelitoralrs.com\/index.php\/wp-json\/wp\/v2\/posts\/24854","targetHints":{"allow":["GET"]}}],"collection":[{"href":"https:\/\/redelitoralrs.com\/index.php\/wp-json\/wp\/v2\/posts"}],"about":[{"href":"https:\/\/redelitoralrs.com\/index.php\/wp-json\/wp\/v2\/types\/post"}],"author":[{"embeddable":true,"href":"https:\/\/redelitoralrs.com\/index.php\/wp-json\/wp\/v2\/users\/2"}],"replies":[{"embeddable":true,"href":"https:\/\/redelitoralrs.com\/index.php\/wp-json\/wp\/v2\/comments?post=24854"}],"version-history":[{"count":1,"href":"https:\/\/redelitoralrs.com\/index.php\/wp-json\/wp\/v2\/posts\/24854\/revisions"}],"predecessor-version":[{"id":24856,"href":"https:\/\/redelitoralrs.com\/index.php\/wp-json\/wp\/v2\/posts\/24854\/revisions\/24856"}],"wp:featuredmedia":[{"embeddable":true,"href":"https:\/\/redelitoralrs.com\/index.php\/wp-json\/wp\/v2\/media\/24855"}],"wp:attachment":[{"href":"https:\/\/redelitoralrs.com\/index.php\/wp-json\/wp\/v2\/media?parent=24854"}],"wp:term":[{"taxonomy":"category","embeddable":true,"href":"https:\/\/redelitoralrs.com\/index.php\/wp-json\/wp\/v2\/categories?post=24854"},{"taxonomy":"post_tag","embeddable":true,"href":"https:\/\/redelitoralrs.com\/index.php\/wp-json\/wp\/v2\/tags?post=24854"}],"curies":[{"name":"wp","href":"https:\/\/api.w.org\/{rel}","templated":true}]}}