{"id":24848,"date":"2026-04-29T16:57:36","date_gmt":"2026-04-29T19:57:36","guid":{"rendered":"https:\/\/redelitoralrs.com\/?p=24848"},"modified":"2026-04-29T16:57:37","modified_gmt":"2026-04-29T19:57:37","slug":"prefeito-apresenta-programa-avancar-saude-com-investimentos-e-ampliacao-da-rede-municipal","status":"publish","type":"post","link":"https:\/\/redelitoralrs.com\/index.php\/2026\/04\/29\/prefeito-apresenta-programa-avancar-saude-com-investimentos-e-ampliacao-da-rede-municipal\/","title":{"rendered":"Prefeito apresenta programa Avan\u00e7ar Sa\u00fade com investimentos e amplia\u00e7\u00e3o da rede municipal"},"content":{"rendered":"\n<p>O prefeito de Imb\u00e9, Ique Vedovato, apresentou nesta semana, durante sess\u00e3o ordin\u00e1ria da C\u00e2mara de Vereadores, o programa Avan\u00e7ar Sa\u00fade, voltado \u00e0 amplia\u00e7\u00e3o e qualifica\u00e7\u00e3o dos servi\u00e7os p\u00fablicos no munic\u00edpio. A iniciativa integra o conjunto de a\u00e7\u00f5es do Avan\u00e7ar Imb\u00e9 e re\u00fane investimentos j\u00e1 realizados e projetos previstos at\u00e9 o fim da atual gest\u00e3o.<\/p>\n\n\n\n<p>A apresenta\u00e7\u00e3o ocorreu a convite do Legislativo municipal, por meio do presidente da Casa, Jorginho Souza, e destacou avan\u00e7os na estrutura da rede de sa\u00fade, com foco na amplia\u00e7\u00e3o do acesso, qualifica\u00e7\u00e3o dos atendimentos e fortalecimento da aten\u00e7\u00e3o b\u00e1sica.<\/p>\n\n\n\n<p>Entre os principais pontos, o munic\u00edpio atingiu 100% de cobertura da Estrat\u00e9gia de Sa\u00fade da Fam\u00edlia, com seis Unidades B\u00e1sicas de Sa\u00fade e sete equipes em funcionamento. A rede tamb\u00e9m conta com dois prontos atendimentos \u2014 um com opera\u00e7\u00e3o 24 horas e outro com atendimento de 12 horas \u2014 al\u00e9m de servi\u00e7os como Centro de Especialidades, Centro de Fisioterapia, Farm\u00e1cia Municipal, Farm\u00e1cia do Estado, Centro de Aten\u00e7\u00e3o Psicossocial (CAPS), Equipes Multiprofissionais e o CAS TEAcolhe, refer\u00eancia regional no atendimento a pessoas com Transtorno do Espectro Autista.<\/p>\n\n\n\n<p>Na \u00e1rea de infraestrutura, foram destacados investimentos como a aquisi\u00e7\u00e3o de equipamento de raio-X digital para o pronto atendimento, implanta\u00e7\u00e3o da base do Servi\u00e7o de Atendimento M\u00f3vel de Urg\u00eancia e instala\u00e7\u00e3o de geradores de energia nas unidades, garantindo continuidade dos servi\u00e7os em situa\u00e7\u00f5es de instabilidade.<\/p>\n\n\n\n<p>O programa tamb\u00e9m contempla melhorias na aten\u00e7\u00e3o b\u00e1sica, com reforma e amplia\u00e7\u00e3o de unidades, moderniza\u00e7\u00e3o das farm\u00e1cias e amplia\u00e7\u00e3o da capacidade de distribui\u00e7\u00e3o de medicamentos. A administra\u00e7\u00e3o informou ainda que estuda a implementa\u00e7\u00e3o de um sistema de tele-entrega de rem\u00e9dios, dependendo de aprova\u00e7\u00e3o t\u00e9cnica.<\/p>\n\n\n\n<p>Na \u00e1rea de sa\u00fade mental, o munic\u00edpio implantou o CAPS I e adquiriu terrenos para constru\u00e7\u00e3o de uma sede pr\u00f3pria para o servi\u00e7o, al\u00e9m de projetar uma unidade espec\u00edfica para a Equipe Multiprofissional de Aten\u00e7\u00e3o Especializada em Sa\u00fade Mental. O investimento previsto ultrapassa R$ 3,7 milh\u00f5es.<\/p>\n\n\n\n<p>Outro destaque foi a amplia\u00e7\u00e3o da frota da sa\u00fade, com a aquisi\u00e7\u00e3o de oito ve\u00edculos, incluindo ambul\u00e2ncias, micro-\u00f4nibus e carros de apoio, al\u00e9m da cria\u00e7\u00e3o de novos espa\u00e7os para atendimento domiciliar e especializado.<\/p>\n\n\n\n<p>Durante a apresenta\u00e7\u00e3o, tamb\u00e9m foi detalhada a divis\u00e3o de responsabilidades entre munic\u00edpio e Estado, especialmente em rela\u00e7\u00e3o a procedimentos de maior complexidade, regulados por sistemas estaduais de gest\u00e3o de consultas e exames. Segundo a administra\u00e7\u00e3o, o munic\u00edpio atua na facilita\u00e7\u00e3o do acesso da popula\u00e7\u00e3o aos servi\u00e7os, incluindo agendamento e acompanhamento dos pacientes.<\/p>\n\n\n\n<p>O programa Avan\u00e7ar Sa\u00fade re\u00fane a\u00e7\u00f5es voltadas \u00e0 melhoria da infraestrutura, amplia\u00e7\u00e3o do atendimento e qualifica\u00e7\u00e3o dos servi\u00e7os, com foco na continuidade do cuidado e no fortalecimento da rede p\u00fablica de sa\u00fade em Imb\u00e9.<\/p>\n","protected":false},"excerpt":{"rendered":"<p>O prefeito de Imb\u00e9, Ique Vedovato, apresentou nesta semana, durante sess\u00e3o ordin\u00e1ria da C\u00e2mara de Vereadores, o programa Avan\u00e7ar Sa\u00fade, voltado \u00e0 amplia\u00e7\u00e3o e qualifica\u00e7\u00e3o dos servi\u00e7os p\u00fablicos no munic\u00edpio. A iniciativa integra o conjunto de a\u00e7\u00f5es do Avan\u00e7ar Imb\u00e9 e re\u00fane investimentos j\u00e1 realizados e projetos previstos at\u00e9 o fim da atual gest\u00e3o. A [&hellip;]<\/p>\n","protected":false},"author":2,"featured_media":24849,"comment_status":"open","ping_status":"open","sticky":false,"template":"","format":"standard","meta":{"_themeisle_gutenberg_block_has_review":false,"footnotes":""},"categories":[20],"tags":[],"class_list":["post-24848","post","type-post","status-publish","format-standard","has-post-thumbnail","hentry","category-litoral_norte"],"yoast_head":"<!-- This site is optimized with the Yoast SEO plugin v27.4 - https:\/\/yoast.com\/product\/yoast-seo-wordpress\/ -->\n<title>Prefeito apresenta programa Avan\u00e7ar Sa\u00fade com investimentos e amplia\u00e7\u00e3o da rede municipal - Rede Litoral RS<\/title>\n<meta name=\"robots\" content=\"index, follow, max-snippet:-1, max-image-preview:large, max-video-preview:-1\" \/>\n<link rel=\"canonical\" href=\"https:\/\/redelitoralrs.com\/index.php\/2026\/04\/29\/prefeito-apresenta-programa-avancar-saude-com-investimentos-e-ampliacao-da-rede-municipal\/\" \/>\n<meta property=\"og:locale\" content=\"pt_BR\" \/>\n<meta property=\"og:type\" content=\"article\" \/>\n<meta property=\"og:title\" content=\"Prefeito apresenta programa Avan\u00e7ar Sa\u00fade com investimentos e amplia\u00e7\u00e3o da rede municipal - Rede Litoral RS\" \/>\n<meta property=\"og:description\" content=\"O prefeito de Imb\u00e9, Ique Vedovato, apresentou nesta semana, durante sess\u00e3o ordin\u00e1ria da C\u00e2mara de Vereadores, o programa Avan\u00e7ar Sa\u00fade, voltado \u00e0 amplia\u00e7\u00e3o e qualifica\u00e7\u00e3o dos servi\u00e7os p\u00fablicos no munic\u00edpio. A iniciativa integra o conjunto de a\u00e7\u00f5es do Avan\u00e7ar Imb\u00e9 e re\u00fane investimentos j\u00e1 realizados e projetos previstos at\u00e9 o fim da atual gest\u00e3o. A [&hellip;]\" \/>\n<meta property=\"og:url\" content=\"https:\/\/redelitoralrs.com\/index.php\/2026\/04\/29\/prefeito-apresenta-programa-avancar-saude-com-investimentos-e-ampliacao-da-rede-municipal\/\" \/>\n<meta property=\"og:site_name\" content=\"Rede Litoral RS\" \/>\n<meta property=\"article:publisher\" content=\"https:\/\/www.facebook.com\/tvlitoralrsoficial\" \/>\n<meta property=\"article:published_time\" content=\"2026-04-29T19:57:36+00:00\" \/>\n<meta property=\"article:modified_time\" content=\"2026-04-29T19:57:37+00:00\" \/>\n<meta property=\"og:image\" content=\"https:\/\/redelitoralrs.com\/wp-content\/uploads\/2026\/04\/Avancar-Saude-Ivan-de-Andrade-1.jpg.jpeg\" \/>\n\t<meta property=\"og:image:width\" content=\"2048\" \/>\n\t<meta property=\"og:image:height\" content=\"1365\" \/>\n\t<meta property=\"og:image:type\" content=\"image\/jpeg\" \/>\n<meta name=\"author\" content=\"Reda\u00e7\u00e3o TV Litoral\" \/>\n<meta name=\"twitter:card\" content=\"summary_large_image\" \/>\n<meta name=\"twitter:label1\" content=\"Escrito por\" \/>\n\t<meta name=\"twitter:data1\" content=\"Reda\u00e7\u00e3o TV Litoral\" \/>\n\t<meta name=\"twitter:label2\" content=\"Est. tempo de leitura\" \/>\n\t<meta name=\"twitter:data2\" content=\"3 minutos\" \/>\n<script type=\"application\/ld+json\" class=\"yoast-schema-graph\">{\"@context\":\"https:\\\/\\\/schema.org\",\"@graph\":[{\"@type\":\"Article\",\"@id\":\"https:\\\/\\\/redelitoralrs.com\\\/index.php\\\/2026\\\/04\\\/29\\\/prefeito-apresenta-programa-avancar-saude-com-investimentos-e-ampliacao-da-rede-municipal\\\/#article\",\"isPartOf\":{\"@id\":\"https:\\\/\\\/redelitoralrs.com\\\/index.php\\\/2026\\\/04\\\/29\\\/prefeito-apresenta-programa-avancar-saude-com-investimentos-e-ampliacao-da-rede-municipal\\\/\"},\"author\":{\"name\":\"Reda\u00e7\u00e3o TV Litoral\",\"@id\":\"https:\\\/\\\/redelitoralrs.com\\\/#\\\/schema\\\/person\\\/9f8181f2a7359dd3986f05ebaf5bd68a\"},\"headline\":\"Prefeito apresenta programa Avan\u00e7ar Sa\u00fade com investimentos e amplia\u00e7\u00e3o da rede municipal\",\"datePublished\":\"2026-04-29T19:57:36+00:00\",\"dateModified\":\"2026-04-29T19:57:37+00:00\",\"mainEntityOfPage\":{\"@id\":\"https:\\\/\\\/redelitoralrs.com\\\/index.php\\\/2026\\\/04\\\/29\\\/prefeito-apresenta-programa-avancar-saude-com-investimentos-e-ampliacao-da-rede-municipal\\\/\"},\"wordCount\":535,\"commentCount\":0,\"publisher\":{\"@id\":\"https:\\\/\\\/redelitoralrs.com\\\/#organization\"},\"image\":{\"@id\":\"https:\\\/\\\/redelitoralrs.com\\\/index.php\\\/2026\\\/04\\\/29\\\/prefeito-apresenta-programa-avancar-saude-com-investimentos-e-ampliacao-da-rede-municipal\\\/#primaryimage\"},\"thumbnailUrl\":\"https:\\\/\\\/redelitoralrs.com\\\/wp-content\\\/uploads\\\/2026\\\/04\\\/Avancar-Saude-Ivan-de-Andrade-1.jpg.jpeg\",\"articleSection\":[\"Litoral Norte\"],\"inLanguage\":\"pt-BR\",\"potentialAction\":[{\"@type\":\"CommentAction\",\"name\":\"Comment\",\"target\":[\"https:\\\/\\\/redelitoralrs.com\\\/index.php\\\/2026\\\/04\\\/29\\\/prefeito-apresenta-programa-avancar-saude-com-investimentos-e-ampliacao-da-rede-municipal\\\/#respond\"]}]},{\"@type\":\"WebPage\",\"@id\":\"https:\\\/\\\/redelitoralrs.com\\\/index.php\\\/2026\\\/04\\\/29\\\/prefeito-apresenta-programa-avancar-saude-com-investimentos-e-ampliacao-da-rede-municipal\\\/\",\"url\":\"https:\\\/\\\/redelitoralrs.com\\\/index.php\\\/2026\\\/04\\\/29\\\/prefeito-apresenta-programa-avancar-saude-com-investimentos-e-ampliacao-da-rede-municipal\\\/\",\"name\":\"Prefeito apresenta programa Avan\u00e7ar Sa\u00fade com investimentos e amplia\u00e7\u00e3o da rede municipal - Rede Litoral RS\",\"isPartOf\":{\"@id\":\"https:\\\/\\\/redelitoralrs.com\\\/#website\"},\"primaryImageOfPage\":{\"@id\":\"https:\\\/\\\/redelitoralrs.com\\\/index.php\\\/2026\\\/04\\\/29\\\/prefeito-apresenta-programa-avancar-saude-com-investimentos-e-ampliacao-da-rede-municipal\\\/#primaryimage\"},\"image\":{\"@id\":\"https:\\\/\\\/redelitoralrs.com\\\/index.php\\\/2026\\\/04\\\/29\\\/prefeito-apresenta-programa-avancar-saude-com-investimentos-e-ampliacao-da-rede-municipal\\\/#primaryimage\"},\"thumbnailUrl\":\"https:\\\/\\\/redelitoralrs.com\\\/wp-content\\\/uploads\\\/2026\\\/04\\\/Avancar-Saude-Ivan-de-Andrade-1.jpg.jpeg\",\"datePublished\":\"2026-04-29T19:57:36+00:00\",\"dateModified\":\"2026-04-29T19:57:37+00:00\",\"breadcrumb\":{\"@id\":\"https:\\\/\\\/redelitoralrs.com\\\/index.php\\\/2026\\\/04\\\/29\\\/prefeito-apresenta-programa-avancar-saude-com-investimentos-e-ampliacao-da-rede-municipal\\\/#breadcrumb\"},\"inLanguage\":\"pt-BR\",\"potentialAction\":[{\"@type\":\"ReadAction\",\"target\":[\"https:\\\/\\\/redelitoralrs.com\\\/index.php\\\/2026\\\/04\\\/29\\\/prefeito-apresenta-programa-avancar-saude-com-investimentos-e-ampliacao-da-rede-municipal\\\/\"]}]},{\"@type\":\"ImageObject\",\"inLanguage\":\"pt-BR\",\"@id\":\"https:\\\/\\\/redelitoralrs.com\\\/index.php\\\/2026\\\/04\\\/29\\\/prefeito-apresenta-programa-avancar-saude-com-investimentos-e-ampliacao-da-rede-municipal\\\/#primaryimage\",\"url\":\"https:\\\/\\\/redelitoralrs.com\\\/wp-content\\\/uploads\\\/2026\\\/04\\\/Avancar-Saude-Ivan-de-Andrade-1.jpg.jpeg\",\"contentUrl\":\"https:\\\/\\\/redelitoralrs.com\\\/wp-content\\\/uploads\\\/2026\\\/04\\\/Avancar-Saude-Ivan-de-Andrade-1.jpg.jpeg\",\"width\":2048,\"height\":1365,\"caption\":\"Foto: Ivan de Andrade\\\/PMI\"},{\"@type\":\"BreadcrumbList\",\"@id\":\"https:\\\/\\\/redelitoralrs.com\\\/index.php\\\/2026\\\/04\\\/29\\\/prefeito-apresenta-programa-avancar-saude-com-investimentos-e-ampliacao-da-rede-municipal\\\/#breadcrumb\",\"itemListElement\":[{\"@type\":\"ListItem\",\"position\":1,\"name\":\"In\u00edcio\",\"item\":\"https:\\\/\\\/redelitoralrs.com\\\/\"},{\"@type\":\"ListItem\",\"position\":2,\"name\":\"Prefeito apresenta programa Avan\u00e7ar Sa\u00fade com investimentos e amplia\u00e7\u00e3o da rede municipal\"}]},{\"@type\":\"WebSite\",\"@id\":\"https:\\\/\\\/redelitoralrs.com\\\/#website\",\"url\":\"https:\\\/\\\/redelitoralrs.com\\\/\",\"name\":\"TV Litoral\",\"description\":\"Acompanhe tudo do litoral ga\u00facho com a cobertura completa e atualizada da Rede Litoral RS. Nossos jornalistas trazem as \u00faltimas not\u00edcias, os acontecimentos mais quentes e as hist\u00f3rias que importam sobre nosso amado litoral.\",\"publisher\":{\"@id\":\"https:\\\/\\\/redelitoralrs.com\\\/#organization\"},\"potentialAction\":[{\"@type\":\"SearchAction\",\"target\":{\"@type\":\"EntryPoint\",\"urlTemplate\":\"https:\\\/\\\/redelitoralrs.com\\\/?s={search_term_string}\"},\"query-input\":{\"@type\":\"PropertyValueSpecification\",\"valueRequired\":true,\"valueName\":\"search_term_string\"}}],\"inLanguage\":\"pt-BR\"},{\"@type\":\"Organization\",\"@id\":\"https:\\\/\\\/redelitoralrs.com\\\/#organization\",\"name\":\"TV Litoral\",\"url\":\"https:\\\/\\\/redelitoralrs.com\\\/\",\"logo\":{\"@type\":\"ImageObject\",\"inLanguage\":\"pt-BR\",\"@id\":\"https:\\\/\\\/redelitoralrs.com\\\/#\\\/schema\\\/logo\\\/image\\\/\",\"url\":\"https:\\\/\\\/redelitoralrs.com\\\/wp-content\\\/uploads\\\/2024\\\/01\\\/faviconicon-1-1.png\",\"contentUrl\":\"https:\\\/\\\/redelitoralrs.com\\\/wp-content\\\/uploads\\\/2024\\\/01\\\/faviconicon-1-1.png\",\"width\":454,\"height\":454,\"caption\":\"TV Litoral\"},\"image\":{\"@id\":\"https:\\\/\\\/redelitoralrs.com\\\/#\\\/schema\\\/logo\\\/image\\\/\"},\"sameAs\":[\"https:\\\/\\\/www.facebook.com\\\/tvlitoralrsoficial\",\"https:\\\/\\\/www.instagram.com\\\/tvlitoral.rs\"]},{\"@type\":\"Person\",\"@id\":\"https:\\\/\\\/redelitoralrs.com\\\/#\\\/schema\\\/person\\\/9f8181f2a7359dd3986f05ebaf5bd68a\",\"name\":\"Reda\u00e7\u00e3o TV Litoral\",\"image\":{\"@type\":\"ImageObject\",\"inLanguage\":\"pt-BR\",\"@id\":\"https:\\\/\\\/redelitoralrs.com\\\/wp-content\\\/litespeed\\\/avatar\\\/779aafbb45e66c7f82733e21abb48259.jpg?ver=1776956734\",\"url\":\"https:\\\/\\\/redelitoralrs.com\\\/wp-content\\\/litespeed\\\/avatar\\\/779aafbb45e66c7f82733e21abb48259.jpg?ver=1776956734\",\"contentUrl\":\"https:\\\/\\\/redelitoralrs.com\\\/wp-content\\\/litespeed\\\/avatar\\\/779aafbb45e66c7f82733e21abb48259.jpg?ver=1776956734\",\"caption\":\"Reda\u00e7\u00e3o TV Litoral\"},\"description\":\"A Rede Litoral de Comunica\u00e7\u00e3o \u00e9 um grupo de m\u00eddia multiplataforma do Litoral Norte do RS. Com atua\u00e7\u00e3o em TV, r\u00e1dio, portal e redes sociais, levamos informa\u00e7\u00e3o, conte\u00fado e entretenimento \u00e0 comunidade, fortalecendo a comunica\u00e7\u00e3o local e impulsionando o desenvolvimento regional. Acompanhe atrav\u00e9s de @redelitoralrs.\",\"sameAs\":[\"https:\\\/\\\/redelitoralrs.com\",\"https:\\\/\\\/www.instagram.com\\\/redelitoralrs\",\"https:\\\/\\\/www.youtube.com\\\/@redelitoralrs\"],\"url\":\"https:\\\/\\\/redelitoralrs.com\\\/index.php\\\/author\\\/redacaotvlitoral\\\/\"}]}<\/script>\n<!-- \/ Yoast SEO plugin. -->","yoast_head_json":{"title":"Prefeito apresenta programa Avan\u00e7ar Sa\u00fade com investimentos e amplia\u00e7\u00e3o da rede municipal - Rede Litoral RS","robots":{"index":"index","follow":"follow","max-snippet":"max-snippet:-1","max-image-preview":"max-image-preview:large","max-video-preview":"max-video-preview:-1"},"canonical":"https:\/\/redelitoralrs.com\/index.php\/2026\/04\/29\/prefeito-apresenta-programa-avancar-saude-com-investimentos-e-ampliacao-da-rede-municipal\/","og_locale":"pt_BR","og_type":"article","og_title":"Prefeito apresenta programa Avan\u00e7ar Sa\u00fade com investimentos e amplia\u00e7\u00e3o da rede municipal - Rede Litoral RS","og_description":"O prefeito de Imb\u00e9, Ique Vedovato, apresentou nesta semana, durante sess\u00e3o ordin\u00e1ria da C\u00e2mara de Vereadores, o programa Avan\u00e7ar Sa\u00fade, voltado \u00e0 amplia\u00e7\u00e3o e qualifica\u00e7\u00e3o dos servi\u00e7os p\u00fablicos no munic\u00edpio. A iniciativa integra o conjunto de a\u00e7\u00f5es do Avan\u00e7ar Imb\u00e9 e re\u00fane investimentos j\u00e1 realizados e projetos previstos at\u00e9 o fim da atual gest\u00e3o. A [&hellip;]","og_url":"https:\/\/redelitoralrs.com\/index.php\/2026\/04\/29\/prefeito-apresenta-programa-avancar-saude-com-investimentos-e-ampliacao-da-rede-municipal\/","og_site_name":"Rede Litoral RS","article_publisher":"https:\/\/www.facebook.com\/tvlitoralrsoficial","article_published_time":"2026-04-29T19:57:36+00:00","article_modified_time":"2026-04-29T19:57:37+00:00","og_image":[{"width":2048,"height":1365,"url":"https:\/\/redelitoralrs.com\/wp-content\/uploads\/2026\/04\/Avancar-Saude-Ivan-de-Andrade-1.jpg.jpeg","type":"image\/jpeg"}],"author":"Reda\u00e7\u00e3o TV Litoral","twitter_card":"summary_large_image","twitter_misc":{"Escrito por":"Reda\u00e7\u00e3o TV Litoral","Est. tempo de leitura":"3 minutos"},"schema":{"@context":"https:\/\/schema.org","@graph":[{"@type":"Article","@id":"https:\/\/redelitoralrs.com\/index.php\/2026\/04\/29\/prefeito-apresenta-programa-avancar-saude-com-investimentos-e-ampliacao-da-rede-municipal\/#article","isPartOf":{"@id":"https:\/\/redelitoralrs.com\/index.php\/2026\/04\/29\/prefeito-apresenta-programa-avancar-saude-com-investimentos-e-ampliacao-da-rede-municipal\/"},"author":{"name":"Reda\u00e7\u00e3o TV Litoral","@id":"https:\/\/redelitoralrs.com\/#\/schema\/person\/9f8181f2a7359dd3986f05ebaf5bd68a"},"headline":"Prefeito apresenta programa Avan\u00e7ar Sa\u00fade com investimentos e amplia\u00e7\u00e3o da rede municipal","datePublished":"2026-04-29T19:57:36+00:00","dateModified":"2026-04-29T19:57:37+00:00","mainEntityOfPage":{"@id":"https:\/\/redelitoralrs.com\/index.php\/2026\/04\/29\/prefeito-apresenta-programa-avancar-saude-com-investimentos-e-ampliacao-da-rede-municipal\/"},"wordCount":535,"commentCount":0,"publisher":{"@id":"https:\/\/redelitoralrs.com\/#organization"},"image":{"@id":"https:\/\/redelitoralrs.com\/index.php\/2026\/04\/29\/prefeito-apresenta-programa-avancar-saude-com-investimentos-e-ampliacao-da-rede-municipal\/#primaryimage"},"thumbnailUrl":"https:\/\/redelitoralrs.com\/wp-content\/uploads\/2026\/04\/Avancar-Saude-Ivan-de-Andrade-1.jpg.jpeg","articleSection":["Litoral Norte"],"inLanguage":"pt-BR","potentialAction":[{"@type":"CommentAction","name":"Comment","target":["https:\/\/redelitoralrs.com\/index.php\/2026\/04\/29\/prefeito-apresenta-programa-avancar-saude-com-investimentos-e-ampliacao-da-rede-municipal\/#respond"]}]},{"@type":"WebPage","@id":"https:\/\/redelitoralrs.com\/index.php\/2026\/04\/29\/prefeito-apresenta-programa-avancar-saude-com-investimentos-e-ampliacao-da-rede-municipal\/","url":"https:\/\/redelitoralrs.com\/index.php\/2026\/04\/29\/prefeito-apresenta-programa-avancar-saude-com-investimentos-e-ampliacao-da-rede-municipal\/","name":"Prefeito apresenta programa Avan\u00e7ar Sa\u00fade com investimentos e amplia\u00e7\u00e3o da rede municipal - Rede Litoral RS","isPartOf":{"@id":"https:\/\/redelitoralrs.com\/#website"},"primaryImageOfPage":{"@id":"https:\/\/redelitoralrs.com\/index.php\/2026\/04\/29\/prefeito-apresenta-programa-avancar-saude-com-investimentos-e-ampliacao-da-rede-municipal\/#primaryimage"},"image":{"@id":"https:\/\/redelitoralrs.com\/index.php\/2026\/04\/29\/prefeito-apresenta-programa-avancar-saude-com-investimentos-e-ampliacao-da-rede-municipal\/#primaryimage"},"thumbnailUrl":"https:\/\/redelitoralrs.com\/wp-content\/uploads\/2026\/04\/Avancar-Saude-Ivan-de-Andrade-1.jpg.jpeg","datePublished":"2026-04-29T19:57:36+00:00","dateModified":"2026-04-29T19:57:37+00:00","breadcrumb":{"@id":"https:\/\/redelitoralrs.com\/index.php\/2026\/04\/29\/prefeito-apresenta-programa-avancar-saude-com-investimentos-e-ampliacao-da-rede-municipal\/#breadcrumb"},"inLanguage":"pt-BR","potentialAction":[{"@type":"ReadAction","target":["https:\/\/redelitoralrs.com\/index.php\/2026\/04\/29\/prefeito-apresenta-programa-avancar-saude-com-investimentos-e-ampliacao-da-rede-municipal\/"]}]},{"@type":"ImageObject","inLanguage":"pt-BR","@id":"https:\/\/redelitoralrs.com\/index.php\/2026\/04\/29\/prefeito-apresenta-programa-avancar-saude-com-investimentos-e-ampliacao-da-rede-municipal\/#primaryimage","url":"https:\/\/redelitoralrs.com\/wp-content\/uploads\/2026\/04\/Avancar-Saude-Ivan-de-Andrade-1.jpg.jpeg","contentUrl":"https:\/\/redelitoralrs.com\/wp-content\/uploads\/2026\/04\/Avancar-Saude-Ivan-de-Andrade-1.jpg.jpeg","width":2048,"height":1365,"caption":"Foto: Ivan de Andrade\/PMI"},{"@type":"BreadcrumbList","@id":"https:\/\/redelitoralrs.com\/index.php\/2026\/04\/29\/prefeito-apresenta-programa-avancar-saude-com-investimentos-e-ampliacao-da-rede-municipal\/#breadcrumb","itemListElement":[{"@type":"ListItem","position":1,"name":"In\u00edcio","item":"https:\/\/redelitoralrs.com\/"},{"@type":"ListItem","position":2,"name":"Prefeito apresenta programa Avan\u00e7ar Sa\u00fade com investimentos e amplia\u00e7\u00e3o da rede municipal"}]},{"@type":"WebSite","@id":"https:\/\/redelitoralrs.com\/#website","url":"https:\/\/redelitoralrs.com\/","name":"TV Litoral","description":"Acompanhe tudo do litoral ga\u00facho com a cobertura completa e atualizada da Rede Litoral RS. Nossos jornalistas trazem as \u00faltimas not\u00edcias, os acontecimentos mais quentes e as hist\u00f3rias que importam sobre nosso amado litoral.","publisher":{"@id":"https:\/\/redelitoralrs.com\/#organization"},"potentialAction":[{"@type":"SearchAction","target":{"@type":"EntryPoint","urlTemplate":"https:\/\/redelitoralrs.com\/?s={search_term_string}"},"query-input":{"@type":"PropertyValueSpecification","valueRequired":true,"valueName":"search_term_string"}}],"inLanguage":"pt-BR"},{"@type":"Organization","@id":"https:\/\/redelitoralrs.com\/#organization","name":"TV Litoral","url":"https:\/\/redelitoralrs.com\/","logo":{"@type":"ImageObject","inLanguage":"pt-BR","@id":"https:\/\/redelitoralrs.com\/#\/schema\/logo\/image\/","url":"https:\/\/redelitoralrs.com\/wp-content\/uploads\/2024\/01\/faviconicon-1-1.png","contentUrl":"https:\/\/redelitoralrs.com\/wp-content\/uploads\/2024\/01\/faviconicon-1-1.png","width":454,"height":454,"caption":"TV Litoral"},"image":{"@id":"https:\/\/redelitoralrs.com\/#\/schema\/logo\/image\/"},"sameAs":["https:\/\/www.facebook.com\/tvlitoralrsoficial","https:\/\/www.instagram.com\/tvlitoral.rs"]},{"@type":"Person","@id":"https:\/\/redelitoralrs.com\/#\/schema\/person\/9f8181f2a7359dd3986f05ebaf5bd68a","name":"Reda\u00e7\u00e3o TV Litoral","image":{"@type":"ImageObject","inLanguage":"pt-BR","@id":"https:\/\/redelitoralrs.com\/wp-content\/litespeed\/avatar\/779aafbb45e66c7f82733e21abb48259.jpg?ver=1776956734","url":"https:\/\/redelitoralrs.com\/wp-content\/litespeed\/avatar\/779aafbb45e66c7f82733e21abb48259.jpg?ver=1776956734","contentUrl":"https:\/\/redelitoralrs.com\/wp-content\/litespeed\/avatar\/779aafbb45e66c7f82733e21abb48259.jpg?ver=1776956734","caption":"Reda\u00e7\u00e3o TV Litoral"},"description":"A Rede Litoral de Comunica\u00e7\u00e3o \u00e9 um grupo de m\u00eddia multiplataforma do Litoral Norte do RS. Com atua\u00e7\u00e3o em TV, r\u00e1dio, portal e redes sociais, levamos informa\u00e7\u00e3o, conte\u00fado e entretenimento \u00e0 comunidade, fortalecendo a comunica\u00e7\u00e3o local e impulsionando o desenvolvimento regional. Acompanhe atrav\u00e9s de @redelitoralrs.","sameAs":["https:\/\/redelitoralrs.com","https:\/\/www.instagram.com\/redelitoralrs","https:\/\/www.youtube.com\/@redelitoralrs"],"url":"https:\/\/redelitoralrs.com\/index.php\/author\/redacaotvlitoral\/"}]}},"_links":{"self":[{"href":"https:\/\/redelitoralrs.com\/index.php\/wp-json\/wp\/v2\/posts\/24848","targetHints":{"allow":["GET"]}}],"collection":[{"href":"https:\/\/redelitoralrs.com\/index.php\/wp-json\/wp\/v2\/posts"}],"about":[{"href":"https:\/\/redelitoralrs.com\/index.php\/wp-json\/wp\/v2\/types\/post"}],"author":[{"embeddable":true,"href":"https:\/\/redelitoralrs.com\/index.php\/wp-json\/wp\/v2\/users\/2"}],"replies":[{"embeddable":true,"href":"https:\/\/redelitoralrs.com\/index.php\/wp-json\/wp\/v2\/comments?post=24848"}],"version-history":[{"count":1,"href":"https:\/\/redelitoralrs.com\/index.php\/wp-json\/wp\/v2\/posts\/24848\/revisions"}],"predecessor-version":[{"id":24850,"href":"https:\/\/redelitoralrs.com\/index.php\/wp-json\/wp\/v2\/posts\/24848\/revisions\/24850"}],"wp:featuredmedia":[{"embeddable":true,"href":"https:\/\/redelitoralrs.com\/index.php\/wp-json\/wp\/v2\/media\/24849"}],"wp:attachment":[{"href":"https:\/\/redelitoralrs.com\/index.php\/wp-json\/wp\/v2\/media?parent=24848"}],"wp:term":[{"taxonomy":"category","embeddable":true,"href":"https:\/\/redelitoralrs.com\/index.php\/wp-json\/wp\/v2\/categories?post=24848"},{"taxonomy":"post_tag","embeddable":true,"href":"https:\/\/redelitoralrs.com\/index.php\/wp-json\/wp\/v2\/tags?post=24848"}],"curies":[{"name":"wp","href":"https:\/\/api.w.org\/{rel}","templated":true}]}}