{"id":24834,"date":"2026-04-29T15:59:33","date_gmt":"2026-04-29T18:59:33","guid":{"rendered":"https:\/\/redelitoralrs.com\/?p=24834"},"modified":"2026-04-29T15:59:33","modified_gmt":"2026-04-29T18:59:33","slug":"porto-alegre-amplia-leitos-hospitalares-e-vagas-em-abrigos-com-inicio-antecipado-da-operacao-inverno","status":"publish","type":"post","link":"https:\/\/redelitoralrs.com\/index.php\/2026\/04\/29\/porto-alegre-amplia-leitos-hospitalares-e-vagas-em-abrigos-com-inicio-antecipado-da-operacao-inverno\/","title":{"rendered":"Porto Alegre amplia leitos hospitalares e vagas em abrigos com in\u00edcio antecipado da Opera\u00e7\u00e3o Inverno"},"content":{"rendered":"\n<p>A Prefeitura de Porto Alegre anunciou, nesta quarta-feira (29), a abertura de 152 novos leitos hospitalares para refor\u00e7ar o atendimento durante o inverno, al\u00e9m da amplia\u00e7\u00e3o de vagas em abrigos para pessoas em situa\u00e7\u00e3o de rua. As medidas integram a Opera\u00e7\u00e3o Inverno 2026, que come\u00e7a em 1\u00ba de maio e ter\u00e1 dura\u00e7\u00e3o de tr\u00eas meses.<\/p>\n\n\n\n<p>Do total de leitos, 65 ser\u00e3o cl\u00ednicos pedi\u00e1tricos, 62 cl\u00ednicos para adultos, 20 de Unidade de Terapia Intensiva (UTI) infantil e cinco de UTI adulto. As estruturas ser\u00e3o distribu\u00eddas entre hospitais da Capital, como o Hospital Vila Nova, o Hospital de Pronto Socorro e o Instituto de Cardiologia. Tamb\u00e9m est\u00e1 prevista a reabertura de 20 leitos pedi\u00e1tricos no Hospital Materno Infantil Presidente Vargas, que estavam indispon\u00edveis devido a obras.<\/p>\n\n\n\n<p>A antecipa\u00e7\u00e3o da opera\u00e7\u00e3o, que tradicionalmente inicia em junho, ocorre em raz\u00e3o da chegada das baixas temperaturas e do aumento esperado de casos de doen\u00e7as respirat\u00f3rias. Como parte das a\u00e7\u00f5es na sa\u00fade, unidades b\u00e1sicas passar\u00e3o a funcionar tamb\u00e9m aos finais de semana e feriados, entre junho e agosto, no hor\u00e1rio das 10h \u00e0s 19h, com o objetivo de reduzir a sobrecarga nas emerg\u00eancias hospitalares.<\/p>\n\n\n\n<p>Na \u00e1rea da assist\u00eancia social, ser\u00e3o disponibilizadas 120 vagas tempor\u00e1rias em abrigos, albergues e casas de passagem. Com isso, a capacidade total de acolhimento noturno chegar\u00e1 a 688 vagas em Porto Alegre. A prefeitura tamb\u00e9m prev\u00ea a distribui\u00e7\u00e3o de 9 mil cobertores e a amplia\u00e7\u00e3o das a\u00e7\u00f5es de abordagem social, que passar\u00e3o a ocorrer at\u00e9 as 22h na regi\u00e3o central.<\/p>\n\n\n\n<p>Al\u00e9m do acolhimento emergencial, o munic\u00edpio informou que prepara iniciativas voltadas \u00e0 qualifica\u00e7\u00e3o profissional e encaminhamento para vagas de emprego, buscando oferecer alternativas de inclus\u00e3o social durante o per\u00edodo de inverno.<\/p>\n","protected":false},"excerpt":{"rendered":"<p>A Prefeitura de Porto Alegre anunciou, nesta quarta-feira (29), a abertura de 152 novos leitos hospitalares para refor\u00e7ar o atendimento durante o inverno, al\u00e9m da amplia\u00e7\u00e3o de vagas em abrigos para pessoas em situa\u00e7\u00e3o de rua. As medidas integram a Opera\u00e7\u00e3o Inverno 2026, que come\u00e7a em 1\u00ba de maio e ter\u00e1 dura\u00e7\u00e3o de tr\u00eas meses. [&hellip;]<\/p>\n","protected":false},"author":2,"featured_media":24835,"comment_status":"open","ping_status":"open","sticky":false,"template":"","format":"standard","meta":{"_themeisle_gutenberg_block_has_review":false,"footnotes":""},"categories":[188,15],"tags":[],"class_list":["post-24834","post","type-post","status-publish","format-standard","has-post-thumbnail","hentry","category-rio-grande-do-sul","category-noticias"],"yoast_head":"<!-- This site is optimized with the Yoast SEO plugin v27.4 - https:\/\/yoast.com\/product\/yoast-seo-wordpress\/ -->\n<title>Porto Alegre amplia leitos hospitalares e vagas em abrigos com in\u00edcio antecipado da Opera\u00e7\u00e3o Inverno - Rede Litoral RS<\/title>\n<meta name=\"robots\" content=\"index, follow, max-snippet:-1, max-image-preview:large, max-video-preview:-1\" \/>\n<link rel=\"canonical\" href=\"https:\/\/redelitoralrs.com\/index.php\/2026\/04\/29\/porto-alegre-amplia-leitos-hospitalares-e-vagas-em-abrigos-com-inicio-antecipado-da-operacao-inverno\/\" \/>\n<meta property=\"og:locale\" content=\"pt_BR\" \/>\n<meta property=\"og:type\" content=\"article\" \/>\n<meta property=\"og:title\" content=\"Porto Alegre amplia leitos hospitalares e vagas em abrigos com in\u00edcio antecipado da Opera\u00e7\u00e3o Inverno - Rede Litoral RS\" \/>\n<meta property=\"og:description\" content=\"A Prefeitura de Porto Alegre anunciou, nesta quarta-feira (29), a abertura de 152 novos leitos hospitalares para refor\u00e7ar o atendimento durante o inverno, al\u00e9m da amplia\u00e7\u00e3o de vagas em abrigos para pessoas em situa\u00e7\u00e3o de rua. As medidas integram a Opera\u00e7\u00e3o Inverno 2026, que come\u00e7a em 1\u00ba de maio e ter\u00e1 dura\u00e7\u00e3o de tr\u00eas meses. [&hellip;]\" \/>\n<meta property=\"og:url\" content=\"https:\/\/redelitoralrs.com\/index.php\/2026\/04\/29\/porto-alegre-amplia-leitos-hospitalares-e-vagas-em-abrigos-com-inicio-antecipado-da-operacao-inverno\/\" \/>\n<meta property=\"og:site_name\" content=\"Rede Litoral RS\" \/>\n<meta property=\"article:publisher\" content=\"https:\/\/www.facebook.com\/tvlitoralrsoficial\" \/>\n<meta property=\"article:published_time\" content=\"2026-04-29T18:59:33+00:00\" \/>\n<meta property=\"og:image\" content=\"https:\/\/redelitoralrs.com\/wp-content\/uploads\/2026\/04\/6115182_27f4a179df10b0a.webp\" \/>\n\t<meta property=\"og:image:width\" content=\"1400\" \/>\n\t<meta property=\"og:image:height\" content=\"932\" \/>\n\t<meta property=\"og:image:type\" content=\"image\/webp\" \/>\n<meta name=\"author\" content=\"Reda\u00e7\u00e3o TV Litoral\" \/>\n<meta name=\"twitter:card\" content=\"summary_large_image\" \/>\n<meta name=\"twitter:label1\" content=\"Escrito por\" \/>\n\t<meta name=\"twitter:data1\" content=\"Reda\u00e7\u00e3o TV Litoral\" \/>\n\t<meta name=\"twitter:label2\" content=\"Est. tempo de leitura\" \/>\n\t<meta name=\"twitter:data2\" content=\"2 minutos\" \/>\n<script type=\"application\/ld+json\" class=\"yoast-schema-graph\">{\"@context\":\"https:\\\/\\\/schema.org\",\"@graph\":[{\"@type\":\"Article\",\"@id\":\"https:\\\/\\\/redelitoralrs.com\\\/index.php\\\/2026\\\/04\\\/29\\\/porto-alegre-amplia-leitos-hospitalares-e-vagas-em-abrigos-com-inicio-antecipado-da-operacao-inverno\\\/#article\",\"isPartOf\":{\"@id\":\"https:\\\/\\\/redelitoralrs.com\\\/index.php\\\/2026\\\/04\\\/29\\\/porto-alegre-amplia-leitos-hospitalares-e-vagas-em-abrigos-com-inicio-antecipado-da-operacao-inverno\\\/\"},\"author\":{\"name\":\"Reda\u00e7\u00e3o TV Litoral\",\"@id\":\"https:\\\/\\\/redelitoralrs.com\\\/#\\\/schema\\\/person\\\/9f8181f2a7359dd3986f05ebaf5bd68a\"},\"headline\":\"Porto Alegre amplia leitos hospitalares e vagas em abrigos com in\u00edcio antecipado da Opera\u00e7\u00e3o Inverno\",\"datePublished\":\"2026-04-29T18:59:33+00:00\",\"mainEntityOfPage\":{\"@id\":\"https:\\\/\\\/redelitoralrs.com\\\/index.php\\\/2026\\\/04\\\/29\\\/porto-alegre-amplia-leitos-hospitalares-e-vagas-em-abrigos-com-inicio-antecipado-da-operacao-inverno\\\/\"},\"wordCount\":327,\"commentCount\":0,\"publisher\":{\"@id\":\"https:\\\/\\\/redelitoralrs.com\\\/#organization\"},\"image\":{\"@id\":\"https:\\\/\\\/redelitoralrs.com\\\/index.php\\\/2026\\\/04\\\/29\\\/porto-alegre-amplia-leitos-hospitalares-e-vagas-em-abrigos-com-inicio-antecipado-da-operacao-inverno\\\/#primaryimage\"},\"thumbnailUrl\":\"https:\\\/\\\/redelitoralrs.com\\\/wp-content\\\/uploads\\\/2026\\\/04\\\/6115182_27f4a179df10b0a.webp\",\"articleSection\":[\"Rio Grande do Sul\",\"\u00daltimas not\u00edcias\"],\"inLanguage\":\"pt-BR\",\"potentialAction\":[{\"@type\":\"CommentAction\",\"name\":\"Comment\",\"target\":[\"https:\\\/\\\/redelitoralrs.com\\\/index.php\\\/2026\\\/04\\\/29\\\/porto-alegre-amplia-leitos-hospitalares-e-vagas-em-abrigos-com-inicio-antecipado-da-operacao-inverno\\\/#respond\"]}]},{\"@type\":\"WebPage\",\"@id\":\"https:\\\/\\\/redelitoralrs.com\\\/index.php\\\/2026\\\/04\\\/29\\\/porto-alegre-amplia-leitos-hospitalares-e-vagas-em-abrigos-com-inicio-antecipado-da-operacao-inverno\\\/\",\"url\":\"https:\\\/\\\/redelitoralrs.com\\\/index.php\\\/2026\\\/04\\\/29\\\/porto-alegre-amplia-leitos-hospitalares-e-vagas-em-abrigos-com-inicio-antecipado-da-operacao-inverno\\\/\",\"name\":\"Porto Alegre amplia leitos hospitalares e vagas em abrigos com in\u00edcio antecipado da Opera\u00e7\u00e3o Inverno - Rede Litoral RS\",\"isPartOf\":{\"@id\":\"https:\\\/\\\/redelitoralrs.com\\\/#website\"},\"primaryImageOfPage\":{\"@id\":\"https:\\\/\\\/redelitoralrs.com\\\/index.php\\\/2026\\\/04\\\/29\\\/porto-alegre-amplia-leitos-hospitalares-e-vagas-em-abrigos-com-inicio-antecipado-da-operacao-inverno\\\/#primaryimage\"},\"image\":{\"@id\":\"https:\\\/\\\/redelitoralrs.com\\\/index.php\\\/2026\\\/04\\\/29\\\/porto-alegre-amplia-leitos-hospitalares-e-vagas-em-abrigos-com-inicio-antecipado-da-operacao-inverno\\\/#primaryimage\"},\"thumbnailUrl\":\"https:\\\/\\\/redelitoralrs.com\\\/wp-content\\\/uploads\\\/2026\\\/04\\\/6115182_27f4a179df10b0a.webp\",\"datePublished\":\"2026-04-29T18:59:33+00:00\",\"breadcrumb\":{\"@id\":\"https:\\\/\\\/redelitoralrs.com\\\/index.php\\\/2026\\\/04\\\/29\\\/porto-alegre-amplia-leitos-hospitalares-e-vagas-em-abrigos-com-inicio-antecipado-da-operacao-inverno\\\/#breadcrumb\"},\"inLanguage\":\"pt-BR\",\"potentialAction\":[{\"@type\":\"ReadAction\",\"target\":[\"https:\\\/\\\/redelitoralrs.com\\\/index.php\\\/2026\\\/04\\\/29\\\/porto-alegre-amplia-leitos-hospitalares-e-vagas-em-abrigos-com-inicio-antecipado-da-operacao-inverno\\\/\"]}]},{\"@type\":\"ImageObject\",\"inLanguage\":\"pt-BR\",\"@id\":\"https:\\\/\\\/redelitoralrs.com\\\/index.php\\\/2026\\\/04\\\/29\\\/porto-alegre-amplia-leitos-hospitalares-e-vagas-em-abrigos-com-inicio-antecipado-da-operacao-inverno\\\/#primaryimage\",\"url\":\"https:\\\/\\\/redelitoralrs.com\\\/wp-content\\\/uploads\\\/2026\\\/04\\\/6115182_27f4a179df10b0a.webp\",\"contentUrl\":\"https:\\\/\\\/redelitoralrs.com\\\/wp-content\\\/uploads\\\/2026\\\/04\\\/6115182_27f4a179df10b0a.webp\",\"width\":1400,\"height\":932,\"caption\":\"Foto: Cristine Rochol\\\/PMPA\"},{\"@type\":\"BreadcrumbList\",\"@id\":\"https:\\\/\\\/redelitoralrs.com\\\/index.php\\\/2026\\\/04\\\/29\\\/porto-alegre-amplia-leitos-hospitalares-e-vagas-em-abrigos-com-inicio-antecipado-da-operacao-inverno\\\/#breadcrumb\",\"itemListElement\":[{\"@type\":\"ListItem\",\"position\":1,\"name\":\"In\u00edcio\",\"item\":\"https:\\\/\\\/redelitoralrs.com\\\/\"},{\"@type\":\"ListItem\",\"position\":2,\"name\":\"Porto Alegre amplia leitos hospitalares e vagas em abrigos com in\u00edcio antecipado da Opera\u00e7\u00e3o Inverno\"}]},{\"@type\":\"WebSite\",\"@id\":\"https:\\\/\\\/redelitoralrs.com\\\/#website\",\"url\":\"https:\\\/\\\/redelitoralrs.com\\\/\",\"name\":\"TV Litoral\",\"description\":\"Acompanhe tudo do litoral ga\u00facho com a cobertura completa e atualizada da Rede Litoral RS. Nossos jornalistas trazem as \u00faltimas not\u00edcias, os acontecimentos mais quentes e as hist\u00f3rias que importam sobre nosso amado litoral.\",\"publisher\":{\"@id\":\"https:\\\/\\\/redelitoralrs.com\\\/#organization\"},\"potentialAction\":[{\"@type\":\"SearchAction\",\"target\":{\"@type\":\"EntryPoint\",\"urlTemplate\":\"https:\\\/\\\/redelitoralrs.com\\\/?s={search_term_string}\"},\"query-input\":{\"@type\":\"PropertyValueSpecification\",\"valueRequired\":true,\"valueName\":\"search_term_string\"}}],\"inLanguage\":\"pt-BR\"},{\"@type\":\"Organization\",\"@id\":\"https:\\\/\\\/redelitoralrs.com\\\/#organization\",\"name\":\"TV Litoral\",\"url\":\"https:\\\/\\\/redelitoralrs.com\\\/\",\"logo\":{\"@type\":\"ImageObject\",\"inLanguage\":\"pt-BR\",\"@id\":\"https:\\\/\\\/redelitoralrs.com\\\/#\\\/schema\\\/logo\\\/image\\\/\",\"url\":\"https:\\\/\\\/redelitoralrs.com\\\/wp-content\\\/uploads\\\/2024\\\/01\\\/faviconicon-1-1.png\",\"contentUrl\":\"https:\\\/\\\/redelitoralrs.com\\\/wp-content\\\/uploads\\\/2024\\\/01\\\/faviconicon-1-1.png\",\"width\":454,\"height\":454,\"caption\":\"TV Litoral\"},\"image\":{\"@id\":\"https:\\\/\\\/redelitoralrs.com\\\/#\\\/schema\\\/logo\\\/image\\\/\"},\"sameAs\":[\"https:\\\/\\\/www.facebook.com\\\/tvlitoralrsoficial\",\"https:\\\/\\\/www.instagram.com\\\/tvlitoral.rs\"]},{\"@type\":\"Person\",\"@id\":\"https:\\\/\\\/redelitoralrs.com\\\/#\\\/schema\\\/person\\\/9f8181f2a7359dd3986f05ebaf5bd68a\",\"name\":\"Reda\u00e7\u00e3o TV Litoral\",\"image\":{\"@type\":\"ImageObject\",\"inLanguage\":\"pt-BR\",\"@id\":\"https:\\\/\\\/redelitoralrs.com\\\/wp-content\\\/litespeed\\\/avatar\\\/779aafbb45e66c7f82733e21abb48259.jpg?ver=1776956734\",\"url\":\"https:\\\/\\\/redelitoralrs.com\\\/wp-content\\\/litespeed\\\/avatar\\\/779aafbb45e66c7f82733e21abb48259.jpg?ver=1776956734\",\"contentUrl\":\"https:\\\/\\\/redelitoralrs.com\\\/wp-content\\\/litespeed\\\/avatar\\\/779aafbb45e66c7f82733e21abb48259.jpg?ver=1776956734\",\"caption\":\"Reda\u00e7\u00e3o TV Litoral\"},\"description\":\"A Rede Litoral de Comunica\u00e7\u00e3o \u00e9 um grupo de m\u00eddia multiplataforma do Litoral Norte do RS. Com atua\u00e7\u00e3o em TV, r\u00e1dio, portal e redes sociais, levamos informa\u00e7\u00e3o, conte\u00fado e entretenimento \u00e0 comunidade, fortalecendo a comunica\u00e7\u00e3o local e impulsionando o desenvolvimento regional. Acompanhe atrav\u00e9s de @redelitoralrs.\",\"sameAs\":[\"https:\\\/\\\/redelitoralrs.com\",\"https:\\\/\\\/www.instagram.com\\\/redelitoralrs\",\"https:\\\/\\\/www.youtube.com\\\/@redelitoralrs\"],\"url\":\"https:\\\/\\\/redelitoralrs.com\\\/index.php\\\/author\\\/redacaotvlitoral\\\/\"}]}<\/script>\n<!-- \/ Yoast SEO plugin. -->","yoast_head_json":{"title":"Porto Alegre amplia leitos hospitalares e vagas em abrigos com in\u00edcio antecipado da Opera\u00e7\u00e3o Inverno - Rede Litoral RS","robots":{"index":"index","follow":"follow","max-snippet":"max-snippet:-1","max-image-preview":"max-image-preview:large","max-video-preview":"max-video-preview:-1"},"canonical":"https:\/\/redelitoralrs.com\/index.php\/2026\/04\/29\/porto-alegre-amplia-leitos-hospitalares-e-vagas-em-abrigos-com-inicio-antecipado-da-operacao-inverno\/","og_locale":"pt_BR","og_type":"article","og_title":"Porto Alegre amplia leitos hospitalares e vagas em abrigos com in\u00edcio antecipado da Opera\u00e7\u00e3o Inverno - Rede Litoral RS","og_description":"A Prefeitura de Porto Alegre anunciou, nesta quarta-feira (29), a abertura de 152 novos leitos hospitalares para refor\u00e7ar o atendimento durante o inverno, al\u00e9m da amplia\u00e7\u00e3o de vagas em abrigos para pessoas em situa\u00e7\u00e3o de rua. As medidas integram a Opera\u00e7\u00e3o Inverno 2026, que come\u00e7a em 1\u00ba de maio e ter\u00e1 dura\u00e7\u00e3o de tr\u00eas meses. [&hellip;]","og_url":"https:\/\/redelitoralrs.com\/index.php\/2026\/04\/29\/porto-alegre-amplia-leitos-hospitalares-e-vagas-em-abrigos-com-inicio-antecipado-da-operacao-inverno\/","og_site_name":"Rede Litoral RS","article_publisher":"https:\/\/www.facebook.com\/tvlitoralrsoficial","article_published_time":"2026-04-29T18:59:33+00:00","og_image":[{"width":1400,"height":932,"url":"https:\/\/redelitoralrs.com\/wp-content\/uploads\/2026\/04\/6115182_27f4a179df10b0a.webp","type":"image\/webp"}],"author":"Reda\u00e7\u00e3o TV Litoral","twitter_card":"summary_large_image","twitter_misc":{"Escrito por":"Reda\u00e7\u00e3o TV Litoral","Est. tempo de leitura":"2 minutos"},"schema":{"@context":"https:\/\/schema.org","@graph":[{"@type":"Article","@id":"https:\/\/redelitoralrs.com\/index.php\/2026\/04\/29\/porto-alegre-amplia-leitos-hospitalares-e-vagas-em-abrigos-com-inicio-antecipado-da-operacao-inverno\/#article","isPartOf":{"@id":"https:\/\/redelitoralrs.com\/index.php\/2026\/04\/29\/porto-alegre-amplia-leitos-hospitalares-e-vagas-em-abrigos-com-inicio-antecipado-da-operacao-inverno\/"},"author":{"name":"Reda\u00e7\u00e3o TV Litoral","@id":"https:\/\/redelitoralrs.com\/#\/schema\/person\/9f8181f2a7359dd3986f05ebaf5bd68a"},"headline":"Porto Alegre amplia leitos hospitalares e vagas em abrigos com in\u00edcio antecipado da Opera\u00e7\u00e3o Inverno","datePublished":"2026-04-29T18:59:33+00:00","mainEntityOfPage":{"@id":"https:\/\/redelitoralrs.com\/index.php\/2026\/04\/29\/porto-alegre-amplia-leitos-hospitalares-e-vagas-em-abrigos-com-inicio-antecipado-da-operacao-inverno\/"},"wordCount":327,"commentCount":0,"publisher":{"@id":"https:\/\/redelitoralrs.com\/#organization"},"image":{"@id":"https:\/\/redelitoralrs.com\/index.php\/2026\/04\/29\/porto-alegre-amplia-leitos-hospitalares-e-vagas-em-abrigos-com-inicio-antecipado-da-operacao-inverno\/#primaryimage"},"thumbnailUrl":"https:\/\/redelitoralrs.com\/wp-content\/uploads\/2026\/04\/6115182_27f4a179df10b0a.webp","articleSection":["Rio Grande do Sul","\u00daltimas not\u00edcias"],"inLanguage":"pt-BR","potentialAction":[{"@type":"CommentAction","name":"Comment","target":["https:\/\/redelitoralrs.com\/index.php\/2026\/04\/29\/porto-alegre-amplia-leitos-hospitalares-e-vagas-em-abrigos-com-inicio-antecipado-da-operacao-inverno\/#respond"]}]},{"@type":"WebPage","@id":"https:\/\/redelitoralrs.com\/index.php\/2026\/04\/29\/porto-alegre-amplia-leitos-hospitalares-e-vagas-em-abrigos-com-inicio-antecipado-da-operacao-inverno\/","url":"https:\/\/redelitoralrs.com\/index.php\/2026\/04\/29\/porto-alegre-amplia-leitos-hospitalares-e-vagas-em-abrigos-com-inicio-antecipado-da-operacao-inverno\/","name":"Porto Alegre amplia leitos hospitalares e vagas em abrigos com in\u00edcio antecipado da Opera\u00e7\u00e3o Inverno - Rede Litoral RS","isPartOf":{"@id":"https:\/\/redelitoralrs.com\/#website"},"primaryImageOfPage":{"@id":"https:\/\/redelitoralrs.com\/index.php\/2026\/04\/29\/porto-alegre-amplia-leitos-hospitalares-e-vagas-em-abrigos-com-inicio-antecipado-da-operacao-inverno\/#primaryimage"},"image":{"@id":"https:\/\/redelitoralrs.com\/index.php\/2026\/04\/29\/porto-alegre-amplia-leitos-hospitalares-e-vagas-em-abrigos-com-inicio-antecipado-da-operacao-inverno\/#primaryimage"},"thumbnailUrl":"https:\/\/redelitoralrs.com\/wp-content\/uploads\/2026\/04\/6115182_27f4a179df10b0a.webp","datePublished":"2026-04-29T18:59:33+00:00","breadcrumb":{"@id":"https:\/\/redelitoralrs.com\/index.php\/2026\/04\/29\/porto-alegre-amplia-leitos-hospitalares-e-vagas-em-abrigos-com-inicio-antecipado-da-operacao-inverno\/#breadcrumb"},"inLanguage":"pt-BR","potentialAction":[{"@type":"ReadAction","target":["https:\/\/redelitoralrs.com\/index.php\/2026\/04\/29\/porto-alegre-amplia-leitos-hospitalares-e-vagas-em-abrigos-com-inicio-antecipado-da-operacao-inverno\/"]}]},{"@type":"ImageObject","inLanguage":"pt-BR","@id":"https:\/\/redelitoralrs.com\/index.php\/2026\/04\/29\/porto-alegre-amplia-leitos-hospitalares-e-vagas-em-abrigos-com-inicio-antecipado-da-operacao-inverno\/#primaryimage","url":"https:\/\/redelitoralrs.com\/wp-content\/uploads\/2026\/04\/6115182_27f4a179df10b0a.webp","contentUrl":"https:\/\/redelitoralrs.com\/wp-content\/uploads\/2026\/04\/6115182_27f4a179df10b0a.webp","width":1400,"height":932,"caption":"Foto: Cristine Rochol\/PMPA"},{"@type":"BreadcrumbList","@id":"https:\/\/redelitoralrs.com\/index.php\/2026\/04\/29\/porto-alegre-amplia-leitos-hospitalares-e-vagas-em-abrigos-com-inicio-antecipado-da-operacao-inverno\/#breadcrumb","itemListElement":[{"@type":"ListItem","position":1,"name":"In\u00edcio","item":"https:\/\/redelitoralrs.com\/"},{"@type":"ListItem","position":2,"name":"Porto Alegre amplia leitos hospitalares e vagas em abrigos com in\u00edcio antecipado da Opera\u00e7\u00e3o Inverno"}]},{"@type":"WebSite","@id":"https:\/\/redelitoralrs.com\/#website","url":"https:\/\/redelitoralrs.com\/","name":"TV Litoral","description":"Acompanhe tudo do litoral ga\u00facho com a cobertura completa e atualizada da Rede Litoral RS. Nossos jornalistas trazem as \u00faltimas not\u00edcias, os acontecimentos mais quentes e as hist\u00f3rias que importam sobre nosso amado litoral.","publisher":{"@id":"https:\/\/redelitoralrs.com\/#organization"},"potentialAction":[{"@type":"SearchAction","target":{"@type":"EntryPoint","urlTemplate":"https:\/\/redelitoralrs.com\/?s={search_term_string}"},"query-input":{"@type":"PropertyValueSpecification","valueRequired":true,"valueName":"search_term_string"}}],"inLanguage":"pt-BR"},{"@type":"Organization","@id":"https:\/\/redelitoralrs.com\/#organization","name":"TV Litoral","url":"https:\/\/redelitoralrs.com\/","logo":{"@type":"ImageObject","inLanguage":"pt-BR","@id":"https:\/\/redelitoralrs.com\/#\/schema\/logo\/image\/","url":"https:\/\/redelitoralrs.com\/wp-content\/uploads\/2024\/01\/faviconicon-1-1.png","contentUrl":"https:\/\/redelitoralrs.com\/wp-content\/uploads\/2024\/01\/faviconicon-1-1.png","width":454,"height":454,"caption":"TV Litoral"},"image":{"@id":"https:\/\/redelitoralrs.com\/#\/schema\/logo\/image\/"},"sameAs":["https:\/\/www.facebook.com\/tvlitoralrsoficial","https:\/\/www.instagram.com\/tvlitoral.rs"]},{"@type":"Person","@id":"https:\/\/redelitoralrs.com\/#\/schema\/person\/9f8181f2a7359dd3986f05ebaf5bd68a","name":"Reda\u00e7\u00e3o TV Litoral","image":{"@type":"ImageObject","inLanguage":"pt-BR","@id":"https:\/\/redelitoralrs.com\/wp-content\/litespeed\/avatar\/779aafbb45e66c7f82733e21abb48259.jpg?ver=1776956734","url":"https:\/\/redelitoralrs.com\/wp-content\/litespeed\/avatar\/779aafbb45e66c7f82733e21abb48259.jpg?ver=1776956734","contentUrl":"https:\/\/redelitoralrs.com\/wp-content\/litespeed\/avatar\/779aafbb45e66c7f82733e21abb48259.jpg?ver=1776956734","caption":"Reda\u00e7\u00e3o TV Litoral"},"description":"A Rede Litoral de Comunica\u00e7\u00e3o \u00e9 um grupo de m\u00eddia multiplataforma do Litoral Norte do RS. Com atua\u00e7\u00e3o em TV, r\u00e1dio, portal e redes sociais, levamos informa\u00e7\u00e3o, conte\u00fado e entretenimento \u00e0 comunidade, fortalecendo a comunica\u00e7\u00e3o local e impulsionando o desenvolvimento regional. Acompanhe atrav\u00e9s de @redelitoralrs.","sameAs":["https:\/\/redelitoralrs.com","https:\/\/www.instagram.com\/redelitoralrs","https:\/\/www.youtube.com\/@redelitoralrs"],"url":"https:\/\/redelitoralrs.com\/index.php\/author\/redacaotvlitoral\/"}]}},"_links":{"self":[{"href":"https:\/\/redelitoralrs.com\/index.php\/wp-json\/wp\/v2\/posts\/24834","targetHints":{"allow":["GET"]}}],"collection":[{"href":"https:\/\/redelitoralrs.com\/index.php\/wp-json\/wp\/v2\/posts"}],"about":[{"href":"https:\/\/redelitoralrs.com\/index.php\/wp-json\/wp\/v2\/types\/post"}],"author":[{"embeddable":true,"href":"https:\/\/redelitoralrs.com\/index.php\/wp-json\/wp\/v2\/users\/2"}],"replies":[{"embeddable":true,"href":"https:\/\/redelitoralrs.com\/index.php\/wp-json\/wp\/v2\/comments?post=24834"}],"version-history":[{"count":1,"href":"https:\/\/redelitoralrs.com\/index.php\/wp-json\/wp\/v2\/posts\/24834\/revisions"}],"predecessor-version":[{"id":24836,"href":"https:\/\/redelitoralrs.com\/index.php\/wp-json\/wp\/v2\/posts\/24834\/revisions\/24836"}],"wp:featuredmedia":[{"embeddable":true,"href":"https:\/\/redelitoralrs.com\/index.php\/wp-json\/wp\/v2\/media\/24835"}],"wp:attachment":[{"href":"https:\/\/redelitoralrs.com\/index.php\/wp-json\/wp\/v2\/media?parent=24834"}],"wp:term":[{"taxonomy":"category","embeddable":true,"href":"https:\/\/redelitoralrs.com\/index.php\/wp-json\/wp\/v2\/categories?post=24834"},{"taxonomy":"post_tag","embeddable":true,"href":"https:\/\/redelitoralrs.com\/index.php\/wp-json\/wp\/v2\/tags?post=24834"}],"curies":[{"name":"wp","href":"https:\/\/api.w.org\/{rel}","templated":true}]}}