{"id":2483,"date":"2024-06-12T09:05:38","date_gmt":"2024-06-12T12:05:38","guid":{"rendered":"https:\/\/redelitoralrs.com\/?p=2483"},"modified":"2024-06-12T09:07:42","modified_gmt":"2024-06-12T12:07:42","slug":"bm-divulga-dados-operacionais-do-mes-de-maio","status":"publish","type":"post","link":"https:\/\/redelitoralrs.com\/index.php\/2024\/06\/12\/bm-divulga-dados-operacionais-do-mes-de-maio\/","title":{"rendered":"BM divulga dados operacionais do m\u00eas de maio"},"content":{"rendered":"\n<p>O m\u00eas de maio de 2024 foi marcado pelas fortes chuvas e pelas enchentes que atingiram o Rio Grande do Sul. Com o contexto da calamidade que atingiu o estado, a Brigada Militar tamb\u00e9m precisou adaptar as suas opera\u00e7\u00f5es. Os resultados se refletem nos n\u00fameros do Balan\u00e7o Operacional de maio da BM, divulgados nesta segunda-feira (10\/6).<\/p>\n\n\n\n<p>Ao todo, durante o m\u00eas, foram realizadas 4.991 pris\u00f5es, uma m\u00e9dia de aproximadamente 161 por dia. A BM tamb\u00e9m apreendeu 290 armas de fogo, resultado em uma m\u00e9dia de aproximadamente nove por dia.<\/p>\n\n\n\n<p>Em maio, foram realizadas 211 opera\u00e7\u00f5es integradas. Na m\u00e9dia di\u00e1ria, foram empregados 4.991 policiais militares e 1.362 viaturas. Entre as adapta\u00e7\u00f5es necess\u00e1rias \u00e0s opera\u00e7\u00f5es, foi utilizada uma m\u00e9dia di\u00e1ria de 17 embarca\u00e7\u00f5es e 12 motos aqu\u00e1ticas, por\u00e9m com a utiliza\u00e7\u00e3o de mais de 60 embarca\u00e7\u00f5es nos dias de maior refor\u00e7o no policiamento nas \u00e1reas alagadas do estado. Entre os salvamentos realizados, foram 24.352 pessoas e 3.504 animais.<\/p>\n\n\n\n<p>Apesar do esfor\u00e7o nos salvamentos e no patrulhamento em \u00e1reas alagadas, o policiamento ostensivo e as a\u00e7\u00f5es preventivas ordin\u00e1rias n\u00e3o pararam. No policiamento rural, foram visitadas 2.046 propriedades. Na Patrulha Maria da Penha, a BM realizou 3.756 visitas a mulheres v\u00edtimas de viol\u00eancia dom\u00e9stica e familiar no m\u00eas. Em paralelo, tamb\u00e9m foram realizadas pouco mais de 10 mil visitas a estabelecimentos comerciais e 841 fiscaliza\u00e7\u00f5es em bares e casas noturnas.<\/p>\n\n\n\n<p><strong>Chuva afeta PMs<\/strong>\u00a0&#8211; Al\u00e9m de suscitarem adapta\u00e7\u00f5es operacionais, as enchentes tamb\u00e9m causaram danos e transtornos \u00e0s estruturas e ao efetivo da Brigada Militar. Ao todo, foram mais de 800 policiais militares afetados.\u00a0<\/p>\n\n\n\n<p><em>Texto: Assessoria de Comuni\u00e7\u00e3o, Brigada Militar RS<\/em><\/p>\n","protected":false},"excerpt":{"rendered":"<p>O m\u00eas de maio de 2024 foi marcado pelas fortes chuvas e pelas enchentes que atingiram o Rio Grande do Sul. Com o contexto da calamidade que atingiu o estado, a Brigada Militar tamb\u00e9m precisou adaptar as suas opera\u00e7\u00f5es. Os resultados se refletem nos n\u00fameros do Balan\u00e7o Operacional de maio da BM, divulgados nesta segunda-feira [&hellip;]<\/p>\n","protected":false},"author":2,"featured_media":2484,"comment_status":"open","ping_status":"open","sticky":false,"template":"","format":"standard","meta":{"_themeisle_gutenberg_block_has_review":false,"footnotes":""},"categories":[98],"tags":[88,102],"class_list":["post-2483","post","type-post","status-publish","format-standard","has-post-thumbnail","hentry","category-policia","tag-enchentes","tag-policia"],"yoast_head":"<!-- This site is optimized with the Yoast SEO plugin v27.4 - https:\/\/yoast.com\/product\/yoast-seo-wordpress\/ -->\n<title>BM divulga dados operacionais do m\u00eas de maio - Rede Litoral RS<\/title>\n<meta name=\"description\" content=\"Ao todo, durante o m\u00eas, foram realizadas 4.991 pris\u00f5es, uma m\u00e9dia de aproximadamente 161 por dia. A BM tamb\u00e9m apreendeu 290 armas de fogo, resultado em uma m\u00e9dia de aproximadamente nove por dia.\" \/>\n<meta name=\"robots\" content=\"index, follow, max-snippet:-1, max-image-preview:large, max-video-preview:-1\" \/>\n<link rel=\"canonical\" href=\"https:\/\/redelitoralrs.com\/index.php\/2024\/06\/12\/bm-divulga-dados-operacionais-do-mes-de-maio\/\" \/>\n<meta property=\"og:locale\" content=\"pt_BR\" \/>\n<meta property=\"og:type\" content=\"article\" \/>\n<meta property=\"og:title\" content=\"BM divulga dados operacionais do m\u00eas de maio - Rede Litoral RS\" \/>\n<meta property=\"og:description\" content=\"Ao todo, durante o m\u00eas, foram realizadas 4.991 pris\u00f5es, uma m\u00e9dia de aproximadamente 161 por dia. A BM tamb\u00e9m apreendeu 290 armas de fogo, resultado em uma m\u00e9dia de aproximadamente nove por dia.\" \/>\n<meta property=\"og:url\" content=\"https:\/\/redelitoralrs.com\/index.php\/2024\/06\/12\/bm-divulga-dados-operacionais-do-mes-de-maio\/\" \/>\n<meta property=\"og:site_name\" content=\"Rede Litoral RS\" \/>\n<meta property=\"article:publisher\" content=\"https:\/\/www.facebook.com\/tvlitoralrsoficial\" \/>\n<meta property=\"article:published_time\" content=\"2024-06-12T12:05:38+00:00\" \/>\n<meta property=\"article:modified_time\" content=\"2024-06-12T12:07:42+00:00\" \/>\n<meta property=\"og:image\" content=\"https:\/\/redelitoralrs.com\/wp-content\/uploads\/2024\/06\/bm-maio.jpeg\" \/>\n\t<meta property=\"og:image:width\" content=\"800\" \/>\n\t<meta property=\"og:image:height\" content=\"600\" \/>\n\t<meta property=\"og:image:type\" content=\"image\/jpeg\" \/>\n<meta name=\"author\" content=\"Reda\u00e7\u00e3o TV Litoral\" \/>\n<meta name=\"twitter:card\" content=\"summary_large_image\" \/>\n<meta name=\"twitter:label1\" content=\"Escrito por\" \/>\n\t<meta name=\"twitter:data1\" content=\"Reda\u00e7\u00e3o TV Litoral\" \/>\n\t<meta name=\"twitter:label2\" content=\"Est. tempo de leitura\" \/>\n\t<meta name=\"twitter:data2\" content=\"2 minutos\" \/>\n<script type=\"application\/ld+json\" class=\"yoast-schema-graph\">{\"@context\":\"https:\\\/\\\/schema.org\",\"@graph\":[{\"@type\":\"Article\",\"@id\":\"https:\\\/\\\/redelitoralrs.com\\\/index.php\\\/2024\\\/06\\\/12\\\/bm-divulga-dados-operacionais-do-mes-de-maio\\\/#article\",\"isPartOf\":{\"@id\":\"https:\\\/\\\/redelitoralrs.com\\\/index.php\\\/2024\\\/06\\\/12\\\/bm-divulga-dados-operacionais-do-mes-de-maio\\\/\"},\"author\":{\"name\":\"Reda\u00e7\u00e3o TV Litoral\",\"@id\":\"https:\\\/\\\/redelitoralrs.com\\\/#\\\/schema\\\/person\\\/9f8181f2a7359dd3986f05ebaf5bd68a\"},\"headline\":\"BM divulga dados operacionais do m\u00eas de maio\",\"datePublished\":\"2024-06-12T12:05:38+00:00\",\"dateModified\":\"2024-06-12T12:07:42+00:00\",\"mainEntityOfPage\":{\"@id\":\"https:\\\/\\\/redelitoralrs.com\\\/index.php\\\/2024\\\/06\\\/12\\\/bm-divulga-dados-operacionais-do-mes-de-maio\\\/\"},\"wordCount\":295,\"commentCount\":0,\"publisher\":{\"@id\":\"https:\\\/\\\/redelitoralrs.com\\\/#organization\"},\"image\":{\"@id\":\"https:\\\/\\\/redelitoralrs.com\\\/index.php\\\/2024\\\/06\\\/12\\\/bm-divulga-dados-operacionais-do-mes-de-maio\\\/#primaryimage\"},\"thumbnailUrl\":\"https:\\\/\\\/redelitoralrs.com\\\/wp-content\\\/uploads\\\/2024\\\/06\\\/bm-maio.jpeg\",\"keywords\":[\"Enchentes\",\"pol\u00edcia\"],\"articleSection\":[\"Pol\u00edcia\"],\"inLanguage\":\"pt-BR\",\"potentialAction\":[{\"@type\":\"CommentAction\",\"name\":\"Comment\",\"target\":[\"https:\\\/\\\/redelitoralrs.com\\\/index.php\\\/2024\\\/06\\\/12\\\/bm-divulga-dados-operacionais-do-mes-de-maio\\\/#respond\"]}]},{\"@type\":\"WebPage\",\"@id\":\"https:\\\/\\\/redelitoralrs.com\\\/index.php\\\/2024\\\/06\\\/12\\\/bm-divulga-dados-operacionais-do-mes-de-maio\\\/\",\"url\":\"https:\\\/\\\/redelitoralrs.com\\\/index.php\\\/2024\\\/06\\\/12\\\/bm-divulga-dados-operacionais-do-mes-de-maio\\\/\",\"name\":\"BM divulga dados operacionais do m\u00eas de maio - Rede Litoral RS\",\"isPartOf\":{\"@id\":\"https:\\\/\\\/redelitoralrs.com\\\/#website\"},\"primaryImageOfPage\":{\"@id\":\"https:\\\/\\\/redelitoralrs.com\\\/index.php\\\/2024\\\/06\\\/12\\\/bm-divulga-dados-operacionais-do-mes-de-maio\\\/#primaryimage\"},\"image\":{\"@id\":\"https:\\\/\\\/redelitoralrs.com\\\/index.php\\\/2024\\\/06\\\/12\\\/bm-divulga-dados-operacionais-do-mes-de-maio\\\/#primaryimage\"},\"thumbnailUrl\":\"https:\\\/\\\/redelitoralrs.com\\\/wp-content\\\/uploads\\\/2024\\\/06\\\/bm-maio.jpeg\",\"datePublished\":\"2024-06-12T12:05:38+00:00\",\"dateModified\":\"2024-06-12T12:07:42+00:00\",\"description\":\"Ao todo, durante o m\u00eas, foram realizadas 4.991 pris\u00f5es, uma m\u00e9dia de aproximadamente 161 por dia. A BM tamb\u00e9m apreendeu 290 armas de fogo, resultado em uma m\u00e9dia de aproximadamente nove por dia.\",\"breadcrumb\":{\"@id\":\"https:\\\/\\\/redelitoralrs.com\\\/index.php\\\/2024\\\/06\\\/12\\\/bm-divulga-dados-operacionais-do-mes-de-maio\\\/#breadcrumb\"},\"inLanguage\":\"pt-BR\",\"potentialAction\":[{\"@type\":\"ReadAction\",\"target\":[\"https:\\\/\\\/redelitoralrs.com\\\/index.php\\\/2024\\\/06\\\/12\\\/bm-divulga-dados-operacionais-do-mes-de-maio\\\/\"]}]},{\"@type\":\"ImageObject\",\"inLanguage\":\"pt-BR\",\"@id\":\"https:\\\/\\\/redelitoralrs.com\\\/index.php\\\/2024\\\/06\\\/12\\\/bm-divulga-dados-operacionais-do-mes-de-maio\\\/#primaryimage\",\"url\":\"https:\\\/\\\/redelitoralrs.com\\\/wp-content\\\/uploads\\\/2024\\\/06\\\/bm-maio.jpeg\",\"contentUrl\":\"https:\\\/\\\/redelitoralrs.com\\\/wp-content\\\/uploads\\\/2024\\\/06\\\/bm-maio.jpeg\",\"width\":800,\"height\":600,\"caption\":\"Salvamentos e a\u00e7\u00f5es de patrulhamento embarcado foram destaque no m\u00eas. Foto; Arquivo BM\"},{\"@type\":\"BreadcrumbList\",\"@id\":\"https:\\\/\\\/redelitoralrs.com\\\/index.php\\\/2024\\\/06\\\/12\\\/bm-divulga-dados-operacionais-do-mes-de-maio\\\/#breadcrumb\",\"itemListElement\":[{\"@type\":\"ListItem\",\"position\":1,\"name\":\"In\u00edcio\",\"item\":\"https:\\\/\\\/redelitoralrs.com\\\/\"},{\"@type\":\"ListItem\",\"position\":2,\"name\":\"BM divulga dados operacionais do m\u00eas de maio\"}]},{\"@type\":\"WebSite\",\"@id\":\"https:\\\/\\\/redelitoralrs.com\\\/#website\",\"url\":\"https:\\\/\\\/redelitoralrs.com\\\/\",\"name\":\"TV Litoral\",\"description\":\"Acompanhe tudo do litoral ga\u00facho com a cobertura completa e atualizada da Rede Litoral RS. Nossos jornalistas trazem as \u00faltimas not\u00edcias, os acontecimentos mais quentes e as hist\u00f3rias que importam sobre nosso amado litoral.\",\"publisher\":{\"@id\":\"https:\\\/\\\/redelitoralrs.com\\\/#organization\"},\"potentialAction\":[{\"@type\":\"SearchAction\",\"target\":{\"@type\":\"EntryPoint\",\"urlTemplate\":\"https:\\\/\\\/redelitoralrs.com\\\/?s={search_term_string}\"},\"query-input\":{\"@type\":\"PropertyValueSpecification\",\"valueRequired\":true,\"valueName\":\"search_term_string\"}}],\"inLanguage\":\"pt-BR\"},{\"@type\":\"Organization\",\"@id\":\"https:\\\/\\\/redelitoralrs.com\\\/#organization\",\"name\":\"TV Litoral\",\"url\":\"https:\\\/\\\/redelitoralrs.com\\\/\",\"logo\":{\"@type\":\"ImageObject\",\"inLanguage\":\"pt-BR\",\"@id\":\"https:\\\/\\\/redelitoralrs.com\\\/#\\\/schema\\\/logo\\\/image\\\/\",\"url\":\"https:\\\/\\\/redelitoralrs.com\\\/wp-content\\\/uploads\\\/2024\\\/01\\\/faviconicon-1-1.png\",\"contentUrl\":\"https:\\\/\\\/redelitoralrs.com\\\/wp-content\\\/uploads\\\/2024\\\/01\\\/faviconicon-1-1.png\",\"width\":454,\"height\":454,\"caption\":\"TV Litoral\"},\"image\":{\"@id\":\"https:\\\/\\\/redelitoralrs.com\\\/#\\\/schema\\\/logo\\\/image\\\/\"},\"sameAs\":[\"https:\\\/\\\/www.facebook.com\\\/tvlitoralrsoficial\",\"https:\\\/\\\/www.instagram.com\\\/tvlitoral.rs\"]},{\"@type\":\"Person\",\"@id\":\"https:\\\/\\\/redelitoralrs.com\\\/#\\\/schema\\\/person\\\/9f8181f2a7359dd3986f05ebaf5bd68a\",\"name\":\"Reda\u00e7\u00e3o TV Litoral\",\"image\":{\"@type\":\"ImageObject\",\"inLanguage\":\"pt-BR\",\"@id\":\"https:\\\/\\\/redelitoralrs.com\\\/wp-content\\\/litespeed\\\/avatar\\\/779aafbb45e66c7f82733e21abb48259.jpg?ver=1777561602\",\"url\":\"https:\\\/\\\/redelitoralrs.com\\\/wp-content\\\/litespeed\\\/avatar\\\/779aafbb45e66c7f82733e21abb48259.jpg?ver=1777561602\",\"contentUrl\":\"https:\\\/\\\/redelitoralrs.com\\\/wp-content\\\/litespeed\\\/avatar\\\/779aafbb45e66c7f82733e21abb48259.jpg?ver=1777561602\",\"caption\":\"Reda\u00e7\u00e3o TV Litoral\"},\"description\":\"A Rede Litoral de Comunica\u00e7\u00e3o \u00e9 um grupo de m\u00eddia multiplataforma do Litoral Norte do RS. Com atua\u00e7\u00e3o em TV, r\u00e1dio, portal e redes sociais, levamos informa\u00e7\u00e3o, conte\u00fado e entretenimento \u00e0 comunidade, fortalecendo a comunica\u00e7\u00e3o local e impulsionando o desenvolvimento regional. Acompanhe atrav\u00e9s de @redelitoralrs.\",\"sameAs\":[\"https:\\\/\\\/redelitoralrs.com\",\"https:\\\/\\\/www.instagram.com\\\/redelitoralrs\",\"https:\\\/\\\/www.youtube.com\\\/@redelitoralrs\"],\"url\":\"https:\\\/\\\/redelitoralrs.com\\\/index.php\\\/author\\\/redacaotvlitoral\\\/\"}]}<\/script>\n<!-- \/ Yoast SEO plugin. -->","yoast_head_json":{"title":"BM divulga dados operacionais do m\u00eas de maio - Rede Litoral RS","description":"Ao todo, durante o m\u00eas, foram realizadas 4.991 pris\u00f5es, uma m\u00e9dia de aproximadamente 161 por dia. A BM tamb\u00e9m apreendeu 290 armas de fogo, resultado em uma m\u00e9dia de aproximadamente nove por dia.","robots":{"index":"index","follow":"follow","max-snippet":"max-snippet:-1","max-image-preview":"max-image-preview:large","max-video-preview":"max-video-preview:-1"},"canonical":"https:\/\/redelitoralrs.com\/index.php\/2024\/06\/12\/bm-divulga-dados-operacionais-do-mes-de-maio\/","og_locale":"pt_BR","og_type":"article","og_title":"BM divulga dados operacionais do m\u00eas de maio - Rede Litoral RS","og_description":"Ao todo, durante o m\u00eas, foram realizadas 4.991 pris\u00f5es, uma m\u00e9dia de aproximadamente 161 por dia. A BM tamb\u00e9m apreendeu 290 armas de fogo, resultado em uma m\u00e9dia de aproximadamente nove por dia.","og_url":"https:\/\/redelitoralrs.com\/index.php\/2024\/06\/12\/bm-divulga-dados-operacionais-do-mes-de-maio\/","og_site_name":"Rede Litoral RS","article_publisher":"https:\/\/www.facebook.com\/tvlitoralrsoficial","article_published_time":"2024-06-12T12:05:38+00:00","article_modified_time":"2024-06-12T12:07:42+00:00","og_image":[{"width":800,"height":600,"url":"https:\/\/redelitoralrs.com\/wp-content\/uploads\/2024\/06\/bm-maio.jpeg","type":"image\/jpeg"}],"author":"Reda\u00e7\u00e3o TV Litoral","twitter_card":"summary_large_image","twitter_misc":{"Escrito por":"Reda\u00e7\u00e3o TV Litoral","Est. tempo de leitura":"2 minutos"},"schema":{"@context":"https:\/\/schema.org","@graph":[{"@type":"Article","@id":"https:\/\/redelitoralrs.com\/index.php\/2024\/06\/12\/bm-divulga-dados-operacionais-do-mes-de-maio\/#article","isPartOf":{"@id":"https:\/\/redelitoralrs.com\/index.php\/2024\/06\/12\/bm-divulga-dados-operacionais-do-mes-de-maio\/"},"author":{"name":"Reda\u00e7\u00e3o TV Litoral","@id":"https:\/\/redelitoralrs.com\/#\/schema\/person\/9f8181f2a7359dd3986f05ebaf5bd68a"},"headline":"BM divulga dados operacionais do m\u00eas de maio","datePublished":"2024-06-12T12:05:38+00:00","dateModified":"2024-06-12T12:07:42+00:00","mainEntityOfPage":{"@id":"https:\/\/redelitoralrs.com\/index.php\/2024\/06\/12\/bm-divulga-dados-operacionais-do-mes-de-maio\/"},"wordCount":295,"commentCount":0,"publisher":{"@id":"https:\/\/redelitoralrs.com\/#organization"},"image":{"@id":"https:\/\/redelitoralrs.com\/index.php\/2024\/06\/12\/bm-divulga-dados-operacionais-do-mes-de-maio\/#primaryimage"},"thumbnailUrl":"https:\/\/redelitoralrs.com\/wp-content\/uploads\/2024\/06\/bm-maio.jpeg","keywords":["Enchentes","pol\u00edcia"],"articleSection":["Pol\u00edcia"],"inLanguage":"pt-BR","potentialAction":[{"@type":"CommentAction","name":"Comment","target":["https:\/\/redelitoralrs.com\/index.php\/2024\/06\/12\/bm-divulga-dados-operacionais-do-mes-de-maio\/#respond"]}]},{"@type":"WebPage","@id":"https:\/\/redelitoralrs.com\/index.php\/2024\/06\/12\/bm-divulga-dados-operacionais-do-mes-de-maio\/","url":"https:\/\/redelitoralrs.com\/index.php\/2024\/06\/12\/bm-divulga-dados-operacionais-do-mes-de-maio\/","name":"BM divulga dados operacionais do m\u00eas de maio - Rede Litoral RS","isPartOf":{"@id":"https:\/\/redelitoralrs.com\/#website"},"primaryImageOfPage":{"@id":"https:\/\/redelitoralrs.com\/index.php\/2024\/06\/12\/bm-divulga-dados-operacionais-do-mes-de-maio\/#primaryimage"},"image":{"@id":"https:\/\/redelitoralrs.com\/index.php\/2024\/06\/12\/bm-divulga-dados-operacionais-do-mes-de-maio\/#primaryimage"},"thumbnailUrl":"https:\/\/redelitoralrs.com\/wp-content\/uploads\/2024\/06\/bm-maio.jpeg","datePublished":"2024-06-12T12:05:38+00:00","dateModified":"2024-06-12T12:07:42+00:00","description":"Ao todo, durante o m\u00eas, foram realizadas 4.991 pris\u00f5es, uma m\u00e9dia de aproximadamente 161 por dia. A BM tamb\u00e9m apreendeu 290 armas de fogo, resultado em uma m\u00e9dia de aproximadamente nove por dia.","breadcrumb":{"@id":"https:\/\/redelitoralrs.com\/index.php\/2024\/06\/12\/bm-divulga-dados-operacionais-do-mes-de-maio\/#breadcrumb"},"inLanguage":"pt-BR","potentialAction":[{"@type":"ReadAction","target":["https:\/\/redelitoralrs.com\/index.php\/2024\/06\/12\/bm-divulga-dados-operacionais-do-mes-de-maio\/"]}]},{"@type":"ImageObject","inLanguage":"pt-BR","@id":"https:\/\/redelitoralrs.com\/index.php\/2024\/06\/12\/bm-divulga-dados-operacionais-do-mes-de-maio\/#primaryimage","url":"https:\/\/redelitoralrs.com\/wp-content\/uploads\/2024\/06\/bm-maio.jpeg","contentUrl":"https:\/\/redelitoralrs.com\/wp-content\/uploads\/2024\/06\/bm-maio.jpeg","width":800,"height":600,"caption":"Salvamentos e a\u00e7\u00f5es de patrulhamento embarcado foram destaque no m\u00eas. Foto; Arquivo BM"},{"@type":"BreadcrumbList","@id":"https:\/\/redelitoralrs.com\/index.php\/2024\/06\/12\/bm-divulga-dados-operacionais-do-mes-de-maio\/#breadcrumb","itemListElement":[{"@type":"ListItem","position":1,"name":"In\u00edcio","item":"https:\/\/redelitoralrs.com\/"},{"@type":"ListItem","position":2,"name":"BM divulga dados operacionais do m\u00eas de maio"}]},{"@type":"WebSite","@id":"https:\/\/redelitoralrs.com\/#website","url":"https:\/\/redelitoralrs.com\/","name":"TV Litoral","description":"Acompanhe tudo do litoral ga\u00facho com a cobertura completa e atualizada da Rede Litoral RS. Nossos jornalistas trazem as \u00faltimas not\u00edcias, os acontecimentos mais quentes e as hist\u00f3rias que importam sobre nosso amado litoral.","publisher":{"@id":"https:\/\/redelitoralrs.com\/#organization"},"potentialAction":[{"@type":"SearchAction","target":{"@type":"EntryPoint","urlTemplate":"https:\/\/redelitoralrs.com\/?s={search_term_string}"},"query-input":{"@type":"PropertyValueSpecification","valueRequired":true,"valueName":"search_term_string"}}],"inLanguage":"pt-BR"},{"@type":"Organization","@id":"https:\/\/redelitoralrs.com\/#organization","name":"TV Litoral","url":"https:\/\/redelitoralrs.com\/","logo":{"@type":"ImageObject","inLanguage":"pt-BR","@id":"https:\/\/redelitoralrs.com\/#\/schema\/logo\/image\/","url":"https:\/\/redelitoralrs.com\/wp-content\/uploads\/2024\/01\/faviconicon-1-1.png","contentUrl":"https:\/\/redelitoralrs.com\/wp-content\/uploads\/2024\/01\/faviconicon-1-1.png","width":454,"height":454,"caption":"TV Litoral"},"image":{"@id":"https:\/\/redelitoralrs.com\/#\/schema\/logo\/image\/"},"sameAs":["https:\/\/www.facebook.com\/tvlitoralrsoficial","https:\/\/www.instagram.com\/tvlitoral.rs"]},{"@type":"Person","@id":"https:\/\/redelitoralrs.com\/#\/schema\/person\/9f8181f2a7359dd3986f05ebaf5bd68a","name":"Reda\u00e7\u00e3o TV Litoral","image":{"@type":"ImageObject","inLanguage":"pt-BR","@id":"https:\/\/redelitoralrs.com\/wp-content\/litespeed\/avatar\/779aafbb45e66c7f82733e21abb48259.jpg?ver=1777561602","url":"https:\/\/redelitoralrs.com\/wp-content\/litespeed\/avatar\/779aafbb45e66c7f82733e21abb48259.jpg?ver=1777561602","contentUrl":"https:\/\/redelitoralrs.com\/wp-content\/litespeed\/avatar\/779aafbb45e66c7f82733e21abb48259.jpg?ver=1777561602","caption":"Reda\u00e7\u00e3o TV Litoral"},"description":"A Rede Litoral de Comunica\u00e7\u00e3o \u00e9 um grupo de m\u00eddia multiplataforma do Litoral Norte do RS. Com atua\u00e7\u00e3o em TV, r\u00e1dio, portal e redes sociais, levamos informa\u00e7\u00e3o, conte\u00fado e entretenimento \u00e0 comunidade, fortalecendo a comunica\u00e7\u00e3o local e impulsionando o desenvolvimento regional. Acompanhe atrav\u00e9s de @redelitoralrs.","sameAs":["https:\/\/redelitoralrs.com","https:\/\/www.instagram.com\/redelitoralrs","https:\/\/www.youtube.com\/@redelitoralrs"],"url":"https:\/\/redelitoralrs.com\/index.php\/author\/redacaotvlitoral\/"}]}},"_links":{"self":[{"href":"https:\/\/redelitoralrs.com\/index.php\/wp-json\/wp\/v2\/posts\/2483","targetHints":{"allow":["GET"]}}],"collection":[{"href":"https:\/\/redelitoralrs.com\/index.php\/wp-json\/wp\/v2\/posts"}],"about":[{"href":"https:\/\/redelitoralrs.com\/index.php\/wp-json\/wp\/v2\/types\/post"}],"author":[{"embeddable":true,"href":"https:\/\/redelitoralrs.com\/index.php\/wp-json\/wp\/v2\/users\/2"}],"replies":[{"embeddable":true,"href":"https:\/\/redelitoralrs.com\/index.php\/wp-json\/wp\/v2\/comments?post=2483"}],"version-history":[{"count":1,"href":"https:\/\/redelitoralrs.com\/index.php\/wp-json\/wp\/v2\/posts\/2483\/revisions"}],"predecessor-version":[{"id":2485,"href":"https:\/\/redelitoralrs.com\/index.php\/wp-json\/wp\/v2\/posts\/2483\/revisions\/2485"}],"wp:featuredmedia":[{"embeddable":true,"href":"https:\/\/redelitoralrs.com\/index.php\/wp-json\/wp\/v2\/media\/2484"}],"wp:attachment":[{"href":"https:\/\/redelitoralrs.com\/index.php\/wp-json\/wp\/v2\/media?parent=2483"}],"wp:term":[{"taxonomy":"category","embeddable":true,"href":"https:\/\/redelitoralrs.com\/index.php\/wp-json\/wp\/v2\/categories?post=2483"},{"taxonomy":"post_tag","embeddable":true,"href":"https:\/\/redelitoralrs.com\/index.php\/wp-json\/wp\/v2\/tags?post=2483"}],"curies":[{"name":"wp","href":"https:\/\/api.w.org\/{rel}","templated":true}]}}