{"id":24828,"date":"2026-04-29T15:24:55","date_gmt":"2026-04-29T18:24:55","guid":{"rendered":"https:\/\/redelitoralrs.com\/?p=24828"},"modified":"2026-04-29T15:24:57","modified_gmt":"2026-04-29T18:24:57","slug":"cidreira-retoma-festa-estadual-do-camarao-e-reforca-estrutura-do-turismo-no-municipio","status":"publish","type":"post","link":"https:\/\/redelitoralrs.com\/index.php\/2026\/04\/29\/cidreira-retoma-festa-estadual-do-camarao-e-reforca-estrutura-do-turismo-no-municipio\/","title":{"rendered":"Cidreira retoma Festa Estadual do Camar\u00e3o e refor\u00e7a estrutura do turismo no munic\u00edpio"},"content":{"rendered":"\n<p>A Prefeitura de Cidreira iniciou a\u00e7\u00f5es para a retomada da Festa Estadual do Camar\u00e3o, ao mesmo tempo em que refor\u00e7a a estrutura da Secretaria de Turismo e Desporto. As medidas marcam o in\u00edcio da organiza\u00e7\u00e3o da 9\u00aa edi\u00e7\u00e3o do evento, considerado um dos principais do calend\u00e1rio local.<\/p>\n\n\n\n<p>Entre as a\u00e7\u00f5es realizadas, est\u00e1 a recupera\u00e7\u00e3o de um ve\u00edculo que estava sem uso e que agora passa a integrar a frota da secretaria, ampliando o suporte \u00e0s atividades ligadas ao turismo no munic\u00edpio de Cidreira.<\/p>\n\n\n\n<p>Paralelamente, a administra\u00e7\u00e3o municipal deu in\u00edcio \u00e0 divulga\u00e7\u00e3o oficial da festa, que mobiliza diferentes setores do poder p\u00fablico. O trabalho envolve a participa\u00e7\u00e3o integrada de secretarias municipais no planejamento e na estrutura\u00e7\u00e3o do evento.<\/p>\n\n\n\n<p>A retomada da Festa Estadual do Camar\u00e3o tem como objetivo valorizar a cultura local, impulsionar a gastronomia e fortalecer o potencial tur\u00edstico da cidade, al\u00e9m de atrair visitantes para o Litoral Norte. A organiza\u00e7\u00e3o busca estruturar uma edi\u00e7\u00e3o alinhada \u00e0 expectativa da comunidade e do p\u00fablico regional.<\/p>\n","protected":false},"excerpt":{"rendered":"<p>A Prefeitura de Cidreira iniciou a\u00e7\u00f5es para a retomada da Festa Estadual do Camar\u00e3o, ao mesmo tempo em que refor\u00e7a a estrutura da Secretaria de Turismo e Desporto. As medidas marcam o in\u00edcio da organiza\u00e7\u00e3o da 9\u00aa edi\u00e7\u00e3o do evento, considerado um dos principais do calend\u00e1rio local. Entre as a\u00e7\u00f5es realizadas, est\u00e1 a recupera\u00e7\u00e3o de [&hellip;]<\/p>\n","protected":false},"author":2,"featured_media":24829,"comment_status":"open","ping_status":"open","sticky":false,"template":"","format":"standard","meta":{"_themeisle_gutenberg_block_has_review":false,"footnotes":""},"categories":[176,15],"tags":[],"class_list":["post-24828","post","type-post","status-publish","format-standard","has-post-thumbnail","hentry","category-cidreira","category-noticias"],"yoast_head":"<!-- This site is optimized with the Yoast SEO plugin v27.4 - https:\/\/yoast.com\/product\/yoast-seo-wordpress\/ -->\n<title>Cidreira retoma Festa Estadual do Camar\u00e3o e refor\u00e7a estrutura do turismo no munic\u00edpio - Rede Litoral RS<\/title>\n<meta name=\"robots\" content=\"index, follow, max-snippet:-1, max-image-preview:large, max-video-preview:-1\" \/>\n<link rel=\"canonical\" href=\"https:\/\/redelitoralrs.com\/index.php\/2026\/04\/29\/cidreira-retoma-festa-estadual-do-camarao-e-reforca-estrutura-do-turismo-no-municipio\/\" \/>\n<meta property=\"og:locale\" content=\"pt_BR\" \/>\n<meta property=\"og:type\" content=\"article\" \/>\n<meta property=\"og:title\" content=\"Cidreira retoma Festa Estadual do Camar\u00e3o e refor\u00e7a estrutura do turismo no munic\u00edpio - Rede Litoral RS\" \/>\n<meta property=\"og:description\" content=\"A Prefeitura de Cidreira iniciou a\u00e7\u00f5es para a retomada da Festa Estadual do Camar\u00e3o, ao mesmo tempo em que refor\u00e7a a estrutura da Secretaria de Turismo e Desporto. As medidas marcam o in\u00edcio da organiza\u00e7\u00e3o da 9\u00aa edi\u00e7\u00e3o do evento, considerado um dos principais do calend\u00e1rio local. Entre as a\u00e7\u00f5es realizadas, est\u00e1 a recupera\u00e7\u00e3o de [&hellip;]\" \/>\n<meta property=\"og:url\" content=\"https:\/\/redelitoralrs.com\/index.php\/2026\/04\/29\/cidreira-retoma-festa-estadual-do-camarao-e-reforca-estrutura-do-turismo-no-municipio\/\" \/>\n<meta property=\"og:site_name\" content=\"Rede Litoral RS\" \/>\n<meta property=\"article:publisher\" content=\"https:\/\/www.facebook.com\/tvlitoralrsoficial\" \/>\n<meta property=\"article:published_time\" content=\"2026-04-29T18:24:55+00:00\" \/>\n<meta property=\"article:modified_time\" content=\"2026-04-29T18:24:57+00:00\" \/>\n<meta property=\"og:image\" content=\"https:\/\/redelitoralrs.com\/wp-content\/uploads\/2026\/04\/3Capturar.png\" \/>\n\t<meta property=\"og:image:width\" content=\"578\" \/>\n\t<meta property=\"og:image:height\" content=\"350\" \/>\n\t<meta property=\"og:image:type\" content=\"image\/png\" \/>\n<meta name=\"author\" content=\"Reda\u00e7\u00e3o TV Litoral\" \/>\n<meta name=\"twitter:card\" content=\"summary_large_image\" \/>\n<meta name=\"twitter:label1\" content=\"Escrito por\" \/>\n\t<meta name=\"twitter:data1\" content=\"Reda\u00e7\u00e3o TV Litoral\" \/>\n\t<meta name=\"twitter:label2\" content=\"Est. tempo de leitura\" \/>\n\t<meta name=\"twitter:data2\" content=\"2 minutos\" \/>\n<script type=\"application\/ld+json\" class=\"yoast-schema-graph\">{\"@context\":\"https:\\\/\\\/schema.org\",\"@graph\":[{\"@type\":\"Article\",\"@id\":\"https:\\\/\\\/redelitoralrs.com\\\/index.php\\\/2026\\\/04\\\/29\\\/cidreira-retoma-festa-estadual-do-camarao-e-reforca-estrutura-do-turismo-no-municipio\\\/#article\",\"isPartOf\":{\"@id\":\"https:\\\/\\\/redelitoralrs.com\\\/index.php\\\/2026\\\/04\\\/29\\\/cidreira-retoma-festa-estadual-do-camarao-e-reforca-estrutura-do-turismo-no-municipio\\\/\"},\"author\":{\"name\":\"Reda\u00e7\u00e3o TV Litoral\",\"@id\":\"https:\\\/\\\/redelitoralrs.com\\\/#\\\/schema\\\/person\\\/9f8181f2a7359dd3986f05ebaf5bd68a\"},\"headline\":\"Cidreira retoma Festa Estadual do Camar\u00e3o e refor\u00e7a estrutura do turismo no munic\u00edpio\",\"datePublished\":\"2026-04-29T18:24:55+00:00\",\"dateModified\":\"2026-04-29T18:24:57+00:00\",\"mainEntityOfPage\":{\"@id\":\"https:\\\/\\\/redelitoralrs.com\\\/index.php\\\/2026\\\/04\\\/29\\\/cidreira-retoma-festa-estadual-do-camarao-e-reforca-estrutura-do-turismo-no-municipio\\\/\"},\"wordCount\":200,\"commentCount\":0,\"publisher\":{\"@id\":\"https:\\\/\\\/redelitoralrs.com\\\/#organization\"},\"image\":{\"@id\":\"https:\\\/\\\/redelitoralrs.com\\\/index.php\\\/2026\\\/04\\\/29\\\/cidreira-retoma-festa-estadual-do-camarao-e-reforca-estrutura-do-turismo-no-municipio\\\/#primaryimage\"},\"thumbnailUrl\":\"https:\\\/\\\/redelitoralrs.com\\\/wp-content\\\/uploads\\\/2026\\\/04\\\/3Capturar.png\",\"articleSection\":[\"Cidreira\",\"\u00daltimas not\u00edcias\"],\"inLanguage\":\"pt-BR\",\"potentialAction\":[{\"@type\":\"CommentAction\",\"name\":\"Comment\",\"target\":[\"https:\\\/\\\/redelitoralrs.com\\\/index.php\\\/2026\\\/04\\\/29\\\/cidreira-retoma-festa-estadual-do-camarao-e-reforca-estrutura-do-turismo-no-municipio\\\/#respond\"]}]},{\"@type\":\"WebPage\",\"@id\":\"https:\\\/\\\/redelitoralrs.com\\\/index.php\\\/2026\\\/04\\\/29\\\/cidreira-retoma-festa-estadual-do-camarao-e-reforca-estrutura-do-turismo-no-municipio\\\/\",\"url\":\"https:\\\/\\\/redelitoralrs.com\\\/index.php\\\/2026\\\/04\\\/29\\\/cidreira-retoma-festa-estadual-do-camarao-e-reforca-estrutura-do-turismo-no-municipio\\\/\",\"name\":\"Cidreira retoma Festa Estadual do Camar\u00e3o e refor\u00e7a estrutura do turismo no munic\u00edpio - Rede Litoral RS\",\"isPartOf\":{\"@id\":\"https:\\\/\\\/redelitoralrs.com\\\/#website\"},\"primaryImageOfPage\":{\"@id\":\"https:\\\/\\\/redelitoralrs.com\\\/index.php\\\/2026\\\/04\\\/29\\\/cidreira-retoma-festa-estadual-do-camarao-e-reforca-estrutura-do-turismo-no-municipio\\\/#primaryimage\"},\"image\":{\"@id\":\"https:\\\/\\\/redelitoralrs.com\\\/index.php\\\/2026\\\/04\\\/29\\\/cidreira-retoma-festa-estadual-do-camarao-e-reforca-estrutura-do-turismo-no-municipio\\\/#primaryimage\"},\"thumbnailUrl\":\"https:\\\/\\\/redelitoralrs.com\\\/wp-content\\\/uploads\\\/2026\\\/04\\\/3Capturar.png\",\"datePublished\":\"2026-04-29T18:24:55+00:00\",\"dateModified\":\"2026-04-29T18:24:57+00:00\",\"breadcrumb\":{\"@id\":\"https:\\\/\\\/redelitoralrs.com\\\/index.php\\\/2026\\\/04\\\/29\\\/cidreira-retoma-festa-estadual-do-camarao-e-reforca-estrutura-do-turismo-no-municipio\\\/#breadcrumb\"},\"inLanguage\":\"pt-BR\",\"potentialAction\":[{\"@type\":\"ReadAction\",\"target\":[\"https:\\\/\\\/redelitoralrs.com\\\/index.php\\\/2026\\\/04\\\/29\\\/cidreira-retoma-festa-estadual-do-camarao-e-reforca-estrutura-do-turismo-no-municipio\\\/\"]}]},{\"@type\":\"ImageObject\",\"inLanguage\":\"pt-BR\",\"@id\":\"https:\\\/\\\/redelitoralrs.com\\\/index.php\\\/2026\\\/04\\\/29\\\/cidreira-retoma-festa-estadual-do-camarao-e-reforca-estrutura-do-turismo-no-municipio\\\/#primaryimage\",\"url\":\"https:\\\/\\\/redelitoralrs.com\\\/wp-content\\\/uploads\\\/2026\\\/04\\\/3Capturar.png\",\"contentUrl\":\"https:\\\/\\\/redelitoralrs.com\\\/wp-content\\\/uploads\\\/2026\\\/04\\\/3Capturar.png\",\"width\":578,\"height\":350,\"caption\":\"Foto: Ascom\\\/PMC\"},{\"@type\":\"BreadcrumbList\",\"@id\":\"https:\\\/\\\/redelitoralrs.com\\\/index.php\\\/2026\\\/04\\\/29\\\/cidreira-retoma-festa-estadual-do-camarao-e-reforca-estrutura-do-turismo-no-municipio\\\/#breadcrumb\",\"itemListElement\":[{\"@type\":\"ListItem\",\"position\":1,\"name\":\"In\u00edcio\",\"item\":\"https:\\\/\\\/redelitoralrs.com\\\/\"},{\"@type\":\"ListItem\",\"position\":2,\"name\":\"Cidreira retoma Festa Estadual do Camar\u00e3o e refor\u00e7a estrutura do turismo no munic\u00edpio\"}]},{\"@type\":\"WebSite\",\"@id\":\"https:\\\/\\\/redelitoralrs.com\\\/#website\",\"url\":\"https:\\\/\\\/redelitoralrs.com\\\/\",\"name\":\"TV Litoral\",\"description\":\"Acompanhe tudo do litoral ga\u00facho com a cobertura completa e atualizada da Rede Litoral RS. Nossos jornalistas trazem as \u00faltimas not\u00edcias, os acontecimentos mais quentes e as hist\u00f3rias que importam sobre nosso amado litoral.\",\"publisher\":{\"@id\":\"https:\\\/\\\/redelitoralrs.com\\\/#organization\"},\"potentialAction\":[{\"@type\":\"SearchAction\",\"target\":{\"@type\":\"EntryPoint\",\"urlTemplate\":\"https:\\\/\\\/redelitoralrs.com\\\/?s={search_term_string}\"},\"query-input\":{\"@type\":\"PropertyValueSpecification\",\"valueRequired\":true,\"valueName\":\"search_term_string\"}}],\"inLanguage\":\"pt-BR\"},{\"@type\":\"Organization\",\"@id\":\"https:\\\/\\\/redelitoralrs.com\\\/#organization\",\"name\":\"TV Litoral\",\"url\":\"https:\\\/\\\/redelitoralrs.com\\\/\",\"logo\":{\"@type\":\"ImageObject\",\"inLanguage\":\"pt-BR\",\"@id\":\"https:\\\/\\\/redelitoralrs.com\\\/#\\\/schema\\\/logo\\\/image\\\/\",\"url\":\"https:\\\/\\\/redelitoralrs.com\\\/wp-content\\\/uploads\\\/2024\\\/01\\\/faviconicon-1-1.png\",\"contentUrl\":\"https:\\\/\\\/redelitoralrs.com\\\/wp-content\\\/uploads\\\/2024\\\/01\\\/faviconicon-1-1.png\",\"width\":454,\"height\":454,\"caption\":\"TV Litoral\"},\"image\":{\"@id\":\"https:\\\/\\\/redelitoralrs.com\\\/#\\\/schema\\\/logo\\\/image\\\/\"},\"sameAs\":[\"https:\\\/\\\/www.facebook.com\\\/tvlitoralrsoficial\",\"https:\\\/\\\/www.instagram.com\\\/tvlitoral.rs\"]},{\"@type\":\"Person\",\"@id\":\"https:\\\/\\\/redelitoralrs.com\\\/#\\\/schema\\\/person\\\/9f8181f2a7359dd3986f05ebaf5bd68a\",\"name\":\"Reda\u00e7\u00e3o TV Litoral\",\"image\":{\"@type\":\"ImageObject\",\"inLanguage\":\"pt-BR\",\"@id\":\"https:\\\/\\\/redelitoralrs.com\\\/wp-content\\\/litespeed\\\/avatar\\\/779aafbb45e66c7f82733e21abb48259.jpg?ver=1776956734\",\"url\":\"https:\\\/\\\/redelitoralrs.com\\\/wp-content\\\/litespeed\\\/avatar\\\/779aafbb45e66c7f82733e21abb48259.jpg?ver=1776956734\",\"contentUrl\":\"https:\\\/\\\/redelitoralrs.com\\\/wp-content\\\/litespeed\\\/avatar\\\/779aafbb45e66c7f82733e21abb48259.jpg?ver=1776956734\",\"caption\":\"Reda\u00e7\u00e3o TV Litoral\"},\"description\":\"A Rede Litoral de Comunica\u00e7\u00e3o \u00e9 um grupo de m\u00eddia multiplataforma do Litoral Norte do RS. Com atua\u00e7\u00e3o em TV, r\u00e1dio, portal e redes sociais, levamos informa\u00e7\u00e3o, conte\u00fado e entretenimento \u00e0 comunidade, fortalecendo a comunica\u00e7\u00e3o local e impulsionando o desenvolvimento regional. Acompanhe atrav\u00e9s de @redelitoralrs.\",\"sameAs\":[\"https:\\\/\\\/redelitoralrs.com\",\"https:\\\/\\\/www.instagram.com\\\/redelitoralrs\",\"https:\\\/\\\/www.youtube.com\\\/@redelitoralrs\"],\"url\":\"https:\\\/\\\/redelitoralrs.com\\\/index.php\\\/author\\\/redacaotvlitoral\\\/\"}]}<\/script>\n<!-- \/ Yoast SEO plugin. -->","yoast_head_json":{"title":"Cidreira retoma Festa Estadual do Camar\u00e3o e refor\u00e7a estrutura do turismo no munic\u00edpio - Rede Litoral RS","robots":{"index":"index","follow":"follow","max-snippet":"max-snippet:-1","max-image-preview":"max-image-preview:large","max-video-preview":"max-video-preview:-1"},"canonical":"https:\/\/redelitoralrs.com\/index.php\/2026\/04\/29\/cidreira-retoma-festa-estadual-do-camarao-e-reforca-estrutura-do-turismo-no-municipio\/","og_locale":"pt_BR","og_type":"article","og_title":"Cidreira retoma Festa Estadual do Camar\u00e3o e refor\u00e7a estrutura do turismo no munic\u00edpio - Rede Litoral RS","og_description":"A Prefeitura de Cidreira iniciou a\u00e7\u00f5es para a retomada da Festa Estadual do Camar\u00e3o, ao mesmo tempo em que refor\u00e7a a estrutura da Secretaria de Turismo e Desporto. As medidas marcam o in\u00edcio da organiza\u00e7\u00e3o da 9\u00aa edi\u00e7\u00e3o do evento, considerado um dos principais do calend\u00e1rio local. Entre as a\u00e7\u00f5es realizadas, est\u00e1 a recupera\u00e7\u00e3o de [&hellip;]","og_url":"https:\/\/redelitoralrs.com\/index.php\/2026\/04\/29\/cidreira-retoma-festa-estadual-do-camarao-e-reforca-estrutura-do-turismo-no-municipio\/","og_site_name":"Rede Litoral RS","article_publisher":"https:\/\/www.facebook.com\/tvlitoralrsoficial","article_published_time":"2026-04-29T18:24:55+00:00","article_modified_time":"2026-04-29T18:24:57+00:00","og_image":[{"width":578,"height":350,"url":"https:\/\/redelitoralrs.com\/wp-content\/uploads\/2026\/04\/3Capturar.png","type":"image\/png"}],"author":"Reda\u00e7\u00e3o TV Litoral","twitter_card":"summary_large_image","twitter_misc":{"Escrito por":"Reda\u00e7\u00e3o TV Litoral","Est. tempo de leitura":"2 minutos"},"schema":{"@context":"https:\/\/schema.org","@graph":[{"@type":"Article","@id":"https:\/\/redelitoralrs.com\/index.php\/2026\/04\/29\/cidreira-retoma-festa-estadual-do-camarao-e-reforca-estrutura-do-turismo-no-municipio\/#article","isPartOf":{"@id":"https:\/\/redelitoralrs.com\/index.php\/2026\/04\/29\/cidreira-retoma-festa-estadual-do-camarao-e-reforca-estrutura-do-turismo-no-municipio\/"},"author":{"name":"Reda\u00e7\u00e3o TV Litoral","@id":"https:\/\/redelitoralrs.com\/#\/schema\/person\/9f8181f2a7359dd3986f05ebaf5bd68a"},"headline":"Cidreira retoma Festa Estadual do Camar\u00e3o e refor\u00e7a estrutura do turismo no munic\u00edpio","datePublished":"2026-04-29T18:24:55+00:00","dateModified":"2026-04-29T18:24:57+00:00","mainEntityOfPage":{"@id":"https:\/\/redelitoralrs.com\/index.php\/2026\/04\/29\/cidreira-retoma-festa-estadual-do-camarao-e-reforca-estrutura-do-turismo-no-municipio\/"},"wordCount":200,"commentCount":0,"publisher":{"@id":"https:\/\/redelitoralrs.com\/#organization"},"image":{"@id":"https:\/\/redelitoralrs.com\/index.php\/2026\/04\/29\/cidreira-retoma-festa-estadual-do-camarao-e-reforca-estrutura-do-turismo-no-municipio\/#primaryimage"},"thumbnailUrl":"https:\/\/redelitoralrs.com\/wp-content\/uploads\/2026\/04\/3Capturar.png","articleSection":["Cidreira","\u00daltimas not\u00edcias"],"inLanguage":"pt-BR","potentialAction":[{"@type":"CommentAction","name":"Comment","target":["https:\/\/redelitoralrs.com\/index.php\/2026\/04\/29\/cidreira-retoma-festa-estadual-do-camarao-e-reforca-estrutura-do-turismo-no-municipio\/#respond"]}]},{"@type":"WebPage","@id":"https:\/\/redelitoralrs.com\/index.php\/2026\/04\/29\/cidreira-retoma-festa-estadual-do-camarao-e-reforca-estrutura-do-turismo-no-municipio\/","url":"https:\/\/redelitoralrs.com\/index.php\/2026\/04\/29\/cidreira-retoma-festa-estadual-do-camarao-e-reforca-estrutura-do-turismo-no-municipio\/","name":"Cidreira retoma Festa Estadual do Camar\u00e3o e refor\u00e7a estrutura do turismo no munic\u00edpio - Rede Litoral RS","isPartOf":{"@id":"https:\/\/redelitoralrs.com\/#website"},"primaryImageOfPage":{"@id":"https:\/\/redelitoralrs.com\/index.php\/2026\/04\/29\/cidreira-retoma-festa-estadual-do-camarao-e-reforca-estrutura-do-turismo-no-municipio\/#primaryimage"},"image":{"@id":"https:\/\/redelitoralrs.com\/index.php\/2026\/04\/29\/cidreira-retoma-festa-estadual-do-camarao-e-reforca-estrutura-do-turismo-no-municipio\/#primaryimage"},"thumbnailUrl":"https:\/\/redelitoralrs.com\/wp-content\/uploads\/2026\/04\/3Capturar.png","datePublished":"2026-04-29T18:24:55+00:00","dateModified":"2026-04-29T18:24:57+00:00","breadcrumb":{"@id":"https:\/\/redelitoralrs.com\/index.php\/2026\/04\/29\/cidreira-retoma-festa-estadual-do-camarao-e-reforca-estrutura-do-turismo-no-municipio\/#breadcrumb"},"inLanguage":"pt-BR","potentialAction":[{"@type":"ReadAction","target":["https:\/\/redelitoralrs.com\/index.php\/2026\/04\/29\/cidreira-retoma-festa-estadual-do-camarao-e-reforca-estrutura-do-turismo-no-municipio\/"]}]},{"@type":"ImageObject","inLanguage":"pt-BR","@id":"https:\/\/redelitoralrs.com\/index.php\/2026\/04\/29\/cidreira-retoma-festa-estadual-do-camarao-e-reforca-estrutura-do-turismo-no-municipio\/#primaryimage","url":"https:\/\/redelitoralrs.com\/wp-content\/uploads\/2026\/04\/3Capturar.png","contentUrl":"https:\/\/redelitoralrs.com\/wp-content\/uploads\/2026\/04\/3Capturar.png","width":578,"height":350,"caption":"Foto: Ascom\/PMC"},{"@type":"BreadcrumbList","@id":"https:\/\/redelitoralrs.com\/index.php\/2026\/04\/29\/cidreira-retoma-festa-estadual-do-camarao-e-reforca-estrutura-do-turismo-no-municipio\/#breadcrumb","itemListElement":[{"@type":"ListItem","position":1,"name":"In\u00edcio","item":"https:\/\/redelitoralrs.com\/"},{"@type":"ListItem","position":2,"name":"Cidreira retoma Festa Estadual do Camar\u00e3o e refor\u00e7a estrutura do turismo no munic\u00edpio"}]},{"@type":"WebSite","@id":"https:\/\/redelitoralrs.com\/#website","url":"https:\/\/redelitoralrs.com\/","name":"TV Litoral","description":"Acompanhe tudo do litoral ga\u00facho com a cobertura completa e atualizada da Rede Litoral RS. Nossos jornalistas trazem as \u00faltimas not\u00edcias, os acontecimentos mais quentes e as hist\u00f3rias que importam sobre nosso amado litoral.","publisher":{"@id":"https:\/\/redelitoralrs.com\/#organization"},"potentialAction":[{"@type":"SearchAction","target":{"@type":"EntryPoint","urlTemplate":"https:\/\/redelitoralrs.com\/?s={search_term_string}"},"query-input":{"@type":"PropertyValueSpecification","valueRequired":true,"valueName":"search_term_string"}}],"inLanguage":"pt-BR"},{"@type":"Organization","@id":"https:\/\/redelitoralrs.com\/#organization","name":"TV Litoral","url":"https:\/\/redelitoralrs.com\/","logo":{"@type":"ImageObject","inLanguage":"pt-BR","@id":"https:\/\/redelitoralrs.com\/#\/schema\/logo\/image\/","url":"https:\/\/redelitoralrs.com\/wp-content\/uploads\/2024\/01\/faviconicon-1-1.png","contentUrl":"https:\/\/redelitoralrs.com\/wp-content\/uploads\/2024\/01\/faviconicon-1-1.png","width":454,"height":454,"caption":"TV Litoral"},"image":{"@id":"https:\/\/redelitoralrs.com\/#\/schema\/logo\/image\/"},"sameAs":["https:\/\/www.facebook.com\/tvlitoralrsoficial","https:\/\/www.instagram.com\/tvlitoral.rs"]},{"@type":"Person","@id":"https:\/\/redelitoralrs.com\/#\/schema\/person\/9f8181f2a7359dd3986f05ebaf5bd68a","name":"Reda\u00e7\u00e3o TV Litoral","image":{"@type":"ImageObject","inLanguage":"pt-BR","@id":"https:\/\/redelitoralrs.com\/wp-content\/litespeed\/avatar\/779aafbb45e66c7f82733e21abb48259.jpg?ver=1776956734","url":"https:\/\/redelitoralrs.com\/wp-content\/litespeed\/avatar\/779aafbb45e66c7f82733e21abb48259.jpg?ver=1776956734","contentUrl":"https:\/\/redelitoralrs.com\/wp-content\/litespeed\/avatar\/779aafbb45e66c7f82733e21abb48259.jpg?ver=1776956734","caption":"Reda\u00e7\u00e3o TV Litoral"},"description":"A Rede Litoral de Comunica\u00e7\u00e3o \u00e9 um grupo de m\u00eddia multiplataforma do Litoral Norte do RS. Com atua\u00e7\u00e3o em TV, r\u00e1dio, portal e redes sociais, levamos informa\u00e7\u00e3o, conte\u00fado e entretenimento \u00e0 comunidade, fortalecendo a comunica\u00e7\u00e3o local e impulsionando o desenvolvimento regional. Acompanhe atrav\u00e9s de @redelitoralrs.","sameAs":["https:\/\/redelitoralrs.com","https:\/\/www.instagram.com\/redelitoralrs","https:\/\/www.youtube.com\/@redelitoralrs"],"url":"https:\/\/redelitoralrs.com\/index.php\/author\/redacaotvlitoral\/"}]}},"_links":{"self":[{"href":"https:\/\/redelitoralrs.com\/index.php\/wp-json\/wp\/v2\/posts\/24828","targetHints":{"allow":["GET"]}}],"collection":[{"href":"https:\/\/redelitoralrs.com\/index.php\/wp-json\/wp\/v2\/posts"}],"about":[{"href":"https:\/\/redelitoralrs.com\/index.php\/wp-json\/wp\/v2\/types\/post"}],"author":[{"embeddable":true,"href":"https:\/\/redelitoralrs.com\/index.php\/wp-json\/wp\/v2\/users\/2"}],"replies":[{"embeddable":true,"href":"https:\/\/redelitoralrs.com\/index.php\/wp-json\/wp\/v2\/comments?post=24828"}],"version-history":[{"count":1,"href":"https:\/\/redelitoralrs.com\/index.php\/wp-json\/wp\/v2\/posts\/24828\/revisions"}],"predecessor-version":[{"id":24830,"href":"https:\/\/redelitoralrs.com\/index.php\/wp-json\/wp\/v2\/posts\/24828\/revisions\/24830"}],"wp:featuredmedia":[{"embeddable":true,"href":"https:\/\/redelitoralrs.com\/index.php\/wp-json\/wp\/v2\/media\/24829"}],"wp:attachment":[{"href":"https:\/\/redelitoralrs.com\/index.php\/wp-json\/wp\/v2\/media?parent=24828"}],"wp:term":[{"taxonomy":"category","embeddable":true,"href":"https:\/\/redelitoralrs.com\/index.php\/wp-json\/wp\/v2\/categories?post=24828"},{"taxonomy":"post_tag","embeddable":true,"href":"https:\/\/redelitoralrs.com\/index.php\/wp-json\/wp\/v2\/tags?post=24828"}],"curies":[{"name":"wp","href":"https:\/\/api.w.org\/{rel}","templated":true}]}}