{"id":24804,"date":"2026-04-29T11:50:42","date_gmt":"2026-04-29T14:50:42","guid":{"rendered":"https:\/\/redelitoralrs.com\/?p=24804"},"modified":"2026-04-29T11:50:43","modified_gmt":"2026-04-29T14:50:43","slug":"terra-de-areia-recebe-ambulancia-0-km-para-reforcar-atendimentos-na-saude-publica","status":"publish","type":"post","link":"https:\/\/redelitoralrs.com\/index.php\/2026\/04\/29\/terra-de-areia-recebe-ambulancia-0-km-para-reforcar-atendimentos-na-saude-publica\/","title":{"rendered":"Terra de Areia recebe ambul\u00e2ncia 0 km para refor\u00e7ar atendimentos na sa\u00fade p\u00fablica"},"content":{"rendered":"\n<p>O munic\u00edpio de Terra de Areia recebeu, na \u00faltima segunda-feira (27), uma ambul\u00e2ncia 0 km destinada ao fortalecimento dos servi\u00e7os de sa\u00fade b\u00e1sica. O ve\u00edculo foi adquirido por meio de emenda parlamentar do deputado federal Alceu Moreira, com investimento de R$ 305.157,36.<\/p>\n\n\n\n<p>A entrega foi realizada com a presen\u00e7a do deputado estadual Luciano Silveira, que representou o autor da emenda. Durante o ato, foi ressaltada a relev\u00e2ncia do novo equipamento para ampliar a capacidade de atendimento e qualificar os servi\u00e7os prestados \u00e0 popula\u00e7\u00e3o.<\/p>\n\n\n\n<p>A ambul\u00e2ncia passa a integrar a estrutura da rede municipal de sa\u00fade, contribuindo para maior agilidade nos deslocamentos e atendimentos de urg\u00eancia e emerg\u00eancia. Atualmente, o munic\u00edpio conta com 10.099 pessoas cadastradas no Sistema \u00danico de Sa\u00fade (SUS), o que refor\u00e7a a demanda por investimentos na \u00e1rea e a import\u00e2ncia de melhorias na infraestrutura dispon\u00edvel.<\/p>\n","protected":false},"excerpt":{"rendered":"<p>O munic\u00edpio de Terra de Areia recebeu, na \u00faltima segunda-feira (27), uma ambul\u00e2ncia 0 km destinada ao fortalecimento dos servi\u00e7os de sa\u00fade b\u00e1sica. O ve\u00edculo foi adquirido por meio de emenda parlamentar do deputado federal Alceu Moreira, com investimento de R$ 305.157,36. A entrega foi realizada com a presen\u00e7a do deputado estadual Luciano Silveira, que [&hellip;]<\/p>\n","protected":false},"author":2,"featured_media":24805,"comment_status":"open","ping_status":"open","sticky":false,"template":"","format":"standard","meta":{"_themeisle_gutenberg_block_has_review":false,"footnotes":""},"categories":[190,15],"tags":[],"class_list":["post-24804","post","type-post","status-publish","format-standard","has-post-thumbnail","hentry","category-terra-de-areia-litoral_norte","category-noticias"],"yoast_head":"<!-- This site is optimized with the Yoast SEO plugin v27.4 - https:\/\/yoast.com\/product\/yoast-seo-wordpress\/ -->\n<title>Terra de Areia recebe ambul\u00e2ncia 0 km para refor\u00e7ar atendimentos na sa\u00fade p\u00fablica - Rede Litoral RS<\/title>\n<meta name=\"robots\" content=\"index, follow, max-snippet:-1, max-image-preview:large, max-video-preview:-1\" \/>\n<link rel=\"canonical\" href=\"https:\/\/redelitoralrs.com\/index.php\/2026\/04\/29\/terra-de-areia-recebe-ambulancia-0-km-para-reforcar-atendimentos-na-saude-publica\/\" \/>\n<meta property=\"og:locale\" content=\"pt_BR\" \/>\n<meta property=\"og:type\" content=\"article\" \/>\n<meta property=\"og:title\" content=\"Terra de Areia recebe ambul\u00e2ncia 0 km para refor\u00e7ar atendimentos na sa\u00fade p\u00fablica - Rede Litoral RS\" \/>\n<meta property=\"og:description\" content=\"O munic\u00edpio de Terra de Areia recebeu, na \u00faltima segunda-feira (27), uma ambul\u00e2ncia 0 km destinada ao fortalecimento dos servi\u00e7os de sa\u00fade b\u00e1sica. O ve\u00edculo foi adquirido por meio de emenda parlamentar do deputado federal Alceu Moreira, com investimento de R$ 305.157,36. A entrega foi realizada com a presen\u00e7a do deputado estadual Luciano Silveira, que [&hellip;]\" \/>\n<meta property=\"og:url\" content=\"https:\/\/redelitoralrs.com\/index.php\/2026\/04\/29\/terra-de-areia-recebe-ambulancia-0-km-para-reforcar-atendimentos-na-saude-publica\/\" \/>\n<meta property=\"og:site_name\" content=\"Rede Litoral RS\" \/>\n<meta property=\"article:publisher\" content=\"https:\/\/www.facebook.com\/tvlitoralrsoficial\" \/>\n<meta property=\"article:published_time\" content=\"2026-04-29T14:50:42+00:00\" \/>\n<meta property=\"article:modified_time\" content=\"2026-04-29T14:50:43+00:00\" \/>\n<meta property=\"og:image\" content=\"https:\/\/redelitoralrs.com\/wp-content\/uploads\/2026\/04\/WhatsApp-Image-2026-04-29-at-11.02.23.jpeg\" \/>\n\t<meta property=\"og:image:width\" content=\"1280\" \/>\n\t<meta property=\"og:image:height\" content=\"960\" \/>\n\t<meta property=\"og:image:type\" content=\"image\/jpeg\" \/>\n<meta name=\"author\" content=\"Reda\u00e7\u00e3o TV Litoral\" \/>\n<meta name=\"twitter:card\" content=\"summary_large_image\" \/>\n<meta name=\"twitter:label1\" content=\"Escrito por\" \/>\n\t<meta name=\"twitter:data1\" content=\"Reda\u00e7\u00e3o TV Litoral\" \/>\n\t<meta name=\"twitter:label2\" content=\"Est. tempo de leitura\" \/>\n\t<meta name=\"twitter:data2\" content=\"1 minuto\" \/>\n<script type=\"application\/ld+json\" class=\"yoast-schema-graph\">{\"@context\":\"https:\\\/\\\/schema.org\",\"@graph\":[{\"@type\":\"Article\",\"@id\":\"https:\\\/\\\/redelitoralrs.com\\\/index.php\\\/2026\\\/04\\\/29\\\/terra-de-areia-recebe-ambulancia-0-km-para-reforcar-atendimentos-na-saude-publica\\\/#article\",\"isPartOf\":{\"@id\":\"https:\\\/\\\/redelitoralrs.com\\\/index.php\\\/2026\\\/04\\\/29\\\/terra-de-areia-recebe-ambulancia-0-km-para-reforcar-atendimentos-na-saude-publica\\\/\"},\"author\":{\"name\":\"Reda\u00e7\u00e3o TV Litoral\",\"@id\":\"https:\\\/\\\/redelitoralrs.com\\\/#\\\/schema\\\/person\\\/9f8181f2a7359dd3986f05ebaf5bd68a\"},\"headline\":\"Terra de Areia recebe ambul\u00e2ncia 0 km para refor\u00e7ar atendimentos na sa\u00fade p\u00fablica\",\"datePublished\":\"2026-04-29T14:50:42+00:00\",\"dateModified\":\"2026-04-29T14:50:43+00:00\",\"mainEntityOfPage\":{\"@id\":\"https:\\\/\\\/redelitoralrs.com\\\/index.php\\\/2026\\\/04\\\/29\\\/terra-de-areia-recebe-ambulancia-0-km-para-reforcar-atendimentos-na-saude-publica\\\/\"},\"wordCount\":168,\"commentCount\":0,\"publisher\":{\"@id\":\"https:\\\/\\\/redelitoralrs.com\\\/#organization\"},\"image\":{\"@id\":\"https:\\\/\\\/redelitoralrs.com\\\/index.php\\\/2026\\\/04\\\/29\\\/terra-de-areia-recebe-ambulancia-0-km-para-reforcar-atendimentos-na-saude-publica\\\/#primaryimage\"},\"thumbnailUrl\":\"https:\\\/\\\/redelitoralrs.com\\\/wp-content\\\/uploads\\\/2026\\\/04\\\/WhatsApp-Image-2026-04-29-at-11.02.23.jpeg\",\"articleSection\":[\"Terra de Areia\",\"\u00daltimas not\u00edcias\"],\"inLanguage\":\"pt-BR\",\"potentialAction\":[{\"@type\":\"CommentAction\",\"name\":\"Comment\",\"target\":[\"https:\\\/\\\/redelitoralrs.com\\\/index.php\\\/2026\\\/04\\\/29\\\/terra-de-areia-recebe-ambulancia-0-km-para-reforcar-atendimentos-na-saude-publica\\\/#respond\"]}]},{\"@type\":\"WebPage\",\"@id\":\"https:\\\/\\\/redelitoralrs.com\\\/index.php\\\/2026\\\/04\\\/29\\\/terra-de-areia-recebe-ambulancia-0-km-para-reforcar-atendimentos-na-saude-publica\\\/\",\"url\":\"https:\\\/\\\/redelitoralrs.com\\\/index.php\\\/2026\\\/04\\\/29\\\/terra-de-areia-recebe-ambulancia-0-km-para-reforcar-atendimentos-na-saude-publica\\\/\",\"name\":\"Terra de Areia recebe ambul\u00e2ncia 0 km para refor\u00e7ar atendimentos na sa\u00fade p\u00fablica - Rede Litoral RS\",\"isPartOf\":{\"@id\":\"https:\\\/\\\/redelitoralrs.com\\\/#website\"},\"primaryImageOfPage\":{\"@id\":\"https:\\\/\\\/redelitoralrs.com\\\/index.php\\\/2026\\\/04\\\/29\\\/terra-de-areia-recebe-ambulancia-0-km-para-reforcar-atendimentos-na-saude-publica\\\/#primaryimage\"},\"image\":{\"@id\":\"https:\\\/\\\/redelitoralrs.com\\\/index.php\\\/2026\\\/04\\\/29\\\/terra-de-areia-recebe-ambulancia-0-km-para-reforcar-atendimentos-na-saude-publica\\\/#primaryimage\"},\"thumbnailUrl\":\"https:\\\/\\\/redelitoralrs.com\\\/wp-content\\\/uploads\\\/2026\\\/04\\\/WhatsApp-Image-2026-04-29-at-11.02.23.jpeg\",\"datePublished\":\"2026-04-29T14:50:42+00:00\",\"dateModified\":\"2026-04-29T14:50:43+00:00\",\"breadcrumb\":{\"@id\":\"https:\\\/\\\/redelitoralrs.com\\\/index.php\\\/2026\\\/04\\\/29\\\/terra-de-areia-recebe-ambulancia-0-km-para-reforcar-atendimentos-na-saude-publica\\\/#breadcrumb\"},\"inLanguage\":\"pt-BR\",\"potentialAction\":[{\"@type\":\"ReadAction\",\"target\":[\"https:\\\/\\\/redelitoralrs.com\\\/index.php\\\/2026\\\/04\\\/29\\\/terra-de-areia-recebe-ambulancia-0-km-para-reforcar-atendimentos-na-saude-publica\\\/\"]}]},{\"@type\":\"ImageObject\",\"inLanguage\":\"pt-BR\",\"@id\":\"https:\\\/\\\/redelitoralrs.com\\\/index.php\\\/2026\\\/04\\\/29\\\/terra-de-areia-recebe-ambulancia-0-km-para-reforcar-atendimentos-na-saude-publica\\\/#primaryimage\",\"url\":\"https:\\\/\\\/redelitoralrs.com\\\/wp-content\\\/uploads\\\/2026\\\/04\\\/WhatsApp-Image-2026-04-29-at-11.02.23.jpeg\",\"contentUrl\":\"https:\\\/\\\/redelitoralrs.com\\\/wp-content\\\/uploads\\\/2026\\\/04\\\/WhatsApp-Image-2026-04-29-at-11.02.23.jpeg\",\"width\":1280,\"height\":960,\"caption\":\"Foto: Divulga\u00e7\u00e3o\\\/PMTA\"},{\"@type\":\"BreadcrumbList\",\"@id\":\"https:\\\/\\\/redelitoralrs.com\\\/index.php\\\/2026\\\/04\\\/29\\\/terra-de-areia-recebe-ambulancia-0-km-para-reforcar-atendimentos-na-saude-publica\\\/#breadcrumb\",\"itemListElement\":[{\"@type\":\"ListItem\",\"position\":1,\"name\":\"In\u00edcio\",\"item\":\"https:\\\/\\\/redelitoralrs.com\\\/\"},{\"@type\":\"ListItem\",\"position\":2,\"name\":\"Terra de Areia recebe ambul\u00e2ncia 0 km para refor\u00e7ar atendimentos na sa\u00fade p\u00fablica\"}]},{\"@type\":\"WebSite\",\"@id\":\"https:\\\/\\\/redelitoralrs.com\\\/#website\",\"url\":\"https:\\\/\\\/redelitoralrs.com\\\/\",\"name\":\"TV Litoral\",\"description\":\"Acompanhe tudo do litoral ga\u00facho com a cobertura completa e atualizada da Rede Litoral RS. Nossos jornalistas trazem as \u00faltimas not\u00edcias, os acontecimentos mais quentes e as hist\u00f3rias que importam sobre nosso amado litoral.\",\"publisher\":{\"@id\":\"https:\\\/\\\/redelitoralrs.com\\\/#organization\"},\"potentialAction\":[{\"@type\":\"SearchAction\",\"target\":{\"@type\":\"EntryPoint\",\"urlTemplate\":\"https:\\\/\\\/redelitoralrs.com\\\/?s={search_term_string}\"},\"query-input\":{\"@type\":\"PropertyValueSpecification\",\"valueRequired\":true,\"valueName\":\"search_term_string\"}}],\"inLanguage\":\"pt-BR\"},{\"@type\":\"Organization\",\"@id\":\"https:\\\/\\\/redelitoralrs.com\\\/#organization\",\"name\":\"TV Litoral\",\"url\":\"https:\\\/\\\/redelitoralrs.com\\\/\",\"logo\":{\"@type\":\"ImageObject\",\"inLanguage\":\"pt-BR\",\"@id\":\"https:\\\/\\\/redelitoralrs.com\\\/#\\\/schema\\\/logo\\\/image\\\/\",\"url\":\"https:\\\/\\\/redelitoralrs.com\\\/wp-content\\\/uploads\\\/2024\\\/01\\\/faviconicon-1-1.png\",\"contentUrl\":\"https:\\\/\\\/redelitoralrs.com\\\/wp-content\\\/uploads\\\/2024\\\/01\\\/faviconicon-1-1.png\",\"width\":454,\"height\":454,\"caption\":\"TV Litoral\"},\"image\":{\"@id\":\"https:\\\/\\\/redelitoralrs.com\\\/#\\\/schema\\\/logo\\\/image\\\/\"},\"sameAs\":[\"https:\\\/\\\/www.facebook.com\\\/tvlitoralrsoficial\",\"https:\\\/\\\/www.instagram.com\\\/tvlitoral.rs\"]},{\"@type\":\"Person\",\"@id\":\"https:\\\/\\\/redelitoralrs.com\\\/#\\\/schema\\\/person\\\/9f8181f2a7359dd3986f05ebaf5bd68a\",\"name\":\"Reda\u00e7\u00e3o TV Litoral\",\"image\":{\"@type\":\"ImageObject\",\"inLanguage\":\"pt-BR\",\"@id\":\"https:\\\/\\\/redelitoralrs.com\\\/wp-content\\\/litespeed\\\/avatar\\\/779aafbb45e66c7f82733e21abb48259.jpg?ver=1776956734\",\"url\":\"https:\\\/\\\/redelitoralrs.com\\\/wp-content\\\/litespeed\\\/avatar\\\/779aafbb45e66c7f82733e21abb48259.jpg?ver=1776956734\",\"contentUrl\":\"https:\\\/\\\/redelitoralrs.com\\\/wp-content\\\/litespeed\\\/avatar\\\/779aafbb45e66c7f82733e21abb48259.jpg?ver=1776956734\",\"caption\":\"Reda\u00e7\u00e3o TV Litoral\"},\"description\":\"A Rede Litoral de Comunica\u00e7\u00e3o \u00e9 um grupo de m\u00eddia multiplataforma do Litoral Norte do RS. Com atua\u00e7\u00e3o em TV, r\u00e1dio, portal e redes sociais, levamos informa\u00e7\u00e3o, conte\u00fado e entretenimento \u00e0 comunidade, fortalecendo a comunica\u00e7\u00e3o local e impulsionando o desenvolvimento regional. Acompanhe atrav\u00e9s de @redelitoralrs.\",\"sameAs\":[\"https:\\\/\\\/redelitoralrs.com\",\"https:\\\/\\\/www.instagram.com\\\/redelitoralrs\",\"https:\\\/\\\/www.youtube.com\\\/@redelitoralrs\"],\"url\":\"https:\\\/\\\/redelitoralrs.com\\\/index.php\\\/author\\\/redacaotvlitoral\\\/\"}]}<\/script>\n<!-- \/ Yoast SEO plugin. -->","yoast_head_json":{"title":"Terra de Areia recebe ambul\u00e2ncia 0 km para refor\u00e7ar atendimentos na sa\u00fade p\u00fablica - Rede Litoral RS","robots":{"index":"index","follow":"follow","max-snippet":"max-snippet:-1","max-image-preview":"max-image-preview:large","max-video-preview":"max-video-preview:-1"},"canonical":"https:\/\/redelitoralrs.com\/index.php\/2026\/04\/29\/terra-de-areia-recebe-ambulancia-0-km-para-reforcar-atendimentos-na-saude-publica\/","og_locale":"pt_BR","og_type":"article","og_title":"Terra de Areia recebe ambul\u00e2ncia 0 km para refor\u00e7ar atendimentos na sa\u00fade p\u00fablica - Rede Litoral RS","og_description":"O munic\u00edpio de Terra de Areia recebeu, na \u00faltima segunda-feira (27), uma ambul\u00e2ncia 0 km destinada ao fortalecimento dos servi\u00e7os de sa\u00fade b\u00e1sica. O ve\u00edculo foi adquirido por meio de emenda parlamentar do deputado federal Alceu Moreira, com investimento de R$ 305.157,36. A entrega foi realizada com a presen\u00e7a do deputado estadual Luciano Silveira, que [&hellip;]","og_url":"https:\/\/redelitoralrs.com\/index.php\/2026\/04\/29\/terra-de-areia-recebe-ambulancia-0-km-para-reforcar-atendimentos-na-saude-publica\/","og_site_name":"Rede Litoral RS","article_publisher":"https:\/\/www.facebook.com\/tvlitoralrsoficial","article_published_time":"2026-04-29T14:50:42+00:00","article_modified_time":"2026-04-29T14:50:43+00:00","og_image":[{"width":1280,"height":960,"url":"https:\/\/redelitoralrs.com\/wp-content\/uploads\/2026\/04\/WhatsApp-Image-2026-04-29-at-11.02.23.jpeg","type":"image\/jpeg"}],"author":"Reda\u00e7\u00e3o TV Litoral","twitter_card":"summary_large_image","twitter_misc":{"Escrito por":"Reda\u00e7\u00e3o TV Litoral","Est. tempo de leitura":"1 minuto"},"schema":{"@context":"https:\/\/schema.org","@graph":[{"@type":"Article","@id":"https:\/\/redelitoralrs.com\/index.php\/2026\/04\/29\/terra-de-areia-recebe-ambulancia-0-km-para-reforcar-atendimentos-na-saude-publica\/#article","isPartOf":{"@id":"https:\/\/redelitoralrs.com\/index.php\/2026\/04\/29\/terra-de-areia-recebe-ambulancia-0-km-para-reforcar-atendimentos-na-saude-publica\/"},"author":{"name":"Reda\u00e7\u00e3o TV Litoral","@id":"https:\/\/redelitoralrs.com\/#\/schema\/person\/9f8181f2a7359dd3986f05ebaf5bd68a"},"headline":"Terra de Areia recebe ambul\u00e2ncia 0 km para refor\u00e7ar atendimentos na sa\u00fade p\u00fablica","datePublished":"2026-04-29T14:50:42+00:00","dateModified":"2026-04-29T14:50:43+00:00","mainEntityOfPage":{"@id":"https:\/\/redelitoralrs.com\/index.php\/2026\/04\/29\/terra-de-areia-recebe-ambulancia-0-km-para-reforcar-atendimentos-na-saude-publica\/"},"wordCount":168,"commentCount":0,"publisher":{"@id":"https:\/\/redelitoralrs.com\/#organization"},"image":{"@id":"https:\/\/redelitoralrs.com\/index.php\/2026\/04\/29\/terra-de-areia-recebe-ambulancia-0-km-para-reforcar-atendimentos-na-saude-publica\/#primaryimage"},"thumbnailUrl":"https:\/\/redelitoralrs.com\/wp-content\/uploads\/2026\/04\/WhatsApp-Image-2026-04-29-at-11.02.23.jpeg","articleSection":["Terra de Areia","\u00daltimas not\u00edcias"],"inLanguage":"pt-BR","potentialAction":[{"@type":"CommentAction","name":"Comment","target":["https:\/\/redelitoralrs.com\/index.php\/2026\/04\/29\/terra-de-areia-recebe-ambulancia-0-km-para-reforcar-atendimentos-na-saude-publica\/#respond"]}]},{"@type":"WebPage","@id":"https:\/\/redelitoralrs.com\/index.php\/2026\/04\/29\/terra-de-areia-recebe-ambulancia-0-km-para-reforcar-atendimentos-na-saude-publica\/","url":"https:\/\/redelitoralrs.com\/index.php\/2026\/04\/29\/terra-de-areia-recebe-ambulancia-0-km-para-reforcar-atendimentos-na-saude-publica\/","name":"Terra de Areia recebe ambul\u00e2ncia 0 km para refor\u00e7ar atendimentos na sa\u00fade p\u00fablica - Rede Litoral RS","isPartOf":{"@id":"https:\/\/redelitoralrs.com\/#website"},"primaryImageOfPage":{"@id":"https:\/\/redelitoralrs.com\/index.php\/2026\/04\/29\/terra-de-areia-recebe-ambulancia-0-km-para-reforcar-atendimentos-na-saude-publica\/#primaryimage"},"image":{"@id":"https:\/\/redelitoralrs.com\/index.php\/2026\/04\/29\/terra-de-areia-recebe-ambulancia-0-km-para-reforcar-atendimentos-na-saude-publica\/#primaryimage"},"thumbnailUrl":"https:\/\/redelitoralrs.com\/wp-content\/uploads\/2026\/04\/WhatsApp-Image-2026-04-29-at-11.02.23.jpeg","datePublished":"2026-04-29T14:50:42+00:00","dateModified":"2026-04-29T14:50:43+00:00","breadcrumb":{"@id":"https:\/\/redelitoralrs.com\/index.php\/2026\/04\/29\/terra-de-areia-recebe-ambulancia-0-km-para-reforcar-atendimentos-na-saude-publica\/#breadcrumb"},"inLanguage":"pt-BR","potentialAction":[{"@type":"ReadAction","target":["https:\/\/redelitoralrs.com\/index.php\/2026\/04\/29\/terra-de-areia-recebe-ambulancia-0-km-para-reforcar-atendimentos-na-saude-publica\/"]}]},{"@type":"ImageObject","inLanguage":"pt-BR","@id":"https:\/\/redelitoralrs.com\/index.php\/2026\/04\/29\/terra-de-areia-recebe-ambulancia-0-km-para-reforcar-atendimentos-na-saude-publica\/#primaryimage","url":"https:\/\/redelitoralrs.com\/wp-content\/uploads\/2026\/04\/WhatsApp-Image-2026-04-29-at-11.02.23.jpeg","contentUrl":"https:\/\/redelitoralrs.com\/wp-content\/uploads\/2026\/04\/WhatsApp-Image-2026-04-29-at-11.02.23.jpeg","width":1280,"height":960,"caption":"Foto: Divulga\u00e7\u00e3o\/PMTA"},{"@type":"BreadcrumbList","@id":"https:\/\/redelitoralrs.com\/index.php\/2026\/04\/29\/terra-de-areia-recebe-ambulancia-0-km-para-reforcar-atendimentos-na-saude-publica\/#breadcrumb","itemListElement":[{"@type":"ListItem","position":1,"name":"In\u00edcio","item":"https:\/\/redelitoralrs.com\/"},{"@type":"ListItem","position":2,"name":"Terra de Areia recebe ambul\u00e2ncia 0 km para refor\u00e7ar atendimentos na sa\u00fade p\u00fablica"}]},{"@type":"WebSite","@id":"https:\/\/redelitoralrs.com\/#website","url":"https:\/\/redelitoralrs.com\/","name":"TV Litoral","description":"Acompanhe tudo do litoral ga\u00facho com a cobertura completa e atualizada da Rede Litoral RS. Nossos jornalistas trazem as \u00faltimas not\u00edcias, os acontecimentos mais quentes e as hist\u00f3rias que importam sobre nosso amado litoral.","publisher":{"@id":"https:\/\/redelitoralrs.com\/#organization"},"potentialAction":[{"@type":"SearchAction","target":{"@type":"EntryPoint","urlTemplate":"https:\/\/redelitoralrs.com\/?s={search_term_string}"},"query-input":{"@type":"PropertyValueSpecification","valueRequired":true,"valueName":"search_term_string"}}],"inLanguage":"pt-BR"},{"@type":"Organization","@id":"https:\/\/redelitoralrs.com\/#organization","name":"TV Litoral","url":"https:\/\/redelitoralrs.com\/","logo":{"@type":"ImageObject","inLanguage":"pt-BR","@id":"https:\/\/redelitoralrs.com\/#\/schema\/logo\/image\/","url":"https:\/\/redelitoralrs.com\/wp-content\/uploads\/2024\/01\/faviconicon-1-1.png","contentUrl":"https:\/\/redelitoralrs.com\/wp-content\/uploads\/2024\/01\/faviconicon-1-1.png","width":454,"height":454,"caption":"TV Litoral"},"image":{"@id":"https:\/\/redelitoralrs.com\/#\/schema\/logo\/image\/"},"sameAs":["https:\/\/www.facebook.com\/tvlitoralrsoficial","https:\/\/www.instagram.com\/tvlitoral.rs"]},{"@type":"Person","@id":"https:\/\/redelitoralrs.com\/#\/schema\/person\/9f8181f2a7359dd3986f05ebaf5bd68a","name":"Reda\u00e7\u00e3o TV Litoral","image":{"@type":"ImageObject","inLanguage":"pt-BR","@id":"https:\/\/redelitoralrs.com\/wp-content\/litespeed\/avatar\/779aafbb45e66c7f82733e21abb48259.jpg?ver=1776956734","url":"https:\/\/redelitoralrs.com\/wp-content\/litespeed\/avatar\/779aafbb45e66c7f82733e21abb48259.jpg?ver=1776956734","contentUrl":"https:\/\/redelitoralrs.com\/wp-content\/litespeed\/avatar\/779aafbb45e66c7f82733e21abb48259.jpg?ver=1776956734","caption":"Reda\u00e7\u00e3o TV Litoral"},"description":"A Rede Litoral de Comunica\u00e7\u00e3o \u00e9 um grupo de m\u00eddia multiplataforma do Litoral Norte do RS. Com atua\u00e7\u00e3o em TV, r\u00e1dio, portal e redes sociais, levamos informa\u00e7\u00e3o, conte\u00fado e entretenimento \u00e0 comunidade, fortalecendo a comunica\u00e7\u00e3o local e impulsionando o desenvolvimento regional. Acompanhe atrav\u00e9s de @redelitoralrs.","sameAs":["https:\/\/redelitoralrs.com","https:\/\/www.instagram.com\/redelitoralrs","https:\/\/www.youtube.com\/@redelitoralrs"],"url":"https:\/\/redelitoralrs.com\/index.php\/author\/redacaotvlitoral\/"}]}},"_links":{"self":[{"href":"https:\/\/redelitoralrs.com\/index.php\/wp-json\/wp\/v2\/posts\/24804","targetHints":{"allow":["GET"]}}],"collection":[{"href":"https:\/\/redelitoralrs.com\/index.php\/wp-json\/wp\/v2\/posts"}],"about":[{"href":"https:\/\/redelitoralrs.com\/index.php\/wp-json\/wp\/v2\/types\/post"}],"author":[{"embeddable":true,"href":"https:\/\/redelitoralrs.com\/index.php\/wp-json\/wp\/v2\/users\/2"}],"replies":[{"embeddable":true,"href":"https:\/\/redelitoralrs.com\/index.php\/wp-json\/wp\/v2\/comments?post=24804"}],"version-history":[{"count":1,"href":"https:\/\/redelitoralrs.com\/index.php\/wp-json\/wp\/v2\/posts\/24804\/revisions"}],"predecessor-version":[{"id":24806,"href":"https:\/\/redelitoralrs.com\/index.php\/wp-json\/wp\/v2\/posts\/24804\/revisions\/24806"}],"wp:featuredmedia":[{"embeddable":true,"href":"https:\/\/redelitoralrs.com\/index.php\/wp-json\/wp\/v2\/media\/24805"}],"wp:attachment":[{"href":"https:\/\/redelitoralrs.com\/index.php\/wp-json\/wp\/v2\/media?parent=24804"}],"wp:term":[{"taxonomy":"category","embeddable":true,"href":"https:\/\/redelitoralrs.com\/index.php\/wp-json\/wp\/v2\/categories?post=24804"},{"taxonomy":"post_tag","embeddable":true,"href":"https:\/\/redelitoralrs.com\/index.php\/wp-json\/wp\/v2\/tags?post=24804"}],"curies":[{"name":"wp","href":"https:\/\/api.w.org\/{rel}","templated":true}]}}