{"id":24792,"date":"2026-04-27T17:22:48","date_gmt":"2026-04-27T20:22:48","guid":{"rendered":"https:\/\/redelitoralrs.com\/?p=24792"},"modified":"2026-04-27T17:22:50","modified_gmt":"2026-04-27T20:22:50","slug":"concurso-literario-em-osorio-premia-estudantes-e-incentiva-escrita-com-capsula-do-tempo-ate-2030","status":"publish","type":"post","link":"https:\/\/redelitoralrs.com\/index.php\/2026\/04\/27\/concurso-literario-em-osorio-premia-estudantes-e-incentiva-escrita-com-capsula-do-tempo-ate-2030\/","title":{"rendered":"Concurso liter\u00e1rio em Os\u00f3rio premia estudantes e incentiva escrita com c\u00e1psula do tempo at\u00e9 2030"},"content":{"rendered":"\n<p>Estudantes da rede municipal e estadual de Os\u00f3rio foram premiados no \u00faltimo s\u00e1bado (25) durante a cerim\u00f4nia do concurso liter\u00e1rio \u201cUma Carta para o Futuro\u201d, iniciativa promovida pela Associa\u00e7\u00e3o Art\u00edstica e Cultural de Os\u00f3rio (AACORS). O evento reuniu alunos, educadores, autoridades e comunidade em uma celebra\u00e7\u00e3o voltada ao incentivo da leitura, da escrita e da criatividade no ambiente escolar.<\/p>\n\n\n\n<p>A atividade ocorreu na sede da entidade, \u00e0s margens da ERS-030, e contou com apresenta\u00e7\u00e3o do Coral Municipal Infantojuvenil, sob reg\u00eancia do maestro Douglas Schwartz. Ao todo, o concurso recebeu 197 reda\u00e7\u00f5es de estudantes do Ensino Fundamental.<\/p>\n\n\n\n<p>Foram premiados os alunos Jaison Gabriel Kramer, da Escola Estadual de Ensino Fundamental C\u00f4nego Pedro Jacobs, em primeiro lugar; Gabriel da Silva Santos, da Escola Municipal Major de Alencar, em segundo; e Laura Almeida de Mello, da EMEF Osmany Martins Veras, em terceiro.<\/p>\n\n\n\n<p>A iniciativa marcou o Dia Nacional do Livro Infantil, celebrado em 18 de abril, e teve como objetivo estimular a produ\u00e7\u00e3o textual e o pensamento cr\u00edtico entre crian\u00e7as e jovens. Com car\u00e1ter educativo e cultural, o projeto envolveu diversas institui\u00e7\u00f5es de ensino do munic\u00edpio.<\/p>\n\n\n\n<p>Um dos destaques da a\u00e7\u00e3o foi a proposta simb\u00f3lica de guardar as reda\u00e7\u00f5es em uma c\u00e1psula do tempo, que ser\u00e1 aberta em 2030. A ideia \u00e9 permitir que os pr\u00f3prios alunos revisitem seus textos no futuro, refor\u00e7ando reflex\u00f5es sobre trajet\u00f3ria pessoal, educa\u00e7\u00e3o e cidadania.<\/p>\n\n\n\n<p>A cerim\u00f4nia contou com a presen\u00e7a do prefeito Romildo Bolzan J\u00fanior e de representantes da \u00e1rea da educa\u00e7\u00e3o, al\u00e9m de integrantes da AACORS. Durante o evento, algumas das reda\u00e7\u00f5es premiadas foram apresentadas ao p\u00fablico.<\/p>\n\n\n\n<p>Os vencedores receber\u00e3o premia\u00e7\u00f5es em dinheiro, al\u00e9m de certificados. A a\u00e7\u00e3o teve apoio da administra\u00e7\u00e3o municipal, por meio da Secretaria de Desenvolvimento, Turismo, Cultura e Juventude, e de empresas parceiras.<\/p>\n","protected":false},"excerpt":{"rendered":"<p>Estudantes da rede municipal e estadual de Os\u00f3rio foram premiados no \u00faltimo s\u00e1bado (25) durante a cerim\u00f4nia do concurso liter\u00e1rio \u201cUma Carta para o Futuro\u201d, iniciativa promovida pela Associa\u00e7\u00e3o Art\u00edstica e Cultural de Os\u00f3rio (AACORS). O evento reuniu alunos, educadores, autoridades e comunidade em uma celebra\u00e7\u00e3o voltada ao incentivo da leitura, da escrita e da [&hellip;]<\/p>\n","protected":false},"author":2,"featured_media":24793,"comment_status":"open","ping_status":"open","sticky":false,"template":"","format":"standard","meta":{"_themeisle_gutenberg_block_has_review":false,"footnotes":""},"categories":[172,15],"tags":[],"class_list":["post-24792","post","type-post","status-publish","format-standard","has-post-thumbnail","hentry","category-osorio","category-noticias"],"yoast_head":"<!-- This site is optimized with the Yoast SEO plugin v27.4 - https:\/\/yoast.com\/product\/yoast-seo-wordpress\/ -->\n<title>Concurso liter\u00e1rio em Os\u00f3rio premia estudantes e incentiva escrita com c\u00e1psula do tempo at\u00e9 2030 - Rede Litoral RS<\/title>\n<meta name=\"robots\" content=\"index, follow, max-snippet:-1, max-image-preview:large, max-video-preview:-1\" \/>\n<link rel=\"canonical\" href=\"https:\/\/redelitoralrs.com\/index.php\/2026\/04\/27\/concurso-literario-em-osorio-premia-estudantes-e-incentiva-escrita-com-capsula-do-tempo-ate-2030\/\" \/>\n<meta property=\"og:locale\" content=\"pt_BR\" \/>\n<meta property=\"og:type\" content=\"article\" \/>\n<meta property=\"og:title\" content=\"Concurso liter\u00e1rio em Os\u00f3rio premia estudantes e incentiva escrita com c\u00e1psula do tempo at\u00e9 2030 - Rede Litoral RS\" \/>\n<meta property=\"og:description\" content=\"Estudantes da rede municipal e estadual de Os\u00f3rio foram premiados no \u00faltimo s\u00e1bado (25) durante a cerim\u00f4nia do concurso liter\u00e1rio \u201cUma Carta para o Futuro\u201d, iniciativa promovida pela Associa\u00e7\u00e3o Art\u00edstica e Cultural de Os\u00f3rio (AACORS). O evento reuniu alunos, educadores, autoridades e comunidade em uma celebra\u00e7\u00e3o voltada ao incentivo da leitura, da escrita e da [&hellip;]\" \/>\n<meta property=\"og:url\" content=\"https:\/\/redelitoralrs.com\/index.php\/2026\/04\/27\/concurso-literario-em-osorio-premia-estudantes-e-incentiva-escrita-com-capsula-do-tempo-ate-2030\/\" \/>\n<meta property=\"og:site_name\" content=\"Rede Litoral RS\" \/>\n<meta property=\"article:publisher\" content=\"https:\/\/www.facebook.com\/tvlitoralrsoficial\" \/>\n<meta property=\"article:published_time\" content=\"2026-04-27T20:22:48+00:00\" \/>\n<meta property=\"article:modified_time\" content=\"2026-04-27T20:22:50+00:00\" \/>\n<meta property=\"og:image\" content=\"https:\/\/redelitoralrs.com\/wp-content\/uploads\/2026\/04\/WhatsApp-Image-2026-04-27-at-10.13.02.jpeg\" \/>\n\t<meta property=\"og:image:width\" content=\"1600\" \/>\n\t<meta property=\"og:image:height\" content=\"1200\" \/>\n\t<meta property=\"og:image:type\" content=\"image\/jpeg\" \/>\n<meta name=\"author\" content=\"Reda\u00e7\u00e3o TV Litoral\" \/>\n<meta name=\"twitter:card\" content=\"summary_large_image\" \/>\n<meta name=\"twitter:label1\" content=\"Escrito por\" \/>\n\t<meta name=\"twitter:data1\" content=\"Reda\u00e7\u00e3o TV Litoral\" \/>\n\t<meta name=\"twitter:label2\" content=\"Est. tempo de leitura\" \/>\n\t<meta name=\"twitter:data2\" content=\"2 minutos\" \/>\n<script type=\"application\/ld+json\" class=\"yoast-schema-graph\">{\"@context\":\"https:\\\/\\\/schema.org\",\"@graph\":[{\"@type\":\"Article\",\"@id\":\"https:\\\/\\\/redelitoralrs.com\\\/index.php\\\/2026\\\/04\\\/27\\\/concurso-literario-em-osorio-premia-estudantes-e-incentiva-escrita-com-capsula-do-tempo-ate-2030\\\/#article\",\"isPartOf\":{\"@id\":\"https:\\\/\\\/redelitoralrs.com\\\/index.php\\\/2026\\\/04\\\/27\\\/concurso-literario-em-osorio-premia-estudantes-e-incentiva-escrita-com-capsula-do-tempo-ate-2030\\\/\"},\"author\":{\"name\":\"Reda\u00e7\u00e3o TV Litoral\",\"@id\":\"https:\\\/\\\/redelitoralrs.com\\\/#\\\/schema\\\/person\\\/9f8181f2a7359dd3986f05ebaf5bd68a\"},\"headline\":\"Concurso liter\u00e1rio em Os\u00f3rio premia estudantes e incentiva escrita com c\u00e1psula do tempo at\u00e9 2030\",\"datePublished\":\"2026-04-27T20:22:48+00:00\",\"dateModified\":\"2026-04-27T20:22:50+00:00\",\"mainEntityOfPage\":{\"@id\":\"https:\\\/\\\/redelitoralrs.com\\\/index.php\\\/2026\\\/04\\\/27\\\/concurso-literario-em-osorio-premia-estudantes-e-incentiva-escrita-com-capsula-do-tempo-ate-2030\\\/\"},\"wordCount\":342,\"commentCount\":0,\"publisher\":{\"@id\":\"https:\\\/\\\/redelitoralrs.com\\\/#organization\"},\"image\":{\"@id\":\"https:\\\/\\\/redelitoralrs.com\\\/index.php\\\/2026\\\/04\\\/27\\\/concurso-literario-em-osorio-premia-estudantes-e-incentiva-escrita-com-capsula-do-tempo-ate-2030\\\/#primaryimage\"},\"thumbnailUrl\":\"https:\\\/\\\/redelitoralrs.com\\\/wp-content\\\/uploads\\\/2026\\\/04\\\/WhatsApp-Image-2026-04-27-at-10.13.02.jpeg\",\"articleSection\":[\"Os\u00f3rio\",\"\u00daltimas not\u00edcias\"],\"inLanguage\":\"pt-BR\",\"potentialAction\":[{\"@type\":\"CommentAction\",\"name\":\"Comment\",\"target\":[\"https:\\\/\\\/redelitoralrs.com\\\/index.php\\\/2026\\\/04\\\/27\\\/concurso-literario-em-osorio-premia-estudantes-e-incentiva-escrita-com-capsula-do-tempo-ate-2030\\\/#respond\"]}]},{\"@type\":\"WebPage\",\"@id\":\"https:\\\/\\\/redelitoralrs.com\\\/index.php\\\/2026\\\/04\\\/27\\\/concurso-literario-em-osorio-premia-estudantes-e-incentiva-escrita-com-capsula-do-tempo-ate-2030\\\/\",\"url\":\"https:\\\/\\\/redelitoralrs.com\\\/index.php\\\/2026\\\/04\\\/27\\\/concurso-literario-em-osorio-premia-estudantes-e-incentiva-escrita-com-capsula-do-tempo-ate-2030\\\/\",\"name\":\"Concurso liter\u00e1rio em Os\u00f3rio premia estudantes e incentiva escrita com c\u00e1psula do tempo at\u00e9 2030 - Rede Litoral RS\",\"isPartOf\":{\"@id\":\"https:\\\/\\\/redelitoralrs.com\\\/#website\"},\"primaryImageOfPage\":{\"@id\":\"https:\\\/\\\/redelitoralrs.com\\\/index.php\\\/2026\\\/04\\\/27\\\/concurso-literario-em-osorio-premia-estudantes-e-incentiva-escrita-com-capsula-do-tempo-ate-2030\\\/#primaryimage\"},\"image\":{\"@id\":\"https:\\\/\\\/redelitoralrs.com\\\/index.php\\\/2026\\\/04\\\/27\\\/concurso-literario-em-osorio-premia-estudantes-e-incentiva-escrita-com-capsula-do-tempo-ate-2030\\\/#primaryimage\"},\"thumbnailUrl\":\"https:\\\/\\\/redelitoralrs.com\\\/wp-content\\\/uploads\\\/2026\\\/04\\\/WhatsApp-Image-2026-04-27-at-10.13.02.jpeg\",\"datePublished\":\"2026-04-27T20:22:48+00:00\",\"dateModified\":\"2026-04-27T20:22:50+00:00\",\"breadcrumb\":{\"@id\":\"https:\\\/\\\/redelitoralrs.com\\\/index.php\\\/2026\\\/04\\\/27\\\/concurso-literario-em-osorio-premia-estudantes-e-incentiva-escrita-com-capsula-do-tempo-ate-2030\\\/#breadcrumb\"},\"inLanguage\":\"pt-BR\",\"potentialAction\":[{\"@type\":\"ReadAction\",\"target\":[\"https:\\\/\\\/redelitoralrs.com\\\/index.php\\\/2026\\\/04\\\/27\\\/concurso-literario-em-osorio-premia-estudantes-e-incentiva-escrita-com-capsula-do-tempo-ate-2030\\\/\"]}]},{\"@type\":\"ImageObject\",\"inLanguage\":\"pt-BR\",\"@id\":\"https:\\\/\\\/redelitoralrs.com\\\/index.php\\\/2026\\\/04\\\/27\\\/concurso-literario-em-osorio-premia-estudantes-e-incentiva-escrita-com-capsula-do-tempo-ate-2030\\\/#primaryimage\",\"url\":\"https:\\\/\\\/redelitoralrs.com\\\/wp-content\\\/uploads\\\/2026\\\/04\\\/WhatsApp-Image-2026-04-27-at-10.13.02.jpeg\",\"contentUrl\":\"https:\\\/\\\/redelitoralrs.com\\\/wp-content\\\/uploads\\\/2026\\\/04\\\/WhatsApp-Image-2026-04-27-at-10.13.02.jpeg\",\"width\":1600,\"height\":1200,\"caption\":\"Foto: Ascom\\\/PMO\"},{\"@type\":\"BreadcrumbList\",\"@id\":\"https:\\\/\\\/redelitoralrs.com\\\/index.php\\\/2026\\\/04\\\/27\\\/concurso-literario-em-osorio-premia-estudantes-e-incentiva-escrita-com-capsula-do-tempo-ate-2030\\\/#breadcrumb\",\"itemListElement\":[{\"@type\":\"ListItem\",\"position\":1,\"name\":\"In\u00edcio\",\"item\":\"https:\\\/\\\/redelitoralrs.com\\\/\"},{\"@type\":\"ListItem\",\"position\":2,\"name\":\"Concurso liter\u00e1rio em Os\u00f3rio premia estudantes e incentiva escrita com c\u00e1psula do tempo at\u00e9 2030\"}]},{\"@type\":\"WebSite\",\"@id\":\"https:\\\/\\\/redelitoralrs.com\\\/#website\",\"url\":\"https:\\\/\\\/redelitoralrs.com\\\/\",\"name\":\"TV Litoral\",\"description\":\"Acompanhe tudo do litoral ga\u00facho com a cobertura completa e atualizada da Rede Litoral RS. Nossos jornalistas trazem as \u00faltimas not\u00edcias, os acontecimentos mais quentes e as hist\u00f3rias que importam sobre nosso amado litoral.\",\"publisher\":{\"@id\":\"https:\\\/\\\/redelitoralrs.com\\\/#organization\"},\"potentialAction\":[{\"@type\":\"SearchAction\",\"target\":{\"@type\":\"EntryPoint\",\"urlTemplate\":\"https:\\\/\\\/redelitoralrs.com\\\/?s={search_term_string}\"},\"query-input\":{\"@type\":\"PropertyValueSpecification\",\"valueRequired\":true,\"valueName\":\"search_term_string\"}}],\"inLanguage\":\"pt-BR\"},{\"@type\":\"Organization\",\"@id\":\"https:\\\/\\\/redelitoralrs.com\\\/#organization\",\"name\":\"TV Litoral\",\"url\":\"https:\\\/\\\/redelitoralrs.com\\\/\",\"logo\":{\"@type\":\"ImageObject\",\"inLanguage\":\"pt-BR\",\"@id\":\"https:\\\/\\\/redelitoralrs.com\\\/#\\\/schema\\\/logo\\\/image\\\/\",\"url\":\"https:\\\/\\\/redelitoralrs.com\\\/wp-content\\\/uploads\\\/2024\\\/01\\\/faviconicon-1-1.png\",\"contentUrl\":\"https:\\\/\\\/redelitoralrs.com\\\/wp-content\\\/uploads\\\/2024\\\/01\\\/faviconicon-1-1.png\",\"width\":454,\"height\":454,\"caption\":\"TV Litoral\"},\"image\":{\"@id\":\"https:\\\/\\\/redelitoralrs.com\\\/#\\\/schema\\\/logo\\\/image\\\/\"},\"sameAs\":[\"https:\\\/\\\/www.facebook.com\\\/tvlitoralrsoficial\",\"https:\\\/\\\/www.instagram.com\\\/tvlitoral.rs\"]},{\"@type\":\"Person\",\"@id\":\"https:\\\/\\\/redelitoralrs.com\\\/#\\\/schema\\\/person\\\/9f8181f2a7359dd3986f05ebaf5bd68a\",\"name\":\"Reda\u00e7\u00e3o TV Litoral\",\"image\":{\"@type\":\"ImageObject\",\"inLanguage\":\"pt-BR\",\"@id\":\"https:\\\/\\\/redelitoralrs.com\\\/wp-content\\\/litespeed\\\/avatar\\\/779aafbb45e66c7f82733e21abb48259.jpg?ver=1776956734\",\"url\":\"https:\\\/\\\/redelitoralrs.com\\\/wp-content\\\/litespeed\\\/avatar\\\/779aafbb45e66c7f82733e21abb48259.jpg?ver=1776956734\",\"contentUrl\":\"https:\\\/\\\/redelitoralrs.com\\\/wp-content\\\/litespeed\\\/avatar\\\/779aafbb45e66c7f82733e21abb48259.jpg?ver=1776956734\",\"caption\":\"Reda\u00e7\u00e3o TV Litoral\"},\"description\":\"A Rede Litoral de Comunica\u00e7\u00e3o \u00e9 um grupo de m\u00eddia multiplataforma do Litoral Norte do RS. Com atua\u00e7\u00e3o em TV, r\u00e1dio, portal e redes sociais, levamos informa\u00e7\u00e3o, conte\u00fado e entretenimento \u00e0 comunidade, fortalecendo a comunica\u00e7\u00e3o local e impulsionando o desenvolvimento regional. Acompanhe atrav\u00e9s de @redelitoralrs.\",\"sameAs\":[\"https:\\\/\\\/redelitoralrs.com\",\"https:\\\/\\\/www.instagram.com\\\/redelitoralrs\",\"https:\\\/\\\/www.youtube.com\\\/@redelitoralrs\"],\"url\":\"https:\\\/\\\/redelitoralrs.com\\\/index.php\\\/author\\\/redacaotvlitoral\\\/\"}]}<\/script>\n<!-- \/ Yoast SEO plugin. -->","yoast_head_json":{"title":"Concurso liter\u00e1rio em Os\u00f3rio premia estudantes e incentiva escrita com c\u00e1psula do tempo at\u00e9 2030 - Rede Litoral RS","robots":{"index":"index","follow":"follow","max-snippet":"max-snippet:-1","max-image-preview":"max-image-preview:large","max-video-preview":"max-video-preview:-1"},"canonical":"https:\/\/redelitoralrs.com\/index.php\/2026\/04\/27\/concurso-literario-em-osorio-premia-estudantes-e-incentiva-escrita-com-capsula-do-tempo-ate-2030\/","og_locale":"pt_BR","og_type":"article","og_title":"Concurso liter\u00e1rio em Os\u00f3rio premia estudantes e incentiva escrita com c\u00e1psula do tempo at\u00e9 2030 - Rede Litoral RS","og_description":"Estudantes da rede municipal e estadual de Os\u00f3rio foram premiados no \u00faltimo s\u00e1bado (25) durante a cerim\u00f4nia do concurso liter\u00e1rio \u201cUma Carta para o Futuro\u201d, iniciativa promovida pela Associa\u00e7\u00e3o Art\u00edstica e Cultural de Os\u00f3rio (AACORS). O evento reuniu alunos, educadores, autoridades e comunidade em uma celebra\u00e7\u00e3o voltada ao incentivo da leitura, da escrita e da [&hellip;]","og_url":"https:\/\/redelitoralrs.com\/index.php\/2026\/04\/27\/concurso-literario-em-osorio-premia-estudantes-e-incentiva-escrita-com-capsula-do-tempo-ate-2030\/","og_site_name":"Rede Litoral RS","article_publisher":"https:\/\/www.facebook.com\/tvlitoralrsoficial","article_published_time":"2026-04-27T20:22:48+00:00","article_modified_time":"2026-04-27T20:22:50+00:00","og_image":[{"width":1600,"height":1200,"url":"https:\/\/redelitoralrs.com\/wp-content\/uploads\/2026\/04\/WhatsApp-Image-2026-04-27-at-10.13.02.jpeg","type":"image\/jpeg"}],"author":"Reda\u00e7\u00e3o TV Litoral","twitter_card":"summary_large_image","twitter_misc":{"Escrito por":"Reda\u00e7\u00e3o TV Litoral","Est. tempo de leitura":"2 minutos"},"schema":{"@context":"https:\/\/schema.org","@graph":[{"@type":"Article","@id":"https:\/\/redelitoralrs.com\/index.php\/2026\/04\/27\/concurso-literario-em-osorio-premia-estudantes-e-incentiva-escrita-com-capsula-do-tempo-ate-2030\/#article","isPartOf":{"@id":"https:\/\/redelitoralrs.com\/index.php\/2026\/04\/27\/concurso-literario-em-osorio-premia-estudantes-e-incentiva-escrita-com-capsula-do-tempo-ate-2030\/"},"author":{"name":"Reda\u00e7\u00e3o TV Litoral","@id":"https:\/\/redelitoralrs.com\/#\/schema\/person\/9f8181f2a7359dd3986f05ebaf5bd68a"},"headline":"Concurso liter\u00e1rio em Os\u00f3rio premia estudantes e incentiva escrita com c\u00e1psula do tempo at\u00e9 2030","datePublished":"2026-04-27T20:22:48+00:00","dateModified":"2026-04-27T20:22:50+00:00","mainEntityOfPage":{"@id":"https:\/\/redelitoralrs.com\/index.php\/2026\/04\/27\/concurso-literario-em-osorio-premia-estudantes-e-incentiva-escrita-com-capsula-do-tempo-ate-2030\/"},"wordCount":342,"commentCount":0,"publisher":{"@id":"https:\/\/redelitoralrs.com\/#organization"},"image":{"@id":"https:\/\/redelitoralrs.com\/index.php\/2026\/04\/27\/concurso-literario-em-osorio-premia-estudantes-e-incentiva-escrita-com-capsula-do-tempo-ate-2030\/#primaryimage"},"thumbnailUrl":"https:\/\/redelitoralrs.com\/wp-content\/uploads\/2026\/04\/WhatsApp-Image-2026-04-27-at-10.13.02.jpeg","articleSection":["Os\u00f3rio","\u00daltimas not\u00edcias"],"inLanguage":"pt-BR","potentialAction":[{"@type":"CommentAction","name":"Comment","target":["https:\/\/redelitoralrs.com\/index.php\/2026\/04\/27\/concurso-literario-em-osorio-premia-estudantes-e-incentiva-escrita-com-capsula-do-tempo-ate-2030\/#respond"]}]},{"@type":"WebPage","@id":"https:\/\/redelitoralrs.com\/index.php\/2026\/04\/27\/concurso-literario-em-osorio-premia-estudantes-e-incentiva-escrita-com-capsula-do-tempo-ate-2030\/","url":"https:\/\/redelitoralrs.com\/index.php\/2026\/04\/27\/concurso-literario-em-osorio-premia-estudantes-e-incentiva-escrita-com-capsula-do-tempo-ate-2030\/","name":"Concurso liter\u00e1rio em Os\u00f3rio premia estudantes e incentiva escrita com c\u00e1psula do tempo at\u00e9 2030 - Rede Litoral RS","isPartOf":{"@id":"https:\/\/redelitoralrs.com\/#website"},"primaryImageOfPage":{"@id":"https:\/\/redelitoralrs.com\/index.php\/2026\/04\/27\/concurso-literario-em-osorio-premia-estudantes-e-incentiva-escrita-com-capsula-do-tempo-ate-2030\/#primaryimage"},"image":{"@id":"https:\/\/redelitoralrs.com\/index.php\/2026\/04\/27\/concurso-literario-em-osorio-premia-estudantes-e-incentiva-escrita-com-capsula-do-tempo-ate-2030\/#primaryimage"},"thumbnailUrl":"https:\/\/redelitoralrs.com\/wp-content\/uploads\/2026\/04\/WhatsApp-Image-2026-04-27-at-10.13.02.jpeg","datePublished":"2026-04-27T20:22:48+00:00","dateModified":"2026-04-27T20:22:50+00:00","breadcrumb":{"@id":"https:\/\/redelitoralrs.com\/index.php\/2026\/04\/27\/concurso-literario-em-osorio-premia-estudantes-e-incentiva-escrita-com-capsula-do-tempo-ate-2030\/#breadcrumb"},"inLanguage":"pt-BR","potentialAction":[{"@type":"ReadAction","target":["https:\/\/redelitoralrs.com\/index.php\/2026\/04\/27\/concurso-literario-em-osorio-premia-estudantes-e-incentiva-escrita-com-capsula-do-tempo-ate-2030\/"]}]},{"@type":"ImageObject","inLanguage":"pt-BR","@id":"https:\/\/redelitoralrs.com\/index.php\/2026\/04\/27\/concurso-literario-em-osorio-premia-estudantes-e-incentiva-escrita-com-capsula-do-tempo-ate-2030\/#primaryimage","url":"https:\/\/redelitoralrs.com\/wp-content\/uploads\/2026\/04\/WhatsApp-Image-2026-04-27-at-10.13.02.jpeg","contentUrl":"https:\/\/redelitoralrs.com\/wp-content\/uploads\/2026\/04\/WhatsApp-Image-2026-04-27-at-10.13.02.jpeg","width":1600,"height":1200,"caption":"Foto: Ascom\/PMO"},{"@type":"BreadcrumbList","@id":"https:\/\/redelitoralrs.com\/index.php\/2026\/04\/27\/concurso-literario-em-osorio-premia-estudantes-e-incentiva-escrita-com-capsula-do-tempo-ate-2030\/#breadcrumb","itemListElement":[{"@type":"ListItem","position":1,"name":"In\u00edcio","item":"https:\/\/redelitoralrs.com\/"},{"@type":"ListItem","position":2,"name":"Concurso liter\u00e1rio em Os\u00f3rio premia estudantes e incentiva escrita com c\u00e1psula do tempo at\u00e9 2030"}]},{"@type":"WebSite","@id":"https:\/\/redelitoralrs.com\/#website","url":"https:\/\/redelitoralrs.com\/","name":"TV Litoral","description":"Acompanhe tudo do litoral ga\u00facho com a cobertura completa e atualizada da Rede Litoral RS. Nossos jornalistas trazem as \u00faltimas not\u00edcias, os acontecimentos mais quentes e as hist\u00f3rias que importam sobre nosso amado litoral.","publisher":{"@id":"https:\/\/redelitoralrs.com\/#organization"},"potentialAction":[{"@type":"SearchAction","target":{"@type":"EntryPoint","urlTemplate":"https:\/\/redelitoralrs.com\/?s={search_term_string}"},"query-input":{"@type":"PropertyValueSpecification","valueRequired":true,"valueName":"search_term_string"}}],"inLanguage":"pt-BR"},{"@type":"Organization","@id":"https:\/\/redelitoralrs.com\/#organization","name":"TV Litoral","url":"https:\/\/redelitoralrs.com\/","logo":{"@type":"ImageObject","inLanguage":"pt-BR","@id":"https:\/\/redelitoralrs.com\/#\/schema\/logo\/image\/","url":"https:\/\/redelitoralrs.com\/wp-content\/uploads\/2024\/01\/faviconicon-1-1.png","contentUrl":"https:\/\/redelitoralrs.com\/wp-content\/uploads\/2024\/01\/faviconicon-1-1.png","width":454,"height":454,"caption":"TV Litoral"},"image":{"@id":"https:\/\/redelitoralrs.com\/#\/schema\/logo\/image\/"},"sameAs":["https:\/\/www.facebook.com\/tvlitoralrsoficial","https:\/\/www.instagram.com\/tvlitoral.rs"]},{"@type":"Person","@id":"https:\/\/redelitoralrs.com\/#\/schema\/person\/9f8181f2a7359dd3986f05ebaf5bd68a","name":"Reda\u00e7\u00e3o TV Litoral","image":{"@type":"ImageObject","inLanguage":"pt-BR","@id":"https:\/\/redelitoralrs.com\/wp-content\/litespeed\/avatar\/779aafbb45e66c7f82733e21abb48259.jpg?ver=1776956734","url":"https:\/\/redelitoralrs.com\/wp-content\/litespeed\/avatar\/779aafbb45e66c7f82733e21abb48259.jpg?ver=1776956734","contentUrl":"https:\/\/redelitoralrs.com\/wp-content\/litespeed\/avatar\/779aafbb45e66c7f82733e21abb48259.jpg?ver=1776956734","caption":"Reda\u00e7\u00e3o TV Litoral"},"description":"A Rede Litoral de Comunica\u00e7\u00e3o \u00e9 um grupo de m\u00eddia multiplataforma do Litoral Norte do RS. Com atua\u00e7\u00e3o em TV, r\u00e1dio, portal e redes sociais, levamos informa\u00e7\u00e3o, conte\u00fado e entretenimento \u00e0 comunidade, fortalecendo a comunica\u00e7\u00e3o local e impulsionando o desenvolvimento regional. Acompanhe atrav\u00e9s de @redelitoralrs.","sameAs":["https:\/\/redelitoralrs.com","https:\/\/www.instagram.com\/redelitoralrs","https:\/\/www.youtube.com\/@redelitoralrs"],"url":"https:\/\/redelitoralrs.com\/index.php\/author\/redacaotvlitoral\/"}]}},"_links":{"self":[{"href":"https:\/\/redelitoralrs.com\/index.php\/wp-json\/wp\/v2\/posts\/24792","targetHints":{"allow":["GET"]}}],"collection":[{"href":"https:\/\/redelitoralrs.com\/index.php\/wp-json\/wp\/v2\/posts"}],"about":[{"href":"https:\/\/redelitoralrs.com\/index.php\/wp-json\/wp\/v2\/types\/post"}],"author":[{"embeddable":true,"href":"https:\/\/redelitoralrs.com\/index.php\/wp-json\/wp\/v2\/users\/2"}],"replies":[{"embeddable":true,"href":"https:\/\/redelitoralrs.com\/index.php\/wp-json\/wp\/v2\/comments?post=24792"}],"version-history":[{"count":1,"href":"https:\/\/redelitoralrs.com\/index.php\/wp-json\/wp\/v2\/posts\/24792\/revisions"}],"predecessor-version":[{"id":24794,"href":"https:\/\/redelitoralrs.com\/index.php\/wp-json\/wp\/v2\/posts\/24792\/revisions\/24794"}],"wp:featuredmedia":[{"embeddable":true,"href":"https:\/\/redelitoralrs.com\/index.php\/wp-json\/wp\/v2\/media\/24793"}],"wp:attachment":[{"href":"https:\/\/redelitoralrs.com\/index.php\/wp-json\/wp\/v2\/media?parent=24792"}],"wp:term":[{"taxonomy":"category","embeddable":true,"href":"https:\/\/redelitoralrs.com\/index.php\/wp-json\/wp\/v2\/categories?post=24792"},{"taxonomy":"post_tag","embeddable":true,"href":"https:\/\/redelitoralrs.com\/index.php\/wp-json\/wp\/v2\/tags?post=24792"}],"curies":[{"name":"wp","href":"https:\/\/api.w.org\/{rel}","templated":true}]}}