{"id":24786,"date":"2026-04-27T17:16:34","date_gmt":"2026-04-27T20:16:34","guid":{"rendered":"https:\/\/redelitoralrs.com\/?p=24786"},"modified":"2026-04-27T17:16:34","modified_gmt":"2026-04-27T20:16:34","slug":"acidente-na-rsc-101-mata-pescador-de-tramandai-apos-capotamento-em-mostardas","status":"publish","type":"post","link":"https:\/\/redelitoralrs.com\/index.php\/2026\/04\/27\/acidente-na-rsc-101-mata-pescador-de-tramandai-apos-capotamento-em-mostardas\/","title":{"rendered":"Acidente na RSC-101 mata pescador de Tramanda\u00ed ap\u00f3s capotamento em Mostardas"},"content":{"rendered":"\n<p>Um grave acidente de tr\u00e2nsito na RSC-101 resultou na morte de um pescador e comerciante de Tramanda\u00ed na noite deste domingo (27). A v\u00edtima foi identificada como Diego Cunha de Oliveira, de 35 anos, conhecido na comunidade como \u201cBig Lu\u201d.<\/p>\n\n\n\n<p>O acidente ocorreu por volta das 20h, no km 218 da rodovia, na localidade de S\u00e3o Sim\u00e3o, em Mostardas. De acordo com informa\u00e7\u00f5es apuradas pela Pol\u00edcia Civil, Diego era passageiro de uma caminhonete Toyota Hilux que saiu da pista e capotou. Ele ficou preso \u00e0s ferragens e morreu no local.<\/p>\n\n\n\n<p>O motorista e um segundo ocupante do ve\u00edculo ficaram feridos e foram socorridos para atendimento no hospital de Mostardas. O estado de sa\u00fade deles n\u00e3o foi detalhado at\u00e9 o momento.<\/p>\n\n\n\n<p>Equipes da Pol\u00edcia Civil, do Corpo de Bombeiros Militar, do Comando Rodovi\u00e1rio da Brigada Militar e do Instituto-Geral de Per\u00edcias atuaram na ocorr\u00eancia. A \u00e1rea foi isolada at\u00e9 a conclus\u00e3o dos trabalhos periciais, que devem auxiliar na apura\u00e7\u00e3o das causas do acidente.<\/p>\n\n\n\n<p>Conforme as informa\u00e7\u00f5es iniciais, os tr\u00eas homens retornavam de uma pescaria na praia do Cassino, em Rio Grande, quando ocorreu o capotamento.<\/p>\n\n\n\n<p>A morte de Diego gerou forte repercuss\u00e3o em Tramanda\u00ed, onde ele era conhecido por sua atua\u00e7\u00e3o no setor pesqueiro e por manter uma peixaria em Nova Tramanda\u00ed. Nas redes sociais, manifesta\u00e7\u00f5es de pesar destacaram a liga\u00e7\u00e3o do pescador com a comunidade local.<\/p>\n","protected":false},"excerpt":{"rendered":"<p>Um grave acidente de tr\u00e2nsito na RSC-101 resultou na morte de um pescador e comerciante de Tramanda\u00ed na noite deste domingo (27). A v\u00edtima foi identificada como Diego Cunha de Oliveira, de 35 anos, conhecido na comunidade como \u201cBig Lu\u201d. O acidente ocorreu por volta das 20h, no km 218 da rodovia, na localidade de [&hellip;]<\/p>\n","protected":false},"author":2,"featured_media":24787,"comment_status":"open","ping_status":"open","sticky":false,"template":"","format":"standard","meta":{"_themeisle_gutenberg_block_has_review":false,"footnotes":""},"categories":[213,98,15],"tags":[],"class_list":["post-24786","post","type-post","status-publish","format-standard","has-post-thumbnail","hentry","category-mostardas","category-policia","category-noticias"],"yoast_head":"<!-- This site is optimized with the Yoast SEO plugin v27.4 - https:\/\/yoast.com\/product\/yoast-seo-wordpress\/ -->\n<title>Acidente na RSC-101 mata pescador de Tramanda\u00ed ap\u00f3s capotamento em Mostardas - Rede Litoral RS<\/title>\n<meta name=\"robots\" content=\"index, follow, max-snippet:-1, max-image-preview:large, max-video-preview:-1\" \/>\n<link rel=\"canonical\" href=\"https:\/\/redelitoralrs.com\/index.php\/2026\/04\/27\/acidente-na-rsc-101-mata-pescador-de-tramandai-apos-capotamento-em-mostardas\/\" \/>\n<meta property=\"og:locale\" content=\"pt_BR\" \/>\n<meta property=\"og:type\" content=\"article\" \/>\n<meta property=\"og:title\" content=\"Acidente na RSC-101 mata pescador de Tramanda\u00ed ap\u00f3s capotamento em Mostardas - Rede Litoral RS\" \/>\n<meta property=\"og:description\" content=\"Um grave acidente de tr\u00e2nsito na RSC-101 resultou na morte de um pescador e comerciante de Tramanda\u00ed na noite deste domingo (27). A v\u00edtima foi identificada como Diego Cunha de Oliveira, de 35 anos, conhecido na comunidade como \u201cBig Lu\u201d. O acidente ocorreu por volta das 20h, no km 218 da rodovia, na localidade de [&hellip;]\" \/>\n<meta property=\"og:url\" content=\"https:\/\/redelitoralrs.com\/index.php\/2026\/04\/27\/acidente-na-rsc-101-mata-pescador-de-tramandai-apos-capotamento-em-mostardas\/\" \/>\n<meta property=\"og:site_name\" content=\"Rede Litoral RS\" \/>\n<meta property=\"article:publisher\" content=\"https:\/\/www.facebook.com\/tvlitoralrsoficial\" \/>\n<meta property=\"article:published_time\" content=\"2026-04-27T20:16:34+00:00\" \/>\n<meta property=\"og:image\" content=\"https:\/\/redelitoralrs.com\/wp-content\/uploads\/2026\/04\/Acidente-na-RSC-101-mata-conhecido-pescador-de-Tramandai.webp\" \/>\n\t<meta property=\"og:image:width\" content=\"1200\" \/>\n\t<meta property=\"og:image:height\" content=\"675\" \/>\n\t<meta property=\"og:image:type\" content=\"image\/webp\" \/>\n<meta name=\"author\" content=\"Reda\u00e7\u00e3o TV Litoral\" \/>\n<meta name=\"twitter:card\" content=\"summary_large_image\" \/>\n<meta name=\"twitter:label1\" content=\"Escrito por\" \/>\n\t<meta name=\"twitter:data1\" content=\"Reda\u00e7\u00e3o TV Litoral\" \/>\n\t<meta name=\"twitter:label2\" content=\"Est. tempo de leitura\" \/>\n\t<meta name=\"twitter:data2\" content=\"2 minutos\" \/>\n<script type=\"application\/ld+json\" class=\"yoast-schema-graph\">{\"@context\":\"https:\\\/\\\/schema.org\",\"@graph\":[{\"@type\":\"Article\",\"@id\":\"https:\\\/\\\/redelitoralrs.com\\\/index.php\\\/2026\\\/04\\\/27\\\/acidente-na-rsc-101-mata-pescador-de-tramandai-apos-capotamento-em-mostardas\\\/#article\",\"isPartOf\":{\"@id\":\"https:\\\/\\\/redelitoralrs.com\\\/index.php\\\/2026\\\/04\\\/27\\\/acidente-na-rsc-101-mata-pescador-de-tramandai-apos-capotamento-em-mostardas\\\/\"},\"author\":{\"name\":\"Reda\u00e7\u00e3o TV Litoral\",\"@id\":\"https:\\\/\\\/redelitoralrs.com\\\/#\\\/schema\\\/person\\\/9f8181f2a7359dd3986f05ebaf5bd68a\"},\"headline\":\"Acidente na RSC-101 mata pescador de Tramanda\u00ed ap\u00f3s capotamento em Mostardas\",\"datePublished\":\"2026-04-27T20:16:34+00:00\",\"mainEntityOfPage\":{\"@id\":\"https:\\\/\\\/redelitoralrs.com\\\/index.php\\\/2026\\\/04\\\/27\\\/acidente-na-rsc-101-mata-pescador-de-tramandai-apos-capotamento-em-mostardas\\\/\"},\"wordCount\":256,\"commentCount\":0,\"publisher\":{\"@id\":\"https:\\\/\\\/redelitoralrs.com\\\/#organization\"},\"image\":{\"@id\":\"https:\\\/\\\/redelitoralrs.com\\\/index.php\\\/2026\\\/04\\\/27\\\/acidente-na-rsc-101-mata-pescador-de-tramandai-apos-capotamento-em-mostardas\\\/#primaryimage\"},\"thumbnailUrl\":\"https:\\\/\\\/redelitoralrs.com\\\/wp-content\\\/uploads\\\/2026\\\/04\\\/Acidente-na-RSC-101-mata-conhecido-pescador-de-Tramandai.webp\",\"articleSection\":[\"Mostardas\",\"Pol\u00edcia\",\"\u00daltimas not\u00edcias\"],\"inLanguage\":\"pt-BR\",\"potentialAction\":[{\"@type\":\"CommentAction\",\"name\":\"Comment\",\"target\":[\"https:\\\/\\\/redelitoralrs.com\\\/index.php\\\/2026\\\/04\\\/27\\\/acidente-na-rsc-101-mata-pescador-de-tramandai-apos-capotamento-em-mostardas\\\/#respond\"]}]},{\"@type\":\"WebPage\",\"@id\":\"https:\\\/\\\/redelitoralrs.com\\\/index.php\\\/2026\\\/04\\\/27\\\/acidente-na-rsc-101-mata-pescador-de-tramandai-apos-capotamento-em-mostardas\\\/\",\"url\":\"https:\\\/\\\/redelitoralrs.com\\\/index.php\\\/2026\\\/04\\\/27\\\/acidente-na-rsc-101-mata-pescador-de-tramandai-apos-capotamento-em-mostardas\\\/\",\"name\":\"Acidente na RSC-101 mata pescador de Tramanda\u00ed ap\u00f3s capotamento em Mostardas - Rede Litoral RS\",\"isPartOf\":{\"@id\":\"https:\\\/\\\/redelitoralrs.com\\\/#website\"},\"primaryImageOfPage\":{\"@id\":\"https:\\\/\\\/redelitoralrs.com\\\/index.php\\\/2026\\\/04\\\/27\\\/acidente-na-rsc-101-mata-pescador-de-tramandai-apos-capotamento-em-mostardas\\\/#primaryimage\"},\"image\":{\"@id\":\"https:\\\/\\\/redelitoralrs.com\\\/index.php\\\/2026\\\/04\\\/27\\\/acidente-na-rsc-101-mata-pescador-de-tramandai-apos-capotamento-em-mostardas\\\/#primaryimage\"},\"thumbnailUrl\":\"https:\\\/\\\/redelitoralrs.com\\\/wp-content\\\/uploads\\\/2026\\\/04\\\/Acidente-na-RSC-101-mata-conhecido-pescador-de-Tramandai.webp\",\"datePublished\":\"2026-04-27T20:16:34+00:00\",\"breadcrumb\":{\"@id\":\"https:\\\/\\\/redelitoralrs.com\\\/index.php\\\/2026\\\/04\\\/27\\\/acidente-na-rsc-101-mata-pescador-de-tramandai-apos-capotamento-em-mostardas\\\/#breadcrumb\"},\"inLanguage\":\"pt-BR\",\"potentialAction\":[{\"@type\":\"ReadAction\",\"target\":[\"https:\\\/\\\/redelitoralrs.com\\\/index.php\\\/2026\\\/04\\\/27\\\/acidente-na-rsc-101-mata-pescador-de-tramandai-apos-capotamento-em-mostardas\\\/\"]}]},{\"@type\":\"ImageObject\",\"inLanguage\":\"pt-BR\",\"@id\":\"https:\\\/\\\/redelitoralrs.com\\\/index.php\\\/2026\\\/04\\\/27\\\/acidente-na-rsc-101-mata-pescador-de-tramandai-apos-capotamento-em-mostardas\\\/#primaryimage\",\"url\":\"https:\\\/\\\/redelitoralrs.com\\\/wp-content\\\/uploads\\\/2026\\\/04\\\/Acidente-na-RSC-101-mata-conhecido-pescador-de-Tramandai.webp\",\"contentUrl\":\"https:\\\/\\\/redelitoralrs.com\\\/wp-content\\\/uploads\\\/2026\\\/04\\\/Acidente-na-RSC-101-mata-conhecido-pescador-de-Tramandai.webp\",\"width\":1200,\"height\":675,\"caption\":\"Foto: Divulga\u00e7\u00e3o\\\/CBMRS\"},{\"@type\":\"BreadcrumbList\",\"@id\":\"https:\\\/\\\/redelitoralrs.com\\\/index.php\\\/2026\\\/04\\\/27\\\/acidente-na-rsc-101-mata-pescador-de-tramandai-apos-capotamento-em-mostardas\\\/#breadcrumb\",\"itemListElement\":[{\"@type\":\"ListItem\",\"position\":1,\"name\":\"In\u00edcio\",\"item\":\"https:\\\/\\\/redelitoralrs.com\\\/\"},{\"@type\":\"ListItem\",\"position\":2,\"name\":\"Acidente na RSC-101 mata pescador de Tramanda\u00ed ap\u00f3s capotamento em Mostardas\"}]},{\"@type\":\"WebSite\",\"@id\":\"https:\\\/\\\/redelitoralrs.com\\\/#website\",\"url\":\"https:\\\/\\\/redelitoralrs.com\\\/\",\"name\":\"TV Litoral\",\"description\":\"Acompanhe tudo do litoral ga\u00facho com a cobertura completa e atualizada da Rede Litoral RS. Nossos jornalistas trazem as \u00faltimas not\u00edcias, os acontecimentos mais quentes e as hist\u00f3rias que importam sobre nosso amado litoral.\",\"publisher\":{\"@id\":\"https:\\\/\\\/redelitoralrs.com\\\/#organization\"},\"potentialAction\":[{\"@type\":\"SearchAction\",\"target\":{\"@type\":\"EntryPoint\",\"urlTemplate\":\"https:\\\/\\\/redelitoralrs.com\\\/?s={search_term_string}\"},\"query-input\":{\"@type\":\"PropertyValueSpecification\",\"valueRequired\":true,\"valueName\":\"search_term_string\"}}],\"inLanguage\":\"pt-BR\"},{\"@type\":\"Organization\",\"@id\":\"https:\\\/\\\/redelitoralrs.com\\\/#organization\",\"name\":\"TV Litoral\",\"url\":\"https:\\\/\\\/redelitoralrs.com\\\/\",\"logo\":{\"@type\":\"ImageObject\",\"inLanguage\":\"pt-BR\",\"@id\":\"https:\\\/\\\/redelitoralrs.com\\\/#\\\/schema\\\/logo\\\/image\\\/\",\"url\":\"https:\\\/\\\/redelitoralrs.com\\\/wp-content\\\/uploads\\\/2024\\\/01\\\/faviconicon-1-1.png\",\"contentUrl\":\"https:\\\/\\\/redelitoralrs.com\\\/wp-content\\\/uploads\\\/2024\\\/01\\\/faviconicon-1-1.png\",\"width\":454,\"height\":454,\"caption\":\"TV Litoral\"},\"image\":{\"@id\":\"https:\\\/\\\/redelitoralrs.com\\\/#\\\/schema\\\/logo\\\/image\\\/\"},\"sameAs\":[\"https:\\\/\\\/www.facebook.com\\\/tvlitoralrsoficial\",\"https:\\\/\\\/www.instagram.com\\\/tvlitoral.rs\"]},{\"@type\":\"Person\",\"@id\":\"https:\\\/\\\/redelitoralrs.com\\\/#\\\/schema\\\/person\\\/9f8181f2a7359dd3986f05ebaf5bd68a\",\"name\":\"Reda\u00e7\u00e3o TV Litoral\",\"image\":{\"@type\":\"ImageObject\",\"inLanguage\":\"pt-BR\",\"@id\":\"https:\\\/\\\/redelitoralrs.com\\\/wp-content\\\/litespeed\\\/avatar\\\/779aafbb45e66c7f82733e21abb48259.jpg?ver=1776956734\",\"url\":\"https:\\\/\\\/redelitoralrs.com\\\/wp-content\\\/litespeed\\\/avatar\\\/779aafbb45e66c7f82733e21abb48259.jpg?ver=1776956734\",\"contentUrl\":\"https:\\\/\\\/redelitoralrs.com\\\/wp-content\\\/litespeed\\\/avatar\\\/779aafbb45e66c7f82733e21abb48259.jpg?ver=1776956734\",\"caption\":\"Reda\u00e7\u00e3o TV Litoral\"},\"description\":\"A Rede Litoral de Comunica\u00e7\u00e3o \u00e9 um grupo de m\u00eddia multiplataforma do Litoral Norte do RS. Com atua\u00e7\u00e3o em TV, r\u00e1dio, portal e redes sociais, levamos informa\u00e7\u00e3o, conte\u00fado e entretenimento \u00e0 comunidade, fortalecendo a comunica\u00e7\u00e3o local e impulsionando o desenvolvimento regional. Acompanhe atrav\u00e9s de @redelitoralrs.\",\"sameAs\":[\"https:\\\/\\\/redelitoralrs.com\",\"https:\\\/\\\/www.instagram.com\\\/redelitoralrs\",\"https:\\\/\\\/www.youtube.com\\\/@redelitoralrs\"],\"url\":\"https:\\\/\\\/redelitoralrs.com\\\/index.php\\\/author\\\/redacaotvlitoral\\\/\"}]}<\/script>\n<!-- \/ Yoast SEO plugin. -->","yoast_head_json":{"title":"Acidente na RSC-101 mata pescador de Tramanda\u00ed ap\u00f3s capotamento em Mostardas - Rede Litoral RS","robots":{"index":"index","follow":"follow","max-snippet":"max-snippet:-1","max-image-preview":"max-image-preview:large","max-video-preview":"max-video-preview:-1"},"canonical":"https:\/\/redelitoralrs.com\/index.php\/2026\/04\/27\/acidente-na-rsc-101-mata-pescador-de-tramandai-apos-capotamento-em-mostardas\/","og_locale":"pt_BR","og_type":"article","og_title":"Acidente na RSC-101 mata pescador de Tramanda\u00ed ap\u00f3s capotamento em Mostardas - Rede Litoral RS","og_description":"Um grave acidente de tr\u00e2nsito na RSC-101 resultou na morte de um pescador e comerciante de Tramanda\u00ed na noite deste domingo (27). A v\u00edtima foi identificada como Diego Cunha de Oliveira, de 35 anos, conhecido na comunidade como \u201cBig Lu\u201d. O acidente ocorreu por volta das 20h, no km 218 da rodovia, na localidade de [&hellip;]","og_url":"https:\/\/redelitoralrs.com\/index.php\/2026\/04\/27\/acidente-na-rsc-101-mata-pescador-de-tramandai-apos-capotamento-em-mostardas\/","og_site_name":"Rede Litoral RS","article_publisher":"https:\/\/www.facebook.com\/tvlitoralrsoficial","article_published_time":"2026-04-27T20:16:34+00:00","og_image":[{"width":1200,"height":675,"url":"https:\/\/redelitoralrs.com\/wp-content\/uploads\/2026\/04\/Acidente-na-RSC-101-mata-conhecido-pescador-de-Tramandai.webp","type":"image\/webp"}],"author":"Reda\u00e7\u00e3o TV Litoral","twitter_card":"summary_large_image","twitter_misc":{"Escrito por":"Reda\u00e7\u00e3o TV Litoral","Est. tempo de leitura":"2 minutos"},"schema":{"@context":"https:\/\/schema.org","@graph":[{"@type":"Article","@id":"https:\/\/redelitoralrs.com\/index.php\/2026\/04\/27\/acidente-na-rsc-101-mata-pescador-de-tramandai-apos-capotamento-em-mostardas\/#article","isPartOf":{"@id":"https:\/\/redelitoralrs.com\/index.php\/2026\/04\/27\/acidente-na-rsc-101-mata-pescador-de-tramandai-apos-capotamento-em-mostardas\/"},"author":{"name":"Reda\u00e7\u00e3o TV Litoral","@id":"https:\/\/redelitoralrs.com\/#\/schema\/person\/9f8181f2a7359dd3986f05ebaf5bd68a"},"headline":"Acidente na RSC-101 mata pescador de Tramanda\u00ed ap\u00f3s capotamento em Mostardas","datePublished":"2026-04-27T20:16:34+00:00","mainEntityOfPage":{"@id":"https:\/\/redelitoralrs.com\/index.php\/2026\/04\/27\/acidente-na-rsc-101-mata-pescador-de-tramandai-apos-capotamento-em-mostardas\/"},"wordCount":256,"commentCount":0,"publisher":{"@id":"https:\/\/redelitoralrs.com\/#organization"},"image":{"@id":"https:\/\/redelitoralrs.com\/index.php\/2026\/04\/27\/acidente-na-rsc-101-mata-pescador-de-tramandai-apos-capotamento-em-mostardas\/#primaryimage"},"thumbnailUrl":"https:\/\/redelitoralrs.com\/wp-content\/uploads\/2026\/04\/Acidente-na-RSC-101-mata-conhecido-pescador-de-Tramandai.webp","articleSection":["Mostardas","Pol\u00edcia","\u00daltimas not\u00edcias"],"inLanguage":"pt-BR","potentialAction":[{"@type":"CommentAction","name":"Comment","target":["https:\/\/redelitoralrs.com\/index.php\/2026\/04\/27\/acidente-na-rsc-101-mata-pescador-de-tramandai-apos-capotamento-em-mostardas\/#respond"]}]},{"@type":"WebPage","@id":"https:\/\/redelitoralrs.com\/index.php\/2026\/04\/27\/acidente-na-rsc-101-mata-pescador-de-tramandai-apos-capotamento-em-mostardas\/","url":"https:\/\/redelitoralrs.com\/index.php\/2026\/04\/27\/acidente-na-rsc-101-mata-pescador-de-tramandai-apos-capotamento-em-mostardas\/","name":"Acidente na RSC-101 mata pescador de Tramanda\u00ed ap\u00f3s capotamento em Mostardas - Rede Litoral RS","isPartOf":{"@id":"https:\/\/redelitoralrs.com\/#website"},"primaryImageOfPage":{"@id":"https:\/\/redelitoralrs.com\/index.php\/2026\/04\/27\/acidente-na-rsc-101-mata-pescador-de-tramandai-apos-capotamento-em-mostardas\/#primaryimage"},"image":{"@id":"https:\/\/redelitoralrs.com\/index.php\/2026\/04\/27\/acidente-na-rsc-101-mata-pescador-de-tramandai-apos-capotamento-em-mostardas\/#primaryimage"},"thumbnailUrl":"https:\/\/redelitoralrs.com\/wp-content\/uploads\/2026\/04\/Acidente-na-RSC-101-mata-conhecido-pescador-de-Tramandai.webp","datePublished":"2026-04-27T20:16:34+00:00","breadcrumb":{"@id":"https:\/\/redelitoralrs.com\/index.php\/2026\/04\/27\/acidente-na-rsc-101-mata-pescador-de-tramandai-apos-capotamento-em-mostardas\/#breadcrumb"},"inLanguage":"pt-BR","potentialAction":[{"@type":"ReadAction","target":["https:\/\/redelitoralrs.com\/index.php\/2026\/04\/27\/acidente-na-rsc-101-mata-pescador-de-tramandai-apos-capotamento-em-mostardas\/"]}]},{"@type":"ImageObject","inLanguage":"pt-BR","@id":"https:\/\/redelitoralrs.com\/index.php\/2026\/04\/27\/acidente-na-rsc-101-mata-pescador-de-tramandai-apos-capotamento-em-mostardas\/#primaryimage","url":"https:\/\/redelitoralrs.com\/wp-content\/uploads\/2026\/04\/Acidente-na-RSC-101-mata-conhecido-pescador-de-Tramandai.webp","contentUrl":"https:\/\/redelitoralrs.com\/wp-content\/uploads\/2026\/04\/Acidente-na-RSC-101-mata-conhecido-pescador-de-Tramandai.webp","width":1200,"height":675,"caption":"Foto: Divulga\u00e7\u00e3o\/CBMRS"},{"@type":"BreadcrumbList","@id":"https:\/\/redelitoralrs.com\/index.php\/2026\/04\/27\/acidente-na-rsc-101-mata-pescador-de-tramandai-apos-capotamento-em-mostardas\/#breadcrumb","itemListElement":[{"@type":"ListItem","position":1,"name":"In\u00edcio","item":"https:\/\/redelitoralrs.com\/"},{"@type":"ListItem","position":2,"name":"Acidente na RSC-101 mata pescador de Tramanda\u00ed ap\u00f3s capotamento em Mostardas"}]},{"@type":"WebSite","@id":"https:\/\/redelitoralrs.com\/#website","url":"https:\/\/redelitoralrs.com\/","name":"TV Litoral","description":"Acompanhe tudo do litoral ga\u00facho com a cobertura completa e atualizada da Rede Litoral RS. Nossos jornalistas trazem as \u00faltimas not\u00edcias, os acontecimentos mais quentes e as hist\u00f3rias que importam sobre nosso amado litoral.","publisher":{"@id":"https:\/\/redelitoralrs.com\/#organization"},"potentialAction":[{"@type":"SearchAction","target":{"@type":"EntryPoint","urlTemplate":"https:\/\/redelitoralrs.com\/?s={search_term_string}"},"query-input":{"@type":"PropertyValueSpecification","valueRequired":true,"valueName":"search_term_string"}}],"inLanguage":"pt-BR"},{"@type":"Organization","@id":"https:\/\/redelitoralrs.com\/#organization","name":"TV Litoral","url":"https:\/\/redelitoralrs.com\/","logo":{"@type":"ImageObject","inLanguage":"pt-BR","@id":"https:\/\/redelitoralrs.com\/#\/schema\/logo\/image\/","url":"https:\/\/redelitoralrs.com\/wp-content\/uploads\/2024\/01\/faviconicon-1-1.png","contentUrl":"https:\/\/redelitoralrs.com\/wp-content\/uploads\/2024\/01\/faviconicon-1-1.png","width":454,"height":454,"caption":"TV Litoral"},"image":{"@id":"https:\/\/redelitoralrs.com\/#\/schema\/logo\/image\/"},"sameAs":["https:\/\/www.facebook.com\/tvlitoralrsoficial","https:\/\/www.instagram.com\/tvlitoral.rs"]},{"@type":"Person","@id":"https:\/\/redelitoralrs.com\/#\/schema\/person\/9f8181f2a7359dd3986f05ebaf5bd68a","name":"Reda\u00e7\u00e3o TV Litoral","image":{"@type":"ImageObject","inLanguage":"pt-BR","@id":"https:\/\/redelitoralrs.com\/wp-content\/litespeed\/avatar\/779aafbb45e66c7f82733e21abb48259.jpg?ver=1776956734","url":"https:\/\/redelitoralrs.com\/wp-content\/litespeed\/avatar\/779aafbb45e66c7f82733e21abb48259.jpg?ver=1776956734","contentUrl":"https:\/\/redelitoralrs.com\/wp-content\/litespeed\/avatar\/779aafbb45e66c7f82733e21abb48259.jpg?ver=1776956734","caption":"Reda\u00e7\u00e3o TV Litoral"},"description":"A Rede Litoral de Comunica\u00e7\u00e3o \u00e9 um grupo de m\u00eddia multiplataforma do Litoral Norte do RS. Com atua\u00e7\u00e3o em TV, r\u00e1dio, portal e redes sociais, levamos informa\u00e7\u00e3o, conte\u00fado e entretenimento \u00e0 comunidade, fortalecendo a comunica\u00e7\u00e3o local e impulsionando o desenvolvimento regional. Acompanhe atrav\u00e9s de @redelitoralrs.","sameAs":["https:\/\/redelitoralrs.com","https:\/\/www.instagram.com\/redelitoralrs","https:\/\/www.youtube.com\/@redelitoralrs"],"url":"https:\/\/redelitoralrs.com\/index.php\/author\/redacaotvlitoral\/"}]}},"_links":{"self":[{"href":"https:\/\/redelitoralrs.com\/index.php\/wp-json\/wp\/v2\/posts\/24786","targetHints":{"allow":["GET"]}}],"collection":[{"href":"https:\/\/redelitoralrs.com\/index.php\/wp-json\/wp\/v2\/posts"}],"about":[{"href":"https:\/\/redelitoralrs.com\/index.php\/wp-json\/wp\/v2\/types\/post"}],"author":[{"embeddable":true,"href":"https:\/\/redelitoralrs.com\/index.php\/wp-json\/wp\/v2\/users\/2"}],"replies":[{"embeddable":true,"href":"https:\/\/redelitoralrs.com\/index.php\/wp-json\/wp\/v2\/comments?post=24786"}],"version-history":[{"count":1,"href":"https:\/\/redelitoralrs.com\/index.php\/wp-json\/wp\/v2\/posts\/24786\/revisions"}],"predecessor-version":[{"id":24788,"href":"https:\/\/redelitoralrs.com\/index.php\/wp-json\/wp\/v2\/posts\/24786\/revisions\/24788"}],"wp:featuredmedia":[{"embeddable":true,"href":"https:\/\/redelitoralrs.com\/index.php\/wp-json\/wp\/v2\/media\/24787"}],"wp:attachment":[{"href":"https:\/\/redelitoralrs.com\/index.php\/wp-json\/wp\/v2\/media?parent=24786"}],"wp:term":[{"taxonomy":"category","embeddable":true,"href":"https:\/\/redelitoralrs.com\/index.php\/wp-json\/wp\/v2\/categories?post=24786"},{"taxonomy":"post_tag","embeddable":true,"href":"https:\/\/redelitoralrs.com\/index.php\/wp-json\/wp\/v2\/tags?post=24786"}],"curies":[{"name":"wp","href":"https:\/\/api.w.org\/{rel}","templated":true}]}}