{"id":24783,"date":"2026-04-27T17:05:14","date_gmt":"2026-04-27T20:05:14","guid":{"rendered":"https:\/\/redelitoralrs.com\/?p=24783"},"modified":"2026-04-27T17:05:15","modified_gmt":"2026-04-27T20:05:15","slug":"queniano-faz-historia-e-quebra-barreira-das-2-horas-na-maratona-de-londres-com-novo-recorde-mundial","status":"publish","type":"post","link":"https:\/\/redelitoralrs.com\/index.php\/2026\/04\/27\/queniano-faz-historia-e-quebra-barreira-das-2-horas-na-maratona-de-londres-com-novo-recorde-mundial\/","title":{"rendered":"Queniano faz hist\u00f3ria e quebra barreira das 2 horas na Maratona de Londres com novo recorde mundial"},"content":{"rendered":"\n<p>O atleta Sebastian Sawe entrou para a hist\u00f3ria do atletismo mundial ao vencer a Maratona de Londres com o tempo de 1h59min30s, tornando-se o primeiro corredor a completar uma maratona oficial abaixo das duas horas. O feito in\u00e9dito ocorreu neste domingo (26) e estabelece um novo recorde mundial na prova.<\/p>\n\n\n\n<p>Al\u00e9m da marca hist\u00f3rica de Sawe, o desempenho da elite masculina chamou aten\u00e7\u00e3o pelo alto n\u00edvel t\u00e9cnico. O et\u00edope Yomif Kejelcha terminou na segunda coloca\u00e7\u00e3o com 1h59min41s, tamb\u00e9m abaixo da barreira das duas horas. J\u00e1 o ugandense Jacob Kiplimo completou o p\u00f3dio com o tempo de 2h00min28s.<\/p>\n\n\n\n<p>A nova marca supera o antigo recorde mundial de 2h00min35s, que pertencia a Kelvin Kiptum, e consolida uma nova era na modalidade. Aos 30 anos, Sawe soma agora quatro vit\u00f3rias consecutivas em maratonas, incluindo o bicampeonato em Londres.<\/p>\n\n\n\n<p>O desempenho dos atletas foi impulsionado por um ritmo intenso desde os primeiros quil\u00f4metros, culminando em uma disputa acirrada na reta final. A prova, considerada uma das mais tradicionais do calend\u00e1rio internacional, reuniu mais de 50 mil corredores e percorreu pontos emblem\u00e1ticos da capital inglesa.<\/p>\n\n\n\n<p>O resultado foi amplamente celebrado por nomes hist\u00f3ricos do esporte, como Eliud Kipchoge, que destacou o avan\u00e7o do atletismo e classificou o momento como um marco para a evolu\u00e7\u00e3o das maratonas.<\/p>\n\n\n\n<p>A quebra da chamada \u201cbarreira das duas horas\u201d em competi\u00e7\u00e3o oficial representa um dos maiores feitos j\u00e1 registrados no esporte e refor\u00e7a o avan\u00e7o do desempenho humano em provas de resist\u00eancia.<\/p>\n","protected":false},"excerpt":{"rendered":"<p>O atleta Sebastian Sawe entrou para a hist\u00f3ria do atletismo mundial ao vencer a Maratona de Londres com o tempo de 1h59min30s, tornando-se o primeiro corredor a completar uma maratona oficial abaixo das duas horas. O feito in\u00e9dito ocorreu neste domingo (26) e estabelece um novo recorde mundial na prova. Al\u00e9m da marca hist\u00f3rica de [&hellip;]<\/p>\n","protected":false},"author":2,"featured_media":24784,"comment_status":"open","ping_status":"open","sticky":false,"template":"","format":"standard","meta":{"_themeisle_gutenberg_block_has_review":false,"footnotes":""},"categories":[14,15],"tags":[],"class_list":["post-24783","post","type-post","status-publish","format-standard","has-post-thumbnail","hentry","category-esportes","category-noticias"],"yoast_head":"<!-- This site is optimized with the Yoast SEO plugin v27.4 - https:\/\/yoast.com\/product\/yoast-seo-wordpress\/ -->\n<title>Queniano faz hist\u00f3ria e quebra barreira das 2 horas na Maratona de Londres com novo recorde mundial - Rede Litoral RS<\/title>\n<meta name=\"robots\" content=\"index, follow, max-snippet:-1, max-image-preview:large, max-video-preview:-1\" \/>\n<link rel=\"canonical\" href=\"https:\/\/redelitoralrs.com\/index.php\/2026\/04\/27\/queniano-faz-historia-e-quebra-barreira-das-2-horas-na-maratona-de-londres-com-novo-recorde-mundial\/\" \/>\n<meta property=\"og:locale\" content=\"pt_BR\" \/>\n<meta property=\"og:type\" content=\"article\" \/>\n<meta property=\"og:title\" content=\"Queniano faz hist\u00f3ria e quebra barreira das 2 horas na Maratona de Londres com novo recorde mundial - Rede Litoral RS\" \/>\n<meta property=\"og:description\" content=\"O atleta Sebastian Sawe entrou para a hist\u00f3ria do atletismo mundial ao vencer a Maratona de Londres com o tempo de 1h59min30s, tornando-se o primeiro corredor a completar uma maratona oficial abaixo das duas horas. O feito in\u00e9dito ocorreu neste domingo (26) e estabelece um novo recorde mundial na prova. Al\u00e9m da marca hist\u00f3rica de [&hellip;]\" \/>\n<meta property=\"og:url\" content=\"https:\/\/redelitoralrs.com\/index.php\/2026\/04\/27\/queniano-faz-historia-e-quebra-barreira-das-2-horas-na-maratona-de-londres-com-novo-recorde-mundial\/\" \/>\n<meta property=\"og:site_name\" content=\"Rede Litoral RS\" \/>\n<meta property=\"article:publisher\" content=\"https:\/\/www.facebook.com\/tvlitoralrsoficial\" \/>\n<meta property=\"article:published_time\" content=\"2026-04-27T20:05:14+00:00\" \/>\n<meta property=\"article:modified_time\" content=\"2026-04-27T20:05:15+00:00\" \/>\n<meta name=\"author\" content=\"Reda\u00e7\u00e3o TV Litoral\" \/>\n<meta name=\"twitter:card\" content=\"summary_large_image\" \/>\n<meta name=\"twitter:label1\" content=\"Escrito por\" \/>\n\t<meta name=\"twitter:data1\" content=\"Reda\u00e7\u00e3o TV Litoral\" \/>\n\t<meta name=\"twitter:label2\" content=\"Est. tempo de leitura\" \/>\n\t<meta name=\"twitter:data2\" content=\"2 minutos\" \/>\n<script type=\"application\/ld+json\" class=\"yoast-schema-graph\">{\"@context\":\"https:\\\/\\\/schema.org\",\"@graph\":[{\"@type\":\"Article\",\"@id\":\"https:\\\/\\\/redelitoralrs.com\\\/index.php\\\/2026\\\/04\\\/27\\\/queniano-faz-historia-e-quebra-barreira-das-2-horas-na-maratona-de-londres-com-novo-recorde-mundial\\\/#article\",\"isPartOf\":{\"@id\":\"https:\\\/\\\/redelitoralrs.com\\\/index.php\\\/2026\\\/04\\\/27\\\/queniano-faz-historia-e-quebra-barreira-das-2-horas-na-maratona-de-londres-com-novo-recorde-mundial\\\/\"},\"author\":{\"name\":\"Reda\u00e7\u00e3o TV Litoral\",\"@id\":\"https:\\\/\\\/redelitoralrs.com\\\/#\\\/schema\\\/person\\\/9f8181f2a7359dd3986f05ebaf5bd68a\"},\"headline\":\"Queniano faz hist\u00f3ria e quebra barreira das 2 horas na Maratona de Londres com novo recorde mundial\",\"datePublished\":\"2026-04-27T20:05:14+00:00\",\"dateModified\":\"2026-04-27T20:05:15+00:00\",\"mainEntityOfPage\":{\"@id\":\"https:\\\/\\\/redelitoralrs.com\\\/index.php\\\/2026\\\/04\\\/27\\\/queniano-faz-historia-e-quebra-barreira-das-2-horas-na-maratona-de-londres-com-novo-recorde-mundial\\\/\"},\"wordCount\":286,\"commentCount\":0,\"publisher\":{\"@id\":\"https:\\\/\\\/redelitoralrs.com\\\/#organization\"},\"image\":{\"@id\":\"https:\\\/\\\/redelitoralrs.com\\\/index.php\\\/2026\\\/04\\\/27\\\/queniano-faz-historia-e-quebra-barreira-das-2-horas-na-maratona-de-londres-com-novo-recorde-mundial\\\/#primaryimage\"},\"thumbnailUrl\":\"https:\\\/\\\/redelitoralrs.com\\\/wp-content\\\/uploads\\\/2026\\\/04\\\/gettyimages-2273201657.avif\",\"articleSection\":[\"Esportes\",\"\u00daltimas not\u00edcias\"],\"inLanguage\":\"pt-BR\",\"potentialAction\":[{\"@type\":\"CommentAction\",\"name\":\"Comment\",\"target\":[\"https:\\\/\\\/redelitoralrs.com\\\/index.php\\\/2026\\\/04\\\/27\\\/queniano-faz-historia-e-quebra-barreira-das-2-horas-na-maratona-de-londres-com-novo-recorde-mundial\\\/#respond\"]}]},{\"@type\":\"WebPage\",\"@id\":\"https:\\\/\\\/redelitoralrs.com\\\/index.php\\\/2026\\\/04\\\/27\\\/queniano-faz-historia-e-quebra-barreira-das-2-horas-na-maratona-de-londres-com-novo-recorde-mundial\\\/\",\"url\":\"https:\\\/\\\/redelitoralrs.com\\\/index.php\\\/2026\\\/04\\\/27\\\/queniano-faz-historia-e-quebra-barreira-das-2-horas-na-maratona-de-londres-com-novo-recorde-mundial\\\/\",\"name\":\"Queniano faz hist\u00f3ria e quebra barreira das 2 horas na Maratona de Londres com novo recorde mundial - Rede Litoral RS\",\"isPartOf\":{\"@id\":\"https:\\\/\\\/redelitoralrs.com\\\/#website\"},\"primaryImageOfPage\":{\"@id\":\"https:\\\/\\\/redelitoralrs.com\\\/index.php\\\/2026\\\/04\\\/27\\\/queniano-faz-historia-e-quebra-barreira-das-2-horas-na-maratona-de-londres-com-novo-recorde-mundial\\\/#primaryimage\"},\"image\":{\"@id\":\"https:\\\/\\\/redelitoralrs.com\\\/index.php\\\/2026\\\/04\\\/27\\\/queniano-faz-historia-e-quebra-barreira-das-2-horas-na-maratona-de-londres-com-novo-recorde-mundial\\\/#primaryimage\"},\"thumbnailUrl\":\"https:\\\/\\\/redelitoralrs.com\\\/wp-content\\\/uploads\\\/2026\\\/04\\\/gettyimages-2273201657.avif\",\"datePublished\":\"2026-04-27T20:05:14+00:00\",\"dateModified\":\"2026-04-27T20:05:15+00:00\",\"breadcrumb\":{\"@id\":\"https:\\\/\\\/redelitoralrs.com\\\/index.php\\\/2026\\\/04\\\/27\\\/queniano-faz-historia-e-quebra-barreira-das-2-horas-na-maratona-de-londres-com-novo-recorde-mundial\\\/#breadcrumb\"},\"inLanguage\":\"pt-BR\",\"potentialAction\":[{\"@type\":\"ReadAction\",\"target\":[\"https:\\\/\\\/redelitoralrs.com\\\/index.php\\\/2026\\\/04\\\/27\\\/queniano-faz-historia-e-quebra-barreira-das-2-horas-na-maratona-de-londres-com-novo-recorde-mundial\\\/\"]}]},{\"@type\":\"ImageObject\",\"inLanguage\":\"pt-BR\",\"@id\":\"https:\\\/\\\/redelitoralrs.com\\\/index.php\\\/2026\\\/04\\\/27\\\/queniano-faz-historia-e-quebra-barreira-das-2-horas-na-maratona-de-londres-com-novo-recorde-mundial\\\/#primaryimage\",\"url\":\"https:\\\/\\\/redelitoralrs.com\\\/wp-content\\\/uploads\\\/2026\\\/04\\\/gettyimages-2273201657.avif\",\"contentUrl\":\"https:\\\/\\\/redelitoralrs.com\\\/wp-content\\\/uploads\\\/2026\\\/04\\\/gettyimages-2273201657.avif\",\"width\":984,\"height\":703,\"caption\":\"Foto: Alex Davidson\\\/Getty Images\"},{\"@type\":\"BreadcrumbList\",\"@id\":\"https:\\\/\\\/redelitoralrs.com\\\/index.php\\\/2026\\\/04\\\/27\\\/queniano-faz-historia-e-quebra-barreira-das-2-horas-na-maratona-de-londres-com-novo-recorde-mundial\\\/#breadcrumb\",\"itemListElement\":[{\"@type\":\"ListItem\",\"position\":1,\"name\":\"In\u00edcio\",\"item\":\"https:\\\/\\\/redelitoralrs.com\\\/\"},{\"@type\":\"ListItem\",\"position\":2,\"name\":\"Queniano faz hist\u00f3ria e quebra barreira das 2 horas na Maratona de Londres com novo recorde mundial\"}]},{\"@type\":\"WebSite\",\"@id\":\"https:\\\/\\\/redelitoralrs.com\\\/#website\",\"url\":\"https:\\\/\\\/redelitoralrs.com\\\/\",\"name\":\"TV Litoral\",\"description\":\"Acompanhe tudo do litoral ga\u00facho com a cobertura completa e atualizada da Rede Litoral RS. Nossos jornalistas trazem as \u00faltimas not\u00edcias, os acontecimentos mais quentes e as hist\u00f3rias que importam sobre nosso amado litoral.\",\"publisher\":{\"@id\":\"https:\\\/\\\/redelitoralrs.com\\\/#organization\"},\"potentialAction\":[{\"@type\":\"SearchAction\",\"target\":{\"@type\":\"EntryPoint\",\"urlTemplate\":\"https:\\\/\\\/redelitoralrs.com\\\/?s={search_term_string}\"},\"query-input\":{\"@type\":\"PropertyValueSpecification\",\"valueRequired\":true,\"valueName\":\"search_term_string\"}}],\"inLanguage\":\"pt-BR\"},{\"@type\":\"Organization\",\"@id\":\"https:\\\/\\\/redelitoralrs.com\\\/#organization\",\"name\":\"TV Litoral\",\"url\":\"https:\\\/\\\/redelitoralrs.com\\\/\",\"logo\":{\"@type\":\"ImageObject\",\"inLanguage\":\"pt-BR\",\"@id\":\"https:\\\/\\\/redelitoralrs.com\\\/#\\\/schema\\\/logo\\\/image\\\/\",\"url\":\"https:\\\/\\\/redelitoralrs.com\\\/wp-content\\\/uploads\\\/2024\\\/01\\\/faviconicon-1-1.png\",\"contentUrl\":\"https:\\\/\\\/redelitoralrs.com\\\/wp-content\\\/uploads\\\/2024\\\/01\\\/faviconicon-1-1.png\",\"width\":454,\"height\":454,\"caption\":\"TV Litoral\"},\"image\":{\"@id\":\"https:\\\/\\\/redelitoralrs.com\\\/#\\\/schema\\\/logo\\\/image\\\/\"},\"sameAs\":[\"https:\\\/\\\/www.facebook.com\\\/tvlitoralrsoficial\",\"https:\\\/\\\/www.instagram.com\\\/tvlitoral.rs\"]},{\"@type\":\"Person\",\"@id\":\"https:\\\/\\\/redelitoralrs.com\\\/#\\\/schema\\\/person\\\/9f8181f2a7359dd3986f05ebaf5bd68a\",\"name\":\"Reda\u00e7\u00e3o TV Litoral\",\"image\":{\"@type\":\"ImageObject\",\"inLanguage\":\"pt-BR\",\"@id\":\"https:\\\/\\\/redelitoralrs.com\\\/wp-content\\\/litespeed\\\/avatar\\\/779aafbb45e66c7f82733e21abb48259.jpg?ver=1776956734\",\"url\":\"https:\\\/\\\/redelitoralrs.com\\\/wp-content\\\/litespeed\\\/avatar\\\/779aafbb45e66c7f82733e21abb48259.jpg?ver=1776956734\",\"contentUrl\":\"https:\\\/\\\/redelitoralrs.com\\\/wp-content\\\/litespeed\\\/avatar\\\/779aafbb45e66c7f82733e21abb48259.jpg?ver=1776956734\",\"caption\":\"Reda\u00e7\u00e3o TV Litoral\"},\"description\":\"A Rede Litoral de Comunica\u00e7\u00e3o \u00e9 um grupo de m\u00eddia multiplataforma do Litoral Norte do RS. Com atua\u00e7\u00e3o em TV, r\u00e1dio, portal e redes sociais, levamos informa\u00e7\u00e3o, conte\u00fado e entretenimento \u00e0 comunidade, fortalecendo a comunica\u00e7\u00e3o local e impulsionando o desenvolvimento regional. Acompanhe atrav\u00e9s de @redelitoralrs.\",\"sameAs\":[\"https:\\\/\\\/redelitoralrs.com\",\"https:\\\/\\\/www.instagram.com\\\/redelitoralrs\",\"https:\\\/\\\/www.youtube.com\\\/@redelitoralrs\"],\"url\":\"https:\\\/\\\/redelitoralrs.com\\\/index.php\\\/author\\\/redacaotvlitoral\\\/\"}]}<\/script>\n<!-- \/ Yoast SEO plugin. -->","yoast_head_json":{"title":"Queniano faz hist\u00f3ria e quebra barreira das 2 horas na Maratona de Londres com novo recorde mundial - Rede Litoral RS","robots":{"index":"index","follow":"follow","max-snippet":"max-snippet:-1","max-image-preview":"max-image-preview:large","max-video-preview":"max-video-preview:-1"},"canonical":"https:\/\/redelitoralrs.com\/index.php\/2026\/04\/27\/queniano-faz-historia-e-quebra-barreira-das-2-horas-na-maratona-de-londres-com-novo-recorde-mundial\/","og_locale":"pt_BR","og_type":"article","og_title":"Queniano faz hist\u00f3ria e quebra barreira das 2 horas na Maratona de Londres com novo recorde mundial - Rede Litoral RS","og_description":"O atleta Sebastian Sawe entrou para a hist\u00f3ria do atletismo mundial ao vencer a Maratona de Londres com o tempo de 1h59min30s, tornando-se o primeiro corredor a completar uma maratona oficial abaixo das duas horas. O feito in\u00e9dito ocorreu neste domingo (26) e estabelece um novo recorde mundial na prova. Al\u00e9m da marca hist\u00f3rica de [&hellip;]","og_url":"https:\/\/redelitoralrs.com\/index.php\/2026\/04\/27\/queniano-faz-historia-e-quebra-barreira-das-2-horas-na-maratona-de-londres-com-novo-recorde-mundial\/","og_site_name":"Rede Litoral RS","article_publisher":"https:\/\/www.facebook.com\/tvlitoralrsoficial","article_published_time":"2026-04-27T20:05:14+00:00","article_modified_time":"2026-04-27T20:05:15+00:00","author":"Reda\u00e7\u00e3o TV Litoral","twitter_card":"summary_large_image","twitter_misc":{"Escrito por":"Reda\u00e7\u00e3o TV Litoral","Est. tempo de leitura":"2 minutos"},"schema":{"@context":"https:\/\/schema.org","@graph":[{"@type":"Article","@id":"https:\/\/redelitoralrs.com\/index.php\/2026\/04\/27\/queniano-faz-historia-e-quebra-barreira-das-2-horas-na-maratona-de-londres-com-novo-recorde-mundial\/#article","isPartOf":{"@id":"https:\/\/redelitoralrs.com\/index.php\/2026\/04\/27\/queniano-faz-historia-e-quebra-barreira-das-2-horas-na-maratona-de-londres-com-novo-recorde-mundial\/"},"author":{"name":"Reda\u00e7\u00e3o TV Litoral","@id":"https:\/\/redelitoralrs.com\/#\/schema\/person\/9f8181f2a7359dd3986f05ebaf5bd68a"},"headline":"Queniano faz hist\u00f3ria e quebra barreira das 2 horas na Maratona de Londres com novo recorde mundial","datePublished":"2026-04-27T20:05:14+00:00","dateModified":"2026-04-27T20:05:15+00:00","mainEntityOfPage":{"@id":"https:\/\/redelitoralrs.com\/index.php\/2026\/04\/27\/queniano-faz-historia-e-quebra-barreira-das-2-horas-na-maratona-de-londres-com-novo-recorde-mundial\/"},"wordCount":286,"commentCount":0,"publisher":{"@id":"https:\/\/redelitoralrs.com\/#organization"},"image":{"@id":"https:\/\/redelitoralrs.com\/index.php\/2026\/04\/27\/queniano-faz-historia-e-quebra-barreira-das-2-horas-na-maratona-de-londres-com-novo-recorde-mundial\/#primaryimage"},"thumbnailUrl":"https:\/\/redelitoralrs.com\/wp-content\/uploads\/2026\/04\/gettyimages-2273201657.avif","articleSection":["Esportes","\u00daltimas not\u00edcias"],"inLanguage":"pt-BR","potentialAction":[{"@type":"CommentAction","name":"Comment","target":["https:\/\/redelitoralrs.com\/index.php\/2026\/04\/27\/queniano-faz-historia-e-quebra-barreira-das-2-horas-na-maratona-de-londres-com-novo-recorde-mundial\/#respond"]}]},{"@type":"WebPage","@id":"https:\/\/redelitoralrs.com\/index.php\/2026\/04\/27\/queniano-faz-historia-e-quebra-barreira-das-2-horas-na-maratona-de-londres-com-novo-recorde-mundial\/","url":"https:\/\/redelitoralrs.com\/index.php\/2026\/04\/27\/queniano-faz-historia-e-quebra-barreira-das-2-horas-na-maratona-de-londres-com-novo-recorde-mundial\/","name":"Queniano faz hist\u00f3ria e quebra barreira das 2 horas na Maratona de Londres com novo recorde mundial - Rede Litoral RS","isPartOf":{"@id":"https:\/\/redelitoralrs.com\/#website"},"primaryImageOfPage":{"@id":"https:\/\/redelitoralrs.com\/index.php\/2026\/04\/27\/queniano-faz-historia-e-quebra-barreira-das-2-horas-na-maratona-de-londres-com-novo-recorde-mundial\/#primaryimage"},"image":{"@id":"https:\/\/redelitoralrs.com\/index.php\/2026\/04\/27\/queniano-faz-historia-e-quebra-barreira-das-2-horas-na-maratona-de-londres-com-novo-recorde-mundial\/#primaryimage"},"thumbnailUrl":"https:\/\/redelitoralrs.com\/wp-content\/uploads\/2026\/04\/gettyimages-2273201657.avif","datePublished":"2026-04-27T20:05:14+00:00","dateModified":"2026-04-27T20:05:15+00:00","breadcrumb":{"@id":"https:\/\/redelitoralrs.com\/index.php\/2026\/04\/27\/queniano-faz-historia-e-quebra-barreira-das-2-horas-na-maratona-de-londres-com-novo-recorde-mundial\/#breadcrumb"},"inLanguage":"pt-BR","potentialAction":[{"@type":"ReadAction","target":["https:\/\/redelitoralrs.com\/index.php\/2026\/04\/27\/queniano-faz-historia-e-quebra-barreira-das-2-horas-na-maratona-de-londres-com-novo-recorde-mundial\/"]}]},{"@type":"ImageObject","inLanguage":"pt-BR","@id":"https:\/\/redelitoralrs.com\/index.php\/2026\/04\/27\/queniano-faz-historia-e-quebra-barreira-das-2-horas-na-maratona-de-londres-com-novo-recorde-mundial\/#primaryimage","url":"https:\/\/redelitoralrs.com\/wp-content\/uploads\/2026\/04\/gettyimages-2273201657.avif","contentUrl":"https:\/\/redelitoralrs.com\/wp-content\/uploads\/2026\/04\/gettyimages-2273201657.avif","width":984,"height":703,"caption":"Foto: Alex Davidson\/Getty Images"},{"@type":"BreadcrumbList","@id":"https:\/\/redelitoralrs.com\/index.php\/2026\/04\/27\/queniano-faz-historia-e-quebra-barreira-das-2-horas-na-maratona-de-londres-com-novo-recorde-mundial\/#breadcrumb","itemListElement":[{"@type":"ListItem","position":1,"name":"In\u00edcio","item":"https:\/\/redelitoralrs.com\/"},{"@type":"ListItem","position":2,"name":"Queniano faz hist\u00f3ria e quebra barreira das 2 horas na Maratona de Londres com novo recorde mundial"}]},{"@type":"WebSite","@id":"https:\/\/redelitoralrs.com\/#website","url":"https:\/\/redelitoralrs.com\/","name":"TV Litoral","description":"Acompanhe tudo do litoral ga\u00facho com a cobertura completa e atualizada da Rede Litoral RS. Nossos jornalistas trazem as \u00faltimas not\u00edcias, os acontecimentos mais quentes e as hist\u00f3rias que importam sobre nosso amado litoral.","publisher":{"@id":"https:\/\/redelitoralrs.com\/#organization"},"potentialAction":[{"@type":"SearchAction","target":{"@type":"EntryPoint","urlTemplate":"https:\/\/redelitoralrs.com\/?s={search_term_string}"},"query-input":{"@type":"PropertyValueSpecification","valueRequired":true,"valueName":"search_term_string"}}],"inLanguage":"pt-BR"},{"@type":"Organization","@id":"https:\/\/redelitoralrs.com\/#organization","name":"TV Litoral","url":"https:\/\/redelitoralrs.com\/","logo":{"@type":"ImageObject","inLanguage":"pt-BR","@id":"https:\/\/redelitoralrs.com\/#\/schema\/logo\/image\/","url":"https:\/\/redelitoralrs.com\/wp-content\/uploads\/2024\/01\/faviconicon-1-1.png","contentUrl":"https:\/\/redelitoralrs.com\/wp-content\/uploads\/2024\/01\/faviconicon-1-1.png","width":454,"height":454,"caption":"TV Litoral"},"image":{"@id":"https:\/\/redelitoralrs.com\/#\/schema\/logo\/image\/"},"sameAs":["https:\/\/www.facebook.com\/tvlitoralrsoficial","https:\/\/www.instagram.com\/tvlitoral.rs"]},{"@type":"Person","@id":"https:\/\/redelitoralrs.com\/#\/schema\/person\/9f8181f2a7359dd3986f05ebaf5bd68a","name":"Reda\u00e7\u00e3o TV Litoral","image":{"@type":"ImageObject","inLanguage":"pt-BR","@id":"https:\/\/redelitoralrs.com\/wp-content\/litespeed\/avatar\/779aafbb45e66c7f82733e21abb48259.jpg?ver=1776956734","url":"https:\/\/redelitoralrs.com\/wp-content\/litespeed\/avatar\/779aafbb45e66c7f82733e21abb48259.jpg?ver=1776956734","contentUrl":"https:\/\/redelitoralrs.com\/wp-content\/litespeed\/avatar\/779aafbb45e66c7f82733e21abb48259.jpg?ver=1776956734","caption":"Reda\u00e7\u00e3o TV Litoral"},"description":"A Rede Litoral de Comunica\u00e7\u00e3o \u00e9 um grupo de m\u00eddia multiplataforma do Litoral Norte do RS. Com atua\u00e7\u00e3o em TV, r\u00e1dio, portal e redes sociais, levamos informa\u00e7\u00e3o, conte\u00fado e entretenimento \u00e0 comunidade, fortalecendo a comunica\u00e7\u00e3o local e impulsionando o desenvolvimento regional. Acompanhe atrav\u00e9s de @redelitoralrs.","sameAs":["https:\/\/redelitoralrs.com","https:\/\/www.instagram.com\/redelitoralrs","https:\/\/www.youtube.com\/@redelitoralrs"],"url":"https:\/\/redelitoralrs.com\/index.php\/author\/redacaotvlitoral\/"}]}},"_links":{"self":[{"href":"https:\/\/redelitoralrs.com\/index.php\/wp-json\/wp\/v2\/posts\/24783","targetHints":{"allow":["GET"]}}],"collection":[{"href":"https:\/\/redelitoralrs.com\/index.php\/wp-json\/wp\/v2\/posts"}],"about":[{"href":"https:\/\/redelitoralrs.com\/index.php\/wp-json\/wp\/v2\/types\/post"}],"author":[{"embeddable":true,"href":"https:\/\/redelitoralrs.com\/index.php\/wp-json\/wp\/v2\/users\/2"}],"replies":[{"embeddable":true,"href":"https:\/\/redelitoralrs.com\/index.php\/wp-json\/wp\/v2\/comments?post=24783"}],"version-history":[{"count":1,"href":"https:\/\/redelitoralrs.com\/index.php\/wp-json\/wp\/v2\/posts\/24783\/revisions"}],"predecessor-version":[{"id":24785,"href":"https:\/\/redelitoralrs.com\/index.php\/wp-json\/wp\/v2\/posts\/24783\/revisions\/24785"}],"wp:featuredmedia":[{"embeddable":true,"href":"https:\/\/redelitoralrs.com\/index.php\/wp-json\/wp\/v2\/media\/24784"}],"wp:attachment":[{"href":"https:\/\/redelitoralrs.com\/index.php\/wp-json\/wp\/v2\/media?parent=24783"}],"wp:term":[{"taxonomy":"category","embeddable":true,"href":"https:\/\/redelitoralrs.com\/index.php\/wp-json\/wp\/v2\/categories?post=24783"},{"taxonomy":"post_tag","embeddable":true,"href":"https:\/\/redelitoralrs.com\/index.php\/wp-json\/wp\/v2\/tags?post=24783"}],"curies":[{"name":"wp","href":"https:\/\/api.w.org\/{rel}","templated":true}]}}