{"id":24777,"date":"2026-04-27T16:49:08","date_gmt":"2026-04-27T19:49:08","guid":{"rendered":"https:\/\/redelitoralrs.com\/?p=24777"},"modified":"2026-04-27T16:49:08","modified_gmt":"2026-04-27T19:49:08","slug":"acidente-em-pedagio-na-br-101-deixa-duas-mulheres-mortas-apos-colisao-com-carro-conduzido-por-adolescente","status":"publish","type":"post","link":"https:\/\/redelitoralrs.com\/index.php\/2026\/04\/27\/acidente-em-pedagio-na-br-101-deixa-duas-mulheres-mortas-apos-colisao-com-carro-conduzido-por-adolescente\/","title":{"rendered":"Acidente em ped\u00e1gio na BR-101 deixa duas mulheres mortas ap\u00f3s colis\u00e3o com carro conduzido por adolescente"},"content":{"rendered":"\n<p>Um grave acidente de tr\u00e2nsito resultou na morte de duas mulheres na noite de quinta-feira (23), na BR-101, em S\u00e3o Jo\u00e3o do Sul. O ve\u00edculo, com placas de Gravata\u00ed, era conduzido por um adolescente de 17 anos e colidiu contra a estrutura de uma pra\u00e7a de ped\u00e1gio.<\/p>\n\n\n\n<p>Segundo o Corpo de Bombeiros Militar de Santa Catarina, o carro atingiu a mureta que separa as cabines de cobran\u00e7a da pra\u00e7a administrada pela ViaCosteira, provocando um impacto de grande intensidade.<\/p>\n\n\n\n<p>Uma das v\u00edtimas, de 44 anos, que estava no banco traseiro, morreu ainda no local. A segunda mulher chegou a ser socorrida e encaminhada ao Hospital Dom Joaquim, em Sombrio, mas n\u00e3o resistiu aos ferimentos.<\/p>\n\n\n\n<p>Quando as equipes de resgate chegaram, o motorista e uma das passageiras j\u00e1 recebiam atendimento. O adolescente foi encaminhado em estado grave para atendimento hospitalar. At\u00e9 o momento, n\u00e3o h\u00e1 atualiza\u00e7\u00e3o oficial sobre seu estado de sa\u00fade.<\/p>\n\n\n\n<p>As circunst\u00e2ncias do acidente dever\u00e3o ser apuradas pelas autoridades competentes.<\/p>\n\n\n\n<p><em>Com informa\u00e7\u00f5es do site Porto Alegre 24 horas.<\/em><\/p>\n","protected":false},"excerpt":{"rendered":"<p>Um grave acidente de tr\u00e2nsito resultou na morte de duas mulheres na noite de quinta-feira (23), na BR-101, em S\u00e3o Jo\u00e3o do Sul. O ve\u00edculo, com placas de Gravata\u00ed, era conduzido por um adolescente de 17 anos e colidiu contra a estrutura de uma pra\u00e7a de ped\u00e1gio. Segundo o Corpo de Bombeiros Militar de Santa [&hellip;]<\/p>\n","protected":false},"author":2,"featured_media":24778,"comment_status":"open","ping_status":"open","sticky":false,"template":"","format":"standard","meta":{"_themeisle_gutenberg_block_has_review":false,"footnotes":""},"categories":[246,245,15],"tags":[],"class_list":["post-24777","post","type-post","status-publish","format-standard","has-post-thumbnail","hentry","category-brasil","category-transito","category-noticias"],"yoast_head":"<!-- This site is optimized with the Yoast SEO plugin v27.4 - https:\/\/yoast.com\/product\/yoast-seo-wordpress\/ -->\n<title>Acidente em ped\u00e1gio na BR-101 deixa duas mulheres mortas ap\u00f3s colis\u00e3o com carro conduzido por adolescente - Rede Litoral RS<\/title>\n<meta name=\"robots\" content=\"index, follow, max-snippet:-1, max-image-preview:large, max-video-preview:-1\" \/>\n<link rel=\"canonical\" href=\"https:\/\/redelitoralrs.com\/index.php\/2026\/04\/27\/acidente-em-pedagio-na-br-101-deixa-duas-mulheres-mortas-apos-colisao-com-carro-conduzido-por-adolescente\/\" \/>\n<meta property=\"og:locale\" content=\"pt_BR\" \/>\n<meta property=\"og:type\" content=\"article\" \/>\n<meta property=\"og:title\" content=\"Acidente em ped\u00e1gio na BR-101 deixa duas mulheres mortas ap\u00f3s colis\u00e3o com carro conduzido por adolescente - Rede Litoral RS\" \/>\n<meta property=\"og:description\" content=\"Um grave acidente de tr\u00e2nsito resultou na morte de duas mulheres na noite de quinta-feira (23), na BR-101, em S\u00e3o Jo\u00e3o do Sul. O ve\u00edculo, com placas de Gravata\u00ed, era conduzido por um adolescente de 17 anos e colidiu contra a estrutura de uma pra\u00e7a de ped\u00e1gio. Segundo o Corpo de Bombeiros Militar de Santa [&hellip;]\" \/>\n<meta property=\"og:url\" content=\"https:\/\/redelitoralrs.com\/index.php\/2026\/04\/27\/acidente-em-pedagio-na-br-101-deixa-duas-mulheres-mortas-apos-colisao-com-carro-conduzido-por-adolescente\/\" \/>\n<meta property=\"og:site_name\" content=\"Rede Litoral RS\" \/>\n<meta property=\"article:publisher\" content=\"https:\/\/www.facebook.com\/tvlitoralrsoficial\" \/>\n<meta property=\"article:published_time\" content=\"2026-04-27T19:49:08+00:00\" \/>\n<meta property=\"og:image\" content=\"https:\/\/redelitoralrs.com\/wp-content\/uploads\/2026\/04\/WhatsApp-Image-2026-04-27-at-07.44.17-768x403-1.jpeg\" \/>\n\t<meta property=\"og:image:width\" content=\"768\" \/>\n\t<meta property=\"og:image:height\" content=\"403\" \/>\n\t<meta property=\"og:image:type\" content=\"image\/jpeg\" \/>\n<meta name=\"author\" content=\"Reda\u00e7\u00e3o TV Litoral\" \/>\n<meta name=\"twitter:card\" content=\"summary_large_image\" \/>\n<meta name=\"twitter:label1\" content=\"Escrito por\" \/>\n\t<meta name=\"twitter:data1\" content=\"Reda\u00e7\u00e3o TV Litoral\" \/>\n\t<meta name=\"twitter:label2\" content=\"Est. tempo de leitura\" \/>\n\t<meta name=\"twitter:data2\" content=\"2 minutos\" \/>\n<script type=\"application\/ld+json\" class=\"yoast-schema-graph\">{\"@context\":\"https:\\\/\\\/schema.org\",\"@graph\":[{\"@type\":\"Article\",\"@id\":\"https:\\\/\\\/redelitoralrs.com\\\/index.php\\\/2026\\\/04\\\/27\\\/acidente-em-pedagio-na-br-101-deixa-duas-mulheres-mortas-apos-colisao-com-carro-conduzido-por-adolescente\\\/#article\",\"isPartOf\":{\"@id\":\"https:\\\/\\\/redelitoralrs.com\\\/index.php\\\/2026\\\/04\\\/27\\\/acidente-em-pedagio-na-br-101-deixa-duas-mulheres-mortas-apos-colisao-com-carro-conduzido-por-adolescente\\\/\"},\"author\":{\"name\":\"Reda\u00e7\u00e3o TV Litoral\",\"@id\":\"https:\\\/\\\/redelitoralrs.com\\\/#\\\/schema\\\/person\\\/9f8181f2a7359dd3986f05ebaf5bd68a\"},\"headline\":\"Acidente em ped\u00e1gio na BR-101 deixa duas mulheres mortas ap\u00f3s colis\u00e3o com carro conduzido por adolescente\",\"datePublished\":\"2026-04-27T19:49:08+00:00\",\"mainEntityOfPage\":{\"@id\":\"https:\\\/\\\/redelitoralrs.com\\\/index.php\\\/2026\\\/04\\\/27\\\/acidente-em-pedagio-na-br-101-deixa-duas-mulheres-mortas-apos-colisao-com-carro-conduzido-por-adolescente\\\/\"},\"wordCount\":199,\"commentCount\":0,\"publisher\":{\"@id\":\"https:\\\/\\\/redelitoralrs.com\\\/#organization\"},\"image\":{\"@id\":\"https:\\\/\\\/redelitoralrs.com\\\/index.php\\\/2026\\\/04\\\/27\\\/acidente-em-pedagio-na-br-101-deixa-duas-mulheres-mortas-apos-colisao-com-carro-conduzido-por-adolescente\\\/#primaryimage\"},\"thumbnailUrl\":\"https:\\\/\\\/redelitoralrs.com\\\/wp-content\\\/uploads\\\/2026\\\/04\\\/WhatsApp-Image-2026-04-27-at-07.44.17-768x403-1.jpeg\",\"articleSection\":[\"Brasil\",\"Tr\u00e2nsito\",\"\u00daltimas not\u00edcias\"],\"inLanguage\":\"pt-BR\",\"potentialAction\":[{\"@type\":\"CommentAction\",\"name\":\"Comment\",\"target\":[\"https:\\\/\\\/redelitoralrs.com\\\/index.php\\\/2026\\\/04\\\/27\\\/acidente-em-pedagio-na-br-101-deixa-duas-mulheres-mortas-apos-colisao-com-carro-conduzido-por-adolescente\\\/#respond\"]}]},{\"@type\":\"WebPage\",\"@id\":\"https:\\\/\\\/redelitoralrs.com\\\/index.php\\\/2026\\\/04\\\/27\\\/acidente-em-pedagio-na-br-101-deixa-duas-mulheres-mortas-apos-colisao-com-carro-conduzido-por-adolescente\\\/\",\"url\":\"https:\\\/\\\/redelitoralrs.com\\\/index.php\\\/2026\\\/04\\\/27\\\/acidente-em-pedagio-na-br-101-deixa-duas-mulheres-mortas-apos-colisao-com-carro-conduzido-por-adolescente\\\/\",\"name\":\"Acidente em ped\u00e1gio na BR-101 deixa duas mulheres mortas ap\u00f3s colis\u00e3o com carro conduzido por adolescente - Rede Litoral RS\",\"isPartOf\":{\"@id\":\"https:\\\/\\\/redelitoralrs.com\\\/#website\"},\"primaryImageOfPage\":{\"@id\":\"https:\\\/\\\/redelitoralrs.com\\\/index.php\\\/2026\\\/04\\\/27\\\/acidente-em-pedagio-na-br-101-deixa-duas-mulheres-mortas-apos-colisao-com-carro-conduzido-por-adolescente\\\/#primaryimage\"},\"image\":{\"@id\":\"https:\\\/\\\/redelitoralrs.com\\\/index.php\\\/2026\\\/04\\\/27\\\/acidente-em-pedagio-na-br-101-deixa-duas-mulheres-mortas-apos-colisao-com-carro-conduzido-por-adolescente\\\/#primaryimage\"},\"thumbnailUrl\":\"https:\\\/\\\/redelitoralrs.com\\\/wp-content\\\/uploads\\\/2026\\\/04\\\/WhatsApp-Image-2026-04-27-at-07.44.17-768x403-1.jpeg\",\"datePublished\":\"2026-04-27T19:49:08+00:00\",\"breadcrumb\":{\"@id\":\"https:\\\/\\\/redelitoralrs.com\\\/index.php\\\/2026\\\/04\\\/27\\\/acidente-em-pedagio-na-br-101-deixa-duas-mulheres-mortas-apos-colisao-com-carro-conduzido-por-adolescente\\\/#breadcrumb\"},\"inLanguage\":\"pt-BR\",\"potentialAction\":[{\"@type\":\"ReadAction\",\"target\":[\"https:\\\/\\\/redelitoralrs.com\\\/index.php\\\/2026\\\/04\\\/27\\\/acidente-em-pedagio-na-br-101-deixa-duas-mulheres-mortas-apos-colisao-com-carro-conduzido-por-adolescente\\\/\"]}]},{\"@type\":\"ImageObject\",\"inLanguage\":\"pt-BR\",\"@id\":\"https:\\\/\\\/redelitoralrs.com\\\/index.php\\\/2026\\\/04\\\/27\\\/acidente-em-pedagio-na-br-101-deixa-duas-mulheres-mortas-apos-colisao-com-carro-conduzido-por-adolescente\\\/#primaryimage\",\"url\":\"https:\\\/\\\/redelitoralrs.com\\\/wp-content\\\/uploads\\\/2026\\\/04\\\/WhatsApp-Image-2026-04-27-at-07.44.17-768x403-1.jpeg\",\"contentUrl\":\"https:\\\/\\\/redelitoralrs.com\\\/wp-content\\\/uploads\\\/2026\\\/04\\\/WhatsApp-Image-2026-04-27-at-07.44.17-768x403-1.jpeg\",\"width\":768,\"height\":403,\"caption\":\"Foto: Reprodu\u00e7\u00e3o\"},{\"@type\":\"BreadcrumbList\",\"@id\":\"https:\\\/\\\/redelitoralrs.com\\\/index.php\\\/2026\\\/04\\\/27\\\/acidente-em-pedagio-na-br-101-deixa-duas-mulheres-mortas-apos-colisao-com-carro-conduzido-por-adolescente\\\/#breadcrumb\",\"itemListElement\":[{\"@type\":\"ListItem\",\"position\":1,\"name\":\"In\u00edcio\",\"item\":\"https:\\\/\\\/redelitoralrs.com\\\/\"},{\"@type\":\"ListItem\",\"position\":2,\"name\":\"Acidente em ped\u00e1gio na BR-101 deixa duas mulheres mortas ap\u00f3s colis\u00e3o com carro conduzido por adolescente\"}]},{\"@type\":\"WebSite\",\"@id\":\"https:\\\/\\\/redelitoralrs.com\\\/#website\",\"url\":\"https:\\\/\\\/redelitoralrs.com\\\/\",\"name\":\"TV Litoral\",\"description\":\"Acompanhe tudo do litoral ga\u00facho com a cobertura completa e atualizada da Rede Litoral RS. Nossos jornalistas trazem as \u00faltimas not\u00edcias, os acontecimentos mais quentes e as hist\u00f3rias que importam sobre nosso amado litoral.\",\"publisher\":{\"@id\":\"https:\\\/\\\/redelitoralrs.com\\\/#organization\"},\"potentialAction\":[{\"@type\":\"SearchAction\",\"target\":{\"@type\":\"EntryPoint\",\"urlTemplate\":\"https:\\\/\\\/redelitoralrs.com\\\/?s={search_term_string}\"},\"query-input\":{\"@type\":\"PropertyValueSpecification\",\"valueRequired\":true,\"valueName\":\"search_term_string\"}}],\"inLanguage\":\"pt-BR\"},{\"@type\":\"Organization\",\"@id\":\"https:\\\/\\\/redelitoralrs.com\\\/#organization\",\"name\":\"TV Litoral\",\"url\":\"https:\\\/\\\/redelitoralrs.com\\\/\",\"logo\":{\"@type\":\"ImageObject\",\"inLanguage\":\"pt-BR\",\"@id\":\"https:\\\/\\\/redelitoralrs.com\\\/#\\\/schema\\\/logo\\\/image\\\/\",\"url\":\"https:\\\/\\\/redelitoralrs.com\\\/wp-content\\\/uploads\\\/2024\\\/01\\\/faviconicon-1-1.png\",\"contentUrl\":\"https:\\\/\\\/redelitoralrs.com\\\/wp-content\\\/uploads\\\/2024\\\/01\\\/faviconicon-1-1.png\",\"width\":454,\"height\":454,\"caption\":\"TV Litoral\"},\"image\":{\"@id\":\"https:\\\/\\\/redelitoralrs.com\\\/#\\\/schema\\\/logo\\\/image\\\/\"},\"sameAs\":[\"https:\\\/\\\/www.facebook.com\\\/tvlitoralrsoficial\",\"https:\\\/\\\/www.instagram.com\\\/tvlitoral.rs\"]},{\"@type\":\"Person\",\"@id\":\"https:\\\/\\\/redelitoralrs.com\\\/#\\\/schema\\\/person\\\/9f8181f2a7359dd3986f05ebaf5bd68a\",\"name\":\"Reda\u00e7\u00e3o TV Litoral\",\"image\":{\"@type\":\"ImageObject\",\"inLanguage\":\"pt-BR\",\"@id\":\"https:\\\/\\\/redelitoralrs.com\\\/wp-content\\\/litespeed\\\/avatar\\\/779aafbb45e66c7f82733e21abb48259.jpg?ver=1776956734\",\"url\":\"https:\\\/\\\/redelitoralrs.com\\\/wp-content\\\/litespeed\\\/avatar\\\/779aafbb45e66c7f82733e21abb48259.jpg?ver=1776956734\",\"contentUrl\":\"https:\\\/\\\/redelitoralrs.com\\\/wp-content\\\/litespeed\\\/avatar\\\/779aafbb45e66c7f82733e21abb48259.jpg?ver=1776956734\",\"caption\":\"Reda\u00e7\u00e3o TV Litoral\"},\"description\":\"A Rede Litoral de Comunica\u00e7\u00e3o \u00e9 um grupo de m\u00eddia multiplataforma do Litoral Norte do RS. Com atua\u00e7\u00e3o em TV, r\u00e1dio, portal e redes sociais, levamos informa\u00e7\u00e3o, conte\u00fado e entretenimento \u00e0 comunidade, fortalecendo a comunica\u00e7\u00e3o local e impulsionando o desenvolvimento regional. Acompanhe atrav\u00e9s de @redelitoralrs.\",\"sameAs\":[\"https:\\\/\\\/redelitoralrs.com\",\"https:\\\/\\\/www.instagram.com\\\/redelitoralrs\",\"https:\\\/\\\/www.youtube.com\\\/@redelitoralrs\"],\"url\":\"https:\\\/\\\/redelitoralrs.com\\\/index.php\\\/author\\\/redacaotvlitoral\\\/\"}]}<\/script>\n<!-- \/ Yoast SEO plugin. -->","yoast_head_json":{"title":"Acidente em ped\u00e1gio na BR-101 deixa duas mulheres mortas ap\u00f3s colis\u00e3o com carro conduzido por adolescente - Rede Litoral RS","robots":{"index":"index","follow":"follow","max-snippet":"max-snippet:-1","max-image-preview":"max-image-preview:large","max-video-preview":"max-video-preview:-1"},"canonical":"https:\/\/redelitoralrs.com\/index.php\/2026\/04\/27\/acidente-em-pedagio-na-br-101-deixa-duas-mulheres-mortas-apos-colisao-com-carro-conduzido-por-adolescente\/","og_locale":"pt_BR","og_type":"article","og_title":"Acidente em ped\u00e1gio na BR-101 deixa duas mulheres mortas ap\u00f3s colis\u00e3o com carro conduzido por adolescente - Rede Litoral RS","og_description":"Um grave acidente de tr\u00e2nsito resultou na morte de duas mulheres na noite de quinta-feira (23), na BR-101, em S\u00e3o Jo\u00e3o do Sul. O ve\u00edculo, com placas de Gravata\u00ed, era conduzido por um adolescente de 17 anos e colidiu contra a estrutura de uma pra\u00e7a de ped\u00e1gio. Segundo o Corpo de Bombeiros Militar de Santa [&hellip;]","og_url":"https:\/\/redelitoralrs.com\/index.php\/2026\/04\/27\/acidente-em-pedagio-na-br-101-deixa-duas-mulheres-mortas-apos-colisao-com-carro-conduzido-por-adolescente\/","og_site_name":"Rede Litoral RS","article_publisher":"https:\/\/www.facebook.com\/tvlitoralrsoficial","article_published_time":"2026-04-27T19:49:08+00:00","og_image":[{"width":768,"height":403,"url":"https:\/\/redelitoralrs.com\/wp-content\/uploads\/2026\/04\/WhatsApp-Image-2026-04-27-at-07.44.17-768x403-1.jpeg","type":"image\/jpeg"}],"author":"Reda\u00e7\u00e3o TV Litoral","twitter_card":"summary_large_image","twitter_misc":{"Escrito por":"Reda\u00e7\u00e3o TV Litoral","Est. tempo de leitura":"2 minutos"},"schema":{"@context":"https:\/\/schema.org","@graph":[{"@type":"Article","@id":"https:\/\/redelitoralrs.com\/index.php\/2026\/04\/27\/acidente-em-pedagio-na-br-101-deixa-duas-mulheres-mortas-apos-colisao-com-carro-conduzido-por-adolescente\/#article","isPartOf":{"@id":"https:\/\/redelitoralrs.com\/index.php\/2026\/04\/27\/acidente-em-pedagio-na-br-101-deixa-duas-mulheres-mortas-apos-colisao-com-carro-conduzido-por-adolescente\/"},"author":{"name":"Reda\u00e7\u00e3o TV Litoral","@id":"https:\/\/redelitoralrs.com\/#\/schema\/person\/9f8181f2a7359dd3986f05ebaf5bd68a"},"headline":"Acidente em ped\u00e1gio na BR-101 deixa duas mulheres mortas ap\u00f3s colis\u00e3o com carro conduzido por adolescente","datePublished":"2026-04-27T19:49:08+00:00","mainEntityOfPage":{"@id":"https:\/\/redelitoralrs.com\/index.php\/2026\/04\/27\/acidente-em-pedagio-na-br-101-deixa-duas-mulheres-mortas-apos-colisao-com-carro-conduzido-por-adolescente\/"},"wordCount":199,"commentCount":0,"publisher":{"@id":"https:\/\/redelitoralrs.com\/#organization"},"image":{"@id":"https:\/\/redelitoralrs.com\/index.php\/2026\/04\/27\/acidente-em-pedagio-na-br-101-deixa-duas-mulheres-mortas-apos-colisao-com-carro-conduzido-por-adolescente\/#primaryimage"},"thumbnailUrl":"https:\/\/redelitoralrs.com\/wp-content\/uploads\/2026\/04\/WhatsApp-Image-2026-04-27-at-07.44.17-768x403-1.jpeg","articleSection":["Brasil","Tr\u00e2nsito","\u00daltimas not\u00edcias"],"inLanguage":"pt-BR","potentialAction":[{"@type":"CommentAction","name":"Comment","target":["https:\/\/redelitoralrs.com\/index.php\/2026\/04\/27\/acidente-em-pedagio-na-br-101-deixa-duas-mulheres-mortas-apos-colisao-com-carro-conduzido-por-adolescente\/#respond"]}]},{"@type":"WebPage","@id":"https:\/\/redelitoralrs.com\/index.php\/2026\/04\/27\/acidente-em-pedagio-na-br-101-deixa-duas-mulheres-mortas-apos-colisao-com-carro-conduzido-por-adolescente\/","url":"https:\/\/redelitoralrs.com\/index.php\/2026\/04\/27\/acidente-em-pedagio-na-br-101-deixa-duas-mulheres-mortas-apos-colisao-com-carro-conduzido-por-adolescente\/","name":"Acidente em ped\u00e1gio na BR-101 deixa duas mulheres mortas ap\u00f3s colis\u00e3o com carro conduzido por adolescente - Rede Litoral RS","isPartOf":{"@id":"https:\/\/redelitoralrs.com\/#website"},"primaryImageOfPage":{"@id":"https:\/\/redelitoralrs.com\/index.php\/2026\/04\/27\/acidente-em-pedagio-na-br-101-deixa-duas-mulheres-mortas-apos-colisao-com-carro-conduzido-por-adolescente\/#primaryimage"},"image":{"@id":"https:\/\/redelitoralrs.com\/index.php\/2026\/04\/27\/acidente-em-pedagio-na-br-101-deixa-duas-mulheres-mortas-apos-colisao-com-carro-conduzido-por-adolescente\/#primaryimage"},"thumbnailUrl":"https:\/\/redelitoralrs.com\/wp-content\/uploads\/2026\/04\/WhatsApp-Image-2026-04-27-at-07.44.17-768x403-1.jpeg","datePublished":"2026-04-27T19:49:08+00:00","breadcrumb":{"@id":"https:\/\/redelitoralrs.com\/index.php\/2026\/04\/27\/acidente-em-pedagio-na-br-101-deixa-duas-mulheres-mortas-apos-colisao-com-carro-conduzido-por-adolescente\/#breadcrumb"},"inLanguage":"pt-BR","potentialAction":[{"@type":"ReadAction","target":["https:\/\/redelitoralrs.com\/index.php\/2026\/04\/27\/acidente-em-pedagio-na-br-101-deixa-duas-mulheres-mortas-apos-colisao-com-carro-conduzido-por-adolescente\/"]}]},{"@type":"ImageObject","inLanguage":"pt-BR","@id":"https:\/\/redelitoralrs.com\/index.php\/2026\/04\/27\/acidente-em-pedagio-na-br-101-deixa-duas-mulheres-mortas-apos-colisao-com-carro-conduzido-por-adolescente\/#primaryimage","url":"https:\/\/redelitoralrs.com\/wp-content\/uploads\/2026\/04\/WhatsApp-Image-2026-04-27-at-07.44.17-768x403-1.jpeg","contentUrl":"https:\/\/redelitoralrs.com\/wp-content\/uploads\/2026\/04\/WhatsApp-Image-2026-04-27-at-07.44.17-768x403-1.jpeg","width":768,"height":403,"caption":"Foto: Reprodu\u00e7\u00e3o"},{"@type":"BreadcrumbList","@id":"https:\/\/redelitoralrs.com\/index.php\/2026\/04\/27\/acidente-em-pedagio-na-br-101-deixa-duas-mulheres-mortas-apos-colisao-com-carro-conduzido-por-adolescente\/#breadcrumb","itemListElement":[{"@type":"ListItem","position":1,"name":"In\u00edcio","item":"https:\/\/redelitoralrs.com\/"},{"@type":"ListItem","position":2,"name":"Acidente em ped\u00e1gio na BR-101 deixa duas mulheres mortas ap\u00f3s colis\u00e3o com carro conduzido por adolescente"}]},{"@type":"WebSite","@id":"https:\/\/redelitoralrs.com\/#website","url":"https:\/\/redelitoralrs.com\/","name":"TV Litoral","description":"Acompanhe tudo do litoral ga\u00facho com a cobertura completa e atualizada da Rede Litoral RS. Nossos jornalistas trazem as \u00faltimas not\u00edcias, os acontecimentos mais quentes e as hist\u00f3rias que importam sobre nosso amado litoral.","publisher":{"@id":"https:\/\/redelitoralrs.com\/#organization"},"potentialAction":[{"@type":"SearchAction","target":{"@type":"EntryPoint","urlTemplate":"https:\/\/redelitoralrs.com\/?s={search_term_string}"},"query-input":{"@type":"PropertyValueSpecification","valueRequired":true,"valueName":"search_term_string"}}],"inLanguage":"pt-BR"},{"@type":"Organization","@id":"https:\/\/redelitoralrs.com\/#organization","name":"TV Litoral","url":"https:\/\/redelitoralrs.com\/","logo":{"@type":"ImageObject","inLanguage":"pt-BR","@id":"https:\/\/redelitoralrs.com\/#\/schema\/logo\/image\/","url":"https:\/\/redelitoralrs.com\/wp-content\/uploads\/2024\/01\/faviconicon-1-1.png","contentUrl":"https:\/\/redelitoralrs.com\/wp-content\/uploads\/2024\/01\/faviconicon-1-1.png","width":454,"height":454,"caption":"TV Litoral"},"image":{"@id":"https:\/\/redelitoralrs.com\/#\/schema\/logo\/image\/"},"sameAs":["https:\/\/www.facebook.com\/tvlitoralrsoficial","https:\/\/www.instagram.com\/tvlitoral.rs"]},{"@type":"Person","@id":"https:\/\/redelitoralrs.com\/#\/schema\/person\/9f8181f2a7359dd3986f05ebaf5bd68a","name":"Reda\u00e7\u00e3o TV Litoral","image":{"@type":"ImageObject","inLanguage":"pt-BR","@id":"https:\/\/redelitoralrs.com\/wp-content\/litespeed\/avatar\/779aafbb45e66c7f82733e21abb48259.jpg?ver=1776956734","url":"https:\/\/redelitoralrs.com\/wp-content\/litespeed\/avatar\/779aafbb45e66c7f82733e21abb48259.jpg?ver=1776956734","contentUrl":"https:\/\/redelitoralrs.com\/wp-content\/litespeed\/avatar\/779aafbb45e66c7f82733e21abb48259.jpg?ver=1776956734","caption":"Reda\u00e7\u00e3o TV Litoral"},"description":"A Rede Litoral de Comunica\u00e7\u00e3o \u00e9 um grupo de m\u00eddia multiplataforma do Litoral Norte do RS. Com atua\u00e7\u00e3o em TV, r\u00e1dio, portal e redes sociais, levamos informa\u00e7\u00e3o, conte\u00fado e entretenimento \u00e0 comunidade, fortalecendo a comunica\u00e7\u00e3o local e impulsionando o desenvolvimento regional. Acompanhe atrav\u00e9s de @redelitoralrs.","sameAs":["https:\/\/redelitoralrs.com","https:\/\/www.instagram.com\/redelitoralrs","https:\/\/www.youtube.com\/@redelitoralrs"],"url":"https:\/\/redelitoralrs.com\/index.php\/author\/redacaotvlitoral\/"}]}},"_links":{"self":[{"href":"https:\/\/redelitoralrs.com\/index.php\/wp-json\/wp\/v2\/posts\/24777","targetHints":{"allow":["GET"]}}],"collection":[{"href":"https:\/\/redelitoralrs.com\/index.php\/wp-json\/wp\/v2\/posts"}],"about":[{"href":"https:\/\/redelitoralrs.com\/index.php\/wp-json\/wp\/v2\/types\/post"}],"author":[{"embeddable":true,"href":"https:\/\/redelitoralrs.com\/index.php\/wp-json\/wp\/v2\/users\/2"}],"replies":[{"embeddable":true,"href":"https:\/\/redelitoralrs.com\/index.php\/wp-json\/wp\/v2\/comments?post=24777"}],"version-history":[{"count":1,"href":"https:\/\/redelitoralrs.com\/index.php\/wp-json\/wp\/v2\/posts\/24777\/revisions"}],"predecessor-version":[{"id":24779,"href":"https:\/\/redelitoralrs.com\/index.php\/wp-json\/wp\/v2\/posts\/24777\/revisions\/24779"}],"wp:featuredmedia":[{"embeddable":true,"href":"https:\/\/redelitoralrs.com\/index.php\/wp-json\/wp\/v2\/media\/24778"}],"wp:attachment":[{"href":"https:\/\/redelitoralrs.com\/index.php\/wp-json\/wp\/v2\/media?parent=24777"}],"wp:term":[{"taxonomy":"category","embeddable":true,"href":"https:\/\/redelitoralrs.com\/index.php\/wp-json\/wp\/v2\/categories?post=24777"},{"taxonomy":"post_tag","embeddable":true,"href":"https:\/\/redelitoralrs.com\/index.php\/wp-json\/wp\/v2\/tags?post=24777"}],"curies":[{"name":"wp","href":"https:\/\/api.w.org\/{rel}","templated":true}]}}