{"id":24774,"date":"2026-04-27T16:46:59","date_gmt":"2026-04-27T19:46:59","guid":{"rendered":"https:\/\/redelitoralrs.com\/?p=24774"},"modified":"2026-04-27T16:46:59","modified_gmt":"2026-04-27T19:46:59","slug":"homem-que-atirou-em-jantar-com-trump-e-acusado-de-tentativa-de-assassinato-e-pode-pegar-prisao-perpetua","status":"publish","type":"post","link":"https:\/\/redelitoralrs.com\/index.php\/2026\/04\/27\/homem-que-atirou-em-jantar-com-trump-e-acusado-de-tentativa-de-assassinato-e-pode-pegar-prisao-perpetua\/","title":{"rendered":"Homem que atirou em jantar com Trump \u00e9 acusado de tentativa de assassinato e pode pegar pris\u00e3o perp\u00e9tua"},"content":{"rendered":"\n<p>O homem respons\u00e1vel por disparos durante um jantar com o presidente dos Estados Unidos, Donald Trump, foi formalmente acusado de tentativa de assassinato nesta segunda-feira (27), em Washington, D.C.. Identificado como Cole Tomas Allen, de 31 anos, ele pode enfrentar pris\u00e3o perp\u00e9tua caso seja condenado.<\/p>\n\n\n\n<p>De acordo com o Departamento de Justi\u00e7a dos Estados Unidos, o acusado responde por tr\u00eas crimes: tentativa de assassinato do presidente, transporte interestadual de arma de fogo com inten\u00e7\u00e3o criminosa e disparo de arma durante crime violento. As penas podem chegar \u00e0 pris\u00e3o perp\u00e9tua, dependendo do andamento do processo.<\/p>\n\n\n\n<p>Allen participou de audi\u00eancia inicial nesta segunda-feira e permaneceu sob cust\u00f3dia por decis\u00e3o judicial. A Justi\u00e7a determinou sua pris\u00e3o preventiva e marcou uma nova audi\u00eancia para o dia 30 de abril. Segundo autoridades, outras acusa\u00e7\u00f5es podem ser adicionadas conforme o avan\u00e7o das investiga\u00e7\u00f5es.<\/p>\n\n\n\n<p>O ataque ocorreu no s\u00e1bado (25), durante um jantar anual com correspondentes que cobrem a Casa Branca. O evento foi interrompido ap\u00f3s os disparos, e o presidente foi retirado \u00e0s pressas por agentes do Servi\u00e7o Secreto. Tamb\u00e9m estavam presentes a primeira-dama Melania Trump e o vice-presidente JD Vance.<\/p>\n\n\n\n<p>Segundo a investiga\u00e7\u00e3o, o suspeito teria viajado at\u00e9 a capital americana portando uma espingarda, uma pistola e facas, com poss\u00edvel motiva\u00e7\u00e3o pol\u00edtica. Ele n\u00e3o possu\u00eda antecedentes criminais, e a motiva\u00e7\u00e3o do ataque ainda est\u00e1 sendo apurada pelas autoridades.<\/p>\n\n\n\n<p>Relatos apontam que o esquema de seguran\u00e7a no evento pode ter apresentado falhas, o que tamb\u00e9m passou a ser analisado no contexto das investiga\u00e7\u00f5es.<\/p>\n","protected":false},"excerpt":{"rendered":"<p>O homem respons\u00e1vel por disparos durante um jantar com o presidente dos Estados Unidos, Donald Trump, foi formalmente acusado de tentativa de assassinato nesta segunda-feira (27), em Washington, D.C.. Identificado como Cole Tomas Allen, de 31 anos, ele pode enfrentar pris\u00e3o perp\u00e9tua caso seja condenado. De acordo com o Departamento de Justi\u00e7a dos Estados Unidos, [&hellip;]<\/p>\n","protected":false},"author":2,"featured_media":24775,"comment_status":"open","ping_status":"open","sticky":false,"template":"","format":"standard","meta":{"_themeisle_gutenberg_block_has_review":false,"footnotes":""},"categories":[247,15],"tags":[],"class_list":["post-24774","post","type-post","status-publish","format-standard","has-post-thumbnail","hentry","category-mundo","category-noticias"],"yoast_head":"<!-- This site is optimized with the Yoast SEO plugin v27.4 - https:\/\/yoast.com\/product\/yoast-seo-wordpress\/ -->\n<title>Homem que atirou em jantar com Trump \u00e9 acusado de tentativa de assassinato e pode pegar pris\u00e3o perp\u00e9tua - Rede Litoral RS<\/title>\n<meta name=\"robots\" content=\"index, follow, max-snippet:-1, max-image-preview:large, max-video-preview:-1\" \/>\n<link rel=\"canonical\" href=\"https:\/\/redelitoralrs.com\/index.php\/2026\/04\/27\/homem-que-atirou-em-jantar-com-trump-e-acusado-de-tentativa-de-assassinato-e-pode-pegar-prisao-perpetua\/\" \/>\n<meta property=\"og:locale\" content=\"pt_BR\" \/>\n<meta property=\"og:type\" content=\"article\" \/>\n<meta property=\"og:title\" content=\"Homem que atirou em jantar com Trump \u00e9 acusado de tentativa de assassinato e pode pegar pris\u00e3o perp\u00e9tua - Rede Litoral RS\" \/>\n<meta property=\"og:description\" content=\"O homem respons\u00e1vel por disparos durante um jantar com o presidente dos Estados Unidos, Donald Trump, foi formalmente acusado de tentativa de assassinato nesta segunda-feira (27), em Washington, D.C.. Identificado como Cole Tomas Allen, de 31 anos, ele pode enfrentar pris\u00e3o perp\u00e9tua caso seja condenado. De acordo com o Departamento de Justi\u00e7a dos Estados Unidos, [&hellip;]\" \/>\n<meta property=\"og:url\" content=\"https:\/\/redelitoralrs.com\/index.php\/2026\/04\/27\/homem-que-atirou-em-jantar-com-trump-e-acusado-de-tentativa-de-assassinato-e-pode-pegar-prisao-perpetua\/\" \/>\n<meta property=\"og:site_name\" content=\"Rede Litoral RS\" \/>\n<meta property=\"article:publisher\" content=\"https:\/\/www.facebook.com\/tvlitoralrsoficial\" \/>\n<meta property=\"article:published_time\" content=\"2026-04-27T19:46:59+00:00\" \/>\n<meta name=\"author\" content=\"Reda\u00e7\u00e3o TV Litoral\" \/>\n<meta name=\"twitter:card\" content=\"summary_large_image\" \/>\n<meta name=\"twitter:label1\" content=\"Escrito por\" \/>\n\t<meta name=\"twitter:data1\" content=\"Reda\u00e7\u00e3o TV Litoral\" \/>\n\t<meta name=\"twitter:label2\" content=\"Est. tempo de leitura\" \/>\n\t<meta name=\"twitter:data2\" content=\"2 minutos\" \/>\n<script type=\"application\/ld+json\" class=\"yoast-schema-graph\">{\"@context\":\"https:\\\/\\\/schema.org\",\"@graph\":[{\"@type\":\"Article\",\"@id\":\"https:\\\/\\\/redelitoralrs.com\\\/index.php\\\/2026\\\/04\\\/27\\\/homem-que-atirou-em-jantar-com-trump-e-acusado-de-tentativa-de-assassinato-e-pode-pegar-prisao-perpetua\\\/#article\",\"isPartOf\":{\"@id\":\"https:\\\/\\\/redelitoralrs.com\\\/index.php\\\/2026\\\/04\\\/27\\\/homem-que-atirou-em-jantar-com-trump-e-acusado-de-tentativa-de-assassinato-e-pode-pegar-prisao-perpetua\\\/\"},\"author\":{\"name\":\"Reda\u00e7\u00e3o TV Litoral\",\"@id\":\"https:\\\/\\\/redelitoralrs.com\\\/#\\\/schema\\\/person\\\/9f8181f2a7359dd3986f05ebaf5bd68a\"},\"headline\":\"Homem que atirou em jantar com Trump \u00e9 acusado de tentativa de assassinato e pode pegar pris\u00e3o perp\u00e9tua\",\"datePublished\":\"2026-04-27T19:46:59+00:00\",\"mainEntityOfPage\":{\"@id\":\"https:\\\/\\\/redelitoralrs.com\\\/index.php\\\/2026\\\/04\\\/27\\\/homem-que-atirou-em-jantar-com-trump-e-acusado-de-tentativa-de-assassinato-e-pode-pegar-prisao-perpetua\\\/\"},\"wordCount\":293,\"commentCount\":0,\"publisher\":{\"@id\":\"https:\\\/\\\/redelitoralrs.com\\\/#organization\"},\"image\":{\"@id\":\"https:\\\/\\\/redelitoralrs.com\\\/index.php\\\/2026\\\/04\\\/27\\\/homem-que-atirou-em-jantar-com-trump-e-acusado-de-tentativa-de-assassinato-e-pode-pegar-prisao-perpetua\\\/#primaryimage\"},\"thumbnailUrl\":\"https:\\\/\\\/redelitoralrs.com\\\/wp-content\\\/uploads\\\/2026\\\/04\\\/truth-social-preso-.avif\",\"articleSection\":[\"Mundo\",\"\u00daltimas not\u00edcias\"],\"inLanguage\":\"pt-BR\",\"potentialAction\":[{\"@type\":\"CommentAction\",\"name\":\"Comment\",\"target\":[\"https:\\\/\\\/redelitoralrs.com\\\/index.php\\\/2026\\\/04\\\/27\\\/homem-que-atirou-em-jantar-com-trump-e-acusado-de-tentativa-de-assassinato-e-pode-pegar-prisao-perpetua\\\/#respond\"]}]},{\"@type\":\"WebPage\",\"@id\":\"https:\\\/\\\/redelitoralrs.com\\\/index.php\\\/2026\\\/04\\\/27\\\/homem-que-atirou-em-jantar-com-trump-e-acusado-de-tentativa-de-assassinato-e-pode-pegar-prisao-perpetua\\\/\",\"url\":\"https:\\\/\\\/redelitoralrs.com\\\/index.php\\\/2026\\\/04\\\/27\\\/homem-que-atirou-em-jantar-com-trump-e-acusado-de-tentativa-de-assassinato-e-pode-pegar-prisao-perpetua\\\/\",\"name\":\"Homem que atirou em jantar com Trump \u00e9 acusado de tentativa de assassinato e pode pegar pris\u00e3o perp\u00e9tua - Rede Litoral RS\",\"isPartOf\":{\"@id\":\"https:\\\/\\\/redelitoralrs.com\\\/#website\"},\"primaryImageOfPage\":{\"@id\":\"https:\\\/\\\/redelitoralrs.com\\\/index.php\\\/2026\\\/04\\\/27\\\/homem-que-atirou-em-jantar-com-trump-e-acusado-de-tentativa-de-assassinato-e-pode-pegar-prisao-perpetua\\\/#primaryimage\"},\"image\":{\"@id\":\"https:\\\/\\\/redelitoralrs.com\\\/index.php\\\/2026\\\/04\\\/27\\\/homem-que-atirou-em-jantar-com-trump-e-acusado-de-tentativa-de-assassinato-e-pode-pegar-prisao-perpetua\\\/#primaryimage\"},\"thumbnailUrl\":\"https:\\\/\\\/redelitoralrs.com\\\/wp-content\\\/uploads\\\/2026\\\/04\\\/truth-social-preso-.avif\",\"datePublished\":\"2026-04-27T19:46:59+00:00\",\"breadcrumb\":{\"@id\":\"https:\\\/\\\/redelitoralrs.com\\\/index.php\\\/2026\\\/04\\\/27\\\/homem-que-atirou-em-jantar-com-trump-e-acusado-de-tentativa-de-assassinato-e-pode-pegar-prisao-perpetua\\\/#breadcrumb\"},\"inLanguage\":\"pt-BR\",\"potentialAction\":[{\"@type\":\"ReadAction\",\"target\":[\"https:\\\/\\\/redelitoralrs.com\\\/index.php\\\/2026\\\/04\\\/27\\\/homem-que-atirou-em-jantar-com-trump-e-acusado-de-tentativa-de-assassinato-e-pode-pegar-prisao-perpetua\\\/\"]}]},{\"@type\":\"ImageObject\",\"inLanguage\":\"pt-BR\",\"@id\":\"https:\\\/\\\/redelitoralrs.com\\\/index.php\\\/2026\\\/04\\\/27\\\/homem-que-atirou-em-jantar-com-trump-e-acusado-de-tentativa-de-assassinato-e-pode-pegar-prisao-perpetua\\\/#primaryimage\",\"url\":\"https:\\\/\\\/redelitoralrs.com\\\/wp-content\\\/uploads\\\/2026\\\/04\\\/truth-social-preso-.avif\",\"contentUrl\":\"https:\\\/\\\/redelitoralrs.com\\\/wp-content\\\/uploads\\\/2026\\\/04\\\/truth-social-preso-.avif\",\"width\":984,\"height\":731,\"caption\":\"Foto: Reprodu\u00e7\u00e3o\\\/Redes Sociais\"},{\"@type\":\"BreadcrumbList\",\"@id\":\"https:\\\/\\\/redelitoralrs.com\\\/index.php\\\/2026\\\/04\\\/27\\\/homem-que-atirou-em-jantar-com-trump-e-acusado-de-tentativa-de-assassinato-e-pode-pegar-prisao-perpetua\\\/#breadcrumb\",\"itemListElement\":[{\"@type\":\"ListItem\",\"position\":1,\"name\":\"In\u00edcio\",\"item\":\"https:\\\/\\\/redelitoralrs.com\\\/\"},{\"@type\":\"ListItem\",\"position\":2,\"name\":\"Homem que atirou em jantar com Trump \u00e9 acusado de tentativa de assassinato e pode pegar pris\u00e3o perp\u00e9tua\"}]},{\"@type\":\"WebSite\",\"@id\":\"https:\\\/\\\/redelitoralrs.com\\\/#website\",\"url\":\"https:\\\/\\\/redelitoralrs.com\\\/\",\"name\":\"TV Litoral\",\"description\":\"Acompanhe tudo do litoral ga\u00facho com a cobertura completa e atualizada da Rede Litoral RS. Nossos jornalistas trazem as \u00faltimas not\u00edcias, os acontecimentos mais quentes e as hist\u00f3rias que importam sobre nosso amado litoral.\",\"publisher\":{\"@id\":\"https:\\\/\\\/redelitoralrs.com\\\/#organization\"},\"potentialAction\":[{\"@type\":\"SearchAction\",\"target\":{\"@type\":\"EntryPoint\",\"urlTemplate\":\"https:\\\/\\\/redelitoralrs.com\\\/?s={search_term_string}\"},\"query-input\":{\"@type\":\"PropertyValueSpecification\",\"valueRequired\":true,\"valueName\":\"search_term_string\"}}],\"inLanguage\":\"pt-BR\"},{\"@type\":\"Organization\",\"@id\":\"https:\\\/\\\/redelitoralrs.com\\\/#organization\",\"name\":\"TV Litoral\",\"url\":\"https:\\\/\\\/redelitoralrs.com\\\/\",\"logo\":{\"@type\":\"ImageObject\",\"inLanguage\":\"pt-BR\",\"@id\":\"https:\\\/\\\/redelitoralrs.com\\\/#\\\/schema\\\/logo\\\/image\\\/\",\"url\":\"https:\\\/\\\/redelitoralrs.com\\\/wp-content\\\/uploads\\\/2024\\\/01\\\/faviconicon-1-1.png\",\"contentUrl\":\"https:\\\/\\\/redelitoralrs.com\\\/wp-content\\\/uploads\\\/2024\\\/01\\\/faviconicon-1-1.png\",\"width\":454,\"height\":454,\"caption\":\"TV Litoral\"},\"image\":{\"@id\":\"https:\\\/\\\/redelitoralrs.com\\\/#\\\/schema\\\/logo\\\/image\\\/\"},\"sameAs\":[\"https:\\\/\\\/www.facebook.com\\\/tvlitoralrsoficial\",\"https:\\\/\\\/www.instagram.com\\\/tvlitoral.rs\"]},{\"@type\":\"Person\",\"@id\":\"https:\\\/\\\/redelitoralrs.com\\\/#\\\/schema\\\/person\\\/9f8181f2a7359dd3986f05ebaf5bd68a\",\"name\":\"Reda\u00e7\u00e3o TV Litoral\",\"image\":{\"@type\":\"ImageObject\",\"inLanguage\":\"pt-BR\",\"@id\":\"https:\\\/\\\/redelitoralrs.com\\\/wp-content\\\/litespeed\\\/avatar\\\/779aafbb45e66c7f82733e21abb48259.jpg?ver=1776956734\",\"url\":\"https:\\\/\\\/redelitoralrs.com\\\/wp-content\\\/litespeed\\\/avatar\\\/779aafbb45e66c7f82733e21abb48259.jpg?ver=1776956734\",\"contentUrl\":\"https:\\\/\\\/redelitoralrs.com\\\/wp-content\\\/litespeed\\\/avatar\\\/779aafbb45e66c7f82733e21abb48259.jpg?ver=1776956734\",\"caption\":\"Reda\u00e7\u00e3o TV Litoral\"},\"description\":\"A Rede Litoral de Comunica\u00e7\u00e3o \u00e9 um grupo de m\u00eddia multiplataforma do Litoral Norte do RS. Com atua\u00e7\u00e3o em TV, r\u00e1dio, portal e redes sociais, levamos informa\u00e7\u00e3o, conte\u00fado e entretenimento \u00e0 comunidade, fortalecendo a comunica\u00e7\u00e3o local e impulsionando o desenvolvimento regional. Acompanhe atrav\u00e9s de @redelitoralrs.\",\"sameAs\":[\"https:\\\/\\\/redelitoralrs.com\",\"https:\\\/\\\/www.instagram.com\\\/redelitoralrs\",\"https:\\\/\\\/www.youtube.com\\\/@redelitoralrs\"],\"url\":\"https:\\\/\\\/redelitoralrs.com\\\/index.php\\\/author\\\/redacaotvlitoral\\\/\"}]}<\/script>\n<!-- \/ Yoast SEO plugin. -->","yoast_head_json":{"title":"Homem que atirou em jantar com Trump \u00e9 acusado de tentativa de assassinato e pode pegar pris\u00e3o perp\u00e9tua - Rede Litoral RS","robots":{"index":"index","follow":"follow","max-snippet":"max-snippet:-1","max-image-preview":"max-image-preview:large","max-video-preview":"max-video-preview:-1"},"canonical":"https:\/\/redelitoralrs.com\/index.php\/2026\/04\/27\/homem-que-atirou-em-jantar-com-trump-e-acusado-de-tentativa-de-assassinato-e-pode-pegar-prisao-perpetua\/","og_locale":"pt_BR","og_type":"article","og_title":"Homem que atirou em jantar com Trump \u00e9 acusado de tentativa de assassinato e pode pegar pris\u00e3o perp\u00e9tua - Rede Litoral RS","og_description":"O homem respons\u00e1vel por disparos durante um jantar com o presidente dos Estados Unidos, Donald Trump, foi formalmente acusado de tentativa de assassinato nesta segunda-feira (27), em Washington, D.C.. Identificado como Cole Tomas Allen, de 31 anos, ele pode enfrentar pris\u00e3o perp\u00e9tua caso seja condenado. De acordo com o Departamento de Justi\u00e7a dos Estados Unidos, [&hellip;]","og_url":"https:\/\/redelitoralrs.com\/index.php\/2026\/04\/27\/homem-que-atirou-em-jantar-com-trump-e-acusado-de-tentativa-de-assassinato-e-pode-pegar-prisao-perpetua\/","og_site_name":"Rede Litoral RS","article_publisher":"https:\/\/www.facebook.com\/tvlitoralrsoficial","article_published_time":"2026-04-27T19:46:59+00:00","author":"Reda\u00e7\u00e3o TV Litoral","twitter_card":"summary_large_image","twitter_misc":{"Escrito por":"Reda\u00e7\u00e3o TV Litoral","Est. tempo de leitura":"2 minutos"},"schema":{"@context":"https:\/\/schema.org","@graph":[{"@type":"Article","@id":"https:\/\/redelitoralrs.com\/index.php\/2026\/04\/27\/homem-que-atirou-em-jantar-com-trump-e-acusado-de-tentativa-de-assassinato-e-pode-pegar-prisao-perpetua\/#article","isPartOf":{"@id":"https:\/\/redelitoralrs.com\/index.php\/2026\/04\/27\/homem-que-atirou-em-jantar-com-trump-e-acusado-de-tentativa-de-assassinato-e-pode-pegar-prisao-perpetua\/"},"author":{"name":"Reda\u00e7\u00e3o TV Litoral","@id":"https:\/\/redelitoralrs.com\/#\/schema\/person\/9f8181f2a7359dd3986f05ebaf5bd68a"},"headline":"Homem que atirou em jantar com Trump \u00e9 acusado de tentativa de assassinato e pode pegar pris\u00e3o perp\u00e9tua","datePublished":"2026-04-27T19:46:59+00:00","mainEntityOfPage":{"@id":"https:\/\/redelitoralrs.com\/index.php\/2026\/04\/27\/homem-que-atirou-em-jantar-com-trump-e-acusado-de-tentativa-de-assassinato-e-pode-pegar-prisao-perpetua\/"},"wordCount":293,"commentCount":0,"publisher":{"@id":"https:\/\/redelitoralrs.com\/#organization"},"image":{"@id":"https:\/\/redelitoralrs.com\/index.php\/2026\/04\/27\/homem-que-atirou-em-jantar-com-trump-e-acusado-de-tentativa-de-assassinato-e-pode-pegar-prisao-perpetua\/#primaryimage"},"thumbnailUrl":"https:\/\/redelitoralrs.com\/wp-content\/uploads\/2026\/04\/truth-social-preso-.avif","articleSection":["Mundo","\u00daltimas not\u00edcias"],"inLanguage":"pt-BR","potentialAction":[{"@type":"CommentAction","name":"Comment","target":["https:\/\/redelitoralrs.com\/index.php\/2026\/04\/27\/homem-que-atirou-em-jantar-com-trump-e-acusado-de-tentativa-de-assassinato-e-pode-pegar-prisao-perpetua\/#respond"]}]},{"@type":"WebPage","@id":"https:\/\/redelitoralrs.com\/index.php\/2026\/04\/27\/homem-que-atirou-em-jantar-com-trump-e-acusado-de-tentativa-de-assassinato-e-pode-pegar-prisao-perpetua\/","url":"https:\/\/redelitoralrs.com\/index.php\/2026\/04\/27\/homem-que-atirou-em-jantar-com-trump-e-acusado-de-tentativa-de-assassinato-e-pode-pegar-prisao-perpetua\/","name":"Homem que atirou em jantar com Trump \u00e9 acusado de tentativa de assassinato e pode pegar pris\u00e3o perp\u00e9tua - Rede Litoral RS","isPartOf":{"@id":"https:\/\/redelitoralrs.com\/#website"},"primaryImageOfPage":{"@id":"https:\/\/redelitoralrs.com\/index.php\/2026\/04\/27\/homem-que-atirou-em-jantar-com-trump-e-acusado-de-tentativa-de-assassinato-e-pode-pegar-prisao-perpetua\/#primaryimage"},"image":{"@id":"https:\/\/redelitoralrs.com\/index.php\/2026\/04\/27\/homem-que-atirou-em-jantar-com-trump-e-acusado-de-tentativa-de-assassinato-e-pode-pegar-prisao-perpetua\/#primaryimage"},"thumbnailUrl":"https:\/\/redelitoralrs.com\/wp-content\/uploads\/2026\/04\/truth-social-preso-.avif","datePublished":"2026-04-27T19:46:59+00:00","breadcrumb":{"@id":"https:\/\/redelitoralrs.com\/index.php\/2026\/04\/27\/homem-que-atirou-em-jantar-com-trump-e-acusado-de-tentativa-de-assassinato-e-pode-pegar-prisao-perpetua\/#breadcrumb"},"inLanguage":"pt-BR","potentialAction":[{"@type":"ReadAction","target":["https:\/\/redelitoralrs.com\/index.php\/2026\/04\/27\/homem-que-atirou-em-jantar-com-trump-e-acusado-de-tentativa-de-assassinato-e-pode-pegar-prisao-perpetua\/"]}]},{"@type":"ImageObject","inLanguage":"pt-BR","@id":"https:\/\/redelitoralrs.com\/index.php\/2026\/04\/27\/homem-que-atirou-em-jantar-com-trump-e-acusado-de-tentativa-de-assassinato-e-pode-pegar-prisao-perpetua\/#primaryimage","url":"https:\/\/redelitoralrs.com\/wp-content\/uploads\/2026\/04\/truth-social-preso-.avif","contentUrl":"https:\/\/redelitoralrs.com\/wp-content\/uploads\/2026\/04\/truth-social-preso-.avif","width":984,"height":731,"caption":"Foto: Reprodu\u00e7\u00e3o\/Redes Sociais"},{"@type":"BreadcrumbList","@id":"https:\/\/redelitoralrs.com\/index.php\/2026\/04\/27\/homem-que-atirou-em-jantar-com-trump-e-acusado-de-tentativa-de-assassinato-e-pode-pegar-prisao-perpetua\/#breadcrumb","itemListElement":[{"@type":"ListItem","position":1,"name":"In\u00edcio","item":"https:\/\/redelitoralrs.com\/"},{"@type":"ListItem","position":2,"name":"Homem que atirou em jantar com Trump \u00e9 acusado de tentativa de assassinato e pode pegar pris\u00e3o perp\u00e9tua"}]},{"@type":"WebSite","@id":"https:\/\/redelitoralrs.com\/#website","url":"https:\/\/redelitoralrs.com\/","name":"TV Litoral","description":"Acompanhe tudo do litoral ga\u00facho com a cobertura completa e atualizada da Rede Litoral RS. Nossos jornalistas trazem as \u00faltimas not\u00edcias, os acontecimentos mais quentes e as hist\u00f3rias que importam sobre nosso amado litoral.","publisher":{"@id":"https:\/\/redelitoralrs.com\/#organization"},"potentialAction":[{"@type":"SearchAction","target":{"@type":"EntryPoint","urlTemplate":"https:\/\/redelitoralrs.com\/?s={search_term_string}"},"query-input":{"@type":"PropertyValueSpecification","valueRequired":true,"valueName":"search_term_string"}}],"inLanguage":"pt-BR"},{"@type":"Organization","@id":"https:\/\/redelitoralrs.com\/#organization","name":"TV Litoral","url":"https:\/\/redelitoralrs.com\/","logo":{"@type":"ImageObject","inLanguage":"pt-BR","@id":"https:\/\/redelitoralrs.com\/#\/schema\/logo\/image\/","url":"https:\/\/redelitoralrs.com\/wp-content\/uploads\/2024\/01\/faviconicon-1-1.png","contentUrl":"https:\/\/redelitoralrs.com\/wp-content\/uploads\/2024\/01\/faviconicon-1-1.png","width":454,"height":454,"caption":"TV Litoral"},"image":{"@id":"https:\/\/redelitoralrs.com\/#\/schema\/logo\/image\/"},"sameAs":["https:\/\/www.facebook.com\/tvlitoralrsoficial","https:\/\/www.instagram.com\/tvlitoral.rs"]},{"@type":"Person","@id":"https:\/\/redelitoralrs.com\/#\/schema\/person\/9f8181f2a7359dd3986f05ebaf5bd68a","name":"Reda\u00e7\u00e3o TV Litoral","image":{"@type":"ImageObject","inLanguage":"pt-BR","@id":"https:\/\/redelitoralrs.com\/wp-content\/litespeed\/avatar\/779aafbb45e66c7f82733e21abb48259.jpg?ver=1776956734","url":"https:\/\/redelitoralrs.com\/wp-content\/litespeed\/avatar\/779aafbb45e66c7f82733e21abb48259.jpg?ver=1776956734","contentUrl":"https:\/\/redelitoralrs.com\/wp-content\/litespeed\/avatar\/779aafbb45e66c7f82733e21abb48259.jpg?ver=1776956734","caption":"Reda\u00e7\u00e3o TV Litoral"},"description":"A Rede Litoral de Comunica\u00e7\u00e3o \u00e9 um grupo de m\u00eddia multiplataforma do Litoral Norte do RS. Com atua\u00e7\u00e3o em TV, r\u00e1dio, portal e redes sociais, levamos informa\u00e7\u00e3o, conte\u00fado e entretenimento \u00e0 comunidade, fortalecendo a comunica\u00e7\u00e3o local e impulsionando o desenvolvimento regional. Acompanhe atrav\u00e9s de @redelitoralrs.","sameAs":["https:\/\/redelitoralrs.com","https:\/\/www.instagram.com\/redelitoralrs","https:\/\/www.youtube.com\/@redelitoralrs"],"url":"https:\/\/redelitoralrs.com\/index.php\/author\/redacaotvlitoral\/"}]}},"_links":{"self":[{"href":"https:\/\/redelitoralrs.com\/index.php\/wp-json\/wp\/v2\/posts\/24774","targetHints":{"allow":["GET"]}}],"collection":[{"href":"https:\/\/redelitoralrs.com\/index.php\/wp-json\/wp\/v2\/posts"}],"about":[{"href":"https:\/\/redelitoralrs.com\/index.php\/wp-json\/wp\/v2\/types\/post"}],"author":[{"embeddable":true,"href":"https:\/\/redelitoralrs.com\/index.php\/wp-json\/wp\/v2\/users\/2"}],"replies":[{"embeddable":true,"href":"https:\/\/redelitoralrs.com\/index.php\/wp-json\/wp\/v2\/comments?post=24774"}],"version-history":[{"count":1,"href":"https:\/\/redelitoralrs.com\/index.php\/wp-json\/wp\/v2\/posts\/24774\/revisions"}],"predecessor-version":[{"id":24776,"href":"https:\/\/redelitoralrs.com\/index.php\/wp-json\/wp\/v2\/posts\/24774\/revisions\/24776"}],"wp:featuredmedia":[{"embeddable":true,"href":"https:\/\/redelitoralrs.com\/index.php\/wp-json\/wp\/v2\/media\/24775"}],"wp:attachment":[{"href":"https:\/\/redelitoralrs.com\/index.php\/wp-json\/wp\/v2\/media?parent=24774"}],"wp:term":[{"taxonomy":"category","embeddable":true,"href":"https:\/\/redelitoralrs.com\/index.php\/wp-json\/wp\/v2\/categories?post=24774"},{"taxonomy":"post_tag","embeddable":true,"href":"https:\/\/redelitoralrs.com\/index.php\/wp-json\/wp\/v2\/tags?post=24774"}],"curies":[{"name":"wp","href":"https:\/\/api.w.org\/{rel}","templated":true}]}}