{"id":24771,"date":"2026-04-27T16:42:31","date_gmt":"2026-04-27T19:42:31","guid":{"rendered":"https:\/\/redelitoralrs.com\/?p=24771"},"modified":"2026-04-27T16:42:32","modified_gmt":"2026-04-27T19:42:32","slug":"rs-sanciona-lei-da-patrulha-bernardo-e-cria-reforco-no-combate-a-violencia-contra-criancas-e-adolescentes","status":"publish","type":"post","link":"https:\/\/redelitoralrs.com\/index.php\/2026\/04\/27\/rs-sanciona-lei-da-patrulha-bernardo-e-cria-reforco-no-combate-a-violencia-contra-criancas-e-adolescentes\/","title":{"rendered":"RS sanciona Lei da Patrulha Bernardo e cria refor\u00e7o no combate \u00e0 viol\u00eancia contra crian\u00e7as e adolescentes"},"content":{"rendered":"\n<p>O governo do Rio Grande do Sul sancionou a Lei n\u00ba 16.505, que institui a Patrulha Estadual de Preven\u00e7\u00e3o \u00e0 Viol\u00eancia Dom\u00e9stica e Familiar contra Crian\u00e7as e Adolescentes, conhecida como Patrulha Bernardo. A medida j\u00e1 est\u00e1 em vigor ap\u00f3s publica\u00e7\u00e3o no Di\u00e1rio Oficial nesta segunda-feira (27) e amplia a rede de prote\u00e7\u00e3o \u00e0 inf\u00e2ncia em todo o Estado.<\/p>\n\n\n\n<p>De autoria do deputado Delegado Zucco, a legisla\u00e7\u00e3o estabelece uma atua\u00e7\u00e3o integrada entre for\u00e7as de seguran\u00e7a, sistema de Justi\u00e7a, escolas e \u00f3rg\u00e3os de assist\u00eancia social. A proposta prev\u00ea a\u00e7\u00f5es preventivas, monitoramento de casos e resposta mais \u00e1gil em situa\u00e7\u00f5es de risco envolvendo crian\u00e7as e adolescentes.<\/p>\n\n\n\n<p>A nova patrulha ser\u00e1 inspirada no modelo da Patrulha Maria da Penha e contar\u00e1 com a participa\u00e7\u00e3o de institui\u00e7\u00f5es como a Brigada Militar do Rio Grande do Sul, Conselhos Tutelares e o Minist\u00e9rio P\u00fablico. Entre as diretrizes est\u00e3o a capacita\u00e7\u00e3o de profissionais, o fortalecimento da rede de atendimento e o desenvolvimento de a\u00e7\u00f5es educativas voltadas \u00e0 conscientiza\u00e7\u00e3o.<\/p>\n\n\n\n<p>O nome da iniciativa faz refer\u00eancia ao caso de Bernardo Boldrini, que ganhou repercuss\u00e3o nacional ao expor fragilidades nos mecanismos de prote\u00e7\u00e3o infantil. A nova lei busca justamente evitar a repeti\u00e7\u00e3o de situa\u00e7\u00f5es semelhantes por meio de pol\u00edticas p\u00fablicas mais estruturadas.<\/p>\n\n\n\n<p>Al\u00e9m disso, a legisla\u00e7\u00e3o institui o m\u00eas de maio como per\u00edodo oficial de conscientiza\u00e7\u00e3o sobre a viol\u00eancia contra crian\u00e7as e adolescentes no Estado, com a realiza\u00e7\u00e3o de campanhas e mobiliza\u00e7\u00f5es voltadas \u00e0 preven\u00e7\u00e3o.<\/p>\n","protected":false},"excerpt":{"rendered":"<p>O governo do Rio Grande do Sul sancionou a Lei n\u00ba 16.505, que institui a Patrulha Estadual de Preven\u00e7\u00e3o \u00e0 Viol\u00eancia Dom\u00e9stica e Familiar contra Crian\u00e7as e Adolescentes, conhecida como Patrulha Bernardo. A medida j\u00e1 est\u00e1 em vigor ap\u00f3s publica\u00e7\u00e3o no Di\u00e1rio Oficial nesta segunda-feira (27) e amplia a rede de prote\u00e7\u00e3o \u00e0 inf\u00e2ncia em [&hellip;]<\/p>\n","protected":false},"author":2,"featured_media":24772,"comment_status":"open","ping_status":"open","sticky":false,"template":"","format":"standard","meta":{"_themeisle_gutenberg_block_has_review":false,"footnotes":""},"categories":[188,15],"tags":[],"class_list":["post-24771","post","type-post","status-publish","format-standard","has-post-thumbnail","hentry","category-rio-grande-do-sul","category-noticias"],"yoast_head":"<!-- This site is optimized with the Yoast SEO plugin v27.4 - https:\/\/yoast.com\/product\/yoast-seo-wordpress\/ -->\n<title>RS sanciona Lei da Patrulha Bernardo e cria refor\u00e7o no combate \u00e0 viol\u00eancia contra crian\u00e7as e adolescentes - Rede Litoral RS<\/title>\n<meta name=\"robots\" content=\"index, follow, max-snippet:-1, max-image-preview:large, max-video-preview:-1\" \/>\n<link rel=\"canonical\" href=\"https:\/\/redelitoralrs.com\/index.php\/2026\/04\/27\/rs-sanciona-lei-da-patrulha-bernardo-e-cria-reforco-no-combate-a-violencia-contra-criancas-e-adolescentes\/\" \/>\n<meta property=\"og:locale\" content=\"pt_BR\" \/>\n<meta property=\"og:type\" content=\"article\" \/>\n<meta property=\"og:title\" content=\"RS sanciona Lei da Patrulha Bernardo e cria refor\u00e7o no combate \u00e0 viol\u00eancia contra crian\u00e7as e adolescentes - Rede Litoral RS\" \/>\n<meta property=\"og:description\" content=\"O governo do Rio Grande do Sul sancionou a Lei n\u00ba 16.505, que institui a Patrulha Estadual de Preven\u00e7\u00e3o \u00e0 Viol\u00eancia Dom\u00e9stica e Familiar contra Crian\u00e7as e Adolescentes, conhecida como Patrulha Bernardo. A medida j\u00e1 est\u00e1 em vigor ap\u00f3s publica\u00e7\u00e3o no Di\u00e1rio Oficial nesta segunda-feira (27) e amplia a rede de prote\u00e7\u00e3o \u00e0 inf\u00e2ncia em [&hellip;]\" \/>\n<meta property=\"og:url\" content=\"https:\/\/redelitoralrs.com\/index.php\/2026\/04\/27\/rs-sanciona-lei-da-patrulha-bernardo-e-cria-reforco-no-combate-a-violencia-contra-criancas-e-adolescentes\/\" \/>\n<meta property=\"og:site_name\" content=\"Rede Litoral RS\" \/>\n<meta property=\"article:publisher\" content=\"https:\/\/www.facebook.com\/tvlitoralrsoficial\" \/>\n<meta property=\"article:published_time\" content=\"2026-04-27T19:42:31+00:00\" \/>\n<meta property=\"article:modified_time\" content=\"2026-04-27T19:42:32+00:00\" \/>\n<meta name=\"author\" content=\"Reda\u00e7\u00e3o TV Litoral\" \/>\n<meta name=\"twitter:card\" content=\"summary_large_image\" \/>\n<meta name=\"twitter:label1\" content=\"Escrito por\" \/>\n\t<meta name=\"twitter:data1\" content=\"Reda\u00e7\u00e3o TV Litoral\" \/>\n\t<meta name=\"twitter:label2\" content=\"Est. tempo de leitura\" \/>\n\t<meta name=\"twitter:data2\" content=\"2 minutos\" \/>\n<script type=\"application\/ld+json\" class=\"yoast-schema-graph\">{\"@context\":\"https:\\\/\\\/schema.org\",\"@graph\":[{\"@type\":\"Article\",\"@id\":\"https:\\\/\\\/redelitoralrs.com\\\/index.php\\\/2026\\\/04\\\/27\\\/rs-sanciona-lei-da-patrulha-bernardo-e-cria-reforco-no-combate-a-violencia-contra-criancas-e-adolescentes\\\/#article\",\"isPartOf\":{\"@id\":\"https:\\\/\\\/redelitoralrs.com\\\/index.php\\\/2026\\\/04\\\/27\\\/rs-sanciona-lei-da-patrulha-bernardo-e-cria-reforco-no-combate-a-violencia-contra-criancas-e-adolescentes\\\/\"},\"author\":{\"name\":\"Reda\u00e7\u00e3o TV Litoral\",\"@id\":\"https:\\\/\\\/redelitoralrs.com\\\/#\\\/schema\\\/person\\\/9f8181f2a7359dd3986f05ebaf5bd68a\"},\"headline\":\"RS sanciona Lei da Patrulha Bernardo e cria refor\u00e7o no combate \u00e0 viol\u00eancia contra crian\u00e7as e adolescentes\",\"datePublished\":\"2026-04-27T19:42:31+00:00\",\"dateModified\":\"2026-04-27T19:42:32+00:00\",\"mainEntityOfPage\":{\"@id\":\"https:\\\/\\\/redelitoralrs.com\\\/index.php\\\/2026\\\/04\\\/27\\\/rs-sanciona-lei-da-patrulha-bernardo-e-cria-reforco-no-combate-a-violencia-contra-criancas-e-adolescentes\\\/\"},\"wordCount\":291,\"commentCount\":0,\"publisher\":{\"@id\":\"https:\\\/\\\/redelitoralrs.com\\\/#organization\"},\"image\":{\"@id\":\"https:\\\/\\\/redelitoralrs.com\\\/index.php\\\/2026\\\/04\\\/27\\\/rs-sanciona-lei-da-patrulha-bernardo-e-cria-reforco-no-combate-a-violencia-contra-criancas-e-adolescentes\\\/#primaryimage\"},\"thumbnailUrl\":\"https:\\\/\\\/redelitoralrs.com\\\/wp-content\\\/uploads\\\/2026\\\/04\\\/gnews-bernardo-20140516000843-1.avif\",\"articleSection\":[\"Rio Grande do Sul\",\"\u00daltimas not\u00edcias\"],\"inLanguage\":\"pt-BR\",\"potentialAction\":[{\"@type\":\"CommentAction\",\"name\":\"Comment\",\"target\":[\"https:\\\/\\\/redelitoralrs.com\\\/index.php\\\/2026\\\/04\\\/27\\\/rs-sanciona-lei-da-patrulha-bernardo-e-cria-reforco-no-combate-a-violencia-contra-criancas-e-adolescentes\\\/#respond\"]}]},{\"@type\":\"WebPage\",\"@id\":\"https:\\\/\\\/redelitoralrs.com\\\/index.php\\\/2026\\\/04\\\/27\\\/rs-sanciona-lei-da-patrulha-bernardo-e-cria-reforco-no-combate-a-violencia-contra-criancas-e-adolescentes\\\/\",\"url\":\"https:\\\/\\\/redelitoralrs.com\\\/index.php\\\/2026\\\/04\\\/27\\\/rs-sanciona-lei-da-patrulha-bernardo-e-cria-reforco-no-combate-a-violencia-contra-criancas-e-adolescentes\\\/\",\"name\":\"RS sanciona Lei da Patrulha Bernardo e cria refor\u00e7o no combate \u00e0 viol\u00eancia contra crian\u00e7as e adolescentes - Rede Litoral RS\",\"isPartOf\":{\"@id\":\"https:\\\/\\\/redelitoralrs.com\\\/#website\"},\"primaryImageOfPage\":{\"@id\":\"https:\\\/\\\/redelitoralrs.com\\\/index.php\\\/2026\\\/04\\\/27\\\/rs-sanciona-lei-da-patrulha-bernardo-e-cria-reforco-no-combate-a-violencia-contra-criancas-e-adolescentes\\\/#primaryimage\"},\"image\":{\"@id\":\"https:\\\/\\\/redelitoralrs.com\\\/index.php\\\/2026\\\/04\\\/27\\\/rs-sanciona-lei-da-patrulha-bernardo-e-cria-reforco-no-combate-a-violencia-contra-criancas-e-adolescentes\\\/#primaryimage\"},\"thumbnailUrl\":\"https:\\\/\\\/redelitoralrs.com\\\/wp-content\\\/uploads\\\/2026\\\/04\\\/gnews-bernardo-20140516000843-1.avif\",\"datePublished\":\"2026-04-27T19:42:31+00:00\",\"dateModified\":\"2026-04-27T19:42:32+00:00\",\"breadcrumb\":{\"@id\":\"https:\\\/\\\/redelitoralrs.com\\\/index.php\\\/2026\\\/04\\\/27\\\/rs-sanciona-lei-da-patrulha-bernardo-e-cria-reforco-no-combate-a-violencia-contra-criancas-e-adolescentes\\\/#breadcrumb\"},\"inLanguage\":\"pt-BR\",\"potentialAction\":[{\"@type\":\"ReadAction\",\"target\":[\"https:\\\/\\\/redelitoralrs.com\\\/index.php\\\/2026\\\/04\\\/27\\\/rs-sanciona-lei-da-patrulha-bernardo-e-cria-reforco-no-combate-a-violencia-contra-criancas-e-adolescentes\\\/\"]}]},{\"@type\":\"ImageObject\",\"inLanguage\":\"pt-BR\",\"@id\":\"https:\\\/\\\/redelitoralrs.com\\\/index.php\\\/2026\\\/04\\\/27\\\/rs-sanciona-lei-da-patrulha-bernardo-e-cria-reforco-no-combate-a-violencia-contra-criancas-e-adolescentes\\\/#primaryimage\",\"url\":\"https:\\\/\\\/redelitoralrs.com\\\/wp-content\\\/uploads\\\/2026\\\/04\\\/gnews-bernardo-20140516000843-1.avif\",\"contentUrl\":\"https:\\\/\\\/redelitoralrs.com\\\/wp-content\\\/uploads\\\/2026\\\/04\\\/gnews-bernardo-20140516000843-1.avif\",\"width\":984,\"height\":601,\"caption\":\"Foto: Reprodu\u00e7\u00e3o\"},{\"@type\":\"BreadcrumbList\",\"@id\":\"https:\\\/\\\/redelitoralrs.com\\\/index.php\\\/2026\\\/04\\\/27\\\/rs-sanciona-lei-da-patrulha-bernardo-e-cria-reforco-no-combate-a-violencia-contra-criancas-e-adolescentes\\\/#breadcrumb\",\"itemListElement\":[{\"@type\":\"ListItem\",\"position\":1,\"name\":\"In\u00edcio\",\"item\":\"https:\\\/\\\/redelitoralrs.com\\\/\"},{\"@type\":\"ListItem\",\"position\":2,\"name\":\"RS sanciona Lei da Patrulha Bernardo e cria refor\u00e7o no combate \u00e0 viol\u00eancia contra crian\u00e7as e adolescentes\"}]},{\"@type\":\"WebSite\",\"@id\":\"https:\\\/\\\/redelitoralrs.com\\\/#website\",\"url\":\"https:\\\/\\\/redelitoralrs.com\\\/\",\"name\":\"TV Litoral\",\"description\":\"Acompanhe tudo do litoral ga\u00facho com a cobertura completa e atualizada da Rede Litoral RS. Nossos jornalistas trazem as \u00faltimas not\u00edcias, os acontecimentos mais quentes e as hist\u00f3rias que importam sobre nosso amado litoral.\",\"publisher\":{\"@id\":\"https:\\\/\\\/redelitoralrs.com\\\/#organization\"},\"potentialAction\":[{\"@type\":\"SearchAction\",\"target\":{\"@type\":\"EntryPoint\",\"urlTemplate\":\"https:\\\/\\\/redelitoralrs.com\\\/?s={search_term_string}\"},\"query-input\":{\"@type\":\"PropertyValueSpecification\",\"valueRequired\":true,\"valueName\":\"search_term_string\"}}],\"inLanguage\":\"pt-BR\"},{\"@type\":\"Organization\",\"@id\":\"https:\\\/\\\/redelitoralrs.com\\\/#organization\",\"name\":\"TV Litoral\",\"url\":\"https:\\\/\\\/redelitoralrs.com\\\/\",\"logo\":{\"@type\":\"ImageObject\",\"inLanguage\":\"pt-BR\",\"@id\":\"https:\\\/\\\/redelitoralrs.com\\\/#\\\/schema\\\/logo\\\/image\\\/\",\"url\":\"https:\\\/\\\/redelitoralrs.com\\\/wp-content\\\/uploads\\\/2024\\\/01\\\/faviconicon-1-1.png\",\"contentUrl\":\"https:\\\/\\\/redelitoralrs.com\\\/wp-content\\\/uploads\\\/2024\\\/01\\\/faviconicon-1-1.png\",\"width\":454,\"height\":454,\"caption\":\"TV Litoral\"},\"image\":{\"@id\":\"https:\\\/\\\/redelitoralrs.com\\\/#\\\/schema\\\/logo\\\/image\\\/\"},\"sameAs\":[\"https:\\\/\\\/www.facebook.com\\\/tvlitoralrsoficial\",\"https:\\\/\\\/www.instagram.com\\\/tvlitoral.rs\"]},{\"@type\":\"Person\",\"@id\":\"https:\\\/\\\/redelitoralrs.com\\\/#\\\/schema\\\/person\\\/9f8181f2a7359dd3986f05ebaf5bd68a\",\"name\":\"Reda\u00e7\u00e3o TV Litoral\",\"image\":{\"@type\":\"ImageObject\",\"inLanguage\":\"pt-BR\",\"@id\":\"https:\\\/\\\/redelitoralrs.com\\\/wp-content\\\/litespeed\\\/avatar\\\/779aafbb45e66c7f82733e21abb48259.jpg?ver=1776956734\",\"url\":\"https:\\\/\\\/redelitoralrs.com\\\/wp-content\\\/litespeed\\\/avatar\\\/779aafbb45e66c7f82733e21abb48259.jpg?ver=1776956734\",\"contentUrl\":\"https:\\\/\\\/redelitoralrs.com\\\/wp-content\\\/litespeed\\\/avatar\\\/779aafbb45e66c7f82733e21abb48259.jpg?ver=1776956734\",\"caption\":\"Reda\u00e7\u00e3o TV Litoral\"},\"description\":\"A Rede Litoral de Comunica\u00e7\u00e3o \u00e9 um grupo de m\u00eddia multiplataforma do Litoral Norte do RS. Com atua\u00e7\u00e3o em TV, r\u00e1dio, portal e redes sociais, levamos informa\u00e7\u00e3o, conte\u00fado e entretenimento \u00e0 comunidade, fortalecendo a comunica\u00e7\u00e3o local e impulsionando o desenvolvimento regional. Acompanhe atrav\u00e9s de @redelitoralrs.\",\"sameAs\":[\"https:\\\/\\\/redelitoralrs.com\",\"https:\\\/\\\/www.instagram.com\\\/redelitoralrs\",\"https:\\\/\\\/www.youtube.com\\\/@redelitoralrs\"],\"url\":\"https:\\\/\\\/redelitoralrs.com\\\/index.php\\\/author\\\/redacaotvlitoral\\\/\"}]}<\/script>\n<!-- \/ Yoast SEO plugin. -->","yoast_head_json":{"title":"RS sanciona Lei da Patrulha Bernardo e cria refor\u00e7o no combate \u00e0 viol\u00eancia contra crian\u00e7as e adolescentes - Rede Litoral RS","robots":{"index":"index","follow":"follow","max-snippet":"max-snippet:-1","max-image-preview":"max-image-preview:large","max-video-preview":"max-video-preview:-1"},"canonical":"https:\/\/redelitoralrs.com\/index.php\/2026\/04\/27\/rs-sanciona-lei-da-patrulha-bernardo-e-cria-reforco-no-combate-a-violencia-contra-criancas-e-adolescentes\/","og_locale":"pt_BR","og_type":"article","og_title":"RS sanciona Lei da Patrulha Bernardo e cria refor\u00e7o no combate \u00e0 viol\u00eancia contra crian\u00e7as e adolescentes - Rede Litoral RS","og_description":"O governo do Rio Grande do Sul sancionou a Lei n\u00ba 16.505, que institui a Patrulha Estadual de Preven\u00e7\u00e3o \u00e0 Viol\u00eancia Dom\u00e9stica e Familiar contra Crian\u00e7as e Adolescentes, conhecida como Patrulha Bernardo. A medida j\u00e1 est\u00e1 em vigor ap\u00f3s publica\u00e7\u00e3o no Di\u00e1rio Oficial nesta segunda-feira (27) e amplia a rede de prote\u00e7\u00e3o \u00e0 inf\u00e2ncia em [&hellip;]","og_url":"https:\/\/redelitoralrs.com\/index.php\/2026\/04\/27\/rs-sanciona-lei-da-patrulha-bernardo-e-cria-reforco-no-combate-a-violencia-contra-criancas-e-adolescentes\/","og_site_name":"Rede Litoral RS","article_publisher":"https:\/\/www.facebook.com\/tvlitoralrsoficial","article_published_time":"2026-04-27T19:42:31+00:00","article_modified_time":"2026-04-27T19:42:32+00:00","author":"Reda\u00e7\u00e3o TV Litoral","twitter_card":"summary_large_image","twitter_misc":{"Escrito por":"Reda\u00e7\u00e3o TV Litoral","Est. tempo de leitura":"2 minutos"},"schema":{"@context":"https:\/\/schema.org","@graph":[{"@type":"Article","@id":"https:\/\/redelitoralrs.com\/index.php\/2026\/04\/27\/rs-sanciona-lei-da-patrulha-bernardo-e-cria-reforco-no-combate-a-violencia-contra-criancas-e-adolescentes\/#article","isPartOf":{"@id":"https:\/\/redelitoralrs.com\/index.php\/2026\/04\/27\/rs-sanciona-lei-da-patrulha-bernardo-e-cria-reforco-no-combate-a-violencia-contra-criancas-e-adolescentes\/"},"author":{"name":"Reda\u00e7\u00e3o TV Litoral","@id":"https:\/\/redelitoralrs.com\/#\/schema\/person\/9f8181f2a7359dd3986f05ebaf5bd68a"},"headline":"RS sanciona Lei da Patrulha Bernardo e cria refor\u00e7o no combate \u00e0 viol\u00eancia contra crian\u00e7as e adolescentes","datePublished":"2026-04-27T19:42:31+00:00","dateModified":"2026-04-27T19:42:32+00:00","mainEntityOfPage":{"@id":"https:\/\/redelitoralrs.com\/index.php\/2026\/04\/27\/rs-sanciona-lei-da-patrulha-bernardo-e-cria-reforco-no-combate-a-violencia-contra-criancas-e-adolescentes\/"},"wordCount":291,"commentCount":0,"publisher":{"@id":"https:\/\/redelitoralrs.com\/#organization"},"image":{"@id":"https:\/\/redelitoralrs.com\/index.php\/2026\/04\/27\/rs-sanciona-lei-da-patrulha-bernardo-e-cria-reforco-no-combate-a-violencia-contra-criancas-e-adolescentes\/#primaryimage"},"thumbnailUrl":"https:\/\/redelitoralrs.com\/wp-content\/uploads\/2026\/04\/gnews-bernardo-20140516000843-1.avif","articleSection":["Rio Grande do Sul","\u00daltimas not\u00edcias"],"inLanguage":"pt-BR","potentialAction":[{"@type":"CommentAction","name":"Comment","target":["https:\/\/redelitoralrs.com\/index.php\/2026\/04\/27\/rs-sanciona-lei-da-patrulha-bernardo-e-cria-reforco-no-combate-a-violencia-contra-criancas-e-adolescentes\/#respond"]}]},{"@type":"WebPage","@id":"https:\/\/redelitoralrs.com\/index.php\/2026\/04\/27\/rs-sanciona-lei-da-patrulha-bernardo-e-cria-reforco-no-combate-a-violencia-contra-criancas-e-adolescentes\/","url":"https:\/\/redelitoralrs.com\/index.php\/2026\/04\/27\/rs-sanciona-lei-da-patrulha-bernardo-e-cria-reforco-no-combate-a-violencia-contra-criancas-e-adolescentes\/","name":"RS sanciona Lei da Patrulha Bernardo e cria refor\u00e7o no combate \u00e0 viol\u00eancia contra crian\u00e7as e adolescentes - Rede Litoral RS","isPartOf":{"@id":"https:\/\/redelitoralrs.com\/#website"},"primaryImageOfPage":{"@id":"https:\/\/redelitoralrs.com\/index.php\/2026\/04\/27\/rs-sanciona-lei-da-patrulha-bernardo-e-cria-reforco-no-combate-a-violencia-contra-criancas-e-adolescentes\/#primaryimage"},"image":{"@id":"https:\/\/redelitoralrs.com\/index.php\/2026\/04\/27\/rs-sanciona-lei-da-patrulha-bernardo-e-cria-reforco-no-combate-a-violencia-contra-criancas-e-adolescentes\/#primaryimage"},"thumbnailUrl":"https:\/\/redelitoralrs.com\/wp-content\/uploads\/2026\/04\/gnews-bernardo-20140516000843-1.avif","datePublished":"2026-04-27T19:42:31+00:00","dateModified":"2026-04-27T19:42:32+00:00","breadcrumb":{"@id":"https:\/\/redelitoralrs.com\/index.php\/2026\/04\/27\/rs-sanciona-lei-da-patrulha-bernardo-e-cria-reforco-no-combate-a-violencia-contra-criancas-e-adolescentes\/#breadcrumb"},"inLanguage":"pt-BR","potentialAction":[{"@type":"ReadAction","target":["https:\/\/redelitoralrs.com\/index.php\/2026\/04\/27\/rs-sanciona-lei-da-patrulha-bernardo-e-cria-reforco-no-combate-a-violencia-contra-criancas-e-adolescentes\/"]}]},{"@type":"ImageObject","inLanguage":"pt-BR","@id":"https:\/\/redelitoralrs.com\/index.php\/2026\/04\/27\/rs-sanciona-lei-da-patrulha-bernardo-e-cria-reforco-no-combate-a-violencia-contra-criancas-e-adolescentes\/#primaryimage","url":"https:\/\/redelitoralrs.com\/wp-content\/uploads\/2026\/04\/gnews-bernardo-20140516000843-1.avif","contentUrl":"https:\/\/redelitoralrs.com\/wp-content\/uploads\/2026\/04\/gnews-bernardo-20140516000843-1.avif","width":984,"height":601,"caption":"Foto: Reprodu\u00e7\u00e3o"},{"@type":"BreadcrumbList","@id":"https:\/\/redelitoralrs.com\/index.php\/2026\/04\/27\/rs-sanciona-lei-da-patrulha-bernardo-e-cria-reforco-no-combate-a-violencia-contra-criancas-e-adolescentes\/#breadcrumb","itemListElement":[{"@type":"ListItem","position":1,"name":"In\u00edcio","item":"https:\/\/redelitoralrs.com\/"},{"@type":"ListItem","position":2,"name":"RS sanciona Lei da Patrulha Bernardo e cria refor\u00e7o no combate \u00e0 viol\u00eancia contra crian\u00e7as e adolescentes"}]},{"@type":"WebSite","@id":"https:\/\/redelitoralrs.com\/#website","url":"https:\/\/redelitoralrs.com\/","name":"TV Litoral","description":"Acompanhe tudo do litoral ga\u00facho com a cobertura completa e atualizada da Rede Litoral RS. Nossos jornalistas trazem as \u00faltimas not\u00edcias, os acontecimentos mais quentes e as hist\u00f3rias que importam sobre nosso amado litoral.","publisher":{"@id":"https:\/\/redelitoralrs.com\/#organization"},"potentialAction":[{"@type":"SearchAction","target":{"@type":"EntryPoint","urlTemplate":"https:\/\/redelitoralrs.com\/?s={search_term_string}"},"query-input":{"@type":"PropertyValueSpecification","valueRequired":true,"valueName":"search_term_string"}}],"inLanguage":"pt-BR"},{"@type":"Organization","@id":"https:\/\/redelitoralrs.com\/#organization","name":"TV Litoral","url":"https:\/\/redelitoralrs.com\/","logo":{"@type":"ImageObject","inLanguage":"pt-BR","@id":"https:\/\/redelitoralrs.com\/#\/schema\/logo\/image\/","url":"https:\/\/redelitoralrs.com\/wp-content\/uploads\/2024\/01\/faviconicon-1-1.png","contentUrl":"https:\/\/redelitoralrs.com\/wp-content\/uploads\/2024\/01\/faviconicon-1-1.png","width":454,"height":454,"caption":"TV Litoral"},"image":{"@id":"https:\/\/redelitoralrs.com\/#\/schema\/logo\/image\/"},"sameAs":["https:\/\/www.facebook.com\/tvlitoralrsoficial","https:\/\/www.instagram.com\/tvlitoral.rs"]},{"@type":"Person","@id":"https:\/\/redelitoralrs.com\/#\/schema\/person\/9f8181f2a7359dd3986f05ebaf5bd68a","name":"Reda\u00e7\u00e3o TV Litoral","image":{"@type":"ImageObject","inLanguage":"pt-BR","@id":"https:\/\/redelitoralrs.com\/wp-content\/litespeed\/avatar\/779aafbb45e66c7f82733e21abb48259.jpg?ver=1776956734","url":"https:\/\/redelitoralrs.com\/wp-content\/litespeed\/avatar\/779aafbb45e66c7f82733e21abb48259.jpg?ver=1776956734","contentUrl":"https:\/\/redelitoralrs.com\/wp-content\/litespeed\/avatar\/779aafbb45e66c7f82733e21abb48259.jpg?ver=1776956734","caption":"Reda\u00e7\u00e3o TV Litoral"},"description":"A Rede Litoral de Comunica\u00e7\u00e3o \u00e9 um grupo de m\u00eddia multiplataforma do Litoral Norte do RS. Com atua\u00e7\u00e3o em TV, r\u00e1dio, portal e redes sociais, levamos informa\u00e7\u00e3o, conte\u00fado e entretenimento \u00e0 comunidade, fortalecendo a comunica\u00e7\u00e3o local e impulsionando o desenvolvimento regional. Acompanhe atrav\u00e9s de @redelitoralrs.","sameAs":["https:\/\/redelitoralrs.com","https:\/\/www.instagram.com\/redelitoralrs","https:\/\/www.youtube.com\/@redelitoralrs"],"url":"https:\/\/redelitoralrs.com\/index.php\/author\/redacaotvlitoral\/"}]}},"_links":{"self":[{"href":"https:\/\/redelitoralrs.com\/index.php\/wp-json\/wp\/v2\/posts\/24771","targetHints":{"allow":["GET"]}}],"collection":[{"href":"https:\/\/redelitoralrs.com\/index.php\/wp-json\/wp\/v2\/posts"}],"about":[{"href":"https:\/\/redelitoralrs.com\/index.php\/wp-json\/wp\/v2\/types\/post"}],"author":[{"embeddable":true,"href":"https:\/\/redelitoralrs.com\/index.php\/wp-json\/wp\/v2\/users\/2"}],"replies":[{"embeddable":true,"href":"https:\/\/redelitoralrs.com\/index.php\/wp-json\/wp\/v2\/comments?post=24771"}],"version-history":[{"count":1,"href":"https:\/\/redelitoralrs.com\/index.php\/wp-json\/wp\/v2\/posts\/24771\/revisions"}],"predecessor-version":[{"id":24773,"href":"https:\/\/redelitoralrs.com\/index.php\/wp-json\/wp\/v2\/posts\/24771\/revisions\/24773"}],"wp:featuredmedia":[{"embeddable":true,"href":"https:\/\/redelitoralrs.com\/index.php\/wp-json\/wp\/v2\/media\/24772"}],"wp:attachment":[{"href":"https:\/\/redelitoralrs.com\/index.php\/wp-json\/wp\/v2\/media?parent=24771"}],"wp:term":[{"taxonomy":"category","embeddable":true,"href":"https:\/\/redelitoralrs.com\/index.php\/wp-json\/wp\/v2\/categories?post=24771"},{"taxonomy":"post_tag","embeddable":true,"href":"https:\/\/redelitoralrs.com\/index.php\/wp-json\/wp\/v2\/tags?post=24771"}],"curies":[{"name":"wp","href":"https:\/\/api.w.org\/{rel}","templated":true}]}}