{"id":24756,"date":"2026-04-27T14:44:40","date_gmt":"2026-04-27T17:44:40","guid":{"rendered":"https:\/\/redelitoralrs.com\/?p=24756"},"modified":"2026-04-27T14:44:40","modified_gmt":"2026-04-27T17:44:40","slug":"brigada-militar-prende-foragido-e-homem-por-embriaguez-ao-volante-no-litoral-norte","status":"publish","type":"post","link":"https:\/\/redelitoralrs.com\/index.php\/2026\/04\/27\/brigada-militar-prende-foragido-e-homem-por-embriaguez-ao-volante-no-litoral-norte\/","title":{"rendered":"Brigada Militar prende foragido e homem por embriaguez ao volante no Litoral Norte"},"content":{"rendered":"\n<p>A Brigada Militar do Rio Grande do Sul realizou duas pris\u00f5es na madrugada de s\u00e1bado (25) em munic\u00edpios do Litoral Norte, envolvendo um foragido da Justi\u00e7a e um condutor flagrado por embriaguez ao volante ap\u00f3s tentativa de fraude.<\/p>\n\n\n\n<p>Em Arroio do Sal, um homem de 31 anos foi preso durante policiamento em um rodeio realizado na Avenida Beira-Mar. A a\u00e7\u00e3o ocorreu ap\u00f3s informa\u00e7\u00f5es sobre a presen\u00e7a de um indiv\u00edduo foragido no local. Durante as dilig\u00eancias, os policiais localizaram o suspeito e, ap\u00f3s identifica\u00e7\u00e3o, confirmaram a exist\u00eancia de um mandado de pris\u00e3o em aberto. O homem possui antecedentes por crimes como homic\u00eddio, roubo, tr\u00e1fico de entorpecentes, amea\u00e7a e les\u00e3o corporal.<\/p>\n\n\n\n<p>J\u00e1 em Terra de Areia, um homem de 50 anos foi preso ap\u00f3s tentar deixar um posto de combust\u00edveis sem pagar pelo abastecimento, na Rota do Sol. A Brigada Militar foi acionada e localizou o ve\u00edculo em deslocamento. Durante a abordagem, o condutor apresentava sinais evidentes de embriaguez, como fala desconexa e dificuldade de compreens\u00e3o.<\/p>\n\n\n\n<p>Com apoio do Comando Rodovi\u00e1rio, foi realizado o teste do etil\u00f4metro, que apontou 1,34 miligrama de \u00e1lcool por litro de ar alveolar, \u00edndice que caracteriza crime de tr\u00e2nsito. O homem foi preso, encaminhado para atendimento m\u00e9dico e posteriormente apresentado na Delegacia de Pol\u00edcia de Cap\u00e3o da Canoa. O ve\u00edculo foi removido a um dep\u00f3sito credenciado.<\/p>\n\n\n\n<p>As ocorr\u00eancias refor\u00e7am a atua\u00e7\u00e3o das for\u00e7as de seguran\u00e7a no combate a crimes e na fiscaliza\u00e7\u00e3o de condutas que colocam em risco a seguran\u00e7a da popula\u00e7\u00e3o na regi\u00e3o.<\/p>\n","protected":false},"excerpt":{"rendered":"<p>A Brigada Militar do Rio Grande do Sul realizou duas pris\u00f5es na madrugada de s\u00e1bado (25) em munic\u00edpios do Litoral Norte, envolvendo um foragido da Justi\u00e7a e um condutor flagrado por embriaguez ao volante ap\u00f3s tentativa de fraude. Em Arroio do Sal, um homem de 31 anos foi preso durante policiamento em um rodeio realizado [&hellip;]<\/p>\n","protected":false},"author":2,"featured_media":24757,"comment_status":"open","ping_status":"open","sticky":false,"template":"","format":"standard","meta":{"_themeisle_gutenberg_block_has_review":false,"footnotes":""},"categories":[20,98,15],"tags":[],"class_list":["post-24756","post","type-post","status-publish","format-standard","has-post-thumbnail","hentry","category-litoral_norte","category-policia","category-noticias"],"yoast_head":"<!-- This site is optimized with the Yoast SEO plugin v27.4 - https:\/\/yoast.com\/product\/yoast-seo-wordpress\/ -->\n<title>Brigada Militar prende foragido e homem por embriaguez ao volante no Litoral Norte - Rede Litoral RS<\/title>\n<meta name=\"robots\" content=\"index, follow, max-snippet:-1, max-image-preview:large, max-video-preview:-1\" \/>\n<link rel=\"canonical\" href=\"https:\/\/redelitoralrs.com\/index.php\/2026\/04\/27\/brigada-militar-prende-foragido-e-homem-por-embriaguez-ao-volante-no-litoral-norte\/\" \/>\n<meta property=\"og:locale\" content=\"pt_BR\" \/>\n<meta property=\"og:type\" content=\"article\" \/>\n<meta property=\"og:title\" content=\"Brigada Militar prende foragido e homem por embriaguez ao volante no Litoral Norte - Rede Litoral RS\" \/>\n<meta property=\"og:description\" content=\"A Brigada Militar do Rio Grande do Sul realizou duas pris\u00f5es na madrugada de s\u00e1bado (25) em munic\u00edpios do Litoral Norte, envolvendo um foragido da Justi\u00e7a e um condutor flagrado por embriaguez ao volante ap\u00f3s tentativa de fraude. Em Arroio do Sal, um homem de 31 anos foi preso durante policiamento em um rodeio realizado [&hellip;]\" \/>\n<meta property=\"og:url\" content=\"https:\/\/redelitoralrs.com\/index.php\/2026\/04\/27\/brigada-militar-prende-foragido-e-homem-por-embriaguez-ao-volante-no-litoral-norte\/\" \/>\n<meta property=\"og:site_name\" content=\"Rede Litoral RS\" \/>\n<meta property=\"article:publisher\" content=\"https:\/\/www.facebook.com\/tvlitoralrsoficial\" \/>\n<meta property=\"article:published_time\" content=\"2026-04-27T17:44:40+00:00\" \/>\n<meta property=\"og:image\" content=\"https:\/\/redelitoralrs.com\/wp-content\/uploads\/2026\/04\/WhatsApp-Image-2026-04-25-at-12.58.53.jpeg\" \/>\n\t<meta property=\"og:image:width\" content=\"1600\" \/>\n\t<meta property=\"og:image:height\" content=\"1200\" \/>\n\t<meta property=\"og:image:type\" content=\"image\/jpeg\" \/>\n<meta name=\"author\" content=\"Reda\u00e7\u00e3o TV Litoral\" \/>\n<meta name=\"twitter:card\" content=\"summary_large_image\" \/>\n<meta name=\"twitter:label1\" content=\"Escrito por\" \/>\n\t<meta name=\"twitter:data1\" content=\"Reda\u00e7\u00e3o TV Litoral\" \/>\n\t<meta name=\"twitter:label2\" content=\"Est. tempo de leitura\" \/>\n\t<meta name=\"twitter:data2\" content=\"2 minutos\" \/>\n<script type=\"application\/ld+json\" class=\"yoast-schema-graph\">{\"@context\":\"https:\\\/\\\/schema.org\",\"@graph\":[{\"@type\":\"Article\",\"@id\":\"https:\\\/\\\/redelitoralrs.com\\\/index.php\\\/2026\\\/04\\\/27\\\/brigada-militar-prende-foragido-e-homem-por-embriaguez-ao-volante-no-litoral-norte\\\/#article\",\"isPartOf\":{\"@id\":\"https:\\\/\\\/redelitoralrs.com\\\/index.php\\\/2026\\\/04\\\/27\\\/brigada-militar-prende-foragido-e-homem-por-embriaguez-ao-volante-no-litoral-norte\\\/\"},\"author\":{\"name\":\"Reda\u00e7\u00e3o TV Litoral\",\"@id\":\"https:\\\/\\\/redelitoralrs.com\\\/#\\\/schema\\\/person\\\/9f8181f2a7359dd3986f05ebaf5bd68a\"},\"headline\":\"Brigada Militar prende foragido e homem por embriaguez ao volante no Litoral Norte\",\"datePublished\":\"2026-04-27T17:44:40+00:00\",\"mainEntityOfPage\":{\"@id\":\"https:\\\/\\\/redelitoralrs.com\\\/index.php\\\/2026\\\/04\\\/27\\\/brigada-militar-prende-foragido-e-homem-por-embriaguez-ao-volante-no-litoral-norte\\\/\"},\"wordCount\":296,\"commentCount\":0,\"publisher\":{\"@id\":\"https:\\\/\\\/redelitoralrs.com\\\/#organization\"},\"image\":{\"@id\":\"https:\\\/\\\/redelitoralrs.com\\\/index.php\\\/2026\\\/04\\\/27\\\/brigada-militar-prende-foragido-e-homem-por-embriaguez-ao-volante-no-litoral-norte\\\/#primaryimage\"},\"thumbnailUrl\":\"https:\\\/\\\/redelitoralrs.com\\\/wp-content\\\/uploads\\\/2026\\\/04\\\/WhatsApp-Image-2026-04-25-at-12.58.53.jpeg\",\"articleSection\":[\"Litoral Norte\",\"Pol\u00edcia\",\"\u00daltimas not\u00edcias\"],\"inLanguage\":\"pt-BR\",\"potentialAction\":[{\"@type\":\"CommentAction\",\"name\":\"Comment\",\"target\":[\"https:\\\/\\\/redelitoralrs.com\\\/index.php\\\/2026\\\/04\\\/27\\\/brigada-militar-prende-foragido-e-homem-por-embriaguez-ao-volante-no-litoral-norte\\\/#respond\"]}]},{\"@type\":\"WebPage\",\"@id\":\"https:\\\/\\\/redelitoralrs.com\\\/index.php\\\/2026\\\/04\\\/27\\\/brigada-militar-prende-foragido-e-homem-por-embriaguez-ao-volante-no-litoral-norte\\\/\",\"url\":\"https:\\\/\\\/redelitoralrs.com\\\/index.php\\\/2026\\\/04\\\/27\\\/brigada-militar-prende-foragido-e-homem-por-embriaguez-ao-volante-no-litoral-norte\\\/\",\"name\":\"Brigada Militar prende foragido e homem por embriaguez ao volante no Litoral Norte - Rede Litoral RS\",\"isPartOf\":{\"@id\":\"https:\\\/\\\/redelitoralrs.com\\\/#website\"},\"primaryImageOfPage\":{\"@id\":\"https:\\\/\\\/redelitoralrs.com\\\/index.php\\\/2026\\\/04\\\/27\\\/brigada-militar-prende-foragido-e-homem-por-embriaguez-ao-volante-no-litoral-norte\\\/#primaryimage\"},\"image\":{\"@id\":\"https:\\\/\\\/redelitoralrs.com\\\/index.php\\\/2026\\\/04\\\/27\\\/brigada-militar-prende-foragido-e-homem-por-embriaguez-ao-volante-no-litoral-norte\\\/#primaryimage\"},\"thumbnailUrl\":\"https:\\\/\\\/redelitoralrs.com\\\/wp-content\\\/uploads\\\/2026\\\/04\\\/WhatsApp-Image-2026-04-25-at-12.58.53.jpeg\",\"datePublished\":\"2026-04-27T17:44:40+00:00\",\"breadcrumb\":{\"@id\":\"https:\\\/\\\/redelitoralrs.com\\\/index.php\\\/2026\\\/04\\\/27\\\/brigada-militar-prende-foragido-e-homem-por-embriaguez-ao-volante-no-litoral-norte\\\/#breadcrumb\"},\"inLanguage\":\"pt-BR\",\"potentialAction\":[{\"@type\":\"ReadAction\",\"target\":[\"https:\\\/\\\/redelitoralrs.com\\\/index.php\\\/2026\\\/04\\\/27\\\/brigada-militar-prende-foragido-e-homem-por-embriaguez-ao-volante-no-litoral-norte\\\/\"]}]},{\"@type\":\"ImageObject\",\"inLanguage\":\"pt-BR\",\"@id\":\"https:\\\/\\\/redelitoralrs.com\\\/index.php\\\/2026\\\/04\\\/27\\\/brigada-militar-prende-foragido-e-homem-por-embriaguez-ao-volante-no-litoral-norte\\\/#primaryimage\",\"url\":\"https:\\\/\\\/redelitoralrs.com\\\/wp-content\\\/uploads\\\/2026\\\/04\\\/WhatsApp-Image-2026-04-25-at-12.58.53.jpeg\",\"contentUrl\":\"https:\\\/\\\/redelitoralrs.com\\\/wp-content\\\/uploads\\\/2026\\\/04\\\/WhatsApp-Image-2026-04-25-at-12.58.53.jpeg\",\"width\":1600,\"height\":1200,\"caption\":\"Foto: Divulga\u00e7\u00e3o\\\/42BPM\"},{\"@type\":\"BreadcrumbList\",\"@id\":\"https:\\\/\\\/redelitoralrs.com\\\/index.php\\\/2026\\\/04\\\/27\\\/brigada-militar-prende-foragido-e-homem-por-embriaguez-ao-volante-no-litoral-norte\\\/#breadcrumb\",\"itemListElement\":[{\"@type\":\"ListItem\",\"position\":1,\"name\":\"In\u00edcio\",\"item\":\"https:\\\/\\\/redelitoralrs.com\\\/\"},{\"@type\":\"ListItem\",\"position\":2,\"name\":\"Brigada Militar prende foragido e homem por embriaguez ao volante no Litoral Norte\"}]},{\"@type\":\"WebSite\",\"@id\":\"https:\\\/\\\/redelitoralrs.com\\\/#website\",\"url\":\"https:\\\/\\\/redelitoralrs.com\\\/\",\"name\":\"TV Litoral\",\"description\":\"Acompanhe tudo do litoral ga\u00facho com a cobertura completa e atualizada da Rede Litoral RS. Nossos jornalistas trazem as \u00faltimas not\u00edcias, os acontecimentos mais quentes e as hist\u00f3rias que importam sobre nosso amado litoral.\",\"publisher\":{\"@id\":\"https:\\\/\\\/redelitoralrs.com\\\/#organization\"},\"potentialAction\":[{\"@type\":\"SearchAction\",\"target\":{\"@type\":\"EntryPoint\",\"urlTemplate\":\"https:\\\/\\\/redelitoralrs.com\\\/?s={search_term_string}\"},\"query-input\":{\"@type\":\"PropertyValueSpecification\",\"valueRequired\":true,\"valueName\":\"search_term_string\"}}],\"inLanguage\":\"pt-BR\"},{\"@type\":\"Organization\",\"@id\":\"https:\\\/\\\/redelitoralrs.com\\\/#organization\",\"name\":\"TV Litoral\",\"url\":\"https:\\\/\\\/redelitoralrs.com\\\/\",\"logo\":{\"@type\":\"ImageObject\",\"inLanguage\":\"pt-BR\",\"@id\":\"https:\\\/\\\/redelitoralrs.com\\\/#\\\/schema\\\/logo\\\/image\\\/\",\"url\":\"https:\\\/\\\/redelitoralrs.com\\\/wp-content\\\/uploads\\\/2024\\\/01\\\/faviconicon-1-1.png\",\"contentUrl\":\"https:\\\/\\\/redelitoralrs.com\\\/wp-content\\\/uploads\\\/2024\\\/01\\\/faviconicon-1-1.png\",\"width\":454,\"height\":454,\"caption\":\"TV Litoral\"},\"image\":{\"@id\":\"https:\\\/\\\/redelitoralrs.com\\\/#\\\/schema\\\/logo\\\/image\\\/\"},\"sameAs\":[\"https:\\\/\\\/www.facebook.com\\\/tvlitoralrsoficial\",\"https:\\\/\\\/www.instagram.com\\\/tvlitoral.rs\"]},{\"@type\":\"Person\",\"@id\":\"https:\\\/\\\/redelitoralrs.com\\\/#\\\/schema\\\/person\\\/9f8181f2a7359dd3986f05ebaf5bd68a\",\"name\":\"Reda\u00e7\u00e3o TV Litoral\",\"image\":{\"@type\":\"ImageObject\",\"inLanguage\":\"pt-BR\",\"@id\":\"https:\\\/\\\/redelitoralrs.com\\\/wp-content\\\/litespeed\\\/avatar\\\/779aafbb45e66c7f82733e21abb48259.jpg?ver=1776956734\",\"url\":\"https:\\\/\\\/redelitoralrs.com\\\/wp-content\\\/litespeed\\\/avatar\\\/779aafbb45e66c7f82733e21abb48259.jpg?ver=1776956734\",\"contentUrl\":\"https:\\\/\\\/redelitoralrs.com\\\/wp-content\\\/litespeed\\\/avatar\\\/779aafbb45e66c7f82733e21abb48259.jpg?ver=1776956734\",\"caption\":\"Reda\u00e7\u00e3o TV Litoral\"},\"description\":\"A Rede Litoral de Comunica\u00e7\u00e3o \u00e9 um grupo de m\u00eddia multiplataforma do Litoral Norte do RS. Com atua\u00e7\u00e3o em TV, r\u00e1dio, portal e redes sociais, levamos informa\u00e7\u00e3o, conte\u00fado e entretenimento \u00e0 comunidade, fortalecendo a comunica\u00e7\u00e3o local e impulsionando o desenvolvimento regional. Acompanhe atrav\u00e9s de @redelitoralrs.\",\"sameAs\":[\"https:\\\/\\\/redelitoralrs.com\",\"https:\\\/\\\/www.instagram.com\\\/redelitoralrs\",\"https:\\\/\\\/www.youtube.com\\\/@redelitoralrs\"],\"url\":\"https:\\\/\\\/redelitoralrs.com\\\/index.php\\\/author\\\/redacaotvlitoral\\\/\"}]}<\/script>\n<!-- \/ Yoast SEO plugin. -->","yoast_head_json":{"title":"Brigada Militar prende foragido e homem por embriaguez ao volante no Litoral Norte - Rede Litoral RS","robots":{"index":"index","follow":"follow","max-snippet":"max-snippet:-1","max-image-preview":"max-image-preview:large","max-video-preview":"max-video-preview:-1"},"canonical":"https:\/\/redelitoralrs.com\/index.php\/2026\/04\/27\/brigada-militar-prende-foragido-e-homem-por-embriaguez-ao-volante-no-litoral-norte\/","og_locale":"pt_BR","og_type":"article","og_title":"Brigada Militar prende foragido e homem por embriaguez ao volante no Litoral Norte - Rede Litoral RS","og_description":"A Brigada Militar do Rio Grande do Sul realizou duas pris\u00f5es na madrugada de s\u00e1bado (25) em munic\u00edpios do Litoral Norte, envolvendo um foragido da Justi\u00e7a e um condutor flagrado por embriaguez ao volante ap\u00f3s tentativa de fraude. Em Arroio do Sal, um homem de 31 anos foi preso durante policiamento em um rodeio realizado [&hellip;]","og_url":"https:\/\/redelitoralrs.com\/index.php\/2026\/04\/27\/brigada-militar-prende-foragido-e-homem-por-embriaguez-ao-volante-no-litoral-norte\/","og_site_name":"Rede Litoral RS","article_publisher":"https:\/\/www.facebook.com\/tvlitoralrsoficial","article_published_time":"2026-04-27T17:44:40+00:00","og_image":[{"width":1600,"height":1200,"url":"https:\/\/redelitoralrs.com\/wp-content\/uploads\/2026\/04\/WhatsApp-Image-2026-04-25-at-12.58.53.jpeg","type":"image\/jpeg"}],"author":"Reda\u00e7\u00e3o TV Litoral","twitter_card":"summary_large_image","twitter_misc":{"Escrito por":"Reda\u00e7\u00e3o TV Litoral","Est. tempo de leitura":"2 minutos"},"schema":{"@context":"https:\/\/schema.org","@graph":[{"@type":"Article","@id":"https:\/\/redelitoralrs.com\/index.php\/2026\/04\/27\/brigada-militar-prende-foragido-e-homem-por-embriaguez-ao-volante-no-litoral-norte\/#article","isPartOf":{"@id":"https:\/\/redelitoralrs.com\/index.php\/2026\/04\/27\/brigada-militar-prende-foragido-e-homem-por-embriaguez-ao-volante-no-litoral-norte\/"},"author":{"name":"Reda\u00e7\u00e3o TV Litoral","@id":"https:\/\/redelitoralrs.com\/#\/schema\/person\/9f8181f2a7359dd3986f05ebaf5bd68a"},"headline":"Brigada Militar prende foragido e homem por embriaguez ao volante no Litoral Norte","datePublished":"2026-04-27T17:44:40+00:00","mainEntityOfPage":{"@id":"https:\/\/redelitoralrs.com\/index.php\/2026\/04\/27\/brigada-militar-prende-foragido-e-homem-por-embriaguez-ao-volante-no-litoral-norte\/"},"wordCount":296,"commentCount":0,"publisher":{"@id":"https:\/\/redelitoralrs.com\/#organization"},"image":{"@id":"https:\/\/redelitoralrs.com\/index.php\/2026\/04\/27\/brigada-militar-prende-foragido-e-homem-por-embriaguez-ao-volante-no-litoral-norte\/#primaryimage"},"thumbnailUrl":"https:\/\/redelitoralrs.com\/wp-content\/uploads\/2026\/04\/WhatsApp-Image-2026-04-25-at-12.58.53.jpeg","articleSection":["Litoral Norte","Pol\u00edcia","\u00daltimas not\u00edcias"],"inLanguage":"pt-BR","potentialAction":[{"@type":"CommentAction","name":"Comment","target":["https:\/\/redelitoralrs.com\/index.php\/2026\/04\/27\/brigada-militar-prende-foragido-e-homem-por-embriaguez-ao-volante-no-litoral-norte\/#respond"]}]},{"@type":"WebPage","@id":"https:\/\/redelitoralrs.com\/index.php\/2026\/04\/27\/brigada-militar-prende-foragido-e-homem-por-embriaguez-ao-volante-no-litoral-norte\/","url":"https:\/\/redelitoralrs.com\/index.php\/2026\/04\/27\/brigada-militar-prende-foragido-e-homem-por-embriaguez-ao-volante-no-litoral-norte\/","name":"Brigada Militar prende foragido e homem por embriaguez ao volante no Litoral Norte - Rede Litoral RS","isPartOf":{"@id":"https:\/\/redelitoralrs.com\/#website"},"primaryImageOfPage":{"@id":"https:\/\/redelitoralrs.com\/index.php\/2026\/04\/27\/brigada-militar-prende-foragido-e-homem-por-embriaguez-ao-volante-no-litoral-norte\/#primaryimage"},"image":{"@id":"https:\/\/redelitoralrs.com\/index.php\/2026\/04\/27\/brigada-militar-prende-foragido-e-homem-por-embriaguez-ao-volante-no-litoral-norte\/#primaryimage"},"thumbnailUrl":"https:\/\/redelitoralrs.com\/wp-content\/uploads\/2026\/04\/WhatsApp-Image-2026-04-25-at-12.58.53.jpeg","datePublished":"2026-04-27T17:44:40+00:00","breadcrumb":{"@id":"https:\/\/redelitoralrs.com\/index.php\/2026\/04\/27\/brigada-militar-prende-foragido-e-homem-por-embriaguez-ao-volante-no-litoral-norte\/#breadcrumb"},"inLanguage":"pt-BR","potentialAction":[{"@type":"ReadAction","target":["https:\/\/redelitoralrs.com\/index.php\/2026\/04\/27\/brigada-militar-prende-foragido-e-homem-por-embriaguez-ao-volante-no-litoral-norte\/"]}]},{"@type":"ImageObject","inLanguage":"pt-BR","@id":"https:\/\/redelitoralrs.com\/index.php\/2026\/04\/27\/brigada-militar-prende-foragido-e-homem-por-embriaguez-ao-volante-no-litoral-norte\/#primaryimage","url":"https:\/\/redelitoralrs.com\/wp-content\/uploads\/2026\/04\/WhatsApp-Image-2026-04-25-at-12.58.53.jpeg","contentUrl":"https:\/\/redelitoralrs.com\/wp-content\/uploads\/2026\/04\/WhatsApp-Image-2026-04-25-at-12.58.53.jpeg","width":1600,"height":1200,"caption":"Foto: Divulga\u00e7\u00e3o\/42BPM"},{"@type":"BreadcrumbList","@id":"https:\/\/redelitoralrs.com\/index.php\/2026\/04\/27\/brigada-militar-prende-foragido-e-homem-por-embriaguez-ao-volante-no-litoral-norte\/#breadcrumb","itemListElement":[{"@type":"ListItem","position":1,"name":"In\u00edcio","item":"https:\/\/redelitoralrs.com\/"},{"@type":"ListItem","position":2,"name":"Brigada Militar prende foragido e homem por embriaguez ao volante no Litoral Norte"}]},{"@type":"WebSite","@id":"https:\/\/redelitoralrs.com\/#website","url":"https:\/\/redelitoralrs.com\/","name":"TV Litoral","description":"Acompanhe tudo do litoral ga\u00facho com a cobertura completa e atualizada da Rede Litoral RS. Nossos jornalistas trazem as \u00faltimas not\u00edcias, os acontecimentos mais quentes e as hist\u00f3rias que importam sobre nosso amado litoral.","publisher":{"@id":"https:\/\/redelitoralrs.com\/#organization"},"potentialAction":[{"@type":"SearchAction","target":{"@type":"EntryPoint","urlTemplate":"https:\/\/redelitoralrs.com\/?s={search_term_string}"},"query-input":{"@type":"PropertyValueSpecification","valueRequired":true,"valueName":"search_term_string"}}],"inLanguage":"pt-BR"},{"@type":"Organization","@id":"https:\/\/redelitoralrs.com\/#organization","name":"TV Litoral","url":"https:\/\/redelitoralrs.com\/","logo":{"@type":"ImageObject","inLanguage":"pt-BR","@id":"https:\/\/redelitoralrs.com\/#\/schema\/logo\/image\/","url":"https:\/\/redelitoralrs.com\/wp-content\/uploads\/2024\/01\/faviconicon-1-1.png","contentUrl":"https:\/\/redelitoralrs.com\/wp-content\/uploads\/2024\/01\/faviconicon-1-1.png","width":454,"height":454,"caption":"TV Litoral"},"image":{"@id":"https:\/\/redelitoralrs.com\/#\/schema\/logo\/image\/"},"sameAs":["https:\/\/www.facebook.com\/tvlitoralrsoficial","https:\/\/www.instagram.com\/tvlitoral.rs"]},{"@type":"Person","@id":"https:\/\/redelitoralrs.com\/#\/schema\/person\/9f8181f2a7359dd3986f05ebaf5bd68a","name":"Reda\u00e7\u00e3o TV Litoral","image":{"@type":"ImageObject","inLanguage":"pt-BR","@id":"https:\/\/redelitoralrs.com\/wp-content\/litespeed\/avatar\/779aafbb45e66c7f82733e21abb48259.jpg?ver=1776956734","url":"https:\/\/redelitoralrs.com\/wp-content\/litespeed\/avatar\/779aafbb45e66c7f82733e21abb48259.jpg?ver=1776956734","contentUrl":"https:\/\/redelitoralrs.com\/wp-content\/litespeed\/avatar\/779aafbb45e66c7f82733e21abb48259.jpg?ver=1776956734","caption":"Reda\u00e7\u00e3o TV Litoral"},"description":"A Rede Litoral de Comunica\u00e7\u00e3o \u00e9 um grupo de m\u00eddia multiplataforma do Litoral Norte do RS. Com atua\u00e7\u00e3o em TV, r\u00e1dio, portal e redes sociais, levamos informa\u00e7\u00e3o, conte\u00fado e entretenimento \u00e0 comunidade, fortalecendo a comunica\u00e7\u00e3o local e impulsionando o desenvolvimento regional. Acompanhe atrav\u00e9s de @redelitoralrs.","sameAs":["https:\/\/redelitoralrs.com","https:\/\/www.instagram.com\/redelitoralrs","https:\/\/www.youtube.com\/@redelitoralrs"],"url":"https:\/\/redelitoralrs.com\/index.php\/author\/redacaotvlitoral\/"}]}},"_links":{"self":[{"href":"https:\/\/redelitoralrs.com\/index.php\/wp-json\/wp\/v2\/posts\/24756","targetHints":{"allow":["GET"]}}],"collection":[{"href":"https:\/\/redelitoralrs.com\/index.php\/wp-json\/wp\/v2\/posts"}],"about":[{"href":"https:\/\/redelitoralrs.com\/index.php\/wp-json\/wp\/v2\/types\/post"}],"author":[{"embeddable":true,"href":"https:\/\/redelitoralrs.com\/index.php\/wp-json\/wp\/v2\/users\/2"}],"replies":[{"embeddable":true,"href":"https:\/\/redelitoralrs.com\/index.php\/wp-json\/wp\/v2\/comments?post=24756"}],"version-history":[{"count":1,"href":"https:\/\/redelitoralrs.com\/index.php\/wp-json\/wp\/v2\/posts\/24756\/revisions"}],"predecessor-version":[{"id":24758,"href":"https:\/\/redelitoralrs.com\/index.php\/wp-json\/wp\/v2\/posts\/24756\/revisions\/24758"}],"wp:featuredmedia":[{"embeddable":true,"href":"https:\/\/redelitoralrs.com\/index.php\/wp-json\/wp\/v2\/media\/24757"}],"wp:attachment":[{"href":"https:\/\/redelitoralrs.com\/index.php\/wp-json\/wp\/v2\/media?parent=24756"}],"wp:term":[{"taxonomy":"category","embeddable":true,"href":"https:\/\/redelitoralrs.com\/index.php\/wp-json\/wp\/v2\/categories?post=24756"},{"taxonomy":"post_tag","embeddable":true,"href":"https:\/\/redelitoralrs.com\/index.php\/wp-json\/wp\/v2\/tags?post=24756"}],"curies":[{"name":"wp","href":"https:\/\/api.w.org\/{rel}","templated":true}]}}