{"id":24753,"date":"2026-04-27T14:40:01","date_gmt":"2026-04-27T17:40:01","guid":{"rendered":"https:\/\/redelitoralrs.com\/?p=24753"},"modified":"2026-04-27T14:41:15","modified_gmt":"2026-04-27T17:41:15","slug":"operacao-em-osorio-apreende-70-kg-de-carne-irregular-e-prende-homem-por-trafico-e-porte-ilegal-de-arma","status":"publish","type":"post","link":"https:\/\/redelitoralrs.com\/index.php\/2026\/04\/27\/operacao-em-osorio-apreende-70-kg-de-carne-irregular-e-prende-homem-por-trafico-e-porte-ilegal-de-arma\/","title":{"rendered":"Opera\u00e7\u00e3o em Os\u00f3rio apreende 70 kg de carne irregular e prende homem por tr\u00e1fico e porte ilegal de arma"},"content":{"rendered":"\n<p>Uma opera\u00e7\u00e3o integrada de fiscaliza\u00e7\u00e3o e seguran\u00e7a resultou na apreens\u00e3o de aproximadamente 70 quilos de carnes impr\u00f3prias para consumo e na pris\u00e3o de um homem por tr\u00e1fico de drogas e porte ilegal de arma de fogo, na tarde de sexta-feira (24), em Os\u00f3rio, no Litoral Norte.<\/p>\n\n\n\n<p>A a\u00e7\u00e3o teve como foco o combate a crimes como o abigeato, al\u00e9m da intensifica\u00e7\u00e3o de fiscaliza\u00e7\u00f5es em estabelecimentos comerciais e abordagens a pessoas e ve\u00edculos em pontos estrat\u00e9gicos do munic\u00edpio. Durante as inspe\u00e7\u00f5es, foram identificados produtos sem proced\u00eancia, com prazo de validade vencido ou armazenados de forma inadequada, resultando na apreens\u00e3o dos alimentos.<\/p>\n\n\n\n<p>No decorrer da opera\u00e7\u00e3o, um homem de 33 anos foi preso no bairro Atl\u00e2ntida Sul. Com ele, os policiais localizaram um rev\u00f3lver calibre .38 com numera\u00e7\u00e3o raspada, muni\u00e7\u00f5es, 15 pedras de crack, comprimidos de droga sint\u00e9tica, uma por\u00e7\u00e3o de maconha, uma balan\u00e7a de precis\u00e3o e dinheiro em esp\u00e9cie.<\/p>\n\n\n\n<p>A ofensiva contou com a participa\u00e7\u00e3o de policiais militares do 8\u00ba Batalh\u00e3o de Pol\u00edcia Militar (8\u00ba BPM), al\u00e9m de efetivos do Batalh\u00e3o de Pol\u00edcia Rodovi\u00e1ria, do Batalh\u00e3o de Pol\u00edcia Ambiental e da Vigil\u00e2ncia Sanit\u00e1ria municipal. A atua\u00e7\u00e3o conjunta buscou ampliar o controle sobre pr\u00e1ticas irregulares e refor\u00e7ar a seguran\u00e7a na regi\u00e3o.<\/p>\n","protected":false},"excerpt":{"rendered":"<p>Uma opera\u00e7\u00e3o integrada de fiscaliza\u00e7\u00e3o e seguran\u00e7a resultou na apreens\u00e3o de aproximadamente 70 quilos de carnes impr\u00f3prias para consumo e na pris\u00e3o de um homem por tr\u00e1fico de drogas e porte ilegal de arma de fogo, na tarde de sexta-feira (24), em Os\u00f3rio, no Litoral Norte. A a\u00e7\u00e3o teve como foco o combate a crimes [&hellip;]<\/p>\n","protected":false},"author":2,"featured_media":24755,"comment_status":"open","ping_status":"open","sticky":false,"template":"","format":"standard","meta":{"_themeisle_gutenberg_block_has_review":false,"footnotes":""},"categories":[172,98,15],"tags":[],"class_list":["post-24753","post","type-post","status-publish","format-standard","has-post-thumbnail","hentry","category-osorio","category-policia","category-noticias"],"yoast_head":"<!-- This site is optimized with the Yoast SEO plugin v27.4 - https:\/\/yoast.com\/product\/yoast-seo-wordpress\/ -->\n<title>Opera\u00e7\u00e3o em Os\u00f3rio apreende 70 kg de carne irregular e prende homem por tr\u00e1fico e porte ilegal de arma - Rede Litoral RS<\/title>\n<meta name=\"robots\" content=\"index, follow, max-snippet:-1, max-image-preview:large, max-video-preview:-1\" \/>\n<link rel=\"canonical\" href=\"https:\/\/redelitoralrs.com\/index.php\/2026\/04\/27\/operacao-em-osorio-apreende-70-kg-de-carne-irregular-e-prende-homem-por-trafico-e-porte-ilegal-de-arma\/\" \/>\n<meta property=\"og:locale\" content=\"pt_BR\" \/>\n<meta property=\"og:type\" content=\"article\" \/>\n<meta property=\"og:title\" content=\"Opera\u00e7\u00e3o em Os\u00f3rio apreende 70 kg de carne irregular e prende homem por tr\u00e1fico e porte ilegal de arma - Rede Litoral RS\" \/>\n<meta property=\"og:description\" content=\"Uma opera\u00e7\u00e3o integrada de fiscaliza\u00e7\u00e3o e seguran\u00e7a resultou na apreens\u00e3o de aproximadamente 70 quilos de carnes impr\u00f3prias para consumo e na pris\u00e3o de um homem por tr\u00e1fico de drogas e porte ilegal de arma de fogo, na tarde de sexta-feira (24), em Os\u00f3rio, no Litoral Norte. A a\u00e7\u00e3o teve como foco o combate a crimes [&hellip;]\" \/>\n<meta property=\"og:url\" content=\"https:\/\/redelitoralrs.com\/index.php\/2026\/04\/27\/operacao-em-osorio-apreende-70-kg-de-carne-irregular-e-prende-homem-por-trafico-e-porte-ilegal-de-arma\/\" \/>\n<meta property=\"og:site_name\" content=\"Rede Litoral RS\" \/>\n<meta property=\"article:publisher\" content=\"https:\/\/www.facebook.com\/tvlitoralrsoficial\" \/>\n<meta property=\"article:published_time\" content=\"2026-04-27T17:40:01+00:00\" \/>\n<meta property=\"article:modified_time\" content=\"2026-04-27T17:41:15+00:00\" \/>\n<meta property=\"og:image\" content=\"https:\/\/redelitoralrs.com\/wp-content\/uploads\/2026\/04\/Capturar-7.png\" \/>\n\t<meta property=\"og:image:width\" content=\"352\" \/>\n\t<meta property=\"og:image:height\" content=\"304\" \/>\n\t<meta property=\"og:image:type\" content=\"image\/png\" \/>\n<meta name=\"author\" content=\"Reda\u00e7\u00e3o TV Litoral\" \/>\n<meta name=\"twitter:card\" content=\"summary_large_image\" \/>\n<meta name=\"twitter:label1\" content=\"Escrito por\" \/>\n\t<meta name=\"twitter:data1\" content=\"Reda\u00e7\u00e3o TV Litoral\" \/>\n\t<meta name=\"twitter:label2\" content=\"Est. tempo de leitura\" \/>\n\t<meta name=\"twitter:data2\" content=\"2 minutos\" \/>\n<script type=\"application\/ld+json\" class=\"yoast-schema-graph\">{\"@context\":\"https:\\\/\\\/schema.org\",\"@graph\":[{\"@type\":\"Article\",\"@id\":\"https:\\\/\\\/redelitoralrs.com\\\/index.php\\\/2026\\\/04\\\/27\\\/operacao-em-osorio-apreende-70-kg-de-carne-irregular-e-prende-homem-por-trafico-e-porte-ilegal-de-arma\\\/#article\",\"isPartOf\":{\"@id\":\"https:\\\/\\\/redelitoralrs.com\\\/index.php\\\/2026\\\/04\\\/27\\\/operacao-em-osorio-apreende-70-kg-de-carne-irregular-e-prende-homem-por-trafico-e-porte-ilegal-de-arma\\\/\"},\"author\":{\"name\":\"Reda\u00e7\u00e3o TV Litoral\",\"@id\":\"https:\\\/\\\/redelitoralrs.com\\\/#\\\/schema\\\/person\\\/9f8181f2a7359dd3986f05ebaf5bd68a\"},\"headline\":\"Opera\u00e7\u00e3o em Os\u00f3rio apreende 70 kg de carne irregular e prende homem por tr\u00e1fico e porte ilegal de arma\",\"datePublished\":\"2026-04-27T17:40:01+00:00\",\"dateModified\":\"2026-04-27T17:41:15+00:00\",\"mainEntityOfPage\":{\"@id\":\"https:\\\/\\\/redelitoralrs.com\\\/index.php\\\/2026\\\/04\\\/27\\\/operacao-em-osorio-apreende-70-kg-de-carne-irregular-e-prende-homem-por-trafico-e-porte-ilegal-de-arma\\\/\"},\"wordCount\":257,\"commentCount\":0,\"publisher\":{\"@id\":\"https:\\\/\\\/redelitoralrs.com\\\/#organization\"},\"image\":{\"@id\":\"https:\\\/\\\/redelitoralrs.com\\\/index.php\\\/2026\\\/04\\\/27\\\/operacao-em-osorio-apreende-70-kg-de-carne-irregular-e-prende-homem-por-trafico-e-porte-ilegal-de-arma\\\/#primaryimage\"},\"thumbnailUrl\":\"https:\\\/\\\/redelitoralrs.com\\\/wp-content\\\/uploads\\\/2026\\\/04\\\/Capturar-7.png\",\"articleSection\":[\"Os\u00f3rio\",\"Pol\u00edcia\",\"\u00daltimas not\u00edcias\"],\"inLanguage\":\"pt-BR\",\"potentialAction\":[{\"@type\":\"CommentAction\",\"name\":\"Comment\",\"target\":[\"https:\\\/\\\/redelitoralrs.com\\\/index.php\\\/2026\\\/04\\\/27\\\/operacao-em-osorio-apreende-70-kg-de-carne-irregular-e-prende-homem-por-trafico-e-porte-ilegal-de-arma\\\/#respond\"]}]},{\"@type\":\"WebPage\",\"@id\":\"https:\\\/\\\/redelitoralrs.com\\\/index.php\\\/2026\\\/04\\\/27\\\/operacao-em-osorio-apreende-70-kg-de-carne-irregular-e-prende-homem-por-trafico-e-porte-ilegal-de-arma\\\/\",\"url\":\"https:\\\/\\\/redelitoralrs.com\\\/index.php\\\/2026\\\/04\\\/27\\\/operacao-em-osorio-apreende-70-kg-de-carne-irregular-e-prende-homem-por-trafico-e-porte-ilegal-de-arma\\\/\",\"name\":\"Opera\u00e7\u00e3o em Os\u00f3rio apreende 70 kg de carne irregular e prende homem por tr\u00e1fico e porte ilegal de arma - Rede Litoral RS\",\"isPartOf\":{\"@id\":\"https:\\\/\\\/redelitoralrs.com\\\/#website\"},\"primaryImageOfPage\":{\"@id\":\"https:\\\/\\\/redelitoralrs.com\\\/index.php\\\/2026\\\/04\\\/27\\\/operacao-em-osorio-apreende-70-kg-de-carne-irregular-e-prende-homem-por-trafico-e-porte-ilegal-de-arma\\\/#primaryimage\"},\"image\":{\"@id\":\"https:\\\/\\\/redelitoralrs.com\\\/index.php\\\/2026\\\/04\\\/27\\\/operacao-em-osorio-apreende-70-kg-de-carne-irregular-e-prende-homem-por-trafico-e-porte-ilegal-de-arma\\\/#primaryimage\"},\"thumbnailUrl\":\"https:\\\/\\\/redelitoralrs.com\\\/wp-content\\\/uploads\\\/2026\\\/04\\\/Capturar-7.png\",\"datePublished\":\"2026-04-27T17:40:01+00:00\",\"dateModified\":\"2026-04-27T17:41:15+00:00\",\"breadcrumb\":{\"@id\":\"https:\\\/\\\/redelitoralrs.com\\\/index.php\\\/2026\\\/04\\\/27\\\/operacao-em-osorio-apreende-70-kg-de-carne-irregular-e-prende-homem-por-trafico-e-porte-ilegal-de-arma\\\/#breadcrumb\"},\"inLanguage\":\"pt-BR\",\"potentialAction\":[{\"@type\":\"ReadAction\",\"target\":[\"https:\\\/\\\/redelitoralrs.com\\\/index.php\\\/2026\\\/04\\\/27\\\/operacao-em-osorio-apreende-70-kg-de-carne-irregular-e-prende-homem-por-trafico-e-porte-ilegal-de-arma\\\/\"]}]},{\"@type\":\"ImageObject\",\"inLanguage\":\"pt-BR\",\"@id\":\"https:\\\/\\\/redelitoralrs.com\\\/index.php\\\/2026\\\/04\\\/27\\\/operacao-em-osorio-apreende-70-kg-de-carne-irregular-e-prende-homem-por-trafico-e-porte-ilegal-de-arma\\\/#primaryimage\",\"url\":\"https:\\\/\\\/redelitoralrs.com\\\/wp-content\\\/uploads\\\/2026\\\/04\\\/Capturar-7.png\",\"contentUrl\":\"https:\\\/\\\/redelitoralrs.com\\\/wp-content\\\/uploads\\\/2026\\\/04\\\/Capturar-7.png\",\"width\":352,\"height\":304,\"caption\":\"Foto: Divulga\u00e7\u00e3o\"},{\"@type\":\"BreadcrumbList\",\"@id\":\"https:\\\/\\\/redelitoralrs.com\\\/index.php\\\/2026\\\/04\\\/27\\\/operacao-em-osorio-apreende-70-kg-de-carne-irregular-e-prende-homem-por-trafico-e-porte-ilegal-de-arma\\\/#breadcrumb\",\"itemListElement\":[{\"@type\":\"ListItem\",\"position\":1,\"name\":\"In\u00edcio\",\"item\":\"https:\\\/\\\/redelitoralrs.com\\\/\"},{\"@type\":\"ListItem\",\"position\":2,\"name\":\"Opera\u00e7\u00e3o em Os\u00f3rio apreende 70 kg de carne irregular e prende homem por tr\u00e1fico e porte ilegal de arma\"}]},{\"@type\":\"WebSite\",\"@id\":\"https:\\\/\\\/redelitoralrs.com\\\/#website\",\"url\":\"https:\\\/\\\/redelitoralrs.com\\\/\",\"name\":\"TV Litoral\",\"description\":\"Acompanhe tudo do litoral ga\u00facho com a cobertura completa e atualizada da Rede Litoral RS. Nossos jornalistas trazem as \u00faltimas not\u00edcias, os acontecimentos mais quentes e as hist\u00f3rias que importam sobre nosso amado litoral.\",\"publisher\":{\"@id\":\"https:\\\/\\\/redelitoralrs.com\\\/#organization\"},\"potentialAction\":[{\"@type\":\"SearchAction\",\"target\":{\"@type\":\"EntryPoint\",\"urlTemplate\":\"https:\\\/\\\/redelitoralrs.com\\\/?s={search_term_string}\"},\"query-input\":{\"@type\":\"PropertyValueSpecification\",\"valueRequired\":true,\"valueName\":\"search_term_string\"}}],\"inLanguage\":\"pt-BR\"},{\"@type\":\"Organization\",\"@id\":\"https:\\\/\\\/redelitoralrs.com\\\/#organization\",\"name\":\"TV Litoral\",\"url\":\"https:\\\/\\\/redelitoralrs.com\\\/\",\"logo\":{\"@type\":\"ImageObject\",\"inLanguage\":\"pt-BR\",\"@id\":\"https:\\\/\\\/redelitoralrs.com\\\/#\\\/schema\\\/logo\\\/image\\\/\",\"url\":\"https:\\\/\\\/redelitoralrs.com\\\/wp-content\\\/uploads\\\/2024\\\/01\\\/faviconicon-1-1.png\",\"contentUrl\":\"https:\\\/\\\/redelitoralrs.com\\\/wp-content\\\/uploads\\\/2024\\\/01\\\/faviconicon-1-1.png\",\"width\":454,\"height\":454,\"caption\":\"TV Litoral\"},\"image\":{\"@id\":\"https:\\\/\\\/redelitoralrs.com\\\/#\\\/schema\\\/logo\\\/image\\\/\"},\"sameAs\":[\"https:\\\/\\\/www.facebook.com\\\/tvlitoralrsoficial\",\"https:\\\/\\\/www.instagram.com\\\/tvlitoral.rs\"]},{\"@type\":\"Person\",\"@id\":\"https:\\\/\\\/redelitoralrs.com\\\/#\\\/schema\\\/person\\\/9f8181f2a7359dd3986f05ebaf5bd68a\",\"name\":\"Reda\u00e7\u00e3o TV Litoral\",\"image\":{\"@type\":\"ImageObject\",\"inLanguage\":\"pt-BR\",\"@id\":\"https:\\\/\\\/redelitoralrs.com\\\/wp-content\\\/litespeed\\\/avatar\\\/779aafbb45e66c7f82733e21abb48259.jpg?ver=1776956734\",\"url\":\"https:\\\/\\\/redelitoralrs.com\\\/wp-content\\\/litespeed\\\/avatar\\\/779aafbb45e66c7f82733e21abb48259.jpg?ver=1776956734\",\"contentUrl\":\"https:\\\/\\\/redelitoralrs.com\\\/wp-content\\\/litespeed\\\/avatar\\\/779aafbb45e66c7f82733e21abb48259.jpg?ver=1776956734\",\"caption\":\"Reda\u00e7\u00e3o TV Litoral\"},\"description\":\"A Rede Litoral de Comunica\u00e7\u00e3o \u00e9 um grupo de m\u00eddia multiplataforma do Litoral Norte do RS. Com atua\u00e7\u00e3o em TV, r\u00e1dio, portal e redes sociais, levamos informa\u00e7\u00e3o, conte\u00fado e entretenimento \u00e0 comunidade, fortalecendo a comunica\u00e7\u00e3o local e impulsionando o desenvolvimento regional. Acompanhe atrav\u00e9s de @redelitoralrs.\",\"sameAs\":[\"https:\\\/\\\/redelitoralrs.com\",\"https:\\\/\\\/www.instagram.com\\\/redelitoralrs\",\"https:\\\/\\\/www.youtube.com\\\/@redelitoralrs\"],\"url\":\"https:\\\/\\\/redelitoralrs.com\\\/index.php\\\/author\\\/redacaotvlitoral\\\/\"}]}<\/script>\n<!-- \/ Yoast SEO plugin. -->","yoast_head_json":{"title":"Opera\u00e7\u00e3o em Os\u00f3rio apreende 70 kg de carne irregular e prende homem por tr\u00e1fico e porte ilegal de arma - Rede Litoral RS","robots":{"index":"index","follow":"follow","max-snippet":"max-snippet:-1","max-image-preview":"max-image-preview:large","max-video-preview":"max-video-preview:-1"},"canonical":"https:\/\/redelitoralrs.com\/index.php\/2026\/04\/27\/operacao-em-osorio-apreende-70-kg-de-carne-irregular-e-prende-homem-por-trafico-e-porte-ilegal-de-arma\/","og_locale":"pt_BR","og_type":"article","og_title":"Opera\u00e7\u00e3o em Os\u00f3rio apreende 70 kg de carne irregular e prende homem por tr\u00e1fico e porte ilegal de arma - Rede Litoral RS","og_description":"Uma opera\u00e7\u00e3o integrada de fiscaliza\u00e7\u00e3o e seguran\u00e7a resultou na apreens\u00e3o de aproximadamente 70 quilos de carnes impr\u00f3prias para consumo e na pris\u00e3o de um homem por tr\u00e1fico de drogas e porte ilegal de arma de fogo, na tarde de sexta-feira (24), em Os\u00f3rio, no Litoral Norte. A a\u00e7\u00e3o teve como foco o combate a crimes [&hellip;]","og_url":"https:\/\/redelitoralrs.com\/index.php\/2026\/04\/27\/operacao-em-osorio-apreende-70-kg-de-carne-irregular-e-prende-homem-por-trafico-e-porte-ilegal-de-arma\/","og_site_name":"Rede Litoral RS","article_publisher":"https:\/\/www.facebook.com\/tvlitoralrsoficial","article_published_time":"2026-04-27T17:40:01+00:00","article_modified_time":"2026-04-27T17:41:15+00:00","og_image":[{"width":352,"height":304,"url":"https:\/\/redelitoralrs.com\/wp-content\/uploads\/2026\/04\/Capturar-7.png","type":"image\/png"}],"author":"Reda\u00e7\u00e3o TV Litoral","twitter_card":"summary_large_image","twitter_misc":{"Escrito por":"Reda\u00e7\u00e3o TV Litoral","Est. tempo de leitura":"2 minutos"},"schema":{"@context":"https:\/\/schema.org","@graph":[{"@type":"Article","@id":"https:\/\/redelitoralrs.com\/index.php\/2026\/04\/27\/operacao-em-osorio-apreende-70-kg-de-carne-irregular-e-prende-homem-por-trafico-e-porte-ilegal-de-arma\/#article","isPartOf":{"@id":"https:\/\/redelitoralrs.com\/index.php\/2026\/04\/27\/operacao-em-osorio-apreende-70-kg-de-carne-irregular-e-prende-homem-por-trafico-e-porte-ilegal-de-arma\/"},"author":{"name":"Reda\u00e7\u00e3o TV Litoral","@id":"https:\/\/redelitoralrs.com\/#\/schema\/person\/9f8181f2a7359dd3986f05ebaf5bd68a"},"headline":"Opera\u00e7\u00e3o em Os\u00f3rio apreende 70 kg de carne irregular e prende homem por tr\u00e1fico e porte ilegal de arma","datePublished":"2026-04-27T17:40:01+00:00","dateModified":"2026-04-27T17:41:15+00:00","mainEntityOfPage":{"@id":"https:\/\/redelitoralrs.com\/index.php\/2026\/04\/27\/operacao-em-osorio-apreende-70-kg-de-carne-irregular-e-prende-homem-por-trafico-e-porte-ilegal-de-arma\/"},"wordCount":257,"commentCount":0,"publisher":{"@id":"https:\/\/redelitoralrs.com\/#organization"},"image":{"@id":"https:\/\/redelitoralrs.com\/index.php\/2026\/04\/27\/operacao-em-osorio-apreende-70-kg-de-carne-irregular-e-prende-homem-por-trafico-e-porte-ilegal-de-arma\/#primaryimage"},"thumbnailUrl":"https:\/\/redelitoralrs.com\/wp-content\/uploads\/2026\/04\/Capturar-7.png","articleSection":["Os\u00f3rio","Pol\u00edcia","\u00daltimas not\u00edcias"],"inLanguage":"pt-BR","potentialAction":[{"@type":"CommentAction","name":"Comment","target":["https:\/\/redelitoralrs.com\/index.php\/2026\/04\/27\/operacao-em-osorio-apreende-70-kg-de-carne-irregular-e-prende-homem-por-trafico-e-porte-ilegal-de-arma\/#respond"]}]},{"@type":"WebPage","@id":"https:\/\/redelitoralrs.com\/index.php\/2026\/04\/27\/operacao-em-osorio-apreende-70-kg-de-carne-irregular-e-prende-homem-por-trafico-e-porte-ilegal-de-arma\/","url":"https:\/\/redelitoralrs.com\/index.php\/2026\/04\/27\/operacao-em-osorio-apreende-70-kg-de-carne-irregular-e-prende-homem-por-trafico-e-porte-ilegal-de-arma\/","name":"Opera\u00e7\u00e3o em Os\u00f3rio apreende 70 kg de carne irregular e prende homem por tr\u00e1fico e porte ilegal de arma - Rede Litoral RS","isPartOf":{"@id":"https:\/\/redelitoralrs.com\/#website"},"primaryImageOfPage":{"@id":"https:\/\/redelitoralrs.com\/index.php\/2026\/04\/27\/operacao-em-osorio-apreende-70-kg-de-carne-irregular-e-prende-homem-por-trafico-e-porte-ilegal-de-arma\/#primaryimage"},"image":{"@id":"https:\/\/redelitoralrs.com\/index.php\/2026\/04\/27\/operacao-em-osorio-apreende-70-kg-de-carne-irregular-e-prende-homem-por-trafico-e-porte-ilegal-de-arma\/#primaryimage"},"thumbnailUrl":"https:\/\/redelitoralrs.com\/wp-content\/uploads\/2026\/04\/Capturar-7.png","datePublished":"2026-04-27T17:40:01+00:00","dateModified":"2026-04-27T17:41:15+00:00","breadcrumb":{"@id":"https:\/\/redelitoralrs.com\/index.php\/2026\/04\/27\/operacao-em-osorio-apreende-70-kg-de-carne-irregular-e-prende-homem-por-trafico-e-porte-ilegal-de-arma\/#breadcrumb"},"inLanguage":"pt-BR","potentialAction":[{"@type":"ReadAction","target":["https:\/\/redelitoralrs.com\/index.php\/2026\/04\/27\/operacao-em-osorio-apreende-70-kg-de-carne-irregular-e-prende-homem-por-trafico-e-porte-ilegal-de-arma\/"]}]},{"@type":"ImageObject","inLanguage":"pt-BR","@id":"https:\/\/redelitoralrs.com\/index.php\/2026\/04\/27\/operacao-em-osorio-apreende-70-kg-de-carne-irregular-e-prende-homem-por-trafico-e-porte-ilegal-de-arma\/#primaryimage","url":"https:\/\/redelitoralrs.com\/wp-content\/uploads\/2026\/04\/Capturar-7.png","contentUrl":"https:\/\/redelitoralrs.com\/wp-content\/uploads\/2026\/04\/Capturar-7.png","width":352,"height":304,"caption":"Foto: Divulga\u00e7\u00e3o"},{"@type":"BreadcrumbList","@id":"https:\/\/redelitoralrs.com\/index.php\/2026\/04\/27\/operacao-em-osorio-apreende-70-kg-de-carne-irregular-e-prende-homem-por-trafico-e-porte-ilegal-de-arma\/#breadcrumb","itemListElement":[{"@type":"ListItem","position":1,"name":"In\u00edcio","item":"https:\/\/redelitoralrs.com\/"},{"@type":"ListItem","position":2,"name":"Opera\u00e7\u00e3o em Os\u00f3rio apreende 70 kg de carne irregular e prende homem por tr\u00e1fico e porte ilegal de arma"}]},{"@type":"WebSite","@id":"https:\/\/redelitoralrs.com\/#website","url":"https:\/\/redelitoralrs.com\/","name":"TV Litoral","description":"Acompanhe tudo do litoral ga\u00facho com a cobertura completa e atualizada da Rede Litoral RS. Nossos jornalistas trazem as \u00faltimas not\u00edcias, os acontecimentos mais quentes e as hist\u00f3rias que importam sobre nosso amado litoral.","publisher":{"@id":"https:\/\/redelitoralrs.com\/#organization"},"potentialAction":[{"@type":"SearchAction","target":{"@type":"EntryPoint","urlTemplate":"https:\/\/redelitoralrs.com\/?s={search_term_string}"},"query-input":{"@type":"PropertyValueSpecification","valueRequired":true,"valueName":"search_term_string"}}],"inLanguage":"pt-BR"},{"@type":"Organization","@id":"https:\/\/redelitoralrs.com\/#organization","name":"TV Litoral","url":"https:\/\/redelitoralrs.com\/","logo":{"@type":"ImageObject","inLanguage":"pt-BR","@id":"https:\/\/redelitoralrs.com\/#\/schema\/logo\/image\/","url":"https:\/\/redelitoralrs.com\/wp-content\/uploads\/2024\/01\/faviconicon-1-1.png","contentUrl":"https:\/\/redelitoralrs.com\/wp-content\/uploads\/2024\/01\/faviconicon-1-1.png","width":454,"height":454,"caption":"TV Litoral"},"image":{"@id":"https:\/\/redelitoralrs.com\/#\/schema\/logo\/image\/"},"sameAs":["https:\/\/www.facebook.com\/tvlitoralrsoficial","https:\/\/www.instagram.com\/tvlitoral.rs"]},{"@type":"Person","@id":"https:\/\/redelitoralrs.com\/#\/schema\/person\/9f8181f2a7359dd3986f05ebaf5bd68a","name":"Reda\u00e7\u00e3o TV Litoral","image":{"@type":"ImageObject","inLanguage":"pt-BR","@id":"https:\/\/redelitoralrs.com\/wp-content\/litespeed\/avatar\/779aafbb45e66c7f82733e21abb48259.jpg?ver=1776956734","url":"https:\/\/redelitoralrs.com\/wp-content\/litespeed\/avatar\/779aafbb45e66c7f82733e21abb48259.jpg?ver=1776956734","contentUrl":"https:\/\/redelitoralrs.com\/wp-content\/litespeed\/avatar\/779aafbb45e66c7f82733e21abb48259.jpg?ver=1776956734","caption":"Reda\u00e7\u00e3o TV Litoral"},"description":"A Rede Litoral de Comunica\u00e7\u00e3o \u00e9 um grupo de m\u00eddia multiplataforma do Litoral Norte do RS. Com atua\u00e7\u00e3o em TV, r\u00e1dio, portal e redes sociais, levamos informa\u00e7\u00e3o, conte\u00fado e entretenimento \u00e0 comunidade, fortalecendo a comunica\u00e7\u00e3o local e impulsionando o desenvolvimento regional. Acompanhe atrav\u00e9s de @redelitoralrs.","sameAs":["https:\/\/redelitoralrs.com","https:\/\/www.instagram.com\/redelitoralrs","https:\/\/www.youtube.com\/@redelitoralrs"],"url":"https:\/\/redelitoralrs.com\/index.php\/author\/redacaotvlitoral\/"}]}},"_links":{"self":[{"href":"https:\/\/redelitoralrs.com\/index.php\/wp-json\/wp\/v2\/posts\/24753","targetHints":{"allow":["GET"]}}],"collection":[{"href":"https:\/\/redelitoralrs.com\/index.php\/wp-json\/wp\/v2\/posts"}],"about":[{"href":"https:\/\/redelitoralrs.com\/index.php\/wp-json\/wp\/v2\/types\/post"}],"author":[{"embeddable":true,"href":"https:\/\/redelitoralrs.com\/index.php\/wp-json\/wp\/v2\/users\/2"}],"replies":[{"embeddable":true,"href":"https:\/\/redelitoralrs.com\/index.php\/wp-json\/wp\/v2\/comments?post=24753"}],"version-history":[{"count":1,"href":"https:\/\/redelitoralrs.com\/index.php\/wp-json\/wp\/v2\/posts\/24753\/revisions"}],"predecessor-version":[{"id":24754,"href":"https:\/\/redelitoralrs.com\/index.php\/wp-json\/wp\/v2\/posts\/24753\/revisions\/24754"}],"wp:featuredmedia":[{"embeddable":true,"href":"https:\/\/redelitoralrs.com\/index.php\/wp-json\/wp\/v2\/media\/24755"}],"wp:attachment":[{"href":"https:\/\/redelitoralrs.com\/index.php\/wp-json\/wp\/v2\/media?parent=24753"}],"wp:term":[{"taxonomy":"category","embeddable":true,"href":"https:\/\/redelitoralrs.com\/index.php\/wp-json\/wp\/v2\/categories?post=24753"},{"taxonomy":"post_tag","embeddable":true,"href":"https:\/\/redelitoralrs.com\/index.php\/wp-json\/wp\/v2\/tags?post=24753"}],"curies":[{"name":"wp","href":"https:\/\/api.w.org\/{rel}","templated":true}]}}