{"id":24750,"date":"2026-04-27T12:52:25","date_gmt":"2026-04-27T15:52:25","guid":{"rendered":"https:\/\/redelitoralrs.com\/?p=24750"},"modified":"2026-04-27T12:52:26","modified_gmt":"2026-04-27T15:52:26","slug":"deputado-propoe-programa-para-retorno-de-pessoas-em-situacao-de-rua-aos-locais-de-origem-no-rs","status":"publish","type":"post","link":"https:\/\/redelitoralrs.com\/index.php\/2026\/04\/27\/deputado-propoe-programa-para-retorno-de-pessoas-em-situacao-de-rua-aos-locais-de-origem-no-rs\/","title":{"rendered":"Deputado prop\u00f5e programa para retorno de pessoas em situa\u00e7\u00e3o de rua aos locais de origem no RS"},"content":{"rendered":"\n<p>Um projeto de lei em tramita\u00e7\u00e3o no Rio Grande do Sul prop\u00f5e a cria\u00e7\u00e3o de um programa estadual voltado ao atendimento de pessoas em situa\u00e7\u00e3o de rua, com foco na reintegra\u00e7\u00e3o social por meio do retorno aos seus munic\u00edpios de origem. A iniciativa, intitulada \u201cDe Volta Para Minha Terra\u201d, foi apresentada pelo deputado estadual Gustavo Victorino (Republicanos) e busca oferecer suporte estruturado para o deslocamento volunt\u00e1rio dessas pessoas.<\/p>\n\n\n\n<p>A proposta prev\u00ea que o retorno ocorra mediante manifesta\u00e7\u00e3o expressa do interessado, garantindo o car\u00e1ter volunt\u00e1rio da a\u00e7\u00e3o. Caso haja disponibilidade or\u00e7ament\u00e1ria, o Poder Executivo poder\u00e1 viabilizar o transporte intermunicipal, interestadual ou at\u00e9 a\u00e9reo, al\u00e9m de prestar apoio na emiss\u00e3o ou regulariza\u00e7\u00e3o de documentos pessoais.<\/p>\n\n\n\n<p>O projeto tamb\u00e9m estabelece a necessidade de articula\u00e7\u00e3o pr\u00e9via com a rede de assist\u00eancia social do munic\u00edpio de destino, com o objetivo de assegurar continuidade no atendimento e melhores condi\u00e7\u00f5es de reinser\u00e7\u00e3o social.<\/p>\n\n\n\n<p>A iniciativa surge em um cen\u00e1rio de crescimento da popula\u00e7\u00e3o em situa\u00e7\u00e3o de rua no Estado. Levantamentos indicam que, especialmente em grandes centros urbanos, esse contingente tem aumentado de forma significativa. Em Porto Alegre, por exemplo, estimativas apontam mais de 5 mil pessoas vivendo nessas condi\u00e7\u00f5es, muitas delas oriundas de outras cidades ou estados e distantes de suas redes de apoio.<\/p>\n\n\n\n<p>A proposta legislativa tem como base a amplia\u00e7\u00e3o e qualifica\u00e7\u00e3o das pol\u00edticas p\u00fablicas de assist\u00eancia social, buscando oferecer alternativas que contribuam para a redu\u00e7\u00e3o da vulnerabilidade e para a reconstru\u00e7\u00e3o de v\u00ednculos familiares e comunit\u00e1rios. O projeto ainda ser\u00e1 analisado pelas comiss\u00f5es da Assembleia Legislativa antes de eventual vota\u00e7\u00e3o em plen\u00e1rio.<\/p>\n","protected":false},"excerpt":{"rendered":"<p>Um projeto de lei em tramita\u00e7\u00e3o no Rio Grande do Sul prop\u00f5e a cria\u00e7\u00e3o de um programa estadual voltado ao atendimento de pessoas em situa\u00e7\u00e3o de rua, com foco na reintegra\u00e7\u00e3o social por meio do retorno aos seus munic\u00edpios de origem. A iniciativa, intitulada \u201cDe Volta Para Minha Terra\u201d, foi apresentada pelo deputado estadual Gustavo [&hellip;]<\/p>\n","protected":false},"author":2,"featured_media":24751,"comment_status":"open","ping_status":"open","sticky":false,"template":"","format":"standard","meta":{"_themeisle_gutenberg_block_has_review":false,"footnotes":""},"categories":[188,15],"tags":[],"class_list":["post-24750","post","type-post","status-publish","format-standard","has-post-thumbnail","hentry","category-rio-grande-do-sul","category-noticias"],"yoast_head":"<!-- This site is optimized with the Yoast SEO plugin v27.4 - https:\/\/yoast.com\/product\/yoast-seo-wordpress\/ -->\n<title>Deputado prop\u00f5e programa para retorno de pessoas em situa\u00e7\u00e3o de rua aos locais de origem no RS - Rede Litoral RS<\/title>\n<meta name=\"robots\" content=\"index, follow, max-snippet:-1, max-image-preview:large, max-video-preview:-1\" \/>\n<link rel=\"canonical\" href=\"https:\/\/redelitoralrs.com\/index.php\/2026\/04\/27\/deputado-propoe-programa-para-retorno-de-pessoas-em-situacao-de-rua-aos-locais-de-origem-no-rs\/\" \/>\n<meta property=\"og:locale\" content=\"pt_BR\" \/>\n<meta property=\"og:type\" content=\"article\" \/>\n<meta property=\"og:title\" content=\"Deputado prop\u00f5e programa para retorno de pessoas em situa\u00e7\u00e3o de rua aos locais de origem no RS - Rede Litoral RS\" \/>\n<meta property=\"og:description\" content=\"Um projeto de lei em tramita\u00e7\u00e3o no Rio Grande do Sul prop\u00f5e a cria\u00e7\u00e3o de um programa estadual voltado ao atendimento de pessoas em situa\u00e7\u00e3o de rua, com foco na reintegra\u00e7\u00e3o social por meio do retorno aos seus munic\u00edpios de origem. A iniciativa, intitulada \u201cDe Volta Para Minha Terra\u201d, foi apresentada pelo deputado estadual Gustavo [&hellip;]\" \/>\n<meta property=\"og:url\" content=\"https:\/\/redelitoralrs.com\/index.php\/2026\/04\/27\/deputado-propoe-programa-para-retorno-de-pessoas-em-situacao-de-rua-aos-locais-de-origem-no-rs\/\" \/>\n<meta property=\"og:site_name\" content=\"Rede Litoral RS\" \/>\n<meta property=\"article:publisher\" content=\"https:\/\/www.facebook.com\/tvlitoralrsoficial\" \/>\n<meta property=\"article:published_time\" content=\"2026-04-27T15:52:25+00:00\" \/>\n<meta property=\"article:modified_time\" content=\"2026-04-27T15:52:26+00:00\" \/>\n<meta property=\"og:image\" content=\"https:\/\/redelitoralrs.com\/wp-content\/uploads\/2026\/04\/bd90687e-c30f-4892-8d1f-88b2fcc65ad2.webp\" \/>\n\t<meta property=\"og:image:width\" content=\"1100\" \/>\n\t<meta property=\"og:image:height\" content=\"733\" \/>\n\t<meta property=\"og:image:type\" content=\"image\/webp\" \/>\n<meta name=\"author\" content=\"Reda\u00e7\u00e3o TV Litoral\" \/>\n<meta name=\"twitter:card\" content=\"summary_large_image\" \/>\n<meta name=\"twitter:label1\" content=\"Escrito por\" \/>\n\t<meta name=\"twitter:data1\" content=\"Reda\u00e7\u00e3o TV Litoral\" \/>\n\t<meta name=\"twitter:label2\" content=\"Est. tempo de leitura\" \/>\n\t<meta name=\"twitter:data2\" content=\"2 minutos\" \/>\n<script type=\"application\/ld+json\" class=\"yoast-schema-graph\">{\"@context\":\"https:\\\/\\\/schema.org\",\"@graph\":[{\"@type\":\"Article\",\"@id\":\"https:\\\/\\\/redelitoralrs.com\\\/index.php\\\/2026\\\/04\\\/27\\\/deputado-propoe-programa-para-retorno-de-pessoas-em-situacao-de-rua-aos-locais-de-origem-no-rs\\\/#article\",\"isPartOf\":{\"@id\":\"https:\\\/\\\/redelitoralrs.com\\\/index.php\\\/2026\\\/04\\\/27\\\/deputado-propoe-programa-para-retorno-de-pessoas-em-situacao-de-rua-aos-locais-de-origem-no-rs\\\/\"},\"author\":{\"name\":\"Reda\u00e7\u00e3o TV Litoral\",\"@id\":\"https:\\\/\\\/redelitoralrs.com\\\/#\\\/schema\\\/person\\\/9f8181f2a7359dd3986f05ebaf5bd68a\"},\"headline\":\"Deputado prop\u00f5e programa para retorno de pessoas em situa\u00e7\u00e3o de rua aos locais de origem no RS\",\"datePublished\":\"2026-04-27T15:52:25+00:00\",\"dateModified\":\"2026-04-27T15:52:26+00:00\",\"mainEntityOfPage\":{\"@id\":\"https:\\\/\\\/redelitoralrs.com\\\/index.php\\\/2026\\\/04\\\/27\\\/deputado-propoe-programa-para-retorno-de-pessoas-em-situacao-de-rua-aos-locais-de-origem-no-rs\\\/\"},\"wordCount\":316,\"commentCount\":0,\"publisher\":{\"@id\":\"https:\\\/\\\/redelitoralrs.com\\\/#organization\"},\"image\":{\"@id\":\"https:\\\/\\\/redelitoralrs.com\\\/index.php\\\/2026\\\/04\\\/27\\\/deputado-propoe-programa-para-retorno-de-pessoas-em-situacao-de-rua-aos-locais-de-origem-no-rs\\\/#primaryimage\"},\"thumbnailUrl\":\"https:\\\/\\\/redelitoralrs.com\\\/wp-content\\\/uploads\\\/2026\\\/04\\\/bd90687e-c30f-4892-8d1f-88b2fcc65ad2.webp\",\"articleSection\":[\"Rio Grande do Sul\",\"\u00daltimas not\u00edcias\"],\"inLanguage\":\"pt-BR\",\"potentialAction\":[{\"@type\":\"CommentAction\",\"name\":\"Comment\",\"target\":[\"https:\\\/\\\/redelitoralrs.com\\\/index.php\\\/2026\\\/04\\\/27\\\/deputado-propoe-programa-para-retorno-de-pessoas-em-situacao-de-rua-aos-locais-de-origem-no-rs\\\/#respond\"]}]},{\"@type\":\"WebPage\",\"@id\":\"https:\\\/\\\/redelitoralrs.com\\\/index.php\\\/2026\\\/04\\\/27\\\/deputado-propoe-programa-para-retorno-de-pessoas-em-situacao-de-rua-aos-locais-de-origem-no-rs\\\/\",\"url\":\"https:\\\/\\\/redelitoralrs.com\\\/index.php\\\/2026\\\/04\\\/27\\\/deputado-propoe-programa-para-retorno-de-pessoas-em-situacao-de-rua-aos-locais-de-origem-no-rs\\\/\",\"name\":\"Deputado prop\u00f5e programa para retorno de pessoas em situa\u00e7\u00e3o de rua aos locais de origem no RS - Rede Litoral RS\",\"isPartOf\":{\"@id\":\"https:\\\/\\\/redelitoralrs.com\\\/#website\"},\"primaryImageOfPage\":{\"@id\":\"https:\\\/\\\/redelitoralrs.com\\\/index.php\\\/2026\\\/04\\\/27\\\/deputado-propoe-programa-para-retorno-de-pessoas-em-situacao-de-rua-aos-locais-de-origem-no-rs\\\/#primaryimage\"},\"image\":{\"@id\":\"https:\\\/\\\/redelitoralrs.com\\\/index.php\\\/2026\\\/04\\\/27\\\/deputado-propoe-programa-para-retorno-de-pessoas-em-situacao-de-rua-aos-locais-de-origem-no-rs\\\/#primaryimage\"},\"thumbnailUrl\":\"https:\\\/\\\/redelitoralrs.com\\\/wp-content\\\/uploads\\\/2026\\\/04\\\/bd90687e-c30f-4892-8d1f-88b2fcc65ad2.webp\",\"datePublished\":\"2026-04-27T15:52:25+00:00\",\"dateModified\":\"2026-04-27T15:52:26+00:00\",\"breadcrumb\":{\"@id\":\"https:\\\/\\\/redelitoralrs.com\\\/index.php\\\/2026\\\/04\\\/27\\\/deputado-propoe-programa-para-retorno-de-pessoas-em-situacao-de-rua-aos-locais-de-origem-no-rs\\\/#breadcrumb\"},\"inLanguage\":\"pt-BR\",\"potentialAction\":[{\"@type\":\"ReadAction\",\"target\":[\"https:\\\/\\\/redelitoralrs.com\\\/index.php\\\/2026\\\/04\\\/27\\\/deputado-propoe-programa-para-retorno-de-pessoas-em-situacao-de-rua-aos-locais-de-origem-no-rs\\\/\"]}]},{\"@type\":\"ImageObject\",\"inLanguage\":\"pt-BR\",\"@id\":\"https:\\\/\\\/redelitoralrs.com\\\/index.php\\\/2026\\\/04\\\/27\\\/deputado-propoe-programa-para-retorno-de-pessoas-em-situacao-de-rua-aos-locais-de-origem-no-rs\\\/#primaryimage\",\"url\":\"https:\\\/\\\/redelitoralrs.com\\\/wp-content\\\/uploads\\\/2026\\\/04\\\/bd90687e-c30f-4892-8d1f-88b2fcc65ad2.webp\",\"contentUrl\":\"https:\\\/\\\/redelitoralrs.com\\\/wp-content\\\/uploads\\\/2026\\\/04\\\/bd90687e-c30f-4892-8d1f-88b2fcc65ad2.webp\",\"width\":1100,\"height\":733,\"caption\":\"Foto: Divulga\u00e7\u00e3o\"},{\"@type\":\"BreadcrumbList\",\"@id\":\"https:\\\/\\\/redelitoralrs.com\\\/index.php\\\/2026\\\/04\\\/27\\\/deputado-propoe-programa-para-retorno-de-pessoas-em-situacao-de-rua-aos-locais-de-origem-no-rs\\\/#breadcrumb\",\"itemListElement\":[{\"@type\":\"ListItem\",\"position\":1,\"name\":\"In\u00edcio\",\"item\":\"https:\\\/\\\/redelitoralrs.com\\\/\"},{\"@type\":\"ListItem\",\"position\":2,\"name\":\"Deputado prop\u00f5e programa para retorno de pessoas em situa\u00e7\u00e3o de rua aos locais de origem no RS\"}]},{\"@type\":\"WebSite\",\"@id\":\"https:\\\/\\\/redelitoralrs.com\\\/#website\",\"url\":\"https:\\\/\\\/redelitoralrs.com\\\/\",\"name\":\"TV Litoral\",\"description\":\"Acompanhe tudo do litoral ga\u00facho com a cobertura completa e atualizada da Rede Litoral RS. Nossos jornalistas trazem as \u00faltimas not\u00edcias, os acontecimentos mais quentes e as hist\u00f3rias que importam sobre nosso amado litoral.\",\"publisher\":{\"@id\":\"https:\\\/\\\/redelitoralrs.com\\\/#organization\"},\"potentialAction\":[{\"@type\":\"SearchAction\",\"target\":{\"@type\":\"EntryPoint\",\"urlTemplate\":\"https:\\\/\\\/redelitoralrs.com\\\/?s={search_term_string}\"},\"query-input\":{\"@type\":\"PropertyValueSpecification\",\"valueRequired\":true,\"valueName\":\"search_term_string\"}}],\"inLanguage\":\"pt-BR\"},{\"@type\":\"Organization\",\"@id\":\"https:\\\/\\\/redelitoralrs.com\\\/#organization\",\"name\":\"TV Litoral\",\"url\":\"https:\\\/\\\/redelitoralrs.com\\\/\",\"logo\":{\"@type\":\"ImageObject\",\"inLanguage\":\"pt-BR\",\"@id\":\"https:\\\/\\\/redelitoralrs.com\\\/#\\\/schema\\\/logo\\\/image\\\/\",\"url\":\"https:\\\/\\\/redelitoralrs.com\\\/wp-content\\\/uploads\\\/2024\\\/01\\\/faviconicon-1-1.png\",\"contentUrl\":\"https:\\\/\\\/redelitoralrs.com\\\/wp-content\\\/uploads\\\/2024\\\/01\\\/faviconicon-1-1.png\",\"width\":454,\"height\":454,\"caption\":\"TV Litoral\"},\"image\":{\"@id\":\"https:\\\/\\\/redelitoralrs.com\\\/#\\\/schema\\\/logo\\\/image\\\/\"},\"sameAs\":[\"https:\\\/\\\/www.facebook.com\\\/tvlitoralrsoficial\",\"https:\\\/\\\/www.instagram.com\\\/tvlitoral.rs\"]},{\"@type\":\"Person\",\"@id\":\"https:\\\/\\\/redelitoralrs.com\\\/#\\\/schema\\\/person\\\/9f8181f2a7359dd3986f05ebaf5bd68a\",\"name\":\"Reda\u00e7\u00e3o TV Litoral\",\"image\":{\"@type\":\"ImageObject\",\"inLanguage\":\"pt-BR\",\"@id\":\"https:\\\/\\\/redelitoralrs.com\\\/wp-content\\\/litespeed\\\/avatar\\\/779aafbb45e66c7f82733e21abb48259.jpg?ver=1776956734\",\"url\":\"https:\\\/\\\/redelitoralrs.com\\\/wp-content\\\/litespeed\\\/avatar\\\/779aafbb45e66c7f82733e21abb48259.jpg?ver=1776956734\",\"contentUrl\":\"https:\\\/\\\/redelitoralrs.com\\\/wp-content\\\/litespeed\\\/avatar\\\/779aafbb45e66c7f82733e21abb48259.jpg?ver=1776956734\",\"caption\":\"Reda\u00e7\u00e3o TV Litoral\"},\"description\":\"A Rede Litoral de Comunica\u00e7\u00e3o \u00e9 um grupo de m\u00eddia multiplataforma do Litoral Norte do RS. Com atua\u00e7\u00e3o em TV, r\u00e1dio, portal e redes sociais, levamos informa\u00e7\u00e3o, conte\u00fado e entretenimento \u00e0 comunidade, fortalecendo a comunica\u00e7\u00e3o local e impulsionando o desenvolvimento regional. Acompanhe atrav\u00e9s de @redelitoralrs.\",\"sameAs\":[\"https:\\\/\\\/redelitoralrs.com\",\"https:\\\/\\\/www.instagram.com\\\/redelitoralrs\",\"https:\\\/\\\/www.youtube.com\\\/@redelitoralrs\"],\"url\":\"https:\\\/\\\/redelitoralrs.com\\\/index.php\\\/author\\\/redacaotvlitoral\\\/\"}]}<\/script>\n<!-- \/ Yoast SEO plugin. -->","yoast_head_json":{"title":"Deputado prop\u00f5e programa para retorno de pessoas em situa\u00e7\u00e3o de rua aos locais de origem no RS - Rede Litoral RS","robots":{"index":"index","follow":"follow","max-snippet":"max-snippet:-1","max-image-preview":"max-image-preview:large","max-video-preview":"max-video-preview:-1"},"canonical":"https:\/\/redelitoralrs.com\/index.php\/2026\/04\/27\/deputado-propoe-programa-para-retorno-de-pessoas-em-situacao-de-rua-aos-locais-de-origem-no-rs\/","og_locale":"pt_BR","og_type":"article","og_title":"Deputado prop\u00f5e programa para retorno de pessoas em situa\u00e7\u00e3o de rua aos locais de origem no RS - Rede Litoral RS","og_description":"Um projeto de lei em tramita\u00e7\u00e3o no Rio Grande do Sul prop\u00f5e a cria\u00e7\u00e3o de um programa estadual voltado ao atendimento de pessoas em situa\u00e7\u00e3o de rua, com foco na reintegra\u00e7\u00e3o social por meio do retorno aos seus munic\u00edpios de origem. A iniciativa, intitulada \u201cDe Volta Para Minha Terra\u201d, foi apresentada pelo deputado estadual Gustavo [&hellip;]","og_url":"https:\/\/redelitoralrs.com\/index.php\/2026\/04\/27\/deputado-propoe-programa-para-retorno-de-pessoas-em-situacao-de-rua-aos-locais-de-origem-no-rs\/","og_site_name":"Rede Litoral RS","article_publisher":"https:\/\/www.facebook.com\/tvlitoralrsoficial","article_published_time":"2026-04-27T15:52:25+00:00","article_modified_time":"2026-04-27T15:52:26+00:00","og_image":[{"width":1100,"height":733,"url":"https:\/\/redelitoralrs.com\/wp-content\/uploads\/2026\/04\/bd90687e-c30f-4892-8d1f-88b2fcc65ad2.webp","type":"image\/webp"}],"author":"Reda\u00e7\u00e3o TV Litoral","twitter_card":"summary_large_image","twitter_misc":{"Escrito por":"Reda\u00e7\u00e3o TV Litoral","Est. tempo de leitura":"2 minutos"},"schema":{"@context":"https:\/\/schema.org","@graph":[{"@type":"Article","@id":"https:\/\/redelitoralrs.com\/index.php\/2026\/04\/27\/deputado-propoe-programa-para-retorno-de-pessoas-em-situacao-de-rua-aos-locais-de-origem-no-rs\/#article","isPartOf":{"@id":"https:\/\/redelitoralrs.com\/index.php\/2026\/04\/27\/deputado-propoe-programa-para-retorno-de-pessoas-em-situacao-de-rua-aos-locais-de-origem-no-rs\/"},"author":{"name":"Reda\u00e7\u00e3o TV Litoral","@id":"https:\/\/redelitoralrs.com\/#\/schema\/person\/9f8181f2a7359dd3986f05ebaf5bd68a"},"headline":"Deputado prop\u00f5e programa para retorno de pessoas em situa\u00e7\u00e3o de rua aos locais de origem no RS","datePublished":"2026-04-27T15:52:25+00:00","dateModified":"2026-04-27T15:52:26+00:00","mainEntityOfPage":{"@id":"https:\/\/redelitoralrs.com\/index.php\/2026\/04\/27\/deputado-propoe-programa-para-retorno-de-pessoas-em-situacao-de-rua-aos-locais-de-origem-no-rs\/"},"wordCount":316,"commentCount":0,"publisher":{"@id":"https:\/\/redelitoralrs.com\/#organization"},"image":{"@id":"https:\/\/redelitoralrs.com\/index.php\/2026\/04\/27\/deputado-propoe-programa-para-retorno-de-pessoas-em-situacao-de-rua-aos-locais-de-origem-no-rs\/#primaryimage"},"thumbnailUrl":"https:\/\/redelitoralrs.com\/wp-content\/uploads\/2026\/04\/bd90687e-c30f-4892-8d1f-88b2fcc65ad2.webp","articleSection":["Rio Grande do Sul","\u00daltimas not\u00edcias"],"inLanguage":"pt-BR","potentialAction":[{"@type":"CommentAction","name":"Comment","target":["https:\/\/redelitoralrs.com\/index.php\/2026\/04\/27\/deputado-propoe-programa-para-retorno-de-pessoas-em-situacao-de-rua-aos-locais-de-origem-no-rs\/#respond"]}]},{"@type":"WebPage","@id":"https:\/\/redelitoralrs.com\/index.php\/2026\/04\/27\/deputado-propoe-programa-para-retorno-de-pessoas-em-situacao-de-rua-aos-locais-de-origem-no-rs\/","url":"https:\/\/redelitoralrs.com\/index.php\/2026\/04\/27\/deputado-propoe-programa-para-retorno-de-pessoas-em-situacao-de-rua-aos-locais-de-origem-no-rs\/","name":"Deputado prop\u00f5e programa para retorno de pessoas em situa\u00e7\u00e3o de rua aos locais de origem no RS - Rede Litoral RS","isPartOf":{"@id":"https:\/\/redelitoralrs.com\/#website"},"primaryImageOfPage":{"@id":"https:\/\/redelitoralrs.com\/index.php\/2026\/04\/27\/deputado-propoe-programa-para-retorno-de-pessoas-em-situacao-de-rua-aos-locais-de-origem-no-rs\/#primaryimage"},"image":{"@id":"https:\/\/redelitoralrs.com\/index.php\/2026\/04\/27\/deputado-propoe-programa-para-retorno-de-pessoas-em-situacao-de-rua-aos-locais-de-origem-no-rs\/#primaryimage"},"thumbnailUrl":"https:\/\/redelitoralrs.com\/wp-content\/uploads\/2026\/04\/bd90687e-c30f-4892-8d1f-88b2fcc65ad2.webp","datePublished":"2026-04-27T15:52:25+00:00","dateModified":"2026-04-27T15:52:26+00:00","breadcrumb":{"@id":"https:\/\/redelitoralrs.com\/index.php\/2026\/04\/27\/deputado-propoe-programa-para-retorno-de-pessoas-em-situacao-de-rua-aos-locais-de-origem-no-rs\/#breadcrumb"},"inLanguage":"pt-BR","potentialAction":[{"@type":"ReadAction","target":["https:\/\/redelitoralrs.com\/index.php\/2026\/04\/27\/deputado-propoe-programa-para-retorno-de-pessoas-em-situacao-de-rua-aos-locais-de-origem-no-rs\/"]}]},{"@type":"ImageObject","inLanguage":"pt-BR","@id":"https:\/\/redelitoralrs.com\/index.php\/2026\/04\/27\/deputado-propoe-programa-para-retorno-de-pessoas-em-situacao-de-rua-aos-locais-de-origem-no-rs\/#primaryimage","url":"https:\/\/redelitoralrs.com\/wp-content\/uploads\/2026\/04\/bd90687e-c30f-4892-8d1f-88b2fcc65ad2.webp","contentUrl":"https:\/\/redelitoralrs.com\/wp-content\/uploads\/2026\/04\/bd90687e-c30f-4892-8d1f-88b2fcc65ad2.webp","width":1100,"height":733,"caption":"Foto: Divulga\u00e7\u00e3o"},{"@type":"BreadcrumbList","@id":"https:\/\/redelitoralrs.com\/index.php\/2026\/04\/27\/deputado-propoe-programa-para-retorno-de-pessoas-em-situacao-de-rua-aos-locais-de-origem-no-rs\/#breadcrumb","itemListElement":[{"@type":"ListItem","position":1,"name":"In\u00edcio","item":"https:\/\/redelitoralrs.com\/"},{"@type":"ListItem","position":2,"name":"Deputado prop\u00f5e programa para retorno de pessoas em situa\u00e7\u00e3o de rua aos locais de origem no RS"}]},{"@type":"WebSite","@id":"https:\/\/redelitoralrs.com\/#website","url":"https:\/\/redelitoralrs.com\/","name":"TV Litoral","description":"Acompanhe tudo do litoral ga\u00facho com a cobertura completa e atualizada da Rede Litoral RS. Nossos jornalistas trazem as \u00faltimas not\u00edcias, os acontecimentos mais quentes e as hist\u00f3rias que importam sobre nosso amado litoral.","publisher":{"@id":"https:\/\/redelitoralrs.com\/#organization"},"potentialAction":[{"@type":"SearchAction","target":{"@type":"EntryPoint","urlTemplate":"https:\/\/redelitoralrs.com\/?s={search_term_string}"},"query-input":{"@type":"PropertyValueSpecification","valueRequired":true,"valueName":"search_term_string"}}],"inLanguage":"pt-BR"},{"@type":"Organization","@id":"https:\/\/redelitoralrs.com\/#organization","name":"TV Litoral","url":"https:\/\/redelitoralrs.com\/","logo":{"@type":"ImageObject","inLanguage":"pt-BR","@id":"https:\/\/redelitoralrs.com\/#\/schema\/logo\/image\/","url":"https:\/\/redelitoralrs.com\/wp-content\/uploads\/2024\/01\/faviconicon-1-1.png","contentUrl":"https:\/\/redelitoralrs.com\/wp-content\/uploads\/2024\/01\/faviconicon-1-1.png","width":454,"height":454,"caption":"TV Litoral"},"image":{"@id":"https:\/\/redelitoralrs.com\/#\/schema\/logo\/image\/"},"sameAs":["https:\/\/www.facebook.com\/tvlitoralrsoficial","https:\/\/www.instagram.com\/tvlitoral.rs"]},{"@type":"Person","@id":"https:\/\/redelitoralrs.com\/#\/schema\/person\/9f8181f2a7359dd3986f05ebaf5bd68a","name":"Reda\u00e7\u00e3o TV Litoral","image":{"@type":"ImageObject","inLanguage":"pt-BR","@id":"https:\/\/redelitoralrs.com\/wp-content\/litespeed\/avatar\/779aafbb45e66c7f82733e21abb48259.jpg?ver=1776956734","url":"https:\/\/redelitoralrs.com\/wp-content\/litespeed\/avatar\/779aafbb45e66c7f82733e21abb48259.jpg?ver=1776956734","contentUrl":"https:\/\/redelitoralrs.com\/wp-content\/litespeed\/avatar\/779aafbb45e66c7f82733e21abb48259.jpg?ver=1776956734","caption":"Reda\u00e7\u00e3o TV Litoral"},"description":"A Rede Litoral de Comunica\u00e7\u00e3o \u00e9 um grupo de m\u00eddia multiplataforma do Litoral Norte do RS. Com atua\u00e7\u00e3o em TV, r\u00e1dio, portal e redes sociais, levamos informa\u00e7\u00e3o, conte\u00fado e entretenimento \u00e0 comunidade, fortalecendo a comunica\u00e7\u00e3o local e impulsionando o desenvolvimento regional. Acompanhe atrav\u00e9s de @redelitoralrs.","sameAs":["https:\/\/redelitoralrs.com","https:\/\/www.instagram.com\/redelitoralrs","https:\/\/www.youtube.com\/@redelitoralrs"],"url":"https:\/\/redelitoralrs.com\/index.php\/author\/redacaotvlitoral\/"}]}},"_links":{"self":[{"href":"https:\/\/redelitoralrs.com\/index.php\/wp-json\/wp\/v2\/posts\/24750","targetHints":{"allow":["GET"]}}],"collection":[{"href":"https:\/\/redelitoralrs.com\/index.php\/wp-json\/wp\/v2\/posts"}],"about":[{"href":"https:\/\/redelitoralrs.com\/index.php\/wp-json\/wp\/v2\/types\/post"}],"author":[{"embeddable":true,"href":"https:\/\/redelitoralrs.com\/index.php\/wp-json\/wp\/v2\/users\/2"}],"replies":[{"embeddable":true,"href":"https:\/\/redelitoralrs.com\/index.php\/wp-json\/wp\/v2\/comments?post=24750"}],"version-history":[{"count":1,"href":"https:\/\/redelitoralrs.com\/index.php\/wp-json\/wp\/v2\/posts\/24750\/revisions"}],"predecessor-version":[{"id":24752,"href":"https:\/\/redelitoralrs.com\/index.php\/wp-json\/wp\/v2\/posts\/24750\/revisions\/24752"}],"wp:featuredmedia":[{"embeddable":true,"href":"https:\/\/redelitoralrs.com\/index.php\/wp-json\/wp\/v2\/media\/24751"}],"wp:attachment":[{"href":"https:\/\/redelitoralrs.com\/index.php\/wp-json\/wp\/v2\/media?parent=24750"}],"wp:term":[{"taxonomy":"category","embeddable":true,"href":"https:\/\/redelitoralrs.com\/index.php\/wp-json\/wp\/v2\/categories?post=24750"},{"taxonomy":"post_tag","embeddable":true,"href":"https:\/\/redelitoralrs.com\/index.php\/wp-json\/wp\/v2\/tags?post=24750"}],"curies":[{"name":"wp","href":"https:\/\/api.w.org\/{rel}","templated":true}]}}