{"id":24691,"date":"2026-04-23T17:14:07","date_gmt":"2026-04-23T20:14:07","guid":{"rendered":"https:\/\/redelitoralrs.com\/?p=24691"},"modified":"2026-04-23T17:14:08","modified_gmt":"2026-04-23T20:14:08","slug":"joao-fonseca-pode-jogar-a-copa-davis-em-porto-alegreem-setembro","status":"publish","type":"post","link":"https:\/\/redelitoralrs.com\/index.php\/2026\/04\/23\/joao-fonseca-pode-jogar-a-copa-davis-em-porto-alegreem-setembro\/","title":{"rendered":"Jo\u00e3o Fonseca pode jogar a Copa Davis em Porto Alegreem setembro"},"content":{"rendered":"\n<p>O tenista n\u00famero 1 do Brasil, Jo\u00e3o Fonseca, pode disputar uma partida em Porto Alegre no segundo semestre de 2026. A capital ga\u00facha \u00e9 uma das candidatas a sediar o confronto entre Brasil e Su\u00ed\u00e7a pelo Grupo Mundial I da Copa Davis, previsto para ocorrer entre os dias 18 e 20 de setembro.<\/p>\n\n\n\n<p>A defini\u00e7\u00e3o da sede ainda depende de decis\u00e3o da Confedera\u00e7\u00e3o Brasileira de T\u00eanis, que deve anunciar o local oficial nas pr\u00f3ximas semanas. Al\u00e9m de Porto Alegre, cidades como Rio de Janeiro e Florian\u00f3polis tamb\u00e9m est\u00e3o sendo avaliadas.<\/p>\n\n\n\n<p>O confronto \u00e9 decisivo para as pretens\u00f5es da equipe brasileira no torneio, j\u00e1 que vale vaga na fase de qualifica\u00e7\u00e3o da Copa Davis de 2027. Neste ano, o Brasil acabou eliminado na primeira rodada ap\u00f3s derrota para o Canad\u00e1.<\/p>\n\n\n\n<p>A escolha por Porto Alegre atende a crit\u00e9rios t\u00e9cnicos solicitados pelos atletas, como a realiza\u00e7\u00e3o das partidas ao n\u00edvel do mar e em quadra dura e aberta. Caso confirmada, ser\u00e1 mais um cap\u00edtulo da hist\u00f3ria da competi\u00e7\u00e3o na cidade, que j\u00e1 recebeu duelos da Copa Davis em outras ocasi\u00f5es ao longo das \u00faltimas d\u00e9cadas.<\/p>\n","protected":false},"excerpt":{"rendered":"<p>O tenista n\u00famero 1 do Brasil, Jo\u00e3o Fonseca, pode disputar uma partida em Porto Alegre no segundo semestre de 2026. A capital ga\u00facha \u00e9 uma das candidatas a sediar o confronto entre Brasil e Su\u00ed\u00e7a pelo Grupo Mundial I da Copa Davis, previsto para ocorrer entre os dias 18 e 20 de setembro. A defini\u00e7\u00e3o [&hellip;]<\/p>\n","protected":false},"author":2,"featured_media":24692,"comment_status":"open","ping_status":"open","sticky":false,"template":"","format":"standard","meta":{"_themeisle_gutenberg_block_has_review":false,"footnotes":""},"categories":[14,188,15],"tags":[],"class_list":["post-24691","post","type-post","status-publish","format-standard","has-post-thumbnail","hentry","category-esportes","category-rio-grande-do-sul","category-noticias"],"yoast_head":"<!-- This site is optimized with the Yoast SEO plugin v27.4 - https:\/\/yoast.com\/product\/yoast-seo-wordpress\/ -->\n<title>Jo\u00e3o Fonseca pode jogar a Copa Davis em Porto Alegreem setembro - Rede Litoral RS<\/title>\n<meta name=\"robots\" content=\"index, follow, max-snippet:-1, max-image-preview:large, max-video-preview:-1\" \/>\n<link rel=\"canonical\" href=\"https:\/\/redelitoralrs.com\/index.php\/2026\/04\/23\/joao-fonseca-pode-jogar-a-copa-davis-em-porto-alegreem-setembro\/\" \/>\n<meta property=\"og:locale\" content=\"pt_BR\" \/>\n<meta property=\"og:type\" content=\"article\" \/>\n<meta property=\"og:title\" content=\"Jo\u00e3o Fonseca pode jogar a Copa Davis em Porto Alegreem setembro - Rede Litoral RS\" \/>\n<meta property=\"og:description\" content=\"O tenista n\u00famero 1 do Brasil, Jo\u00e3o Fonseca, pode disputar uma partida em Porto Alegre no segundo semestre de 2026. A capital ga\u00facha \u00e9 uma das candidatas a sediar o confronto entre Brasil e Su\u00ed\u00e7a pelo Grupo Mundial I da Copa Davis, previsto para ocorrer entre os dias 18 e 20 de setembro. A defini\u00e7\u00e3o [&hellip;]\" \/>\n<meta property=\"og:url\" content=\"https:\/\/redelitoralrs.com\/index.php\/2026\/04\/23\/joao-fonseca-pode-jogar-a-copa-davis-em-porto-alegreem-setembro\/\" \/>\n<meta property=\"og:site_name\" content=\"Rede Litoral RS\" \/>\n<meta property=\"article:publisher\" content=\"https:\/\/www.facebook.com\/tvlitoralrsoficial\" \/>\n<meta property=\"article:published_time\" content=\"2026-04-23T20:14:07+00:00\" \/>\n<meta property=\"article:modified_time\" content=\"2026-04-23T20:14:08+00:00\" \/>\n<meta property=\"og:image\" content=\"https:\/\/redelitoralrs.com\/wp-content\/uploads\/2026\/04\/5944434_609c11833222c0b.webp\" \/>\n\t<meta property=\"og:image:width\" content=\"1400\" \/>\n\t<meta property=\"og:image:height\" content=\"932\" \/>\n\t<meta property=\"og:image:type\" content=\"image\/webp\" \/>\n<meta name=\"author\" content=\"Reda\u00e7\u00e3o TV Litoral\" \/>\n<meta name=\"twitter:card\" content=\"summary_large_image\" \/>\n<meta name=\"twitter:label1\" content=\"Escrito por\" \/>\n\t<meta name=\"twitter:data1\" content=\"Reda\u00e7\u00e3o TV Litoral\" \/>\n\t<meta name=\"twitter:label2\" content=\"Est. tempo de leitura\" \/>\n\t<meta name=\"twitter:data2\" content=\"2 minutos\" \/>\n<script type=\"application\/ld+json\" class=\"yoast-schema-graph\">{\"@context\":\"https:\\\/\\\/schema.org\",\"@graph\":[{\"@type\":\"Article\",\"@id\":\"https:\\\/\\\/redelitoralrs.com\\\/index.php\\\/2026\\\/04\\\/23\\\/joao-fonseca-pode-jogar-a-copa-davis-em-porto-alegreem-setembro\\\/#article\",\"isPartOf\":{\"@id\":\"https:\\\/\\\/redelitoralrs.com\\\/index.php\\\/2026\\\/04\\\/23\\\/joao-fonseca-pode-jogar-a-copa-davis-em-porto-alegreem-setembro\\\/\"},\"author\":{\"name\":\"Reda\u00e7\u00e3o TV Litoral\",\"@id\":\"https:\\\/\\\/redelitoralrs.com\\\/#\\\/schema\\\/person\\\/9f8181f2a7359dd3986f05ebaf5bd68a\"},\"headline\":\"Jo\u00e3o Fonseca pode jogar a Copa Davis em Porto Alegreem setembro\",\"datePublished\":\"2026-04-23T20:14:07+00:00\",\"dateModified\":\"2026-04-23T20:14:08+00:00\",\"mainEntityOfPage\":{\"@id\":\"https:\\\/\\\/redelitoralrs.com\\\/index.php\\\/2026\\\/04\\\/23\\\/joao-fonseca-pode-jogar-a-copa-davis-em-porto-alegreem-setembro\\\/\"},\"wordCount\":213,\"commentCount\":0,\"publisher\":{\"@id\":\"https:\\\/\\\/redelitoralrs.com\\\/#organization\"},\"image\":{\"@id\":\"https:\\\/\\\/redelitoralrs.com\\\/index.php\\\/2026\\\/04\\\/23\\\/joao-fonseca-pode-jogar-a-copa-davis-em-porto-alegreem-setembro\\\/#primaryimage\"},\"thumbnailUrl\":\"https:\\\/\\\/redelitoralrs.com\\\/wp-content\\\/uploads\\\/2026\\\/04\\\/5944434_609c11833222c0b.webp\",\"articleSection\":[\"Esportes\",\"Rio Grande do Sul\",\"\u00daltimas not\u00edcias\"],\"inLanguage\":\"pt-BR\",\"potentialAction\":[{\"@type\":\"CommentAction\",\"name\":\"Comment\",\"target\":[\"https:\\\/\\\/redelitoralrs.com\\\/index.php\\\/2026\\\/04\\\/23\\\/joao-fonseca-pode-jogar-a-copa-davis-em-porto-alegreem-setembro\\\/#respond\"]}]},{\"@type\":\"WebPage\",\"@id\":\"https:\\\/\\\/redelitoralrs.com\\\/index.php\\\/2026\\\/04\\\/23\\\/joao-fonseca-pode-jogar-a-copa-davis-em-porto-alegreem-setembro\\\/\",\"url\":\"https:\\\/\\\/redelitoralrs.com\\\/index.php\\\/2026\\\/04\\\/23\\\/joao-fonseca-pode-jogar-a-copa-davis-em-porto-alegreem-setembro\\\/\",\"name\":\"Jo\u00e3o Fonseca pode jogar a Copa Davis em Porto Alegreem setembro - Rede Litoral RS\",\"isPartOf\":{\"@id\":\"https:\\\/\\\/redelitoralrs.com\\\/#website\"},\"primaryImageOfPage\":{\"@id\":\"https:\\\/\\\/redelitoralrs.com\\\/index.php\\\/2026\\\/04\\\/23\\\/joao-fonseca-pode-jogar-a-copa-davis-em-porto-alegreem-setembro\\\/#primaryimage\"},\"image\":{\"@id\":\"https:\\\/\\\/redelitoralrs.com\\\/index.php\\\/2026\\\/04\\\/23\\\/joao-fonseca-pode-jogar-a-copa-davis-em-porto-alegreem-setembro\\\/#primaryimage\"},\"thumbnailUrl\":\"https:\\\/\\\/redelitoralrs.com\\\/wp-content\\\/uploads\\\/2026\\\/04\\\/5944434_609c11833222c0b.webp\",\"datePublished\":\"2026-04-23T20:14:07+00:00\",\"dateModified\":\"2026-04-23T20:14:08+00:00\",\"breadcrumb\":{\"@id\":\"https:\\\/\\\/redelitoralrs.com\\\/index.php\\\/2026\\\/04\\\/23\\\/joao-fonseca-pode-jogar-a-copa-davis-em-porto-alegreem-setembro\\\/#breadcrumb\"},\"inLanguage\":\"pt-BR\",\"potentialAction\":[{\"@type\":\"ReadAction\",\"target\":[\"https:\\\/\\\/redelitoralrs.com\\\/index.php\\\/2026\\\/04\\\/23\\\/joao-fonseca-pode-jogar-a-copa-davis-em-porto-alegreem-setembro\\\/\"]}]},{\"@type\":\"ImageObject\",\"inLanguage\":\"pt-BR\",\"@id\":\"https:\\\/\\\/redelitoralrs.com\\\/index.php\\\/2026\\\/04\\\/23\\\/joao-fonseca-pode-jogar-a-copa-davis-em-porto-alegreem-setembro\\\/#primaryimage\",\"url\":\"https:\\\/\\\/redelitoralrs.com\\\/wp-content\\\/uploads\\\/2026\\\/04\\\/5944434_609c11833222c0b.webp\",\"contentUrl\":\"https:\\\/\\\/redelitoralrs.com\\\/wp-content\\\/uploads\\\/2026\\\/04\\\/5944434_609c11833222c0b.webp\",\"width\":1400,\"height\":932,\"caption\":\"Foto: Reprodu\u00e7\u00e3o\\\/AFP\"},{\"@type\":\"BreadcrumbList\",\"@id\":\"https:\\\/\\\/redelitoralrs.com\\\/index.php\\\/2026\\\/04\\\/23\\\/joao-fonseca-pode-jogar-a-copa-davis-em-porto-alegreem-setembro\\\/#breadcrumb\",\"itemListElement\":[{\"@type\":\"ListItem\",\"position\":1,\"name\":\"In\u00edcio\",\"item\":\"https:\\\/\\\/redelitoralrs.com\\\/\"},{\"@type\":\"ListItem\",\"position\":2,\"name\":\"Jo\u00e3o Fonseca pode jogar a Copa Davis em Porto Alegreem setembro\"}]},{\"@type\":\"WebSite\",\"@id\":\"https:\\\/\\\/redelitoralrs.com\\\/#website\",\"url\":\"https:\\\/\\\/redelitoralrs.com\\\/\",\"name\":\"TV Litoral\",\"description\":\"Acompanhe tudo do litoral ga\u00facho com a cobertura completa e atualizada da Rede Litoral RS. Nossos jornalistas trazem as \u00faltimas not\u00edcias, os acontecimentos mais quentes e as hist\u00f3rias que importam sobre nosso amado litoral.\",\"publisher\":{\"@id\":\"https:\\\/\\\/redelitoralrs.com\\\/#organization\"},\"potentialAction\":[{\"@type\":\"SearchAction\",\"target\":{\"@type\":\"EntryPoint\",\"urlTemplate\":\"https:\\\/\\\/redelitoralrs.com\\\/?s={search_term_string}\"},\"query-input\":{\"@type\":\"PropertyValueSpecification\",\"valueRequired\":true,\"valueName\":\"search_term_string\"}}],\"inLanguage\":\"pt-BR\"},{\"@type\":\"Organization\",\"@id\":\"https:\\\/\\\/redelitoralrs.com\\\/#organization\",\"name\":\"TV Litoral\",\"url\":\"https:\\\/\\\/redelitoralrs.com\\\/\",\"logo\":{\"@type\":\"ImageObject\",\"inLanguage\":\"pt-BR\",\"@id\":\"https:\\\/\\\/redelitoralrs.com\\\/#\\\/schema\\\/logo\\\/image\\\/\",\"url\":\"https:\\\/\\\/redelitoralrs.com\\\/wp-content\\\/uploads\\\/2024\\\/01\\\/faviconicon-1-1.png\",\"contentUrl\":\"https:\\\/\\\/redelitoralrs.com\\\/wp-content\\\/uploads\\\/2024\\\/01\\\/faviconicon-1-1.png\",\"width\":454,\"height\":454,\"caption\":\"TV Litoral\"},\"image\":{\"@id\":\"https:\\\/\\\/redelitoralrs.com\\\/#\\\/schema\\\/logo\\\/image\\\/\"},\"sameAs\":[\"https:\\\/\\\/www.facebook.com\\\/tvlitoralrsoficial\",\"https:\\\/\\\/www.instagram.com\\\/tvlitoral.rs\"]},{\"@type\":\"Person\",\"@id\":\"https:\\\/\\\/redelitoralrs.com\\\/#\\\/schema\\\/person\\\/9f8181f2a7359dd3986f05ebaf5bd68a\",\"name\":\"Reda\u00e7\u00e3o TV Litoral\",\"image\":{\"@type\":\"ImageObject\",\"inLanguage\":\"pt-BR\",\"@id\":\"https:\\\/\\\/redelitoralrs.com\\\/wp-content\\\/litespeed\\\/avatar\\\/779aafbb45e66c7f82733e21abb48259.jpg?ver=1776956734\",\"url\":\"https:\\\/\\\/redelitoralrs.com\\\/wp-content\\\/litespeed\\\/avatar\\\/779aafbb45e66c7f82733e21abb48259.jpg?ver=1776956734\",\"contentUrl\":\"https:\\\/\\\/redelitoralrs.com\\\/wp-content\\\/litespeed\\\/avatar\\\/779aafbb45e66c7f82733e21abb48259.jpg?ver=1776956734\",\"caption\":\"Reda\u00e7\u00e3o TV Litoral\"},\"description\":\"A Rede Litoral de Comunica\u00e7\u00e3o \u00e9 um grupo de m\u00eddia multiplataforma do Litoral Norte do RS. Com atua\u00e7\u00e3o em TV, r\u00e1dio, portal e redes sociais, levamos informa\u00e7\u00e3o, conte\u00fado e entretenimento \u00e0 comunidade, fortalecendo a comunica\u00e7\u00e3o local e impulsionando o desenvolvimento regional. Acompanhe atrav\u00e9s de @redelitoralrs.\",\"sameAs\":[\"https:\\\/\\\/redelitoralrs.com\",\"https:\\\/\\\/www.instagram.com\\\/redelitoralrs\",\"https:\\\/\\\/www.youtube.com\\\/@redelitoralrs\"],\"url\":\"https:\\\/\\\/redelitoralrs.com\\\/index.php\\\/author\\\/redacaotvlitoral\\\/\"}]}<\/script>\n<!-- \/ Yoast SEO plugin. -->","yoast_head_json":{"title":"Jo\u00e3o Fonseca pode jogar a Copa Davis em Porto Alegreem setembro - Rede Litoral RS","robots":{"index":"index","follow":"follow","max-snippet":"max-snippet:-1","max-image-preview":"max-image-preview:large","max-video-preview":"max-video-preview:-1"},"canonical":"https:\/\/redelitoralrs.com\/index.php\/2026\/04\/23\/joao-fonseca-pode-jogar-a-copa-davis-em-porto-alegreem-setembro\/","og_locale":"pt_BR","og_type":"article","og_title":"Jo\u00e3o Fonseca pode jogar a Copa Davis em Porto Alegreem setembro - Rede Litoral RS","og_description":"O tenista n\u00famero 1 do Brasil, Jo\u00e3o Fonseca, pode disputar uma partida em Porto Alegre no segundo semestre de 2026. A capital ga\u00facha \u00e9 uma das candidatas a sediar o confronto entre Brasil e Su\u00ed\u00e7a pelo Grupo Mundial I da Copa Davis, previsto para ocorrer entre os dias 18 e 20 de setembro. A defini\u00e7\u00e3o [&hellip;]","og_url":"https:\/\/redelitoralrs.com\/index.php\/2026\/04\/23\/joao-fonseca-pode-jogar-a-copa-davis-em-porto-alegreem-setembro\/","og_site_name":"Rede Litoral RS","article_publisher":"https:\/\/www.facebook.com\/tvlitoralrsoficial","article_published_time":"2026-04-23T20:14:07+00:00","article_modified_time":"2026-04-23T20:14:08+00:00","og_image":[{"width":1400,"height":932,"url":"https:\/\/redelitoralrs.com\/wp-content\/uploads\/2026\/04\/5944434_609c11833222c0b.webp","type":"image\/webp"}],"author":"Reda\u00e7\u00e3o TV Litoral","twitter_card":"summary_large_image","twitter_misc":{"Escrito por":"Reda\u00e7\u00e3o TV Litoral","Est. tempo de leitura":"2 minutos"},"schema":{"@context":"https:\/\/schema.org","@graph":[{"@type":"Article","@id":"https:\/\/redelitoralrs.com\/index.php\/2026\/04\/23\/joao-fonseca-pode-jogar-a-copa-davis-em-porto-alegreem-setembro\/#article","isPartOf":{"@id":"https:\/\/redelitoralrs.com\/index.php\/2026\/04\/23\/joao-fonseca-pode-jogar-a-copa-davis-em-porto-alegreem-setembro\/"},"author":{"name":"Reda\u00e7\u00e3o TV Litoral","@id":"https:\/\/redelitoralrs.com\/#\/schema\/person\/9f8181f2a7359dd3986f05ebaf5bd68a"},"headline":"Jo\u00e3o Fonseca pode jogar a Copa Davis em Porto Alegreem setembro","datePublished":"2026-04-23T20:14:07+00:00","dateModified":"2026-04-23T20:14:08+00:00","mainEntityOfPage":{"@id":"https:\/\/redelitoralrs.com\/index.php\/2026\/04\/23\/joao-fonseca-pode-jogar-a-copa-davis-em-porto-alegreem-setembro\/"},"wordCount":213,"commentCount":0,"publisher":{"@id":"https:\/\/redelitoralrs.com\/#organization"},"image":{"@id":"https:\/\/redelitoralrs.com\/index.php\/2026\/04\/23\/joao-fonseca-pode-jogar-a-copa-davis-em-porto-alegreem-setembro\/#primaryimage"},"thumbnailUrl":"https:\/\/redelitoralrs.com\/wp-content\/uploads\/2026\/04\/5944434_609c11833222c0b.webp","articleSection":["Esportes","Rio Grande do Sul","\u00daltimas not\u00edcias"],"inLanguage":"pt-BR","potentialAction":[{"@type":"CommentAction","name":"Comment","target":["https:\/\/redelitoralrs.com\/index.php\/2026\/04\/23\/joao-fonseca-pode-jogar-a-copa-davis-em-porto-alegreem-setembro\/#respond"]}]},{"@type":"WebPage","@id":"https:\/\/redelitoralrs.com\/index.php\/2026\/04\/23\/joao-fonseca-pode-jogar-a-copa-davis-em-porto-alegreem-setembro\/","url":"https:\/\/redelitoralrs.com\/index.php\/2026\/04\/23\/joao-fonseca-pode-jogar-a-copa-davis-em-porto-alegreem-setembro\/","name":"Jo\u00e3o Fonseca pode jogar a Copa Davis em Porto Alegreem setembro - Rede Litoral RS","isPartOf":{"@id":"https:\/\/redelitoralrs.com\/#website"},"primaryImageOfPage":{"@id":"https:\/\/redelitoralrs.com\/index.php\/2026\/04\/23\/joao-fonseca-pode-jogar-a-copa-davis-em-porto-alegreem-setembro\/#primaryimage"},"image":{"@id":"https:\/\/redelitoralrs.com\/index.php\/2026\/04\/23\/joao-fonseca-pode-jogar-a-copa-davis-em-porto-alegreem-setembro\/#primaryimage"},"thumbnailUrl":"https:\/\/redelitoralrs.com\/wp-content\/uploads\/2026\/04\/5944434_609c11833222c0b.webp","datePublished":"2026-04-23T20:14:07+00:00","dateModified":"2026-04-23T20:14:08+00:00","breadcrumb":{"@id":"https:\/\/redelitoralrs.com\/index.php\/2026\/04\/23\/joao-fonseca-pode-jogar-a-copa-davis-em-porto-alegreem-setembro\/#breadcrumb"},"inLanguage":"pt-BR","potentialAction":[{"@type":"ReadAction","target":["https:\/\/redelitoralrs.com\/index.php\/2026\/04\/23\/joao-fonseca-pode-jogar-a-copa-davis-em-porto-alegreem-setembro\/"]}]},{"@type":"ImageObject","inLanguage":"pt-BR","@id":"https:\/\/redelitoralrs.com\/index.php\/2026\/04\/23\/joao-fonseca-pode-jogar-a-copa-davis-em-porto-alegreem-setembro\/#primaryimage","url":"https:\/\/redelitoralrs.com\/wp-content\/uploads\/2026\/04\/5944434_609c11833222c0b.webp","contentUrl":"https:\/\/redelitoralrs.com\/wp-content\/uploads\/2026\/04\/5944434_609c11833222c0b.webp","width":1400,"height":932,"caption":"Foto: Reprodu\u00e7\u00e3o\/AFP"},{"@type":"BreadcrumbList","@id":"https:\/\/redelitoralrs.com\/index.php\/2026\/04\/23\/joao-fonseca-pode-jogar-a-copa-davis-em-porto-alegreem-setembro\/#breadcrumb","itemListElement":[{"@type":"ListItem","position":1,"name":"In\u00edcio","item":"https:\/\/redelitoralrs.com\/"},{"@type":"ListItem","position":2,"name":"Jo\u00e3o Fonseca pode jogar a Copa Davis em Porto Alegreem setembro"}]},{"@type":"WebSite","@id":"https:\/\/redelitoralrs.com\/#website","url":"https:\/\/redelitoralrs.com\/","name":"TV Litoral","description":"Acompanhe tudo do litoral ga\u00facho com a cobertura completa e atualizada da Rede Litoral RS. Nossos jornalistas trazem as \u00faltimas not\u00edcias, os acontecimentos mais quentes e as hist\u00f3rias que importam sobre nosso amado litoral.","publisher":{"@id":"https:\/\/redelitoralrs.com\/#organization"},"potentialAction":[{"@type":"SearchAction","target":{"@type":"EntryPoint","urlTemplate":"https:\/\/redelitoralrs.com\/?s={search_term_string}"},"query-input":{"@type":"PropertyValueSpecification","valueRequired":true,"valueName":"search_term_string"}}],"inLanguage":"pt-BR"},{"@type":"Organization","@id":"https:\/\/redelitoralrs.com\/#organization","name":"TV Litoral","url":"https:\/\/redelitoralrs.com\/","logo":{"@type":"ImageObject","inLanguage":"pt-BR","@id":"https:\/\/redelitoralrs.com\/#\/schema\/logo\/image\/","url":"https:\/\/redelitoralrs.com\/wp-content\/uploads\/2024\/01\/faviconicon-1-1.png","contentUrl":"https:\/\/redelitoralrs.com\/wp-content\/uploads\/2024\/01\/faviconicon-1-1.png","width":454,"height":454,"caption":"TV Litoral"},"image":{"@id":"https:\/\/redelitoralrs.com\/#\/schema\/logo\/image\/"},"sameAs":["https:\/\/www.facebook.com\/tvlitoralrsoficial","https:\/\/www.instagram.com\/tvlitoral.rs"]},{"@type":"Person","@id":"https:\/\/redelitoralrs.com\/#\/schema\/person\/9f8181f2a7359dd3986f05ebaf5bd68a","name":"Reda\u00e7\u00e3o TV Litoral","image":{"@type":"ImageObject","inLanguage":"pt-BR","@id":"https:\/\/redelitoralrs.com\/wp-content\/litespeed\/avatar\/779aafbb45e66c7f82733e21abb48259.jpg?ver=1776956734","url":"https:\/\/redelitoralrs.com\/wp-content\/litespeed\/avatar\/779aafbb45e66c7f82733e21abb48259.jpg?ver=1776956734","contentUrl":"https:\/\/redelitoralrs.com\/wp-content\/litespeed\/avatar\/779aafbb45e66c7f82733e21abb48259.jpg?ver=1776956734","caption":"Reda\u00e7\u00e3o TV Litoral"},"description":"A Rede Litoral de Comunica\u00e7\u00e3o \u00e9 um grupo de m\u00eddia multiplataforma do Litoral Norte do RS. Com atua\u00e7\u00e3o em TV, r\u00e1dio, portal e redes sociais, levamos informa\u00e7\u00e3o, conte\u00fado e entretenimento \u00e0 comunidade, fortalecendo a comunica\u00e7\u00e3o local e impulsionando o desenvolvimento regional. Acompanhe atrav\u00e9s de @redelitoralrs.","sameAs":["https:\/\/redelitoralrs.com","https:\/\/www.instagram.com\/redelitoralrs","https:\/\/www.youtube.com\/@redelitoralrs"],"url":"https:\/\/redelitoralrs.com\/index.php\/author\/redacaotvlitoral\/"}]}},"_links":{"self":[{"href":"https:\/\/redelitoralrs.com\/index.php\/wp-json\/wp\/v2\/posts\/24691","targetHints":{"allow":["GET"]}}],"collection":[{"href":"https:\/\/redelitoralrs.com\/index.php\/wp-json\/wp\/v2\/posts"}],"about":[{"href":"https:\/\/redelitoralrs.com\/index.php\/wp-json\/wp\/v2\/types\/post"}],"author":[{"embeddable":true,"href":"https:\/\/redelitoralrs.com\/index.php\/wp-json\/wp\/v2\/users\/2"}],"replies":[{"embeddable":true,"href":"https:\/\/redelitoralrs.com\/index.php\/wp-json\/wp\/v2\/comments?post=24691"}],"version-history":[{"count":1,"href":"https:\/\/redelitoralrs.com\/index.php\/wp-json\/wp\/v2\/posts\/24691\/revisions"}],"predecessor-version":[{"id":24693,"href":"https:\/\/redelitoralrs.com\/index.php\/wp-json\/wp\/v2\/posts\/24691\/revisions\/24693"}],"wp:featuredmedia":[{"embeddable":true,"href":"https:\/\/redelitoralrs.com\/index.php\/wp-json\/wp\/v2\/media\/24692"}],"wp:attachment":[{"href":"https:\/\/redelitoralrs.com\/index.php\/wp-json\/wp\/v2\/media?parent=24691"}],"wp:term":[{"taxonomy":"category","embeddable":true,"href":"https:\/\/redelitoralrs.com\/index.php\/wp-json\/wp\/v2\/categories?post=24691"},{"taxonomy":"post_tag","embeddable":true,"href":"https:\/\/redelitoralrs.com\/index.php\/wp-json\/wp\/v2\/tags?post=24691"}],"curies":[{"name":"wp","href":"https:\/\/api.w.org\/{rel}","templated":true}]}}