{"id":24688,"date":"2026-04-23T17:10:52","date_gmt":"2026-04-23T20:10:52","guid":{"rendered":"https:\/\/redelitoralrs.com\/?p=24688"},"modified":"2026-04-23T17:10:53","modified_gmt":"2026-04-23T20:10:53","slug":"governo-federal-autoriza-nomeacao-de-mil-novos-servidores-para-reforcar-efetivo-da-policia-federal","status":"publish","type":"post","link":"https:\/\/redelitoralrs.com\/index.php\/2026\/04\/23\/governo-federal-autoriza-nomeacao-de-mil-novos-servidores-para-reforcar-efetivo-da-policia-federal\/","title":{"rendered":"Governo federal autoriza nomea\u00e7\u00e3o de mil novos servidores para refor\u00e7ar efetivo da Pol\u00edcia Federal"},"content":{"rendered":"\n<p>O governo federal autorizou a nomea\u00e7\u00e3o de mil novos servidores para a Pol\u00edcia Federal, com o objetivo de refor\u00e7ar o efetivo da corpora\u00e7\u00e3o. A medida foi oficializada em edi\u00e7\u00e3o extra do Di\u00e1rio Oficial da Uni\u00e3o e contempla candidatos aprovados no concurso p\u00fablico realizado em 2021.<\/p>\n\n\n\n<p>As nomea\u00e7\u00f5es v\u00e3o al\u00e9m do n\u00famero de vagas inicialmente previsto no edital, permitindo ampliar o aproveitamento do certame e acelerar a recomposi\u00e7\u00e3o do quadro funcional em diferentes \u00e1reas estrat\u00e9gicas da institui\u00e7\u00e3o.<\/p>\n\n\n\n<p>Do total autorizado, a maior parte das vagas ser\u00e1 destinada ao cargo de agente, com 705 nomea\u00e7\u00f5es. Tamb\u00e9m est\u00e3o previstas 176 vagas para escriv\u00e3o, 61 para delegado, 38 para perito criminal federal e 20 para papiloscopista.<\/p>\n\n\n\n<p>De acordo com o Minist\u00e9rio da Gest\u00e3o e da Inova\u00e7\u00e3o em Servi\u00e7os P\u00fablicos, a medida busca dar mais agilidade \u00e0 reposi\u00e7\u00e3o de servidores, utilizando um mecanismo previsto na legisla\u00e7\u00e3o que permite convocar aprovados al\u00e9m das vagas originais. A estrat\u00e9gia reduz prazos administrativos e otimiza recursos p\u00fablicos, ao evitar a necessidade de um novo concurso no curto prazo.<\/p>\n\n\n\n<p>A iniciativa ocorre em um contexto de demanda por fortalecimento institucional em \u00e1reas consideradas essenciais, incluindo investiga\u00e7\u00f5es criminais, combate ao crime organizado e atua\u00e7\u00e3o em fronteiras e portos.<\/p>\n","protected":false},"excerpt":{"rendered":"<p>O governo federal autorizou a nomea\u00e7\u00e3o de mil novos servidores para a Pol\u00edcia Federal, com o objetivo de refor\u00e7ar o efetivo da corpora\u00e7\u00e3o. A medida foi oficializada em edi\u00e7\u00e3o extra do Di\u00e1rio Oficial da Uni\u00e3o e contempla candidatos aprovados no concurso p\u00fablico realizado em 2021. As nomea\u00e7\u00f5es v\u00e3o al\u00e9m do n\u00famero de vagas inicialmente previsto [&hellip;]<\/p>\n","protected":false},"author":2,"featured_media":24689,"comment_status":"open","ping_status":"open","sticky":false,"template":"","format":"standard","meta":{"_themeisle_gutenberg_block_has_review":false,"footnotes":""},"categories":[246,15],"tags":[],"class_list":["post-24688","post","type-post","status-publish","format-standard","has-post-thumbnail","hentry","category-brasil","category-noticias"],"yoast_head":"<!-- This site is optimized with the Yoast SEO plugin v27.4 - https:\/\/yoast.com\/product\/yoast-seo-wordpress\/ -->\n<title>Governo federal autoriza nomea\u00e7\u00e3o de mil novos servidores para refor\u00e7ar efetivo da Pol\u00edcia Federal - Rede Litoral RS<\/title>\n<meta name=\"robots\" content=\"index, follow, max-snippet:-1, max-image-preview:large, max-video-preview:-1\" \/>\n<link rel=\"canonical\" href=\"https:\/\/redelitoralrs.com\/index.php\/2026\/04\/23\/governo-federal-autoriza-nomeacao-de-mil-novos-servidores-para-reforcar-efetivo-da-policia-federal\/\" \/>\n<meta property=\"og:locale\" content=\"pt_BR\" \/>\n<meta property=\"og:type\" content=\"article\" \/>\n<meta property=\"og:title\" content=\"Governo federal autoriza nomea\u00e7\u00e3o de mil novos servidores para refor\u00e7ar efetivo da Pol\u00edcia Federal - Rede Litoral RS\" \/>\n<meta property=\"og:description\" content=\"O governo federal autorizou a nomea\u00e7\u00e3o de mil novos servidores para a Pol\u00edcia Federal, com o objetivo de refor\u00e7ar o efetivo da corpora\u00e7\u00e3o. A medida foi oficializada em edi\u00e7\u00e3o extra do Di\u00e1rio Oficial da Uni\u00e3o e contempla candidatos aprovados no concurso p\u00fablico realizado em 2021. As nomea\u00e7\u00f5es v\u00e3o al\u00e9m do n\u00famero de vagas inicialmente previsto [&hellip;]\" \/>\n<meta property=\"og:url\" content=\"https:\/\/redelitoralrs.com\/index.php\/2026\/04\/23\/governo-federal-autoriza-nomeacao-de-mil-novos-servidores-para-reforcar-efetivo-da-policia-federal\/\" \/>\n<meta property=\"og:site_name\" content=\"Rede Litoral RS\" \/>\n<meta property=\"article:publisher\" content=\"https:\/\/www.facebook.com\/tvlitoralrsoficial\" \/>\n<meta property=\"article:published_time\" content=\"2026-04-23T20:10:52+00:00\" \/>\n<meta property=\"article:modified_time\" content=\"2026-04-23T20:10:53+00:00\" \/>\n<meta property=\"og:image\" content=\"https:\/\/redelitoralrs.com\/wp-content\/uploads\/2026\/04\/raf05213.webp\" \/>\n\t<meta property=\"og:image:width\" content=\"1170\" \/>\n\t<meta property=\"og:image:height\" content=\"700\" \/>\n\t<meta property=\"og:image:type\" content=\"image\/webp\" \/>\n<meta name=\"author\" content=\"Reda\u00e7\u00e3o TV Litoral\" \/>\n<meta name=\"twitter:card\" content=\"summary_large_image\" \/>\n<meta name=\"twitter:label1\" content=\"Escrito por\" \/>\n\t<meta name=\"twitter:data1\" content=\"Reda\u00e7\u00e3o TV Litoral\" \/>\n\t<meta name=\"twitter:label2\" content=\"Est. tempo de leitura\" \/>\n\t<meta name=\"twitter:data2\" content=\"2 minutos\" \/>\n<script type=\"application\/ld+json\" class=\"yoast-schema-graph\">{\"@context\":\"https:\\\/\\\/schema.org\",\"@graph\":[{\"@type\":\"Article\",\"@id\":\"https:\\\/\\\/redelitoralrs.com\\\/index.php\\\/2026\\\/04\\\/23\\\/governo-federal-autoriza-nomeacao-de-mil-novos-servidores-para-reforcar-efetivo-da-policia-federal\\\/#article\",\"isPartOf\":{\"@id\":\"https:\\\/\\\/redelitoralrs.com\\\/index.php\\\/2026\\\/04\\\/23\\\/governo-federal-autoriza-nomeacao-de-mil-novos-servidores-para-reforcar-efetivo-da-policia-federal\\\/\"},\"author\":{\"name\":\"Reda\u00e7\u00e3o TV Litoral\",\"@id\":\"https:\\\/\\\/redelitoralrs.com\\\/#\\\/schema\\\/person\\\/9f8181f2a7359dd3986f05ebaf5bd68a\"},\"headline\":\"Governo federal autoriza nomea\u00e7\u00e3o de mil novos servidores para refor\u00e7ar efetivo da Pol\u00edcia Federal\",\"datePublished\":\"2026-04-23T20:10:52+00:00\",\"dateModified\":\"2026-04-23T20:10:53+00:00\",\"mainEntityOfPage\":{\"@id\":\"https:\\\/\\\/redelitoralrs.com\\\/index.php\\\/2026\\\/04\\\/23\\\/governo-federal-autoriza-nomeacao-de-mil-novos-servidores-para-reforcar-efetivo-da-policia-federal\\\/\"},\"wordCount\":238,\"commentCount\":0,\"publisher\":{\"@id\":\"https:\\\/\\\/redelitoralrs.com\\\/#organization\"},\"image\":{\"@id\":\"https:\\\/\\\/redelitoralrs.com\\\/index.php\\\/2026\\\/04\\\/23\\\/governo-federal-autoriza-nomeacao-de-mil-novos-servidores-para-reforcar-efetivo-da-policia-federal\\\/#primaryimage\"},\"thumbnailUrl\":\"https:\\\/\\\/redelitoralrs.com\\\/wp-content\\\/uploads\\\/2026\\\/04\\\/raf05213.webp\",\"articleSection\":[\"Brasil\",\"\u00daltimas not\u00edcias\"],\"inLanguage\":\"pt-BR\",\"potentialAction\":[{\"@type\":\"CommentAction\",\"name\":\"Comment\",\"target\":[\"https:\\\/\\\/redelitoralrs.com\\\/index.php\\\/2026\\\/04\\\/23\\\/governo-federal-autoriza-nomeacao-de-mil-novos-servidores-para-reforcar-efetivo-da-policia-federal\\\/#respond\"]}]},{\"@type\":\"WebPage\",\"@id\":\"https:\\\/\\\/redelitoralrs.com\\\/index.php\\\/2026\\\/04\\\/23\\\/governo-federal-autoriza-nomeacao-de-mil-novos-servidores-para-reforcar-efetivo-da-policia-federal\\\/\",\"url\":\"https:\\\/\\\/redelitoralrs.com\\\/index.php\\\/2026\\\/04\\\/23\\\/governo-federal-autoriza-nomeacao-de-mil-novos-servidores-para-reforcar-efetivo-da-policia-federal\\\/\",\"name\":\"Governo federal autoriza nomea\u00e7\u00e3o de mil novos servidores para refor\u00e7ar efetivo da Pol\u00edcia Federal - Rede Litoral RS\",\"isPartOf\":{\"@id\":\"https:\\\/\\\/redelitoralrs.com\\\/#website\"},\"primaryImageOfPage\":{\"@id\":\"https:\\\/\\\/redelitoralrs.com\\\/index.php\\\/2026\\\/04\\\/23\\\/governo-federal-autoriza-nomeacao-de-mil-novos-servidores-para-reforcar-efetivo-da-policia-federal\\\/#primaryimage\"},\"image\":{\"@id\":\"https:\\\/\\\/redelitoralrs.com\\\/index.php\\\/2026\\\/04\\\/23\\\/governo-federal-autoriza-nomeacao-de-mil-novos-servidores-para-reforcar-efetivo-da-policia-federal\\\/#primaryimage\"},\"thumbnailUrl\":\"https:\\\/\\\/redelitoralrs.com\\\/wp-content\\\/uploads\\\/2026\\\/04\\\/raf05213.webp\",\"datePublished\":\"2026-04-23T20:10:52+00:00\",\"dateModified\":\"2026-04-23T20:10:53+00:00\",\"breadcrumb\":{\"@id\":\"https:\\\/\\\/redelitoralrs.com\\\/index.php\\\/2026\\\/04\\\/23\\\/governo-federal-autoriza-nomeacao-de-mil-novos-servidores-para-reforcar-efetivo-da-policia-federal\\\/#breadcrumb\"},\"inLanguage\":\"pt-BR\",\"potentialAction\":[{\"@type\":\"ReadAction\",\"target\":[\"https:\\\/\\\/redelitoralrs.com\\\/index.php\\\/2026\\\/04\\\/23\\\/governo-federal-autoriza-nomeacao-de-mil-novos-servidores-para-reforcar-efetivo-da-policia-federal\\\/\"]}]},{\"@type\":\"ImageObject\",\"inLanguage\":\"pt-BR\",\"@id\":\"https:\\\/\\\/redelitoralrs.com\\\/index.php\\\/2026\\\/04\\\/23\\\/governo-federal-autoriza-nomeacao-de-mil-novos-servidores-para-reforcar-efetivo-da-policia-federal\\\/#primaryimage\",\"url\":\"https:\\\/\\\/redelitoralrs.com\\\/wp-content\\\/uploads\\\/2026\\\/04\\\/raf05213.webp\",\"contentUrl\":\"https:\\\/\\\/redelitoralrs.com\\\/wp-content\\\/uploads\\\/2026\\\/04\\\/raf05213.webp\",\"width\":1170,\"height\":700,\"caption\":\"Foto: Reprodu\u00e7\u00e3o\\\/Ag\u00eancia Brasil\"},{\"@type\":\"BreadcrumbList\",\"@id\":\"https:\\\/\\\/redelitoralrs.com\\\/index.php\\\/2026\\\/04\\\/23\\\/governo-federal-autoriza-nomeacao-de-mil-novos-servidores-para-reforcar-efetivo-da-policia-federal\\\/#breadcrumb\",\"itemListElement\":[{\"@type\":\"ListItem\",\"position\":1,\"name\":\"In\u00edcio\",\"item\":\"https:\\\/\\\/redelitoralrs.com\\\/\"},{\"@type\":\"ListItem\",\"position\":2,\"name\":\"Governo federal autoriza nomea\u00e7\u00e3o de mil novos servidores para refor\u00e7ar efetivo da Pol\u00edcia Federal\"}]},{\"@type\":\"WebSite\",\"@id\":\"https:\\\/\\\/redelitoralrs.com\\\/#website\",\"url\":\"https:\\\/\\\/redelitoralrs.com\\\/\",\"name\":\"TV Litoral\",\"description\":\"Acompanhe tudo do litoral ga\u00facho com a cobertura completa e atualizada da Rede Litoral RS. Nossos jornalistas trazem as \u00faltimas not\u00edcias, os acontecimentos mais quentes e as hist\u00f3rias que importam sobre nosso amado litoral.\",\"publisher\":{\"@id\":\"https:\\\/\\\/redelitoralrs.com\\\/#organization\"},\"potentialAction\":[{\"@type\":\"SearchAction\",\"target\":{\"@type\":\"EntryPoint\",\"urlTemplate\":\"https:\\\/\\\/redelitoralrs.com\\\/?s={search_term_string}\"},\"query-input\":{\"@type\":\"PropertyValueSpecification\",\"valueRequired\":true,\"valueName\":\"search_term_string\"}}],\"inLanguage\":\"pt-BR\"},{\"@type\":\"Organization\",\"@id\":\"https:\\\/\\\/redelitoralrs.com\\\/#organization\",\"name\":\"TV Litoral\",\"url\":\"https:\\\/\\\/redelitoralrs.com\\\/\",\"logo\":{\"@type\":\"ImageObject\",\"inLanguage\":\"pt-BR\",\"@id\":\"https:\\\/\\\/redelitoralrs.com\\\/#\\\/schema\\\/logo\\\/image\\\/\",\"url\":\"https:\\\/\\\/redelitoralrs.com\\\/wp-content\\\/uploads\\\/2024\\\/01\\\/faviconicon-1-1.png\",\"contentUrl\":\"https:\\\/\\\/redelitoralrs.com\\\/wp-content\\\/uploads\\\/2024\\\/01\\\/faviconicon-1-1.png\",\"width\":454,\"height\":454,\"caption\":\"TV Litoral\"},\"image\":{\"@id\":\"https:\\\/\\\/redelitoralrs.com\\\/#\\\/schema\\\/logo\\\/image\\\/\"},\"sameAs\":[\"https:\\\/\\\/www.facebook.com\\\/tvlitoralrsoficial\",\"https:\\\/\\\/www.instagram.com\\\/tvlitoral.rs\"]},{\"@type\":\"Person\",\"@id\":\"https:\\\/\\\/redelitoralrs.com\\\/#\\\/schema\\\/person\\\/9f8181f2a7359dd3986f05ebaf5bd68a\",\"name\":\"Reda\u00e7\u00e3o TV Litoral\",\"image\":{\"@type\":\"ImageObject\",\"inLanguage\":\"pt-BR\",\"@id\":\"https:\\\/\\\/redelitoralrs.com\\\/wp-content\\\/litespeed\\\/avatar\\\/779aafbb45e66c7f82733e21abb48259.jpg?ver=1776956734\",\"url\":\"https:\\\/\\\/redelitoralrs.com\\\/wp-content\\\/litespeed\\\/avatar\\\/779aafbb45e66c7f82733e21abb48259.jpg?ver=1776956734\",\"contentUrl\":\"https:\\\/\\\/redelitoralrs.com\\\/wp-content\\\/litespeed\\\/avatar\\\/779aafbb45e66c7f82733e21abb48259.jpg?ver=1776956734\",\"caption\":\"Reda\u00e7\u00e3o TV Litoral\"},\"description\":\"A Rede Litoral de Comunica\u00e7\u00e3o \u00e9 um grupo de m\u00eddia multiplataforma do Litoral Norte do RS. Com atua\u00e7\u00e3o em TV, r\u00e1dio, portal e redes sociais, levamos informa\u00e7\u00e3o, conte\u00fado e entretenimento \u00e0 comunidade, fortalecendo a comunica\u00e7\u00e3o local e impulsionando o desenvolvimento regional. Acompanhe atrav\u00e9s de @redelitoralrs.\",\"sameAs\":[\"https:\\\/\\\/redelitoralrs.com\",\"https:\\\/\\\/www.instagram.com\\\/redelitoralrs\",\"https:\\\/\\\/www.youtube.com\\\/@redelitoralrs\"],\"url\":\"https:\\\/\\\/redelitoralrs.com\\\/index.php\\\/author\\\/redacaotvlitoral\\\/\"}]}<\/script>\n<!-- \/ Yoast SEO plugin. -->","yoast_head_json":{"title":"Governo federal autoriza nomea\u00e7\u00e3o de mil novos servidores para refor\u00e7ar efetivo da Pol\u00edcia Federal - Rede Litoral RS","robots":{"index":"index","follow":"follow","max-snippet":"max-snippet:-1","max-image-preview":"max-image-preview:large","max-video-preview":"max-video-preview:-1"},"canonical":"https:\/\/redelitoralrs.com\/index.php\/2026\/04\/23\/governo-federal-autoriza-nomeacao-de-mil-novos-servidores-para-reforcar-efetivo-da-policia-federal\/","og_locale":"pt_BR","og_type":"article","og_title":"Governo federal autoriza nomea\u00e7\u00e3o de mil novos servidores para refor\u00e7ar efetivo da Pol\u00edcia Federal - Rede Litoral RS","og_description":"O governo federal autorizou a nomea\u00e7\u00e3o de mil novos servidores para a Pol\u00edcia Federal, com o objetivo de refor\u00e7ar o efetivo da corpora\u00e7\u00e3o. A medida foi oficializada em edi\u00e7\u00e3o extra do Di\u00e1rio Oficial da Uni\u00e3o e contempla candidatos aprovados no concurso p\u00fablico realizado em 2021. As nomea\u00e7\u00f5es v\u00e3o al\u00e9m do n\u00famero de vagas inicialmente previsto [&hellip;]","og_url":"https:\/\/redelitoralrs.com\/index.php\/2026\/04\/23\/governo-federal-autoriza-nomeacao-de-mil-novos-servidores-para-reforcar-efetivo-da-policia-federal\/","og_site_name":"Rede Litoral RS","article_publisher":"https:\/\/www.facebook.com\/tvlitoralrsoficial","article_published_time":"2026-04-23T20:10:52+00:00","article_modified_time":"2026-04-23T20:10:53+00:00","og_image":[{"width":1170,"height":700,"url":"https:\/\/redelitoralrs.com\/wp-content\/uploads\/2026\/04\/raf05213.webp","type":"image\/webp"}],"author":"Reda\u00e7\u00e3o TV Litoral","twitter_card":"summary_large_image","twitter_misc":{"Escrito por":"Reda\u00e7\u00e3o TV Litoral","Est. tempo de leitura":"2 minutos"},"schema":{"@context":"https:\/\/schema.org","@graph":[{"@type":"Article","@id":"https:\/\/redelitoralrs.com\/index.php\/2026\/04\/23\/governo-federal-autoriza-nomeacao-de-mil-novos-servidores-para-reforcar-efetivo-da-policia-federal\/#article","isPartOf":{"@id":"https:\/\/redelitoralrs.com\/index.php\/2026\/04\/23\/governo-federal-autoriza-nomeacao-de-mil-novos-servidores-para-reforcar-efetivo-da-policia-federal\/"},"author":{"name":"Reda\u00e7\u00e3o TV Litoral","@id":"https:\/\/redelitoralrs.com\/#\/schema\/person\/9f8181f2a7359dd3986f05ebaf5bd68a"},"headline":"Governo federal autoriza nomea\u00e7\u00e3o de mil novos servidores para refor\u00e7ar efetivo da Pol\u00edcia Federal","datePublished":"2026-04-23T20:10:52+00:00","dateModified":"2026-04-23T20:10:53+00:00","mainEntityOfPage":{"@id":"https:\/\/redelitoralrs.com\/index.php\/2026\/04\/23\/governo-federal-autoriza-nomeacao-de-mil-novos-servidores-para-reforcar-efetivo-da-policia-federal\/"},"wordCount":238,"commentCount":0,"publisher":{"@id":"https:\/\/redelitoralrs.com\/#organization"},"image":{"@id":"https:\/\/redelitoralrs.com\/index.php\/2026\/04\/23\/governo-federal-autoriza-nomeacao-de-mil-novos-servidores-para-reforcar-efetivo-da-policia-federal\/#primaryimage"},"thumbnailUrl":"https:\/\/redelitoralrs.com\/wp-content\/uploads\/2026\/04\/raf05213.webp","articleSection":["Brasil","\u00daltimas not\u00edcias"],"inLanguage":"pt-BR","potentialAction":[{"@type":"CommentAction","name":"Comment","target":["https:\/\/redelitoralrs.com\/index.php\/2026\/04\/23\/governo-federal-autoriza-nomeacao-de-mil-novos-servidores-para-reforcar-efetivo-da-policia-federal\/#respond"]}]},{"@type":"WebPage","@id":"https:\/\/redelitoralrs.com\/index.php\/2026\/04\/23\/governo-federal-autoriza-nomeacao-de-mil-novos-servidores-para-reforcar-efetivo-da-policia-federal\/","url":"https:\/\/redelitoralrs.com\/index.php\/2026\/04\/23\/governo-federal-autoriza-nomeacao-de-mil-novos-servidores-para-reforcar-efetivo-da-policia-federal\/","name":"Governo federal autoriza nomea\u00e7\u00e3o de mil novos servidores para refor\u00e7ar efetivo da Pol\u00edcia Federal - Rede Litoral RS","isPartOf":{"@id":"https:\/\/redelitoralrs.com\/#website"},"primaryImageOfPage":{"@id":"https:\/\/redelitoralrs.com\/index.php\/2026\/04\/23\/governo-federal-autoriza-nomeacao-de-mil-novos-servidores-para-reforcar-efetivo-da-policia-federal\/#primaryimage"},"image":{"@id":"https:\/\/redelitoralrs.com\/index.php\/2026\/04\/23\/governo-federal-autoriza-nomeacao-de-mil-novos-servidores-para-reforcar-efetivo-da-policia-federal\/#primaryimage"},"thumbnailUrl":"https:\/\/redelitoralrs.com\/wp-content\/uploads\/2026\/04\/raf05213.webp","datePublished":"2026-04-23T20:10:52+00:00","dateModified":"2026-04-23T20:10:53+00:00","breadcrumb":{"@id":"https:\/\/redelitoralrs.com\/index.php\/2026\/04\/23\/governo-federal-autoriza-nomeacao-de-mil-novos-servidores-para-reforcar-efetivo-da-policia-federal\/#breadcrumb"},"inLanguage":"pt-BR","potentialAction":[{"@type":"ReadAction","target":["https:\/\/redelitoralrs.com\/index.php\/2026\/04\/23\/governo-federal-autoriza-nomeacao-de-mil-novos-servidores-para-reforcar-efetivo-da-policia-federal\/"]}]},{"@type":"ImageObject","inLanguage":"pt-BR","@id":"https:\/\/redelitoralrs.com\/index.php\/2026\/04\/23\/governo-federal-autoriza-nomeacao-de-mil-novos-servidores-para-reforcar-efetivo-da-policia-federal\/#primaryimage","url":"https:\/\/redelitoralrs.com\/wp-content\/uploads\/2026\/04\/raf05213.webp","contentUrl":"https:\/\/redelitoralrs.com\/wp-content\/uploads\/2026\/04\/raf05213.webp","width":1170,"height":700,"caption":"Foto: Reprodu\u00e7\u00e3o\/Ag\u00eancia Brasil"},{"@type":"BreadcrumbList","@id":"https:\/\/redelitoralrs.com\/index.php\/2026\/04\/23\/governo-federal-autoriza-nomeacao-de-mil-novos-servidores-para-reforcar-efetivo-da-policia-federal\/#breadcrumb","itemListElement":[{"@type":"ListItem","position":1,"name":"In\u00edcio","item":"https:\/\/redelitoralrs.com\/"},{"@type":"ListItem","position":2,"name":"Governo federal autoriza nomea\u00e7\u00e3o de mil novos servidores para refor\u00e7ar efetivo da Pol\u00edcia Federal"}]},{"@type":"WebSite","@id":"https:\/\/redelitoralrs.com\/#website","url":"https:\/\/redelitoralrs.com\/","name":"TV Litoral","description":"Acompanhe tudo do litoral ga\u00facho com a cobertura completa e atualizada da Rede Litoral RS. Nossos jornalistas trazem as \u00faltimas not\u00edcias, os acontecimentos mais quentes e as hist\u00f3rias que importam sobre nosso amado litoral.","publisher":{"@id":"https:\/\/redelitoralrs.com\/#organization"},"potentialAction":[{"@type":"SearchAction","target":{"@type":"EntryPoint","urlTemplate":"https:\/\/redelitoralrs.com\/?s={search_term_string}"},"query-input":{"@type":"PropertyValueSpecification","valueRequired":true,"valueName":"search_term_string"}}],"inLanguage":"pt-BR"},{"@type":"Organization","@id":"https:\/\/redelitoralrs.com\/#organization","name":"TV Litoral","url":"https:\/\/redelitoralrs.com\/","logo":{"@type":"ImageObject","inLanguage":"pt-BR","@id":"https:\/\/redelitoralrs.com\/#\/schema\/logo\/image\/","url":"https:\/\/redelitoralrs.com\/wp-content\/uploads\/2024\/01\/faviconicon-1-1.png","contentUrl":"https:\/\/redelitoralrs.com\/wp-content\/uploads\/2024\/01\/faviconicon-1-1.png","width":454,"height":454,"caption":"TV Litoral"},"image":{"@id":"https:\/\/redelitoralrs.com\/#\/schema\/logo\/image\/"},"sameAs":["https:\/\/www.facebook.com\/tvlitoralrsoficial","https:\/\/www.instagram.com\/tvlitoral.rs"]},{"@type":"Person","@id":"https:\/\/redelitoralrs.com\/#\/schema\/person\/9f8181f2a7359dd3986f05ebaf5bd68a","name":"Reda\u00e7\u00e3o TV Litoral","image":{"@type":"ImageObject","inLanguage":"pt-BR","@id":"https:\/\/redelitoralrs.com\/wp-content\/litespeed\/avatar\/779aafbb45e66c7f82733e21abb48259.jpg?ver=1776956734","url":"https:\/\/redelitoralrs.com\/wp-content\/litespeed\/avatar\/779aafbb45e66c7f82733e21abb48259.jpg?ver=1776956734","contentUrl":"https:\/\/redelitoralrs.com\/wp-content\/litespeed\/avatar\/779aafbb45e66c7f82733e21abb48259.jpg?ver=1776956734","caption":"Reda\u00e7\u00e3o TV Litoral"},"description":"A Rede Litoral de Comunica\u00e7\u00e3o \u00e9 um grupo de m\u00eddia multiplataforma do Litoral Norte do RS. Com atua\u00e7\u00e3o em TV, r\u00e1dio, portal e redes sociais, levamos informa\u00e7\u00e3o, conte\u00fado e entretenimento \u00e0 comunidade, fortalecendo a comunica\u00e7\u00e3o local e impulsionando o desenvolvimento regional. Acompanhe atrav\u00e9s de @redelitoralrs.","sameAs":["https:\/\/redelitoralrs.com","https:\/\/www.instagram.com\/redelitoralrs","https:\/\/www.youtube.com\/@redelitoralrs"],"url":"https:\/\/redelitoralrs.com\/index.php\/author\/redacaotvlitoral\/"}]}},"_links":{"self":[{"href":"https:\/\/redelitoralrs.com\/index.php\/wp-json\/wp\/v2\/posts\/24688","targetHints":{"allow":["GET"]}}],"collection":[{"href":"https:\/\/redelitoralrs.com\/index.php\/wp-json\/wp\/v2\/posts"}],"about":[{"href":"https:\/\/redelitoralrs.com\/index.php\/wp-json\/wp\/v2\/types\/post"}],"author":[{"embeddable":true,"href":"https:\/\/redelitoralrs.com\/index.php\/wp-json\/wp\/v2\/users\/2"}],"replies":[{"embeddable":true,"href":"https:\/\/redelitoralrs.com\/index.php\/wp-json\/wp\/v2\/comments?post=24688"}],"version-history":[{"count":1,"href":"https:\/\/redelitoralrs.com\/index.php\/wp-json\/wp\/v2\/posts\/24688\/revisions"}],"predecessor-version":[{"id":24690,"href":"https:\/\/redelitoralrs.com\/index.php\/wp-json\/wp\/v2\/posts\/24688\/revisions\/24690"}],"wp:featuredmedia":[{"embeddable":true,"href":"https:\/\/redelitoralrs.com\/index.php\/wp-json\/wp\/v2\/media\/24689"}],"wp:attachment":[{"href":"https:\/\/redelitoralrs.com\/index.php\/wp-json\/wp\/v2\/media?parent=24688"}],"wp:term":[{"taxonomy":"category","embeddable":true,"href":"https:\/\/redelitoralrs.com\/index.php\/wp-json\/wp\/v2\/categories?post=24688"},{"taxonomy":"post_tag","embeddable":true,"href":"https:\/\/redelitoralrs.com\/index.php\/wp-json\/wp\/v2\/tags?post=24688"}],"curies":[{"name":"wp","href":"https:\/\/api.w.org\/{rel}","templated":true}]}}