{"id":24684,"date":"2026-04-23T17:04:45","date_gmt":"2026-04-23T20:04:45","guid":{"rendered":"https:\/\/redelitoralrs.com\/?p=24684"},"modified":"2026-04-23T17:04:46","modified_gmt":"2026-04-23T20:04:46","slug":"numero-de-presos-em-viaturas-e-delegacias-do-rs-sobe-para-76-e-expoe-crise-no-sistema-prisional","status":"publish","type":"post","link":"https:\/\/redelitoralrs.com\/index.php\/2026\/04\/23\/numero-de-presos-em-viaturas-e-delegacias-do-rs-sobe-para-76-e-expoe-crise-no-sistema-prisional\/","title":{"rendered":"N\u00famero de presos em viaturas e delegacias do RS sobe para 76 e exp\u00f5e crise no sistema prisional"},"content":{"rendered":"\n<p>O n\u00famero de presos custodiados em viaturas e delegacias no Rio Grande do Sul chegou a 76 na manh\u00e3 desta quinta-feira (23), um aumento significativo em rela\u00e7\u00e3o ao dia anterior, quando eram 62, conforme dados do sindicato que representa os policiais civis.<\/p>\n\n\n\n<p>A situa\u00e7\u00e3o mais cr\u00edtica ocorre no entorno do Pal\u00e1cio da Pol\u00edcia, em Porto Alegre, onde ao menos 19 pessoas est\u00e3o sob cust\u00f3dia. Parte dos detidos permanece em viaturas estacionadas na Avenida Ipiranga, enquanto outros ocupam celas j\u00e1 consideradas superlotadas dentro do pr\u00e9dio.<\/p>\n\n\n\n<p>Al\u00e9m da capital, o problema se repete em diferentes regi\u00f5es do Estado, incluindo munic\u00edpios do Litoral Norte como Tramanda\u00ed, Cap\u00e3o da Canoa e Torres, al\u00e9m de cidades da Regi\u00e3o Metropolitana e do interior. Delegacias de Gravata\u00ed e Caxias do Sul tamb\u00e9m apresentam alto n\u00famero de presos, com cerca de 10 custodiados em cada unidade.<\/p>\n\n\n\n<p>O cen\u00e1rio \u00e9 reflexo direto de uma decis\u00e3o judicial recente que restringiu o ingresso de presos por mandado no N\u00facleo de Gest\u00e3o Estrat\u00e9gica do Sistema Prisional (Nugesp), em Porto Alegre, como forma de conter a superlota\u00e7\u00e3o. Com isso, apenas presos em flagrante seguem sendo encaminhados normalmente ao sistema.<\/p>\n\n\n\n<p>A medida tem gerado impactos na rotina das for\u00e7as de seguran\u00e7a, incluindo altera\u00e7\u00f5es no planejamento de opera\u00e7\u00f5es policiais. Apesar disso, a Pol\u00edcia Civil afirma que mudan\u00e7as log\u00edsticas internas s\u00e3o o principal fator para eventuais adiamentos.<\/p>\n\n\n\n<p>Em nota, a Pol\u00edcia Penal informou que o fluxo de presos em flagrante segue regular, enquanto os casos envolvendo mandados de pris\u00e3o est\u00e3o sendo tratados de forma individual, conforme a restri\u00e7\u00e3o imposta pela decis\u00e3o judicial, que permanece em vigor at\u00e9 eventual revis\u00e3o pelo Judici\u00e1rio.<\/p>\n","protected":false},"excerpt":{"rendered":"<p>O n\u00famero de presos custodiados em viaturas e delegacias no Rio Grande do Sul chegou a 76 na manh\u00e3 desta quinta-feira (23), um aumento significativo em rela\u00e7\u00e3o ao dia anterior, quando eram 62, conforme dados do sindicato que representa os policiais civis. A situa\u00e7\u00e3o mais cr\u00edtica ocorre no entorno do Pal\u00e1cio da Pol\u00edcia, em Porto [&hellip;]<\/p>\n","protected":false},"author":2,"featured_media":24685,"comment_status":"open","ping_status":"open","sticky":false,"template":"","format":"standard","meta":{"_themeisle_gutenberg_block_has_review":false,"footnotes":""},"categories":[20,15],"tags":[],"class_list":["post-24684","post","type-post","status-publish","format-standard","has-post-thumbnail","hentry","category-litoral_norte","category-noticias"],"yoast_head":"<!-- This site is optimized with the Yoast SEO plugin v27.4 - https:\/\/yoast.com\/product\/yoast-seo-wordpress\/ -->\n<title>N\u00famero de presos em viaturas e delegacias do RS sobe para 76 e exp\u00f5e crise no sistema prisional - Rede Litoral RS<\/title>\n<meta name=\"robots\" content=\"index, follow, max-snippet:-1, max-image-preview:large, max-video-preview:-1\" \/>\n<link rel=\"canonical\" href=\"https:\/\/redelitoralrs.com\/index.php\/2026\/04\/23\/numero-de-presos-em-viaturas-e-delegacias-do-rs-sobe-para-76-e-expoe-crise-no-sistema-prisional\/\" \/>\n<meta property=\"og:locale\" content=\"pt_BR\" \/>\n<meta property=\"og:type\" content=\"article\" \/>\n<meta property=\"og:title\" content=\"N\u00famero de presos em viaturas e delegacias do RS sobe para 76 e exp\u00f5e crise no sistema prisional - Rede Litoral RS\" \/>\n<meta property=\"og:description\" content=\"O n\u00famero de presos custodiados em viaturas e delegacias no Rio Grande do Sul chegou a 76 na manh\u00e3 desta quinta-feira (23), um aumento significativo em rela\u00e7\u00e3o ao dia anterior, quando eram 62, conforme dados do sindicato que representa os policiais civis. A situa\u00e7\u00e3o mais cr\u00edtica ocorre no entorno do Pal\u00e1cio da Pol\u00edcia, em Porto [&hellip;]\" \/>\n<meta property=\"og:url\" content=\"https:\/\/redelitoralrs.com\/index.php\/2026\/04\/23\/numero-de-presos-em-viaturas-e-delegacias-do-rs-sobe-para-76-e-expoe-crise-no-sistema-prisional\/\" \/>\n<meta property=\"og:site_name\" content=\"Rede Litoral RS\" \/>\n<meta property=\"article:publisher\" content=\"https:\/\/www.facebook.com\/tvlitoralrsoficial\" \/>\n<meta property=\"article:published_time\" content=\"2026-04-23T20:04:45+00:00\" \/>\n<meta property=\"article:modified_time\" content=\"2026-04-23T20:04:46+00:00\" \/>\n<meta property=\"og:image\" content=\"https:\/\/redelitoralrs.com\/wp-content\/uploads\/2026\/04\/6106387_f07cdaf6b0bccc7.webp\" \/>\n\t<meta property=\"og:image:width\" content=\"1225\" \/>\n\t<meta property=\"og:image:height\" content=\"816\" \/>\n\t<meta property=\"og:image:type\" content=\"image\/webp\" \/>\n<meta name=\"author\" content=\"Reda\u00e7\u00e3o TV Litoral\" \/>\n<meta name=\"twitter:card\" content=\"summary_large_image\" \/>\n<meta name=\"twitter:label1\" content=\"Escrito por\" \/>\n\t<meta name=\"twitter:data1\" content=\"Reda\u00e7\u00e3o TV Litoral\" \/>\n\t<meta name=\"twitter:label2\" content=\"Est. tempo de leitura\" \/>\n\t<meta name=\"twitter:data2\" content=\"2 minutos\" \/>\n<script type=\"application\/ld+json\" class=\"yoast-schema-graph\">{\"@context\":\"https:\\\/\\\/schema.org\",\"@graph\":[{\"@type\":\"Article\",\"@id\":\"https:\\\/\\\/redelitoralrs.com\\\/index.php\\\/2026\\\/04\\\/23\\\/numero-de-presos-em-viaturas-e-delegacias-do-rs-sobe-para-76-e-expoe-crise-no-sistema-prisional\\\/#article\",\"isPartOf\":{\"@id\":\"https:\\\/\\\/redelitoralrs.com\\\/index.php\\\/2026\\\/04\\\/23\\\/numero-de-presos-em-viaturas-e-delegacias-do-rs-sobe-para-76-e-expoe-crise-no-sistema-prisional\\\/\"},\"author\":{\"name\":\"Reda\u00e7\u00e3o TV Litoral\",\"@id\":\"https:\\\/\\\/redelitoralrs.com\\\/#\\\/schema\\\/person\\\/9f8181f2a7359dd3986f05ebaf5bd68a\"},\"headline\":\"N\u00famero de presos em viaturas e delegacias do RS sobe para 76 e exp\u00f5e crise no sistema prisional\",\"datePublished\":\"2026-04-23T20:04:45+00:00\",\"dateModified\":\"2026-04-23T20:04:46+00:00\",\"mainEntityOfPage\":{\"@id\":\"https:\\\/\\\/redelitoralrs.com\\\/index.php\\\/2026\\\/04\\\/23\\\/numero-de-presos-em-viaturas-e-delegacias-do-rs-sobe-para-76-e-expoe-crise-no-sistema-prisional\\\/\"},\"wordCount\":316,\"commentCount\":0,\"publisher\":{\"@id\":\"https:\\\/\\\/redelitoralrs.com\\\/#organization\"},\"image\":{\"@id\":\"https:\\\/\\\/redelitoralrs.com\\\/index.php\\\/2026\\\/04\\\/23\\\/numero-de-presos-em-viaturas-e-delegacias-do-rs-sobe-para-76-e-expoe-crise-no-sistema-prisional\\\/#primaryimage\"},\"thumbnailUrl\":\"https:\\\/\\\/redelitoralrs.com\\\/wp-content\\\/uploads\\\/2026\\\/04\\\/6106387_f07cdaf6b0bccc7.webp\",\"articleSection\":[\"Litoral Norte\",\"\u00daltimas not\u00edcias\"],\"inLanguage\":\"pt-BR\",\"potentialAction\":[{\"@type\":\"CommentAction\",\"name\":\"Comment\",\"target\":[\"https:\\\/\\\/redelitoralrs.com\\\/index.php\\\/2026\\\/04\\\/23\\\/numero-de-presos-em-viaturas-e-delegacias-do-rs-sobe-para-76-e-expoe-crise-no-sistema-prisional\\\/#respond\"]}]},{\"@type\":\"WebPage\",\"@id\":\"https:\\\/\\\/redelitoralrs.com\\\/index.php\\\/2026\\\/04\\\/23\\\/numero-de-presos-em-viaturas-e-delegacias-do-rs-sobe-para-76-e-expoe-crise-no-sistema-prisional\\\/\",\"url\":\"https:\\\/\\\/redelitoralrs.com\\\/index.php\\\/2026\\\/04\\\/23\\\/numero-de-presos-em-viaturas-e-delegacias-do-rs-sobe-para-76-e-expoe-crise-no-sistema-prisional\\\/\",\"name\":\"N\u00famero de presos em viaturas e delegacias do RS sobe para 76 e exp\u00f5e crise no sistema prisional - Rede Litoral RS\",\"isPartOf\":{\"@id\":\"https:\\\/\\\/redelitoralrs.com\\\/#website\"},\"primaryImageOfPage\":{\"@id\":\"https:\\\/\\\/redelitoralrs.com\\\/index.php\\\/2026\\\/04\\\/23\\\/numero-de-presos-em-viaturas-e-delegacias-do-rs-sobe-para-76-e-expoe-crise-no-sistema-prisional\\\/#primaryimage\"},\"image\":{\"@id\":\"https:\\\/\\\/redelitoralrs.com\\\/index.php\\\/2026\\\/04\\\/23\\\/numero-de-presos-em-viaturas-e-delegacias-do-rs-sobe-para-76-e-expoe-crise-no-sistema-prisional\\\/#primaryimage\"},\"thumbnailUrl\":\"https:\\\/\\\/redelitoralrs.com\\\/wp-content\\\/uploads\\\/2026\\\/04\\\/6106387_f07cdaf6b0bccc7.webp\",\"datePublished\":\"2026-04-23T20:04:45+00:00\",\"dateModified\":\"2026-04-23T20:04:46+00:00\",\"breadcrumb\":{\"@id\":\"https:\\\/\\\/redelitoralrs.com\\\/index.php\\\/2026\\\/04\\\/23\\\/numero-de-presos-em-viaturas-e-delegacias-do-rs-sobe-para-76-e-expoe-crise-no-sistema-prisional\\\/#breadcrumb\"},\"inLanguage\":\"pt-BR\",\"potentialAction\":[{\"@type\":\"ReadAction\",\"target\":[\"https:\\\/\\\/redelitoralrs.com\\\/index.php\\\/2026\\\/04\\\/23\\\/numero-de-presos-em-viaturas-e-delegacias-do-rs-sobe-para-76-e-expoe-crise-no-sistema-prisional\\\/\"]}]},{\"@type\":\"ImageObject\",\"inLanguage\":\"pt-BR\",\"@id\":\"https:\\\/\\\/redelitoralrs.com\\\/index.php\\\/2026\\\/04\\\/23\\\/numero-de-presos-em-viaturas-e-delegacias-do-rs-sobe-para-76-e-expoe-crise-no-sistema-prisional\\\/#primaryimage\",\"url\":\"https:\\\/\\\/redelitoralrs.com\\\/wp-content\\\/uploads\\\/2026\\\/04\\\/6106387_f07cdaf6b0bccc7.webp\",\"contentUrl\":\"https:\\\/\\\/redelitoralrs.com\\\/wp-content\\\/uploads\\\/2026\\\/04\\\/6106387_f07cdaf6b0bccc7.webp\",\"width\":1225,\"height\":816,\"caption\":\"Foto: Ronaldo Bernardi\\\/Agencia RBS\"},{\"@type\":\"BreadcrumbList\",\"@id\":\"https:\\\/\\\/redelitoralrs.com\\\/index.php\\\/2026\\\/04\\\/23\\\/numero-de-presos-em-viaturas-e-delegacias-do-rs-sobe-para-76-e-expoe-crise-no-sistema-prisional\\\/#breadcrumb\",\"itemListElement\":[{\"@type\":\"ListItem\",\"position\":1,\"name\":\"In\u00edcio\",\"item\":\"https:\\\/\\\/redelitoralrs.com\\\/\"},{\"@type\":\"ListItem\",\"position\":2,\"name\":\"N\u00famero de presos em viaturas e delegacias do RS sobe para 76 e exp\u00f5e crise no sistema prisional\"}]},{\"@type\":\"WebSite\",\"@id\":\"https:\\\/\\\/redelitoralrs.com\\\/#website\",\"url\":\"https:\\\/\\\/redelitoralrs.com\\\/\",\"name\":\"TV Litoral\",\"description\":\"Acompanhe tudo do litoral ga\u00facho com a cobertura completa e atualizada da Rede Litoral RS. Nossos jornalistas trazem as \u00faltimas not\u00edcias, os acontecimentos mais quentes e as hist\u00f3rias que importam sobre nosso amado litoral.\",\"publisher\":{\"@id\":\"https:\\\/\\\/redelitoralrs.com\\\/#organization\"},\"potentialAction\":[{\"@type\":\"SearchAction\",\"target\":{\"@type\":\"EntryPoint\",\"urlTemplate\":\"https:\\\/\\\/redelitoralrs.com\\\/?s={search_term_string}\"},\"query-input\":{\"@type\":\"PropertyValueSpecification\",\"valueRequired\":true,\"valueName\":\"search_term_string\"}}],\"inLanguage\":\"pt-BR\"},{\"@type\":\"Organization\",\"@id\":\"https:\\\/\\\/redelitoralrs.com\\\/#organization\",\"name\":\"TV Litoral\",\"url\":\"https:\\\/\\\/redelitoralrs.com\\\/\",\"logo\":{\"@type\":\"ImageObject\",\"inLanguage\":\"pt-BR\",\"@id\":\"https:\\\/\\\/redelitoralrs.com\\\/#\\\/schema\\\/logo\\\/image\\\/\",\"url\":\"https:\\\/\\\/redelitoralrs.com\\\/wp-content\\\/uploads\\\/2024\\\/01\\\/faviconicon-1-1.png\",\"contentUrl\":\"https:\\\/\\\/redelitoralrs.com\\\/wp-content\\\/uploads\\\/2024\\\/01\\\/faviconicon-1-1.png\",\"width\":454,\"height\":454,\"caption\":\"TV Litoral\"},\"image\":{\"@id\":\"https:\\\/\\\/redelitoralrs.com\\\/#\\\/schema\\\/logo\\\/image\\\/\"},\"sameAs\":[\"https:\\\/\\\/www.facebook.com\\\/tvlitoralrsoficial\",\"https:\\\/\\\/www.instagram.com\\\/tvlitoral.rs\"]},{\"@type\":\"Person\",\"@id\":\"https:\\\/\\\/redelitoralrs.com\\\/#\\\/schema\\\/person\\\/9f8181f2a7359dd3986f05ebaf5bd68a\",\"name\":\"Reda\u00e7\u00e3o TV Litoral\",\"image\":{\"@type\":\"ImageObject\",\"inLanguage\":\"pt-BR\",\"@id\":\"https:\\\/\\\/redelitoralrs.com\\\/wp-content\\\/litespeed\\\/avatar\\\/779aafbb45e66c7f82733e21abb48259.jpg?ver=1776956734\",\"url\":\"https:\\\/\\\/redelitoralrs.com\\\/wp-content\\\/litespeed\\\/avatar\\\/779aafbb45e66c7f82733e21abb48259.jpg?ver=1776956734\",\"contentUrl\":\"https:\\\/\\\/redelitoralrs.com\\\/wp-content\\\/litespeed\\\/avatar\\\/779aafbb45e66c7f82733e21abb48259.jpg?ver=1776956734\",\"caption\":\"Reda\u00e7\u00e3o TV Litoral\"},\"description\":\"A Rede Litoral de Comunica\u00e7\u00e3o \u00e9 um grupo de m\u00eddia multiplataforma do Litoral Norte do RS. Com atua\u00e7\u00e3o em TV, r\u00e1dio, portal e redes sociais, levamos informa\u00e7\u00e3o, conte\u00fado e entretenimento \u00e0 comunidade, fortalecendo a comunica\u00e7\u00e3o local e impulsionando o desenvolvimento regional. Acompanhe atrav\u00e9s de @redelitoralrs.\",\"sameAs\":[\"https:\\\/\\\/redelitoralrs.com\",\"https:\\\/\\\/www.instagram.com\\\/redelitoralrs\",\"https:\\\/\\\/www.youtube.com\\\/@redelitoralrs\"],\"url\":\"https:\\\/\\\/redelitoralrs.com\\\/index.php\\\/author\\\/redacaotvlitoral\\\/\"}]}<\/script>\n<!-- \/ Yoast SEO plugin. -->","yoast_head_json":{"title":"N\u00famero de presos em viaturas e delegacias do RS sobe para 76 e exp\u00f5e crise no sistema prisional - Rede Litoral RS","robots":{"index":"index","follow":"follow","max-snippet":"max-snippet:-1","max-image-preview":"max-image-preview:large","max-video-preview":"max-video-preview:-1"},"canonical":"https:\/\/redelitoralrs.com\/index.php\/2026\/04\/23\/numero-de-presos-em-viaturas-e-delegacias-do-rs-sobe-para-76-e-expoe-crise-no-sistema-prisional\/","og_locale":"pt_BR","og_type":"article","og_title":"N\u00famero de presos em viaturas e delegacias do RS sobe para 76 e exp\u00f5e crise no sistema prisional - Rede Litoral RS","og_description":"O n\u00famero de presos custodiados em viaturas e delegacias no Rio Grande do Sul chegou a 76 na manh\u00e3 desta quinta-feira (23), um aumento significativo em rela\u00e7\u00e3o ao dia anterior, quando eram 62, conforme dados do sindicato que representa os policiais civis. A situa\u00e7\u00e3o mais cr\u00edtica ocorre no entorno do Pal\u00e1cio da Pol\u00edcia, em Porto [&hellip;]","og_url":"https:\/\/redelitoralrs.com\/index.php\/2026\/04\/23\/numero-de-presos-em-viaturas-e-delegacias-do-rs-sobe-para-76-e-expoe-crise-no-sistema-prisional\/","og_site_name":"Rede Litoral RS","article_publisher":"https:\/\/www.facebook.com\/tvlitoralrsoficial","article_published_time":"2026-04-23T20:04:45+00:00","article_modified_time":"2026-04-23T20:04:46+00:00","og_image":[{"width":1225,"height":816,"url":"https:\/\/redelitoralrs.com\/wp-content\/uploads\/2026\/04\/6106387_f07cdaf6b0bccc7.webp","type":"image\/webp"}],"author":"Reda\u00e7\u00e3o TV Litoral","twitter_card":"summary_large_image","twitter_misc":{"Escrito por":"Reda\u00e7\u00e3o TV Litoral","Est. tempo de leitura":"2 minutos"},"schema":{"@context":"https:\/\/schema.org","@graph":[{"@type":"Article","@id":"https:\/\/redelitoralrs.com\/index.php\/2026\/04\/23\/numero-de-presos-em-viaturas-e-delegacias-do-rs-sobe-para-76-e-expoe-crise-no-sistema-prisional\/#article","isPartOf":{"@id":"https:\/\/redelitoralrs.com\/index.php\/2026\/04\/23\/numero-de-presos-em-viaturas-e-delegacias-do-rs-sobe-para-76-e-expoe-crise-no-sistema-prisional\/"},"author":{"name":"Reda\u00e7\u00e3o TV Litoral","@id":"https:\/\/redelitoralrs.com\/#\/schema\/person\/9f8181f2a7359dd3986f05ebaf5bd68a"},"headline":"N\u00famero de presos em viaturas e delegacias do RS sobe para 76 e exp\u00f5e crise no sistema prisional","datePublished":"2026-04-23T20:04:45+00:00","dateModified":"2026-04-23T20:04:46+00:00","mainEntityOfPage":{"@id":"https:\/\/redelitoralrs.com\/index.php\/2026\/04\/23\/numero-de-presos-em-viaturas-e-delegacias-do-rs-sobe-para-76-e-expoe-crise-no-sistema-prisional\/"},"wordCount":316,"commentCount":0,"publisher":{"@id":"https:\/\/redelitoralrs.com\/#organization"},"image":{"@id":"https:\/\/redelitoralrs.com\/index.php\/2026\/04\/23\/numero-de-presos-em-viaturas-e-delegacias-do-rs-sobe-para-76-e-expoe-crise-no-sistema-prisional\/#primaryimage"},"thumbnailUrl":"https:\/\/redelitoralrs.com\/wp-content\/uploads\/2026\/04\/6106387_f07cdaf6b0bccc7.webp","articleSection":["Litoral Norte","\u00daltimas not\u00edcias"],"inLanguage":"pt-BR","potentialAction":[{"@type":"CommentAction","name":"Comment","target":["https:\/\/redelitoralrs.com\/index.php\/2026\/04\/23\/numero-de-presos-em-viaturas-e-delegacias-do-rs-sobe-para-76-e-expoe-crise-no-sistema-prisional\/#respond"]}]},{"@type":"WebPage","@id":"https:\/\/redelitoralrs.com\/index.php\/2026\/04\/23\/numero-de-presos-em-viaturas-e-delegacias-do-rs-sobe-para-76-e-expoe-crise-no-sistema-prisional\/","url":"https:\/\/redelitoralrs.com\/index.php\/2026\/04\/23\/numero-de-presos-em-viaturas-e-delegacias-do-rs-sobe-para-76-e-expoe-crise-no-sistema-prisional\/","name":"N\u00famero de presos em viaturas e delegacias do RS sobe para 76 e exp\u00f5e crise no sistema prisional - Rede Litoral RS","isPartOf":{"@id":"https:\/\/redelitoralrs.com\/#website"},"primaryImageOfPage":{"@id":"https:\/\/redelitoralrs.com\/index.php\/2026\/04\/23\/numero-de-presos-em-viaturas-e-delegacias-do-rs-sobe-para-76-e-expoe-crise-no-sistema-prisional\/#primaryimage"},"image":{"@id":"https:\/\/redelitoralrs.com\/index.php\/2026\/04\/23\/numero-de-presos-em-viaturas-e-delegacias-do-rs-sobe-para-76-e-expoe-crise-no-sistema-prisional\/#primaryimage"},"thumbnailUrl":"https:\/\/redelitoralrs.com\/wp-content\/uploads\/2026\/04\/6106387_f07cdaf6b0bccc7.webp","datePublished":"2026-04-23T20:04:45+00:00","dateModified":"2026-04-23T20:04:46+00:00","breadcrumb":{"@id":"https:\/\/redelitoralrs.com\/index.php\/2026\/04\/23\/numero-de-presos-em-viaturas-e-delegacias-do-rs-sobe-para-76-e-expoe-crise-no-sistema-prisional\/#breadcrumb"},"inLanguage":"pt-BR","potentialAction":[{"@type":"ReadAction","target":["https:\/\/redelitoralrs.com\/index.php\/2026\/04\/23\/numero-de-presos-em-viaturas-e-delegacias-do-rs-sobe-para-76-e-expoe-crise-no-sistema-prisional\/"]}]},{"@type":"ImageObject","inLanguage":"pt-BR","@id":"https:\/\/redelitoralrs.com\/index.php\/2026\/04\/23\/numero-de-presos-em-viaturas-e-delegacias-do-rs-sobe-para-76-e-expoe-crise-no-sistema-prisional\/#primaryimage","url":"https:\/\/redelitoralrs.com\/wp-content\/uploads\/2026\/04\/6106387_f07cdaf6b0bccc7.webp","contentUrl":"https:\/\/redelitoralrs.com\/wp-content\/uploads\/2026\/04\/6106387_f07cdaf6b0bccc7.webp","width":1225,"height":816,"caption":"Foto: Ronaldo Bernardi\/Agencia RBS"},{"@type":"BreadcrumbList","@id":"https:\/\/redelitoralrs.com\/index.php\/2026\/04\/23\/numero-de-presos-em-viaturas-e-delegacias-do-rs-sobe-para-76-e-expoe-crise-no-sistema-prisional\/#breadcrumb","itemListElement":[{"@type":"ListItem","position":1,"name":"In\u00edcio","item":"https:\/\/redelitoralrs.com\/"},{"@type":"ListItem","position":2,"name":"N\u00famero de presos em viaturas e delegacias do RS sobe para 76 e exp\u00f5e crise no sistema prisional"}]},{"@type":"WebSite","@id":"https:\/\/redelitoralrs.com\/#website","url":"https:\/\/redelitoralrs.com\/","name":"TV Litoral","description":"Acompanhe tudo do litoral ga\u00facho com a cobertura completa e atualizada da Rede Litoral RS. Nossos jornalistas trazem as \u00faltimas not\u00edcias, os acontecimentos mais quentes e as hist\u00f3rias que importam sobre nosso amado litoral.","publisher":{"@id":"https:\/\/redelitoralrs.com\/#organization"},"potentialAction":[{"@type":"SearchAction","target":{"@type":"EntryPoint","urlTemplate":"https:\/\/redelitoralrs.com\/?s={search_term_string}"},"query-input":{"@type":"PropertyValueSpecification","valueRequired":true,"valueName":"search_term_string"}}],"inLanguage":"pt-BR"},{"@type":"Organization","@id":"https:\/\/redelitoralrs.com\/#organization","name":"TV Litoral","url":"https:\/\/redelitoralrs.com\/","logo":{"@type":"ImageObject","inLanguage":"pt-BR","@id":"https:\/\/redelitoralrs.com\/#\/schema\/logo\/image\/","url":"https:\/\/redelitoralrs.com\/wp-content\/uploads\/2024\/01\/faviconicon-1-1.png","contentUrl":"https:\/\/redelitoralrs.com\/wp-content\/uploads\/2024\/01\/faviconicon-1-1.png","width":454,"height":454,"caption":"TV Litoral"},"image":{"@id":"https:\/\/redelitoralrs.com\/#\/schema\/logo\/image\/"},"sameAs":["https:\/\/www.facebook.com\/tvlitoralrsoficial","https:\/\/www.instagram.com\/tvlitoral.rs"]},{"@type":"Person","@id":"https:\/\/redelitoralrs.com\/#\/schema\/person\/9f8181f2a7359dd3986f05ebaf5bd68a","name":"Reda\u00e7\u00e3o TV Litoral","image":{"@type":"ImageObject","inLanguage":"pt-BR","@id":"https:\/\/redelitoralrs.com\/wp-content\/litespeed\/avatar\/779aafbb45e66c7f82733e21abb48259.jpg?ver=1776956734","url":"https:\/\/redelitoralrs.com\/wp-content\/litespeed\/avatar\/779aafbb45e66c7f82733e21abb48259.jpg?ver=1776956734","contentUrl":"https:\/\/redelitoralrs.com\/wp-content\/litespeed\/avatar\/779aafbb45e66c7f82733e21abb48259.jpg?ver=1776956734","caption":"Reda\u00e7\u00e3o TV Litoral"},"description":"A Rede Litoral de Comunica\u00e7\u00e3o \u00e9 um grupo de m\u00eddia multiplataforma do Litoral Norte do RS. Com atua\u00e7\u00e3o em TV, r\u00e1dio, portal e redes sociais, levamos informa\u00e7\u00e3o, conte\u00fado e entretenimento \u00e0 comunidade, fortalecendo a comunica\u00e7\u00e3o local e impulsionando o desenvolvimento regional. Acompanhe atrav\u00e9s de @redelitoralrs.","sameAs":["https:\/\/redelitoralrs.com","https:\/\/www.instagram.com\/redelitoralrs","https:\/\/www.youtube.com\/@redelitoralrs"],"url":"https:\/\/redelitoralrs.com\/index.php\/author\/redacaotvlitoral\/"}]}},"_links":{"self":[{"href":"https:\/\/redelitoralrs.com\/index.php\/wp-json\/wp\/v2\/posts\/24684","targetHints":{"allow":["GET"]}}],"collection":[{"href":"https:\/\/redelitoralrs.com\/index.php\/wp-json\/wp\/v2\/posts"}],"about":[{"href":"https:\/\/redelitoralrs.com\/index.php\/wp-json\/wp\/v2\/types\/post"}],"author":[{"embeddable":true,"href":"https:\/\/redelitoralrs.com\/index.php\/wp-json\/wp\/v2\/users\/2"}],"replies":[{"embeddable":true,"href":"https:\/\/redelitoralrs.com\/index.php\/wp-json\/wp\/v2\/comments?post=24684"}],"version-history":[{"count":1,"href":"https:\/\/redelitoralrs.com\/index.php\/wp-json\/wp\/v2\/posts\/24684\/revisions"}],"predecessor-version":[{"id":24686,"href":"https:\/\/redelitoralrs.com\/index.php\/wp-json\/wp\/v2\/posts\/24684\/revisions\/24686"}],"wp:featuredmedia":[{"embeddable":true,"href":"https:\/\/redelitoralrs.com\/index.php\/wp-json\/wp\/v2\/media\/24685"}],"wp:attachment":[{"href":"https:\/\/redelitoralrs.com\/index.php\/wp-json\/wp\/v2\/media?parent=24684"}],"wp:term":[{"taxonomy":"category","embeddable":true,"href":"https:\/\/redelitoralrs.com\/index.php\/wp-json\/wp\/v2\/categories?post=24684"},{"taxonomy":"post_tag","embeddable":true,"href":"https:\/\/redelitoralrs.com\/index.php\/wp-json\/wp\/v2\/tags?post=24684"}],"curies":[{"name":"wp","href":"https:\/\/api.w.org\/{rel}","templated":true}]}}