{"id":24681,"date":"2026-04-23T16:57:45","date_gmt":"2026-04-23T19:57:45","guid":{"rendered":"https:\/\/redelitoralrs.com\/?p=24681"},"modified":"2026-04-23T17:02:09","modified_gmt":"2026-04-23T20:02:09","slug":"cidreira-recebe-kits-do-programa-mae-gaucha-para-apoio-a-gestantes-de-baixa-renda","status":"publish","type":"post","link":"https:\/\/redelitoralrs.com\/index.php\/2026\/04\/23\/cidreira-recebe-kits-do-programa-mae-gaucha-para-apoio-a-gestantes-de-baixa-renda\/","title":{"rendered":"Cidreira recebe kits do Programa M\u00e3e Ga\u00facha para apoio a gestantes de baixa renda"},"content":{"rendered":"\n<p>O munic\u00edpio de Cidreira, no Litoral Norte, foi contemplado com kits de enxoval por meio do Programa M\u00e3e Ga\u00facha, iniciativa do Governo do Estado voltada ao atendimento de gestantes em situa\u00e7\u00e3o de vulnerabilidade social.<\/p>\n\n\n\n<p>Ao todo, ser\u00e3o distribu\u00eddos 51 kits, destinados a mulheres de baixa renda, com o objetivo de garantir itens essenciais para os primeiros dias de vida dos rec\u00e9m-nascidos. A a\u00e7\u00e3o busca ampliar o acesso a cuidados b\u00e1sicos e oferecer suporte \u00e0s fam\u00edlias neste per\u00edodo inicial.<\/p>\n\n\n\n<p>O programa integra pol\u00edticas p\u00fablicas voltadas \u00e0 primeira inf\u00e2ncia, com foco na promo\u00e7\u00e3o de melhores condi\u00e7\u00f5es de sa\u00fade e bem-estar para m\u00e3es e beb\u00eas. A iniciativa tamb\u00e9m contribui para fortalecer a rede de assist\u00eancia social nos munic\u00edpios.<\/p>\n\n\n\n<p>A Prefeitura de Cidreira destaca que a participa\u00e7\u00e3o no programa refor\u00e7a o compromisso com a amplia\u00e7\u00e3o de a\u00e7\u00f5es voltadas ao cuidado e \u00e0 prote\u00e7\u00e3o social desde o in\u00edcio da vida.<\/p>\n","protected":false},"excerpt":{"rendered":"<p>O munic\u00edpio de Cidreira, no Litoral Norte, foi contemplado com kits de enxoval por meio do Programa M\u00e3e Ga\u00facha, iniciativa do Governo do Estado voltada ao atendimento de gestantes em situa\u00e7\u00e3o de vulnerabilidade social. Ao todo, ser\u00e3o distribu\u00eddos 51 kits, destinados a mulheres de baixa renda, com o objetivo de garantir itens essenciais para os [&hellip;]<\/p>\n","protected":false},"author":2,"featured_media":24682,"comment_status":"open","ping_status":"open","sticky":false,"template":"","format":"standard","meta":{"_themeisle_gutenberg_block_has_review":false,"footnotes":""},"categories":[176,15],"tags":[],"class_list":["post-24681","post","type-post","status-publish","format-standard","has-post-thumbnail","hentry","category-cidreira","category-noticias"],"yoast_head":"<!-- This site is optimized with the Yoast SEO plugin v27.4 - https:\/\/yoast.com\/product\/yoast-seo-wordpress\/ -->\n<title>Cidreira recebe kits do Programa M\u00e3e Ga\u00facha para apoio a gestantes de baixa renda - Rede Litoral RS<\/title>\n<meta name=\"robots\" content=\"index, follow, max-snippet:-1, max-image-preview:large, max-video-preview:-1\" \/>\n<link rel=\"canonical\" href=\"https:\/\/redelitoralrs.com\/index.php\/2026\/04\/23\/cidreira-recebe-kits-do-programa-mae-gaucha-para-apoio-a-gestantes-de-baixa-renda\/\" \/>\n<meta property=\"og:locale\" content=\"pt_BR\" \/>\n<meta property=\"og:type\" content=\"article\" \/>\n<meta property=\"og:title\" content=\"Cidreira recebe kits do Programa M\u00e3e Ga\u00facha para apoio a gestantes de baixa renda - Rede Litoral RS\" \/>\n<meta property=\"og:description\" content=\"O munic\u00edpio de Cidreira, no Litoral Norte, foi contemplado com kits de enxoval por meio do Programa M\u00e3e Ga\u00facha, iniciativa do Governo do Estado voltada ao atendimento de gestantes em situa\u00e7\u00e3o de vulnerabilidade social. Ao todo, ser\u00e3o distribu\u00eddos 51 kits, destinados a mulheres de baixa renda, com o objetivo de garantir itens essenciais para os [&hellip;]\" \/>\n<meta property=\"og:url\" content=\"https:\/\/redelitoralrs.com\/index.php\/2026\/04\/23\/cidreira-recebe-kits-do-programa-mae-gaucha-para-apoio-a-gestantes-de-baixa-renda\/\" \/>\n<meta property=\"og:site_name\" content=\"Rede Litoral RS\" \/>\n<meta property=\"article:publisher\" content=\"https:\/\/www.facebook.com\/tvlitoralrsoficial\" \/>\n<meta property=\"article:published_time\" content=\"2026-04-23T19:57:45+00:00\" \/>\n<meta property=\"article:modified_time\" content=\"2026-04-23T20:02:09+00:00\" \/>\n<meta property=\"og:image\" content=\"https:\/\/redelitoralrs.com\/wp-content\/uploads\/2026\/04\/Capturar-6.png\" \/>\n\t<meta property=\"og:image:width\" content=\"581\" \/>\n\t<meta property=\"og:image:height\" content=\"407\" \/>\n\t<meta property=\"og:image:type\" content=\"image\/png\" \/>\n<meta name=\"author\" content=\"Reda\u00e7\u00e3o TV Litoral\" \/>\n<meta name=\"twitter:card\" content=\"summary_large_image\" \/>\n<meta name=\"twitter:label1\" content=\"Escrito por\" \/>\n\t<meta name=\"twitter:data1\" content=\"Reda\u00e7\u00e3o TV Litoral\" \/>\n\t<meta name=\"twitter:label2\" content=\"Est. tempo de leitura\" \/>\n\t<meta name=\"twitter:data2\" content=\"2 minutos\" \/>\n<script type=\"application\/ld+json\" class=\"yoast-schema-graph\">{\"@context\":\"https:\\\/\\\/schema.org\",\"@graph\":[{\"@type\":\"Article\",\"@id\":\"https:\\\/\\\/redelitoralrs.com\\\/index.php\\\/2026\\\/04\\\/23\\\/cidreira-recebe-kits-do-programa-mae-gaucha-para-apoio-a-gestantes-de-baixa-renda\\\/#article\",\"isPartOf\":{\"@id\":\"https:\\\/\\\/redelitoralrs.com\\\/index.php\\\/2026\\\/04\\\/23\\\/cidreira-recebe-kits-do-programa-mae-gaucha-para-apoio-a-gestantes-de-baixa-renda\\\/\"},\"author\":{\"name\":\"Reda\u00e7\u00e3o TV Litoral\",\"@id\":\"https:\\\/\\\/redelitoralrs.com\\\/#\\\/schema\\\/person\\\/9f8181f2a7359dd3986f05ebaf5bd68a\"},\"headline\":\"Cidreira recebe kits do Programa M\u00e3e Ga\u00facha para apoio a gestantes de baixa renda\",\"datePublished\":\"2026-04-23T19:57:45+00:00\",\"dateModified\":\"2026-04-23T20:02:09+00:00\",\"mainEntityOfPage\":{\"@id\":\"https:\\\/\\\/redelitoralrs.com\\\/index.php\\\/2026\\\/04\\\/23\\\/cidreira-recebe-kits-do-programa-mae-gaucha-para-apoio-a-gestantes-de-baixa-renda\\\/\"},\"wordCount\":186,\"commentCount\":0,\"publisher\":{\"@id\":\"https:\\\/\\\/redelitoralrs.com\\\/#organization\"},\"image\":{\"@id\":\"https:\\\/\\\/redelitoralrs.com\\\/index.php\\\/2026\\\/04\\\/23\\\/cidreira-recebe-kits-do-programa-mae-gaucha-para-apoio-a-gestantes-de-baixa-renda\\\/#primaryimage\"},\"thumbnailUrl\":\"https:\\\/\\\/redelitoralrs.com\\\/wp-content\\\/uploads\\\/2026\\\/04\\\/Capturar-6.png\",\"articleSection\":[\"Cidreira\",\"\u00daltimas not\u00edcias\"],\"inLanguage\":\"pt-BR\",\"potentialAction\":[{\"@type\":\"CommentAction\",\"name\":\"Comment\",\"target\":[\"https:\\\/\\\/redelitoralrs.com\\\/index.php\\\/2026\\\/04\\\/23\\\/cidreira-recebe-kits-do-programa-mae-gaucha-para-apoio-a-gestantes-de-baixa-renda\\\/#respond\"]}]},{\"@type\":\"WebPage\",\"@id\":\"https:\\\/\\\/redelitoralrs.com\\\/index.php\\\/2026\\\/04\\\/23\\\/cidreira-recebe-kits-do-programa-mae-gaucha-para-apoio-a-gestantes-de-baixa-renda\\\/\",\"url\":\"https:\\\/\\\/redelitoralrs.com\\\/index.php\\\/2026\\\/04\\\/23\\\/cidreira-recebe-kits-do-programa-mae-gaucha-para-apoio-a-gestantes-de-baixa-renda\\\/\",\"name\":\"Cidreira recebe kits do Programa M\u00e3e Ga\u00facha para apoio a gestantes de baixa renda - Rede Litoral RS\",\"isPartOf\":{\"@id\":\"https:\\\/\\\/redelitoralrs.com\\\/#website\"},\"primaryImageOfPage\":{\"@id\":\"https:\\\/\\\/redelitoralrs.com\\\/index.php\\\/2026\\\/04\\\/23\\\/cidreira-recebe-kits-do-programa-mae-gaucha-para-apoio-a-gestantes-de-baixa-renda\\\/#primaryimage\"},\"image\":{\"@id\":\"https:\\\/\\\/redelitoralrs.com\\\/index.php\\\/2026\\\/04\\\/23\\\/cidreira-recebe-kits-do-programa-mae-gaucha-para-apoio-a-gestantes-de-baixa-renda\\\/#primaryimage\"},\"thumbnailUrl\":\"https:\\\/\\\/redelitoralrs.com\\\/wp-content\\\/uploads\\\/2026\\\/04\\\/Capturar-6.png\",\"datePublished\":\"2026-04-23T19:57:45+00:00\",\"dateModified\":\"2026-04-23T20:02:09+00:00\",\"breadcrumb\":{\"@id\":\"https:\\\/\\\/redelitoralrs.com\\\/index.php\\\/2026\\\/04\\\/23\\\/cidreira-recebe-kits-do-programa-mae-gaucha-para-apoio-a-gestantes-de-baixa-renda\\\/#breadcrumb\"},\"inLanguage\":\"pt-BR\",\"potentialAction\":[{\"@type\":\"ReadAction\",\"target\":[\"https:\\\/\\\/redelitoralrs.com\\\/index.php\\\/2026\\\/04\\\/23\\\/cidreira-recebe-kits-do-programa-mae-gaucha-para-apoio-a-gestantes-de-baixa-renda\\\/\"]}]},{\"@type\":\"ImageObject\",\"inLanguage\":\"pt-BR\",\"@id\":\"https:\\\/\\\/redelitoralrs.com\\\/index.php\\\/2026\\\/04\\\/23\\\/cidreira-recebe-kits-do-programa-mae-gaucha-para-apoio-a-gestantes-de-baixa-renda\\\/#primaryimage\",\"url\":\"https:\\\/\\\/redelitoralrs.com\\\/wp-content\\\/uploads\\\/2026\\\/04\\\/Capturar-6.png\",\"contentUrl\":\"https:\\\/\\\/redelitoralrs.com\\\/wp-content\\\/uploads\\\/2026\\\/04\\\/Capturar-6.png\",\"width\":581,\"height\":407,\"caption\":\"Foto: Reprodu\u00e7\u00e3o\"},{\"@type\":\"BreadcrumbList\",\"@id\":\"https:\\\/\\\/redelitoralrs.com\\\/index.php\\\/2026\\\/04\\\/23\\\/cidreira-recebe-kits-do-programa-mae-gaucha-para-apoio-a-gestantes-de-baixa-renda\\\/#breadcrumb\",\"itemListElement\":[{\"@type\":\"ListItem\",\"position\":1,\"name\":\"In\u00edcio\",\"item\":\"https:\\\/\\\/redelitoralrs.com\\\/\"},{\"@type\":\"ListItem\",\"position\":2,\"name\":\"Cidreira recebe kits do Programa M\u00e3e Ga\u00facha para apoio a gestantes de baixa renda\"}]},{\"@type\":\"WebSite\",\"@id\":\"https:\\\/\\\/redelitoralrs.com\\\/#website\",\"url\":\"https:\\\/\\\/redelitoralrs.com\\\/\",\"name\":\"TV Litoral\",\"description\":\"Acompanhe tudo do litoral ga\u00facho com a cobertura completa e atualizada da Rede Litoral RS. Nossos jornalistas trazem as \u00faltimas not\u00edcias, os acontecimentos mais quentes e as hist\u00f3rias que importam sobre nosso amado litoral.\",\"publisher\":{\"@id\":\"https:\\\/\\\/redelitoralrs.com\\\/#organization\"},\"potentialAction\":[{\"@type\":\"SearchAction\",\"target\":{\"@type\":\"EntryPoint\",\"urlTemplate\":\"https:\\\/\\\/redelitoralrs.com\\\/?s={search_term_string}\"},\"query-input\":{\"@type\":\"PropertyValueSpecification\",\"valueRequired\":true,\"valueName\":\"search_term_string\"}}],\"inLanguage\":\"pt-BR\"},{\"@type\":\"Organization\",\"@id\":\"https:\\\/\\\/redelitoralrs.com\\\/#organization\",\"name\":\"TV Litoral\",\"url\":\"https:\\\/\\\/redelitoralrs.com\\\/\",\"logo\":{\"@type\":\"ImageObject\",\"inLanguage\":\"pt-BR\",\"@id\":\"https:\\\/\\\/redelitoralrs.com\\\/#\\\/schema\\\/logo\\\/image\\\/\",\"url\":\"https:\\\/\\\/redelitoralrs.com\\\/wp-content\\\/uploads\\\/2024\\\/01\\\/faviconicon-1-1.png\",\"contentUrl\":\"https:\\\/\\\/redelitoralrs.com\\\/wp-content\\\/uploads\\\/2024\\\/01\\\/faviconicon-1-1.png\",\"width\":454,\"height\":454,\"caption\":\"TV Litoral\"},\"image\":{\"@id\":\"https:\\\/\\\/redelitoralrs.com\\\/#\\\/schema\\\/logo\\\/image\\\/\"},\"sameAs\":[\"https:\\\/\\\/www.facebook.com\\\/tvlitoralrsoficial\",\"https:\\\/\\\/www.instagram.com\\\/tvlitoral.rs\"]},{\"@type\":\"Person\",\"@id\":\"https:\\\/\\\/redelitoralrs.com\\\/#\\\/schema\\\/person\\\/9f8181f2a7359dd3986f05ebaf5bd68a\",\"name\":\"Reda\u00e7\u00e3o TV Litoral\",\"image\":{\"@type\":\"ImageObject\",\"inLanguage\":\"pt-BR\",\"@id\":\"https:\\\/\\\/redelitoralrs.com\\\/wp-content\\\/litespeed\\\/avatar\\\/779aafbb45e66c7f82733e21abb48259.jpg?ver=1776956734\",\"url\":\"https:\\\/\\\/redelitoralrs.com\\\/wp-content\\\/litespeed\\\/avatar\\\/779aafbb45e66c7f82733e21abb48259.jpg?ver=1776956734\",\"contentUrl\":\"https:\\\/\\\/redelitoralrs.com\\\/wp-content\\\/litespeed\\\/avatar\\\/779aafbb45e66c7f82733e21abb48259.jpg?ver=1776956734\",\"caption\":\"Reda\u00e7\u00e3o TV Litoral\"},\"description\":\"A Rede Litoral de Comunica\u00e7\u00e3o \u00e9 um grupo de m\u00eddia multiplataforma do Litoral Norte do RS. Com atua\u00e7\u00e3o em TV, r\u00e1dio, portal e redes sociais, levamos informa\u00e7\u00e3o, conte\u00fado e entretenimento \u00e0 comunidade, fortalecendo a comunica\u00e7\u00e3o local e impulsionando o desenvolvimento regional. Acompanhe atrav\u00e9s de @redelitoralrs.\",\"sameAs\":[\"https:\\\/\\\/redelitoralrs.com\",\"https:\\\/\\\/www.instagram.com\\\/redelitoralrs\",\"https:\\\/\\\/www.youtube.com\\\/@redelitoralrs\"],\"url\":\"https:\\\/\\\/redelitoralrs.com\\\/index.php\\\/author\\\/redacaotvlitoral\\\/\"}]}<\/script>\n<!-- \/ Yoast SEO plugin. -->","yoast_head_json":{"title":"Cidreira recebe kits do Programa M\u00e3e Ga\u00facha para apoio a gestantes de baixa renda - Rede Litoral RS","robots":{"index":"index","follow":"follow","max-snippet":"max-snippet:-1","max-image-preview":"max-image-preview:large","max-video-preview":"max-video-preview:-1"},"canonical":"https:\/\/redelitoralrs.com\/index.php\/2026\/04\/23\/cidreira-recebe-kits-do-programa-mae-gaucha-para-apoio-a-gestantes-de-baixa-renda\/","og_locale":"pt_BR","og_type":"article","og_title":"Cidreira recebe kits do Programa M\u00e3e Ga\u00facha para apoio a gestantes de baixa renda - Rede Litoral RS","og_description":"O munic\u00edpio de Cidreira, no Litoral Norte, foi contemplado com kits de enxoval por meio do Programa M\u00e3e Ga\u00facha, iniciativa do Governo do Estado voltada ao atendimento de gestantes em situa\u00e7\u00e3o de vulnerabilidade social. Ao todo, ser\u00e3o distribu\u00eddos 51 kits, destinados a mulheres de baixa renda, com o objetivo de garantir itens essenciais para os [&hellip;]","og_url":"https:\/\/redelitoralrs.com\/index.php\/2026\/04\/23\/cidreira-recebe-kits-do-programa-mae-gaucha-para-apoio-a-gestantes-de-baixa-renda\/","og_site_name":"Rede Litoral RS","article_publisher":"https:\/\/www.facebook.com\/tvlitoralrsoficial","article_published_time":"2026-04-23T19:57:45+00:00","article_modified_time":"2026-04-23T20:02:09+00:00","og_image":[{"width":581,"height":407,"url":"https:\/\/redelitoralrs.com\/wp-content\/uploads\/2026\/04\/Capturar-6.png","type":"image\/png"}],"author":"Reda\u00e7\u00e3o TV Litoral","twitter_card":"summary_large_image","twitter_misc":{"Escrito por":"Reda\u00e7\u00e3o TV Litoral","Est. tempo de leitura":"2 minutos"},"schema":{"@context":"https:\/\/schema.org","@graph":[{"@type":"Article","@id":"https:\/\/redelitoralrs.com\/index.php\/2026\/04\/23\/cidreira-recebe-kits-do-programa-mae-gaucha-para-apoio-a-gestantes-de-baixa-renda\/#article","isPartOf":{"@id":"https:\/\/redelitoralrs.com\/index.php\/2026\/04\/23\/cidreira-recebe-kits-do-programa-mae-gaucha-para-apoio-a-gestantes-de-baixa-renda\/"},"author":{"name":"Reda\u00e7\u00e3o TV Litoral","@id":"https:\/\/redelitoralrs.com\/#\/schema\/person\/9f8181f2a7359dd3986f05ebaf5bd68a"},"headline":"Cidreira recebe kits do Programa M\u00e3e Ga\u00facha para apoio a gestantes de baixa renda","datePublished":"2026-04-23T19:57:45+00:00","dateModified":"2026-04-23T20:02:09+00:00","mainEntityOfPage":{"@id":"https:\/\/redelitoralrs.com\/index.php\/2026\/04\/23\/cidreira-recebe-kits-do-programa-mae-gaucha-para-apoio-a-gestantes-de-baixa-renda\/"},"wordCount":186,"commentCount":0,"publisher":{"@id":"https:\/\/redelitoralrs.com\/#organization"},"image":{"@id":"https:\/\/redelitoralrs.com\/index.php\/2026\/04\/23\/cidreira-recebe-kits-do-programa-mae-gaucha-para-apoio-a-gestantes-de-baixa-renda\/#primaryimage"},"thumbnailUrl":"https:\/\/redelitoralrs.com\/wp-content\/uploads\/2026\/04\/Capturar-6.png","articleSection":["Cidreira","\u00daltimas not\u00edcias"],"inLanguage":"pt-BR","potentialAction":[{"@type":"CommentAction","name":"Comment","target":["https:\/\/redelitoralrs.com\/index.php\/2026\/04\/23\/cidreira-recebe-kits-do-programa-mae-gaucha-para-apoio-a-gestantes-de-baixa-renda\/#respond"]}]},{"@type":"WebPage","@id":"https:\/\/redelitoralrs.com\/index.php\/2026\/04\/23\/cidreira-recebe-kits-do-programa-mae-gaucha-para-apoio-a-gestantes-de-baixa-renda\/","url":"https:\/\/redelitoralrs.com\/index.php\/2026\/04\/23\/cidreira-recebe-kits-do-programa-mae-gaucha-para-apoio-a-gestantes-de-baixa-renda\/","name":"Cidreira recebe kits do Programa M\u00e3e Ga\u00facha para apoio a gestantes de baixa renda - Rede Litoral RS","isPartOf":{"@id":"https:\/\/redelitoralrs.com\/#website"},"primaryImageOfPage":{"@id":"https:\/\/redelitoralrs.com\/index.php\/2026\/04\/23\/cidreira-recebe-kits-do-programa-mae-gaucha-para-apoio-a-gestantes-de-baixa-renda\/#primaryimage"},"image":{"@id":"https:\/\/redelitoralrs.com\/index.php\/2026\/04\/23\/cidreira-recebe-kits-do-programa-mae-gaucha-para-apoio-a-gestantes-de-baixa-renda\/#primaryimage"},"thumbnailUrl":"https:\/\/redelitoralrs.com\/wp-content\/uploads\/2026\/04\/Capturar-6.png","datePublished":"2026-04-23T19:57:45+00:00","dateModified":"2026-04-23T20:02:09+00:00","breadcrumb":{"@id":"https:\/\/redelitoralrs.com\/index.php\/2026\/04\/23\/cidreira-recebe-kits-do-programa-mae-gaucha-para-apoio-a-gestantes-de-baixa-renda\/#breadcrumb"},"inLanguage":"pt-BR","potentialAction":[{"@type":"ReadAction","target":["https:\/\/redelitoralrs.com\/index.php\/2026\/04\/23\/cidreira-recebe-kits-do-programa-mae-gaucha-para-apoio-a-gestantes-de-baixa-renda\/"]}]},{"@type":"ImageObject","inLanguage":"pt-BR","@id":"https:\/\/redelitoralrs.com\/index.php\/2026\/04\/23\/cidreira-recebe-kits-do-programa-mae-gaucha-para-apoio-a-gestantes-de-baixa-renda\/#primaryimage","url":"https:\/\/redelitoralrs.com\/wp-content\/uploads\/2026\/04\/Capturar-6.png","contentUrl":"https:\/\/redelitoralrs.com\/wp-content\/uploads\/2026\/04\/Capturar-6.png","width":581,"height":407,"caption":"Foto: Reprodu\u00e7\u00e3o"},{"@type":"BreadcrumbList","@id":"https:\/\/redelitoralrs.com\/index.php\/2026\/04\/23\/cidreira-recebe-kits-do-programa-mae-gaucha-para-apoio-a-gestantes-de-baixa-renda\/#breadcrumb","itemListElement":[{"@type":"ListItem","position":1,"name":"In\u00edcio","item":"https:\/\/redelitoralrs.com\/"},{"@type":"ListItem","position":2,"name":"Cidreira recebe kits do Programa M\u00e3e Ga\u00facha para apoio a gestantes de baixa renda"}]},{"@type":"WebSite","@id":"https:\/\/redelitoralrs.com\/#website","url":"https:\/\/redelitoralrs.com\/","name":"TV Litoral","description":"Acompanhe tudo do litoral ga\u00facho com a cobertura completa e atualizada da Rede Litoral RS. Nossos jornalistas trazem as \u00faltimas not\u00edcias, os acontecimentos mais quentes e as hist\u00f3rias que importam sobre nosso amado litoral.","publisher":{"@id":"https:\/\/redelitoralrs.com\/#organization"},"potentialAction":[{"@type":"SearchAction","target":{"@type":"EntryPoint","urlTemplate":"https:\/\/redelitoralrs.com\/?s={search_term_string}"},"query-input":{"@type":"PropertyValueSpecification","valueRequired":true,"valueName":"search_term_string"}}],"inLanguage":"pt-BR"},{"@type":"Organization","@id":"https:\/\/redelitoralrs.com\/#organization","name":"TV Litoral","url":"https:\/\/redelitoralrs.com\/","logo":{"@type":"ImageObject","inLanguage":"pt-BR","@id":"https:\/\/redelitoralrs.com\/#\/schema\/logo\/image\/","url":"https:\/\/redelitoralrs.com\/wp-content\/uploads\/2024\/01\/faviconicon-1-1.png","contentUrl":"https:\/\/redelitoralrs.com\/wp-content\/uploads\/2024\/01\/faviconicon-1-1.png","width":454,"height":454,"caption":"TV Litoral"},"image":{"@id":"https:\/\/redelitoralrs.com\/#\/schema\/logo\/image\/"},"sameAs":["https:\/\/www.facebook.com\/tvlitoralrsoficial","https:\/\/www.instagram.com\/tvlitoral.rs"]},{"@type":"Person","@id":"https:\/\/redelitoralrs.com\/#\/schema\/person\/9f8181f2a7359dd3986f05ebaf5bd68a","name":"Reda\u00e7\u00e3o TV Litoral","image":{"@type":"ImageObject","inLanguage":"pt-BR","@id":"https:\/\/redelitoralrs.com\/wp-content\/litespeed\/avatar\/779aafbb45e66c7f82733e21abb48259.jpg?ver=1776956734","url":"https:\/\/redelitoralrs.com\/wp-content\/litespeed\/avatar\/779aafbb45e66c7f82733e21abb48259.jpg?ver=1776956734","contentUrl":"https:\/\/redelitoralrs.com\/wp-content\/litespeed\/avatar\/779aafbb45e66c7f82733e21abb48259.jpg?ver=1776956734","caption":"Reda\u00e7\u00e3o TV Litoral"},"description":"A Rede Litoral de Comunica\u00e7\u00e3o \u00e9 um grupo de m\u00eddia multiplataforma do Litoral Norte do RS. Com atua\u00e7\u00e3o em TV, r\u00e1dio, portal e redes sociais, levamos informa\u00e7\u00e3o, conte\u00fado e entretenimento \u00e0 comunidade, fortalecendo a comunica\u00e7\u00e3o local e impulsionando o desenvolvimento regional. Acompanhe atrav\u00e9s de @redelitoralrs.","sameAs":["https:\/\/redelitoralrs.com","https:\/\/www.instagram.com\/redelitoralrs","https:\/\/www.youtube.com\/@redelitoralrs"],"url":"https:\/\/redelitoralrs.com\/index.php\/author\/redacaotvlitoral\/"}]}},"_links":{"self":[{"href":"https:\/\/redelitoralrs.com\/index.php\/wp-json\/wp\/v2\/posts\/24681","targetHints":{"allow":["GET"]}}],"collection":[{"href":"https:\/\/redelitoralrs.com\/index.php\/wp-json\/wp\/v2\/posts"}],"about":[{"href":"https:\/\/redelitoralrs.com\/index.php\/wp-json\/wp\/v2\/types\/post"}],"author":[{"embeddable":true,"href":"https:\/\/redelitoralrs.com\/index.php\/wp-json\/wp\/v2\/users\/2"}],"replies":[{"embeddable":true,"href":"https:\/\/redelitoralrs.com\/index.php\/wp-json\/wp\/v2\/comments?post=24681"}],"version-history":[{"count":1,"href":"https:\/\/redelitoralrs.com\/index.php\/wp-json\/wp\/v2\/posts\/24681\/revisions"}],"predecessor-version":[{"id":24683,"href":"https:\/\/redelitoralrs.com\/index.php\/wp-json\/wp\/v2\/posts\/24681\/revisions\/24683"}],"wp:featuredmedia":[{"embeddable":true,"href":"https:\/\/redelitoralrs.com\/index.php\/wp-json\/wp\/v2\/media\/24682"}],"wp:attachment":[{"href":"https:\/\/redelitoralrs.com\/index.php\/wp-json\/wp\/v2\/media?parent=24681"}],"wp:term":[{"taxonomy":"category","embeddable":true,"href":"https:\/\/redelitoralrs.com\/index.php\/wp-json\/wp\/v2\/categories?post=24681"},{"taxonomy":"post_tag","embeddable":true,"href":"https:\/\/redelitoralrs.com\/index.php\/wp-json\/wp\/v2\/tags?post=24681"}],"curies":[{"name":"wp","href":"https:\/\/api.w.org\/{rel}","templated":true}]}}