{"id":24672,"date":"2026-04-23T16:46:54","date_gmt":"2026-04-23T19:46:54","guid":{"rendered":"https:\/\/redelitoralrs.com\/?p=24672"},"modified":"2026-04-23T16:46:54","modified_gmt":"2026-04-23T19:46:54","slug":"justica-federal-completa-15-anos-em-capao-da-canoa-e-destaca-atuacao-regional","status":"publish","type":"post","link":"https:\/\/redelitoralrs.com\/index.php\/2026\/04\/23\/justica-federal-completa-15-anos-em-capao-da-canoa-e-destaca-atuacao-regional\/","title":{"rendered":"Justi\u00e7a Federal completa 15 anos em Cap\u00e3o da Canoa e destaca atua\u00e7\u00e3o regional"},"content":{"rendered":"\n<p>A Justi\u00e7a Federal em Cap\u00e3o da Canoa celebrou, na \u00faltima semana, 15 anos de atividades com uma solenidade realizada na sede da institui\u00e7\u00e3o. O evento reuniu autoridades do Judici\u00e1rio, representantes de \u00f3rg\u00e3os p\u00fablicos e membros da comunidade jur\u00eddica, marcando a trajet\u00f3ria da Subse\u00e7\u00e3o Judici\u00e1ria no Litoral Norte.<\/p>\n\n\n\n<p>A cerim\u00f4nia foi conduzida pelo presidente do Tribunal Regional Federal da 4\u00aa Regi\u00e3o, Jo\u00e3o Batista Pinto Silveira, acompanhado de magistrados e dirigentes da Justi\u00e7a Federal no Rio Grande do Sul. Tamb\u00e9m participaram representantes do Minist\u00e9rio P\u00fablico Federal, da advocacia, da Receita Federal e de institui\u00e7\u00f5es parceiras.<\/p>\n\n\n\n<p>Durante o ato, foram destacados os avan\u00e7os proporcionados pela interioriza\u00e7\u00e3o da Justi\u00e7a Federal, que ampliou o acesso da popula\u00e7\u00e3o aos servi\u00e7os judiciais na regi\u00e3o. A atua\u00e7\u00e3o da subse\u00e7\u00e3o ao longo dos anos foi marcada pela condu\u00e7\u00e3o de processos relevantes, incluindo a\u00e7\u00f5es de impacto social e ambiental, al\u00e9m de demandas na \u00e1rea previdenci\u00e1ria, considerada uma das principais portas de acesso da popula\u00e7\u00e3o ao Judici\u00e1rio federal.<\/p>\n\n\n\n<p>A solenidade tamb\u00e9m ressaltou a import\u00e2ncia da coopera\u00e7\u00e3o entre institui\u00e7\u00f5es, como a parceria com a advocacia local e \u00f3rg\u00e3os p\u00fablicos, contribuindo para maior agilidade na tramita\u00e7\u00e3o de processos e no atendimento \u00e0 popula\u00e7\u00e3o.<\/p>\n\n\n\n<p>Ao final do evento, foi realizada uma homenagem a magistrados, servidores, estagi\u00e1rios e colaboradores que integram a hist\u00f3ria da unidade. Uma placa comemorativa foi descerrada, registrando os nomes dos profissionais atualmente vinculados \u00e0 subse\u00e7\u00e3o.<\/p>\n\n\n\n<p>A celebra\u00e7\u00e3o refor\u00e7a o papel da Justi\u00e7a Federal na garantia de direitos e na presta\u00e7\u00e3o de servi\u00e7os essenciais \u00e0 comunidade do Litoral Norte, consolidando sua presen\u00e7a como estrutura fundamental do sistema judici\u00e1rio na regi\u00e3o.<\/p>\n","protected":false},"excerpt":{"rendered":"<p>A Justi\u00e7a Federal em Cap\u00e3o da Canoa celebrou, na \u00faltima semana, 15 anos de atividades com uma solenidade realizada na sede da institui\u00e7\u00e3o. O evento reuniu autoridades do Judici\u00e1rio, representantes de \u00f3rg\u00e3os p\u00fablicos e membros da comunidade jur\u00eddica, marcando a trajet\u00f3ria da Subse\u00e7\u00e3o Judici\u00e1ria no Litoral Norte. A cerim\u00f4nia foi conduzida pelo presidente do Tribunal [&hellip;]<\/p>\n","protected":false},"author":2,"featured_media":24673,"comment_status":"open","ping_status":"open","sticky":false,"template":"","format":"standard","meta":{"_themeisle_gutenberg_block_has_review":false,"footnotes":""},"categories":[24,15],"tags":[],"class_list":["post-24672","post","type-post","status-publish","format-standard","has-post-thumbnail","hentry","category-capao-da-canoa","category-noticias"],"yoast_head":"<!-- This site is optimized with the Yoast SEO plugin v27.4 - https:\/\/yoast.com\/product\/yoast-seo-wordpress\/ -->\n<title>Justi\u00e7a Federal completa 15 anos em Cap\u00e3o da Canoa e destaca atua\u00e7\u00e3o regional - Rede Litoral RS<\/title>\n<meta name=\"robots\" content=\"index, follow, max-snippet:-1, max-image-preview:large, max-video-preview:-1\" \/>\n<link rel=\"canonical\" href=\"https:\/\/redelitoralrs.com\/index.php\/2026\/04\/23\/justica-federal-completa-15-anos-em-capao-da-canoa-e-destaca-atuacao-regional\/\" \/>\n<meta property=\"og:locale\" content=\"pt_BR\" \/>\n<meta property=\"og:type\" content=\"article\" \/>\n<meta property=\"og:title\" content=\"Justi\u00e7a Federal completa 15 anos em Cap\u00e3o da Canoa e destaca atua\u00e7\u00e3o regional - Rede Litoral RS\" \/>\n<meta property=\"og:description\" content=\"A Justi\u00e7a Federal em Cap\u00e3o da Canoa celebrou, na \u00faltima semana, 15 anos de atividades com uma solenidade realizada na sede da institui\u00e7\u00e3o. O evento reuniu autoridades do Judici\u00e1rio, representantes de \u00f3rg\u00e3os p\u00fablicos e membros da comunidade jur\u00eddica, marcando a trajet\u00f3ria da Subse\u00e7\u00e3o Judici\u00e1ria no Litoral Norte. A cerim\u00f4nia foi conduzida pelo presidente do Tribunal [&hellip;]\" \/>\n<meta property=\"og:url\" content=\"https:\/\/redelitoralrs.com\/index.php\/2026\/04\/23\/justica-federal-completa-15-anos-em-capao-da-canoa-e-destaca-atuacao-regional\/\" \/>\n<meta property=\"og:site_name\" content=\"Rede Litoral RS\" \/>\n<meta property=\"article:publisher\" content=\"https:\/\/www.facebook.com\/tvlitoralrsoficial\" \/>\n<meta property=\"article:published_time\" content=\"2026-04-23T19:46:54+00:00\" \/>\n<meta property=\"og:image\" content=\"https:\/\/redelitoralrs.com\/wp-content\/uploads\/2026\/04\/edu23_dsc_5110.webp\" \/>\n\t<meta property=\"og:image:width\" content=\"1100\" \/>\n\t<meta property=\"og:image:height\" content=\"648\" \/>\n\t<meta property=\"og:image:type\" content=\"image\/webp\" \/>\n<meta name=\"author\" content=\"Reda\u00e7\u00e3o TV Litoral\" \/>\n<meta name=\"twitter:card\" content=\"summary_large_image\" \/>\n<meta name=\"twitter:label1\" content=\"Escrito por\" \/>\n\t<meta name=\"twitter:data1\" content=\"Reda\u00e7\u00e3o TV Litoral\" \/>\n\t<meta name=\"twitter:label2\" content=\"Est. tempo de leitura\" \/>\n\t<meta name=\"twitter:data2\" content=\"2 minutos\" \/>\n<script type=\"application\/ld+json\" class=\"yoast-schema-graph\">{\"@context\":\"https:\\\/\\\/schema.org\",\"@graph\":[{\"@type\":\"Article\",\"@id\":\"https:\\\/\\\/redelitoralrs.com\\\/index.php\\\/2026\\\/04\\\/23\\\/justica-federal-completa-15-anos-em-capao-da-canoa-e-destaca-atuacao-regional\\\/#article\",\"isPartOf\":{\"@id\":\"https:\\\/\\\/redelitoralrs.com\\\/index.php\\\/2026\\\/04\\\/23\\\/justica-federal-completa-15-anos-em-capao-da-canoa-e-destaca-atuacao-regional\\\/\"},\"author\":{\"name\":\"Reda\u00e7\u00e3o TV Litoral\",\"@id\":\"https:\\\/\\\/redelitoralrs.com\\\/#\\\/schema\\\/person\\\/9f8181f2a7359dd3986f05ebaf5bd68a\"},\"headline\":\"Justi\u00e7a Federal completa 15 anos em Cap\u00e3o da Canoa e destaca atua\u00e7\u00e3o regional\",\"datePublished\":\"2026-04-23T19:46:54+00:00\",\"mainEntityOfPage\":{\"@id\":\"https:\\\/\\\/redelitoralrs.com\\\/index.php\\\/2026\\\/04\\\/23\\\/justica-federal-completa-15-anos-em-capao-da-canoa-e-destaca-atuacao-regional\\\/\"},\"wordCount\":319,\"commentCount\":0,\"publisher\":{\"@id\":\"https:\\\/\\\/redelitoralrs.com\\\/#organization\"},\"image\":{\"@id\":\"https:\\\/\\\/redelitoralrs.com\\\/index.php\\\/2026\\\/04\\\/23\\\/justica-federal-completa-15-anos-em-capao-da-canoa-e-destaca-atuacao-regional\\\/#primaryimage\"},\"thumbnailUrl\":\"https:\\\/\\\/redelitoralrs.com\\\/wp-content\\\/uploads\\\/2026\\\/04\\\/edu23_dsc_5110.webp\",\"articleSection\":[\"Cap\u00e3o da Canoa\",\"\u00daltimas not\u00edcias\"],\"inLanguage\":\"pt-BR\",\"potentialAction\":[{\"@type\":\"CommentAction\",\"name\":\"Comment\",\"target\":[\"https:\\\/\\\/redelitoralrs.com\\\/index.php\\\/2026\\\/04\\\/23\\\/justica-federal-completa-15-anos-em-capao-da-canoa-e-destaca-atuacao-regional\\\/#respond\"]}]},{\"@type\":\"WebPage\",\"@id\":\"https:\\\/\\\/redelitoralrs.com\\\/index.php\\\/2026\\\/04\\\/23\\\/justica-federal-completa-15-anos-em-capao-da-canoa-e-destaca-atuacao-regional\\\/\",\"url\":\"https:\\\/\\\/redelitoralrs.com\\\/index.php\\\/2026\\\/04\\\/23\\\/justica-federal-completa-15-anos-em-capao-da-canoa-e-destaca-atuacao-regional\\\/\",\"name\":\"Justi\u00e7a Federal completa 15 anos em Cap\u00e3o da Canoa e destaca atua\u00e7\u00e3o regional - Rede Litoral RS\",\"isPartOf\":{\"@id\":\"https:\\\/\\\/redelitoralrs.com\\\/#website\"},\"primaryImageOfPage\":{\"@id\":\"https:\\\/\\\/redelitoralrs.com\\\/index.php\\\/2026\\\/04\\\/23\\\/justica-federal-completa-15-anos-em-capao-da-canoa-e-destaca-atuacao-regional\\\/#primaryimage\"},\"image\":{\"@id\":\"https:\\\/\\\/redelitoralrs.com\\\/index.php\\\/2026\\\/04\\\/23\\\/justica-federal-completa-15-anos-em-capao-da-canoa-e-destaca-atuacao-regional\\\/#primaryimage\"},\"thumbnailUrl\":\"https:\\\/\\\/redelitoralrs.com\\\/wp-content\\\/uploads\\\/2026\\\/04\\\/edu23_dsc_5110.webp\",\"datePublished\":\"2026-04-23T19:46:54+00:00\",\"breadcrumb\":{\"@id\":\"https:\\\/\\\/redelitoralrs.com\\\/index.php\\\/2026\\\/04\\\/23\\\/justica-federal-completa-15-anos-em-capao-da-canoa-e-destaca-atuacao-regional\\\/#breadcrumb\"},\"inLanguage\":\"pt-BR\",\"potentialAction\":[{\"@type\":\"ReadAction\",\"target\":[\"https:\\\/\\\/redelitoralrs.com\\\/index.php\\\/2026\\\/04\\\/23\\\/justica-federal-completa-15-anos-em-capao-da-canoa-e-destaca-atuacao-regional\\\/\"]}]},{\"@type\":\"ImageObject\",\"inLanguage\":\"pt-BR\",\"@id\":\"https:\\\/\\\/redelitoralrs.com\\\/index.php\\\/2026\\\/04\\\/23\\\/justica-federal-completa-15-anos-em-capao-da-canoa-e-destaca-atuacao-regional\\\/#primaryimage\",\"url\":\"https:\\\/\\\/redelitoralrs.com\\\/wp-content\\\/uploads\\\/2026\\\/04\\\/edu23_dsc_5110.webp\",\"contentUrl\":\"https:\\\/\\\/redelitoralrs.com\\\/wp-content\\\/uploads\\\/2026\\\/04\\\/edu23_dsc_5110.webp\",\"width\":1100,\"height\":648,\"caption\":\"Foto: Divulga\u00e7\u00e3o\\\/TRF4\"},{\"@type\":\"BreadcrumbList\",\"@id\":\"https:\\\/\\\/redelitoralrs.com\\\/index.php\\\/2026\\\/04\\\/23\\\/justica-federal-completa-15-anos-em-capao-da-canoa-e-destaca-atuacao-regional\\\/#breadcrumb\",\"itemListElement\":[{\"@type\":\"ListItem\",\"position\":1,\"name\":\"In\u00edcio\",\"item\":\"https:\\\/\\\/redelitoralrs.com\\\/\"},{\"@type\":\"ListItem\",\"position\":2,\"name\":\"Justi\u00e7a Federal completa 15 anos em Cap\u00e3o da Canoa e destaca atua\u00e7\u00e3o regional\"}]},{\"@type\":\"WebSite\",\"@id\":\"https:\\\/\\\/redelitoralrs.com\\\/#website\",\"url\":\"https:\\\/\\\/redelitoralrs.com\\\/\",\"name\":\"TV Litoral\",\"description\":\"Acompanhe tudo do litoral ga\u00facho com a cobertura completa e atualizada da Rede Litoral RS. Nossos jornalistas trazem as \u00faltimas not\u00edcias, os acontecimentos mais quentes e as hist\u00f3rias que importam sobre nosso amado litoral.\",\"publisher\":{\"@id\":\"https:\\\/\\\/redelitoralrs.com\\\/#organization\"},\"potentialAction\":[{\"@type\":\"SearchAction\",\"target\":{\"@type\":\"EntryPoint\",\"urlTemplate\":\"https:\\\/\\\/redelitoralrs.com\\\/?s={search_term_string}\"},\"query-input\":{\"@type\":\"PropertyValueSpecification\",\"valueRequired\":true,\"valueName\":\"search_term_string\"}}],\"inLanguage\":\"pt-BR\"},{\"@type\":\"Organization\",\"@id\":\"https:\\\/\\\/redelitoralrs.com\\\/#organization\",\"name\":\"TV Litoral\",\"url\":\"https:\\\/\\\/redelitoralrs.com\\\/\",\"logo\":{\"@type\":\"ImageObject\",\"inLanguage\":\"pt-BR\",\"@id\":\"https:\\\/\\\/redelitoralrs.com\\\/#\\\/schema\\\/logo\\\/image\\\/\",\"url\":\"https:\\\/\\\/redelitoralrs.com\\\/wp-content\\\/uploads\\\/2024\\\/01\\\/faviconicon-1-1.png\",\"contentUrl\":\"https:\\\/\\\/redelitoralrs.com\\\/wp-content\\\/uploads\\\/2024\\\/01\\\/faviconicon-1-1.png\",\"width\":454,\"height\":454,\"caption\":\"TV Litoral\"},\"image\":{\"@id\":\"https:\\\/\\\/redelitoralrs.com\\\/#\\\/schema\\\/logo\\\/image\\\/\"},\"sameAs\":[\"https:\\\/\\\/www.facebook.com\\\/tvlitoralrsoficial\",\"https:\\\/\\\/www.instagram.com\\\/tvlitoral.rs\"]},{\"@type\":\"Person\",\"@id\":\"https:\\\/\\\/redelitoralrs.com\\\/#\\\/schema\\\/person\\\/9f8181f2a7359dd3986f05ebaf5bd68a\",\"name\":\"Reda\u00e7\u00e3o TV Litoral\",\"image\":{\"@type\":\"ImageObject\",\"inLanguage\":\"pt-BR\",\"@id\":\"https:\\\/\\\/redelitoralrs.com\\\/wp-content\\\/litespeed\\\/avatar\\\/779aafbb45e66c7f82733e21abb48259.jpg?ver=1776956734\",\"url\":\"https:\\\/\\\/redelitoralrs.com\\\/wp-content\\\/litespeed\\\/avatar\\\/779aafbb45e66c7f82733e21abb48259.jpg?ver=1776956734\",\"contentUrl\":\"https:\\\/\\\/redelitoralrs.com\\\/wp-content\\\/litespeed\\\/avatar\\\/779aafbb45e66c7f82733e21abb48259.jpg?ver=1776956734\",\"caption\":\"Reda\u00e7\u00e3o TV Litoral\"},\"description\":\"A Rede Litoral de Comunica\u00e7\u00e3o \u00e9 um grupo de m\u00eddia multiplataforma do Litoral Norte do RS. Com atua\u00e7\u00e3o em TV, r\u00e1dio, portal e redes sociais, levamos informa\u00e7\u00e3o, conte\u00fado e entretenimento \u00e0 comunidade, fortalecendo a comunica\u00e7\u00e3o local e impulsionando o desenvolvimento regional. Acompanhe atrav\u00e9s de @redelitoralrs.\",\"sameAs\":[\"https:\\\/\\\/redelitoralrs.com\",\"https:\\\/\\\/www.instagram.com\\\/redelitoralrs\",\"https:\\\/\\\/www.youtube.com\\\/@redelitoralrs\"],\"url\":\"https:\\\/\\\/redelitoralrs.com\\\/index.php\\\/author\\\/redacaotvlitoral\\\/\"}]}<\/script>\n<!-- \/ Yoast SEO plugin. -->","yoast_head_json":{"title":"Justi\u00e7a Federal completa 15 anos em Cap\u00e3o da Canoa e destaca atua\u00e7\u00e3o regional - Rede Litoral RS","robots":{"index":"index","follow":"follow","max-snippet":"max-snippet:-1","max-image-preview":"max-image-preview:large","max-video-preview":"max-video-preview:-1"},"canonical":"https:\/\/redelitoralrs.com\/index.php\/2026\/04\/23\/justica-federal-completa-15-anos-em-capao-da-canoa-e-destaca-atuacao-regional\/","og_locale":"pt_BR","og_type":"article","og_title":"Justi\u00e7a Federal completa 15 anos em Cap\u00e3o da Canoa e destaca atua\u00e7\u00e3o regional - Rede Litoral RS","og_description":"A Justi\u00e7a Federal em Cap\u00e3o da Canoa celebrou, na \u00faltima semana, 15 anos de atividades com uma solenidade realizada na sede da institui\u00e7\u00e3o. O evento reuniu autoridades do Judici\u00e1rio, representantes de \u00f3rg\u00e3os p\u00fablicos e membros da comunidade jur\u00eddica, marcando a trajet\u00f3ria da Subse\u00e7\u00e3o Judici\u00e1ria no Litoral Norte. A cerim\u00f4nia foi conduzida pelo presidente do Tribunal [&hellip;]","og_url":"https:\/\/redelitoralrs.com\/index.php\/2026\/04\/23\/justica-federal-completa-15-anos-em-capao-da-canoa-e-destaca-atuacao-regional\/","og_site_name":"Rede Litoral RS","article_publisher":"https:\/\/www.facebook.com\/tvlitoralrsoficial","article_published_time":"2026-04-23T19:46:54+00:00","og_image":[{"width":1100,"height":648,"url":"https:\/\/redelitoralrs.com\/wp-content\/uploads\/2026\/04\/edu23_dsc_5110.webp","type":"image\/webp"}],"author":"Reda\u00e7\u00e3o TV Litoral","twitter_card":"summary_large_image","twitter_misc":{"Escrito por":"Reda\u00e7\u00e3o TV Litoral","Est. tempo de leitura":"2 minutos"},"schema":{"@context":"https:\/\/schema.org","@graph":[{"@type":"Article","@id":"https:\/\/redelitoralrs.com\/index.php\/2026\/04\/23\/justica-federal-completa-15-anos-em-capao-da-canoa-e-destaca-atuacao-regional\/#article","isPartOf":{"@id":"https:\/\/redelitoralrs.com\/index.php\/2026\/04\/23\/justica-federal-completa-15-anos-em-capao-da-canoa-e-destaca-atuacao-regional\/"},"author":{"name":"Reda\u00e7\u00e3o TV Litoral","@id":"https:\/\/redelitoralrs.com\/#\/schema\/person\/9f8181f2a7359dd3986f05ebaf5bd68a"},"headline":"Justi\u00e7a Federal completa 15 anos em Cap\u00e3o da Canoa e destaca atua\u00e7\u00e3o regional","datePublished":"2026-04-23T19:46:54+00:00","mainEntityOfPage":{"@id":"https:\/\/redelitoralrs.com\/index.php\/2026\/04\/23\/justica-federal-completa-15-anos-em-capao-da-canoa-e-destaca-atuacao-regional\/"},"wordCount":319,"commentCount":0,"publisher":{"@id":"https:\/\/redelitoralrs.com\/#organization"},"image":{"@id":"https:\/\/redelitoralrs.com\/index.php\/2026\/04\/23\/justica-federal-completa-15-anos-em-capao-da-canoa-e-destaca-atuacao-regional\/#primaryimage"},"thumbnailUrl":"https:\/\/redelitoralrs.com\/wp-content\/uploads\/2026\/04\/edu23_dsc_5110.webp","articleSection":["Cap\u00e3o da Canoa","\u00daltimas not\u00edcias"],"inLanguage":"pt-BR","potentialAction":[{"@type":"CommentAction","name":"Comment","target":["https:\/\/redelitoralrs.com\/index.php\/2026\/04\/23\/justica-federal-completa-15-anos-em-capao-da-canoa-e-destaca-atuacao-regional\/#respond"]}]},{"@type":"WebPage","@id":"https:\/\/redelitoralrs.com\/index.php\/2026\/04\/23\/justica-federal-completa-15-anos-em-capao-da-canoa-e-destaca-atuacao-regional\/","url":"https:\/\/redelitoralrs.com\/index.php\/2026\/04\/23\/justica-federal-completa-15-anos-em-capao-da-canoa-e-destaca-atuacao-regional\/","name":"Justi\u00e7a Federal completa 15 anos em Cap\u00e3o da Canoa e destaca atua\u00e7\u00e3o regional - Rede Litoral RS","isPartOf":{"@id":"https:\/\/redelitoralrs.com\/#website"},"primaryImageOfPage":{"@id":"https:\/\/redelitoralrs.com\/index.php\/2026\/04\/23\/justica-federal-completa-15-anos-em-capao-da-canoa-e-destaca-atuacao-regional\/#primaryimage"},"image":{"@id":"https:\/\/redelitoralrs.com\/index.php\/2026\/04\/23\/justica-federal-completa-15-anos-em-capao-da-canoa-e-destaca-atuacao-regional\/#primaryimage"},"thumbnailUrl":"https:\/\/redelitoralrs.com\/wp-content\/uploads\/2026\/04\/edu23_dsc_5110.webp","datePublished":"2026-04-23T19:46:54+00:00","breadcrumb":{"@id":"https:\/\/redelitoralrs.com\/index.php\/2026\/04\/23\/justica-federal-completa-15-anos-em-capao-da-canoa-e-destaca-atuacao-regional\/#breadcrumb"},"inLanguage":"pt-BR","potentialAction":[{"@type":"ReadAction","target":["https:\/\/redelitoralrs.com\/index.php\/2026\/04\/23\/justica-federal-completa-15-anos-em-capao-da-canoa-e-destaca-atuacao-regional\/"]}]},{"@type":"ImageObject","inLanguage":"pt-BR","@id":"https:\/\/redelitoralrs.com\/index.php\/2026\/04\/23\/justica-federal-completa-15-anos-em-capao-da-canoa-e-destaca-atuacao-regional\/#primaryimage","url":"https:\/\/redelitoralrs.com\/wp-content\/uploads\/2026\/04\/edu23_dsc_5110.webp","contentUrl":"https:\/\/redelitoralrs.com\/wp-content\/uploads\/2026\/04\/edu23_dsc_5110.webp","width":1100,"height":648,"caption":"Foto: Divulga\u00e7\u00e3o\/TRF4"},{"@type":"BreadcrumbList","@id":"https:\/\/redelitoralrs.com\/index.php\/2026\/04\/23\/justica-federal-completa-15-anos-em-capao-da-canoa-e-destaca-atuacao-regional\/#breadcrumb","itemListElement":[{"@type":"ListItem","position":1,"name":"In\u00edcio","item":"https:\/\/redelitoralrs.com\/"},{"@type":"ListItem","position":2,"name":"Justi\u00e7a Federal completa 15 anos em Cap\u00e3o da Canoa e destaca atua\u00e7\u00e3o regional"}]},{"@type":"WebSite","@id":"https:\/\/redelitoralrs.com\/#website","url":"https:\/\/redelitoralrs.com\/","name":"TV Litoral","description":"Acompanhe tudo do litoral ga\u00facho com a cobertura completa e atualizada da Rede Litoral RS. Nossos jornalistas trazem as \u00faltimas not\u00edcias, os acontecimentos mais quentes e as hist\u00f3rias que importam sobre nosso amado litoral.","publisher":{"@id":"https:\/\/redelitoralrs.com\/#organization"},"potentialAction":[{"@type":"SearchAction","target":{"@type":"EntryPoint","urlTemplate":"https:\/\/redelitoralrs.com\/?s={search_term_string}"},"query-input":{"@type":"PropertyValueSpecification","valueRequired":true,"valueName":"search_term_string"}}],"inLanguage":"pt-BR"},{"@type":"Organization","@id":"https:\/\/redelitoralrs.com\/#organization","name":"TV Litoral","url":"https:\/\/redelitoralrs.com\/","logo":{"@type":"ImageObject","inLanguage":"pt-BR","@id":"https:\/\/redelitoralrs.com\/#\/schema\/logo\/image\/","url":"https:\/\/redelitoralrs.com\/wp-content\/uploads\/2024\/01\/faviconicon-1-1.png","contentUrl":"https:\/\/redelitoralrs.com\/wp-content\/uploads\/2024\/01\/faviconicon-1-1.png","width":454,"height":454,"caption":"TV Litoral"},"image":{"@id":"https:\/\/redelitoralrs.com\/#\/schema\/logo\/image\/"},"sameAs":["https:\/\/www.facebook.com\/tvlitoralrsoficial","https:\/\/www.instagram.com\/tvlitoral.rs"]},{"@type":"Person","@id":"https:\/\/redelitoralrs.com\/#\/schema\/person\/9f8181f2a7359dd3986f05ebaf5bd68a","name":"Reda\u00e7\u00e3o TV Litoral","image":{"@type":"ImageObject","inLanguage":"pt-BR","@id":"https:\/\/redelitoralrs.com\/wp-content\/litespeed\/avatar\/779aafbb45e66c7f82733e21abb48259.jpg?ver=1776956734","url":"https:\/\/redelitoralrs.com\/wp-content\/litespeed\/avatar\/779aafbb45e66c7f82733e21abb48259.jpg?ver=1776956734","contentUrl":"https:\/\/redelitoralrs.com\/wp-content\/litespeed\/avatar\/779aafbb45e66c7f82733e21abb48259.jpg?ver=1776956734","caption":"Reda\u00e7\u00e3o TV Litoral"},"description":"A Rede Litoral de Comunica\u00e7\u00e3o \u00e9 um grupo de m\u00eddia multiplataforma do Litoral Norte do RS. Com atua\u00e7\u00e3o em TV, r\u00e1dio, portal e redes sociais, levamos informa\u00e7\u00e3o, conte\u00fado e entretenimento \u00e0 comunidade, fortalecendo a comunica\u00e7\u00e3o local e impulsionando o desenvolvimento regional. Acompanhe atrav\u00e9s de @redelitoralrs.","sameAs":["https:\/\/redelitoralrs.com","https:\/\/www.instagram.com\/redelitoralrs","https:\/\/www.youtube.com\/@redelitoralrs"],"url":"https:\/\/redelitoralrs.com\/index.php\/author\/redacaotvlitoral\/"}]}},"_links":{"self":[{"href":"https:\/\/redelitoralrs.com\/index.php\/wp-json\/wp\/v2\/posts\/24672","targetHints":{"allow":["GET"]}}],"collection":[{"href":"https:\/\/redelitoralrs.com\/index.php\/wp-json\/wp\/v2\/posts"}],"about":[{"href":"https:\/\/redelitoralrs.com\/index.php\/wp-json\/wp\/v2\/types\/post"}],"author":[{"embeddable":true,"href":"https:\/\/redelitoralrs.com\/index.php\/wp-json\/wp\/v2\/users\/2"}],"replies":[{"embeddable":true,"href":"https:\/\/redelitoralrs.com\/index.php\/wp-json\/wp\/v2\/comments?post=24672"}],"version-history":[{"count":1,"href":"https:\/\/redelitoralrs.com\/index.php\/wp-json\/wp\/v2\/posts\/24672\/revisions"}],"predecessor-version":[{"id":24674,"href":"https:\/\/redelitoralrs.com\/index.php\/wp-json\/wp\/v2\/posts\/24672\/revisions\/24674"}],"wp:featuredmedia":[{"embeddable":true,"href":"https:\/\/redelitoralrs.com\/index.php\/wp-json\/wp\/v2\/media\/24673"}],"wp:attachment":[{"href":"https:\/\/redelitoralrs.com\/index.php\/wp-json\/wp\/v2\/media?parent=24672"}],"wp:term":[{"taxonomy":"category","embeddable":true,"href":"https:\/\/redelitoralrs.com\/index.php\/wp-json\/wp\/v2\/categories?post=24672"},{"taxonomy":"post_tag","embeddable":true,"href":"https:\/\/redelitoralrs.com\/index.php\/wp-json\/wp\/v2\/tags?post=24672"}],"curies":[{"name":"wp","href":"https:\/\/api.w.org\/{rel}","templated":true}]}}