{"id":24669,"date":"2026-04-23T16:42:15","date_gmt":"2026-04-23T19:42:15","guid":{"rendered":"https:\/\/redelitoralrs.com\/?p=24669"},"modified":"2026-04-23T16:42:56","modified_gmt":"2026-04-23T19:42:56","slug":"premiacao-literaria-em-porto-alegre-destaca-talentos-e-homenageia-nomes-da-cultura-gaucha","status":"publish","type":"post","link":"https:\/\/redelitoralrs.com\/index.php\/2026\/04\/23\/premiacao-literaria-em-porto-alegre-destaca-talentos-e-homenageia-nomes-da-cultura-gaucha\/","title":{"rendered":"Premia\u00e7\u00e3o liter\u00e1ria em Porto Alegre destaca talentos e homenageia nomes da cultura ga\u00facha"},"content":{"rendered":"\n<p>A entrega da 4\u00aa edi\u00e7\u00e3o do Pr\u00eamio Mozart Pereira Soares e da Medalha Mario Quintana reuniu mais de 100 pessoas na noite de 22 de abril, em Porto Alegre, consolidando-se como um dos principais eventos culturais recentes no Estado. A cerim\u00f4nia, promovida pela Associa\u00e7\u00e3o dos Amigos da Biblioteca P\u00fablica do Estado, destacou tanto novos autores quanto personalidades com trajet\u00f3ria consolidada na literatura e na produ\u00e7\u00e3o intelectual.<\/p>\n\n\n\n<p>Entre os homenageados com a Medalha Mario Quintana, reconhecimento destinado a contribui\u00e7\u00f5es relevantes \u00e0 cultura ga\u00facha, esteve Leda Saraiva Soares, representante do Litoral Norte. Historiadora e pesquisadora, ela \u00e9 reconhecida pelo trabalho de resgate e preserva\u00e7\u00e3o da mem\u00f3ria regional, ampliando o registro hist\u00f3rico da regi\u00e3o no contexto estadual.<\/p>\n\n\n\n<p>Tamb\u00e9m receberam a honraria o professor e tradutor Donaldo Sch\u00fcler, conhecido por sua atua\u00e7\u00e3o acad\u00eamica e pela tradu\u00e7\u00e3o da obra \u201cFinnegans Wake\u201d, de James Joyce, e o m\u00e9dico e escritor Nilson Luiz May, integrante da Academia Rio-Grandense de Letras. A premia\u00e7\u00e3o destacou trajet\u00f3rias que dialogam com a produ\u00e7\u00e3o liter\u00e1ria, acad\u00eamica e cient\u00edfica.<\/p>\n\n\n\n<p>Al\u00e9m das homenagens, o evento tamb\u00e9m reconheceu novos talentos por meio do Pr\u00eamio Mozart Pereira Soares. Na categoria romance, o vencedor foi Matheus Medeiros Borges, com a obra \u201cFrankito em Chamas\u201d. Em narrativa curta, Bruno Palavro foi premiado por \u201cO Dedo do Diabo\u201d. J\u00e1 na poesia, Franciele Moser Bach venceu com \u201cA V\u00e9rtebra do Sonho\u201d. A categoria cr\u00f4nicas teve como vencedor Alexandre Leidens, com \u201cO Cigarro, o Sovaco e o Apoio de Bra\u00e7o\u201d, enquanto na literatura infantil o pr\u00eamio ficou com Luane Carol Penteado Spak, pela obra \u201cLuna e as Estrelas\u201d.<\/p>\n\n\n\n<p>A cerim\u00f4nia reuniu escritores, profissionais de diferentes \u00e1reas e representantes da sociedade, refor\u00e7ando o papel da literatura como elemento central na forma\u00e7\u00e3o cultural e no desenvolvimento do pensamento cr\u00edtico no Rio Grande do Sul.<\/p>\n","protected":false},"excerpt":{"rendered":"<p>A entrega da 4\u00aa edi\u00e7\u00e3o do Pr\u00eamio Mozart Pereira Soares e da Medalha Mario Quintana reuniu mais de 100 pessoas na noite de 22 de abril, em Porto Alegre, consolidando-se como um dos principais eventos culturais recentes no Estado. A cerim\u00f4nia, promovida pela Associa\u00e7\u00e3o dos Amigos da Biblioteca P\u00fablica do Estado, destacou tanto novos autores [&hellip;]<\/p>\n","protected":false},"author":2,"featured_media":24670,"comment_status":"open","ping_status":"open","sticky":false,"template":"","format":"standard","meta":{"_themeisle_gutenberg_block_has_review":false,"footnotes":""},"categories":[20,15],"tags":[],"class_list":["post-24669","post","type-post","status-publish","format-standard","has-post-thumbnail","hentry","category-litoral_norte","category-noticias"],"yoast_head":"<!-- This site is optimized with the Yoast SEO plugin v27.4 - https:\/\/yoast.com\/product\/yoast-seo-wordpress\/ -->\n<title>Premia\u00e7\u00e3o liter\u00e1ria em Porto Alegre destaca talentos e homenageia nomes da cultura ga\u00facha - Rede Litoral RS<\/title>\n<meta name=\"robots\" content=\"index, follow, max-snippet:-1, max-image-preview:large, max-video-preview:-1\" \/>\n<link rel=\"canonical\" href=\"https:\/\/redelitoralrs.com\/index.php\/2026\/04\/23\/premiacao-literaria-em-porto-alegre-destaca-talentos-e-homenageia-nomes-da-cultura-gaucha\/\" \/>\n<meta property=\"og:locale\" content=\"pt_BR\" \/>\n<meta property=\"og:type\" content=\"article\" \/>\n<meta property=\"og:title\" content=\"Premia\u00e7\u00e3o liter\u00e1ria em Porto Alegre destaca talentos e homenageia nomes da cultura ga\u00facha - Rede Litoral RS\" \/>\n<meta property=\"og:description\" content=\"A entrega da 4\u00aa edi\u00e7\u00e3o do Pr\u00eamio Mozart Pereira Soares e da Medalha Mario Quintana reuniu mais de 100 pessoas na noite de 22 de abril, em Porto Alegre, consolidando-se como um dos principais eventos culturais recentes no Estado. A cerim\u00f4nia, promovida pela Associa\u00e7\u00e3o dos Amigos da Biblioteca P\u00fablica do Estado, destacou tanto novos autores [&hellip;]\" \/>\n<meta property=\"og:url\" content=\"https:\/\/redelitoralrs.com\/index.php\/2026\/04\/23\/premiacao-literaria-em-porto-alegre-destaca-talentos-e-homenageia-nomes-da-cultura-gaucha\/\" \/>\n<meta property=\"og:site_name\" content=\"Rede Litoral RS\" \/>\n<meta property=\"article:publisher\" content=\"https:\/\/www.facebook.com\/tvlitoralrsoficial\" \/>\n<meta property=\"article:published_time\" content=\"2026-04-23T19:42:15+00:00\" \/>\n<meta property=\"article:modified_time\" content=\"2026-04-23T19:42:56+00:00\" \/>\n<meta property=\"og:image\" content=\"https:\/\/redelitoralrs.com\/wp-content\/uploads\/2026\/04\/leda-lino.jpg\" \/>\n\t<meta property=\"og:image:width\" content=\"891\" \/>\n\t<meta property=\"og:image:height\" content=\"764\" \/>\n\t<meta property=\"og:image:type\" content=\"image\/jpeg\" \/>\n<meta name=\"author\" content=\"Reda\u00e7\u00e3o TV Litoral\" \/>\n<meta name=\"twitter:card\" content=\"summary_large_image\" \/>\n<meta name=\"twitter:label1\" content=\"Escrito por\" \/>\n\t<meta name=\"twitter:data1\" content=\"Reda\u00e7\u00e3o TV Litoral\" \/>\n\t<meta name=\"twitter:label2\" content=\"Est. tempo de leitura\" \/>\n\t<meta name=\"twitter:data2\" content=\"2 minutos\" \/>\n<script type=\"application\/ld+json\" class=\"yoast-schema-graph\">{\"@context\":\"https:\\\/\\\/schema.org\",\"@graph\":[{\"@type\":\"Article\",\"@id\":\"https:\\\/\\\/redelitoralrs.com\\\/index.php\\\/2026\\\/04\\\/23\\\/premiacao-literaria-em-porto-alegre-destaca-talentos-e-homenageia-nomes-da-cultura-gaucha\\\/#article\",\"isPartOf\":{\"@id\":\"https:\\\/\\\/redelitoralrs.com\\\/index.php\\\/2026\\\/04\\\/23\\\/premiacao-literaria-em-porto-alegre-destaca-talentos-e-homenageia-nomes-da-cultura-gaucha\\\/\"},\"author\":{\"name\":\"Reda\u00e7\u00e3o TV Litoral\",\"@id\":\"https:\\\/\\\/redelitoralrs.com\\\/#\\\/schema\\\/person\\\/9f8181f2a7359dd3986f05ebaf5bd68a\"},\"headline\":\"Premia\u00e7\u00e3o liter\u00e1ria em Porto Alegre destaca talentos e homenageia nomes da cultura ga\u00facha\",\"datePublished\":\"2026-04-23T19:42:15+00:00\",\"dateModified\":\"2026-04-23T19:42:56+00:00\",\"mainEntityOfPage\":{\"@id\":\"https:\\\/\\\/redelitoralrs.com\\\/index.php\\\/2026\\\/04\\\/23\\\/premiacao-literaria-em-porto-alegre-destaca-talentos-e-homenageia-nomes-da-cultura-gaucha\\\/\"},\"wordCount\":338,\"commentCount\":0,\"publisher\":{\"@id\":\"https:\\\/\\\/redelitoralrs.com\\\/#organization\"},\"image\":{\"@id\":\"https:\\\/\\\/redelitoralrs.com\\\/index.php\\\/2026\\\/04\\\/23\\\/premiacao-literaria-em-porto-alegre-destaca-talentos-e-homenageia-nomes-da-cultura-gaucha\\\/#primaryimage\"},\"thumbnailUrl\":\"https:\\\/\\\/redelitoralrs.com\\\/wp-content\\\/uploads\\\/2026\\\/04\\\/leda-lino.jpg\",\"articleSection\":[\"Litoral Norte\",\"\u00daltimas not\u00edcias\"],\"inLanguage\":\"pt-BR\",\"potentialAction\":[{\"@type\":\"CommentAction\",\"name\":\"Comment\",\"target\":[\"https:\\\/\\\/redelitoralrs.com\\\/index.php\\\/2026\\\/04\\\/23\\\/premiacao-literaria-em-porto-alegre-destaca-talentos-e-homenageia-nomes-da-cultura-gaucha\\\/#respond\"]}]},{\"@type\":\"WebPage\",\"@id\":\"https:\\\/\\\/redelitoralrs.com\\\/index.php\\\/2026\\\/04\\\/23\\\/premiacao-literaria-em-porto-alegre-destaca-talentos-e-homenageia-nomes-da-cultura-gaucha\\\/\",\"url\":\"https:\\\/\\\/redelitoralrs.com\\\/index.php\\\/2026\\\/04\\\/23\\\/premiacao-literaria-em-porto-alegre-destaca-talentos-e-homenageia-nomes-da-cultura-gaucha\\\/\",\"name\":\"Premia\u00e7\u00e3o liter\u00e1ria em Porto Alegre destaca talentos e homenageia nomes da cultura ga\u00facha - Rede Litoral RS\",\"isPartOf\":{\"@id\":\"https:\\\/\\\/redelitoralrs.com\\\/#website\"},\"primaryImageOfPage\":{\"@id\":\"https:\\\/\\\/redelitoralrs.com\\\/index.php\\\/2026\\\/04\\\/23\\\/premiacao-literaria-em-porto-alegre-destaca-talentos-e-homenageia-nomes-da-cultura-gaucha\\\/#primaryimage\"},\"image\":{\"@id\":\"https:\\\/\\\/redelitoralrs.com\\\/index.php\\\/2026\\\/04\\\/23\\\/premiacao-literaria-em-porto-alegre-destaca-talentos-e-homenageia-nomes-da-cultura-gaucha\\\/#primaryimage\"},\"thumbnailUrl\":\"https:\\\/\\\/redelitoralrs.com\\\/wp-content\\\/uploads\\\/2026\\\/04\\\/leda-lino.jpg\",\"datePublished\":\"2026-04-23T19:42:15+00:00\",\"dateModified\":\"2026-04-23T19:42:56+00:00\",\"breadcrumb\":{\"@id\":\"https:\\\/\\\/redelitoralrs.com\\\/index.php\\\/2026\\\/04\\\/23\\\/premiacao-literaria-em-porto-alegre-destaca-talentos-e-homenageia-nomes-da-cultura-gaucha\\\/#breadcrumb\"},\"inLanguage\":\"pt-BR\",\"potentialAction\":[{\"@type\":\"ReadAction\",\"target\":[\"https:\\\/\\\/redelitoralrs.com\\\/index.php\\\/2026\\\/04\\\/23\\\/premiacao-literaria-em-porto-alegre-destaca-talentos-e-homenageia-nomes-da-cultura-gaucha\\\/\"]}]},{\"@type\":\"ImageObject\",\"inLanguage\":\"pt-BR\",\"@id\":\"https:\\\/\\\/redelitoralrs.com\\\/index.php\\\/2026\\\/04\\\/23\\\/premiacao-literaria-em-porto-alegre-destaca-talentos-e-homenageia-nomes-da-cultura-gaucha\\\/#primaryimage\",\"url\":\"https:\\\/\\\/redelitoralrs.com\\\/wp-content\\\/uploads\\\/2026\\\/04\\\/leda-lino.jpg\",\"contentUrl\":\"https:\\\/\\\/redelitoralrs.com\\\/wp-content\\\/uploads\\\/2026\\\/04\\\/leda-lino.jpg\",\"width\":891,\"height\":764,\"caption\":\"Foto: Divulga\u00e7\u00e3o\"},{\"@type\":\"BreadcrumbList\",\"@id\":\"https:\\\/\\\/redelitoralrs.com\\\/index.php\\\/2026\\\/04\\\/23\\\/premiacao-literaria-em-porto-alegre-destaca-talentos-e-homenageia-nomes-da-cultura-gaucha\\\/#breadcrumb\",\"itemListElement\":[{\"@type\":\"ListItem\",\"position\":1,\"name\":\"In\u00edcio\",\"item\":\"https:\\\/\\\/redelitoralrs.com\\\/\"},{\"@type\":\"ListItem\",\"position\":2,\"name\":\"Premia\u00e7\u00e3o liter\u00e1ria em Porto Alegre destaca talentos e homenageia nomes da cultura ga\u00facha\"}]},{\"@type\":\"WebSite\",\"@id\":\"https:\\\/\\\/redelitoralrs.com\\\/#website\",\"url\":\"https:\\\/\\\/redelitoralrs.com\\\/\",\"name\":\"TV Litoral\",\"description\":\"Acompanhe tudo do litoral ga\u00facho com a cobertura completa e atualizada da Rede Litoral RS. Nossos jornalistas trazem as \u00faltimas not\u00edcias, os acontecimentos mais quentes e as hist\u00f3rias que importam sobre nosso amado litoral.\",\"publisher\":{\"@id\":\"https:\\\/\\\/redelitoralrs.com\\\/#organization\"},\"potentialAction\":[{\"@type\":\"SearchAction\",\"target\":{\"@type\":\"EntryPoint\",\"urlTemplate\":\"https:\\\/\\\/redelitoralrs.com\\\/?s={search_term_string}\"},\"query-input\":{\"@type\":\"PropertyValueSpecification\",\"valueRequired\":true,\"valueName\":\"search_term_string\"}}],\"inLanguage\":\"pt-BR\"},{\"@type\":\"Organization\",\"@id\":\"https:\\\/\\\/redelitoralrs.com\\\/#organization\",\"name\":\"TV Litoral\",\"url\":\"https:\\\/\\\/redelitoralrs.com\\\/\",\"logo\":{\"@type\":\"ImageObject\",\"inLanguage\":\"pt-BR\",\"@id\":\"https:\\\/\\\/redelitoralrs.com\\\/#\\\/schema\\\/logo\\\/image\\\/\",\"url\":\"https:\\\/\\\/redelitoralrs.com\\\/wp-content\\\/uploads\\\/2024\\\/01\\\/faviconicon-1-1.png\",\"contentUrl\":\"https:\\\/\\\/redelitoralrs.com\\\/wp-content\\\/uploads\\\/2024\\\/01\\\/faviconicon-1-1.png\",\"width\":454,\"height\":454,\"caption\":\"TV Litoral\"},\"image\":{\"@id\":\"https:\\\/\\\/redelitoralrs.com\\\/#\\\/schema\\\/logo\\\/image\\\/\"},\"sameAs\":[\"https:\\\/\\\/www.facebook.com\\\/tvlitoralrsoficial\",\"https:\\\/\\\/www.instagram.com\\\/tvlitoral.rs\"]},{\"@type\":\"Person\",\"@id\":\"https:\\\/\\\/redelitoralrs.com\\\/#\\\/schema\\\/person\\\/9f8181f2a7359dd3986f05ebaf5bd68a\",\"name\":\"Reda\u00e7\u00e3o TV Litoral\",\"image\":{\"@type\":\"ImageObject\",\"inLanguage\":\"pt-BR\",\"@id\":\"https:\\\/\\\/redelitoralrs.com\\\/wp-content\\\/litespeed\\\/avatar\\\/779aafbb45e66c7f82733e21abb48259.jpg?ver=1776956734\",\"url\":\"https:\\\/\\\/redelitoralrs.com\\\/wp-content\\\/litespeed\\\/avatar\\\/779aafbb45e66c7f82733e21abb48259.jpg?ver=1776956734\",\"contentUrl\":\"https:\\\/\\\/redelitoralrs.com\\\/wp-content\\\/litespeed\\\/avatar\\\/779aafbb45e66c7f82733e21abb48259.jpg?ver=1776956734\",\"caption\":\"Reda\u00e7\u00e3o TV Litoral\"},\"description\":\"A Rede Litoral de Comunica\u00e7\u00e3o \u00e9 um grupo de m\u00eddia multiplataforma do Litoral Norte do RS. Com atua\u00e7\u00e3o em TV, r\u00e1dio, portal e redes sociais, levamos informa\u00e7\u00e3o, conte\u00fado e entretenimento \u00e0 comunidade, fortalecendo a comunica\u00e7\u00e3o local e impulsionando o desenvolvimento regional. Acompanhe atrav\u00e9s de @redelitoralrs.\",\"sameAs\":[\"https:\\\/\\\/redelitoralrs.com\",\"https:\\\/\\\/www.instagram.com\\\/redelitoralrs\",\"https:\\\/\\\/www.youtube.com\\\/@redelitoralrs\"],\"url\":\"https:\\\/\\\/redelitoralrs.com\\\/index.php\\\/author\\\/redacaotvlitoral\\\/\"}]}<\/script>\n<!-- \/ Yoast SEO plugin. -->","yoast_head_json":{"title":"Premia\u00e7\u00e3o liter\u00e1ria em Porto Alegre destaca talentos e homenageia nomes da cultura ga\u00facha - Rede Litoral RS","robots":{"index":"index","follow":"follow","max-snippet":"max-snippet:-1","max-image-preview":"max-image-preview:large","max-video-preview":"max-video-preview:-1"},"canonical":"https:\/\/redelitoralrs.com\/index.php\/2026\/04\/23\/premiacao-literaria-em-porto-alegre-destaca-talentos-e-homenageia-nomes-da-cultura-gaucha\/","og_locale":"pt_BR","og_type":"article","og_title":"Premia\u00e7\u00e3o liter\u00e1ria em Porto Alegre destaca talentos e homenageia nomes da cultura ga\u00facha - Rede Litoral RS","og_description":"A entrega da 4\u00aa edi\u00e7\u00e3o do Pr\u00eamio Mozart Pereira Soares e da Medalha Mario Quintana reuniu mais de 100 pessoas na noite de 22 de abril, em Porto Alegre, consolidando-se como um dos principais eventos culturais recentes no Estado. A cerim\u00f4nia, promovida pela Associa\u00e7\u00e3o dos Amigos da Biblioteca P\u00fablica do Estado, destacou tanto novos autores [&hellip;]","og_url":"https:\/\/redelitoralrs.com\/index.php\/2026\/04\/23\/premiacao-literaria-em-porto-alegre-destaca-talentos-e-homenageia-nomes-da-cultura-gaucha\/","og_site_name":"Rede Litoral RS","article_publisher":"https:\/\/www.facebook.com\/tvlitoralrsoficial","article_published_time":"2026-04-23T19:42:15+00:00","article_modified_time":"2026-04-23T19:42:56+00:00","og_image":[{"width":891,"height":764,"url":"https:\/\/redelitoralrs.com\/wp-content\/uploads\/2026\/04\/leda-lino.jpg","type":"image\/jpeg"}],"author":"Reda\u00e7\u00e3o TV Litoral","twitter_card":"summary_large_image","twitter_misc":{"Escrito por":"Reda\u00e7\u00e3o TV Litoral","Est. tempo de leitura":"2 minutos"},"schema":{"@context":"https:\/\/schema.org","@graph":[{"@type":"Article","@id":"https:\/\/redelitoralrs.com\/index.php\/2026\/04\/23\/premiacao-literaria-em-porto-alegre-destaca-talentos-e-homenageia-nomes-da-cultura-gaucha\/#article","isPartOf":{"@id":"https:\/\/redelitoralrs.com\/index.php\/2026\/04\/23\/premiacao-literaria-em-porto-alegre-destaca-talentos-e-homenageia-nomes-da-cultura-gaucha\/"},"author":{"name":"Reda\u00e7\u00e3o TV Litoral","@id":"https:\/\/redelitoralrs.com\/#\/schema\/person\/9f8181f2a7359dd3986f05ebaf5bd68a"},"headline":"Premia\u00e7\u00e3o liter\u00e1ria em Porto Alegre destaca talentos e homenageia nomes da cultura ga\u00facha","datePublished":"2026-04-23T19:42:15+00:00","dateModified":"2026-04-23T19:42:56+00:00","mainEntityOfPage":{"@id":"https:\/\/redelitoralrs.com\/index.php\/2026\/04\/23\/premiacao-literaria-em-porto-alegre-destaca-talentos-e-homenageia-nomes-da-cultura-gaucha\/"},"wordCount":338,"commentCount":0,"publisher":{"@id":"https:\/\/redelitoralrs.com\/#organization"},"image":{"@id":"https:\/\/redelitoralrs.com\/index.php\/2026\/04\/23\/premiacao-literaria-em-porto-alegre-destaca-talentos-e-homenageia-nomes-da-cultura-gaucha\/#primaryimage"},"thumbnailUrl":"https:\/\/redelitoralrs.com\/wp-content\/uploads\/2026\/04\/leda-lino.jpg","articleSection":["Litoral Norte","\u00daltimas not\u00edcias"],"inLanguage":"pt-BR","potentialAction":[{"@type":"CommentAction","name":"Comment","target":["https:\/\/redelitoralrs.com\/index.php\/2026\/04\/23\/premiacao-literaria-em-porto-alegre-destaca-talentos-e-homenageia-nomes-da-cultura-gaucha\/#respond"]}]},{"@type":"WebPage","@id":"https:\/\/redelitoralrs.com\/index.php\/2026\/04\/23\/premiacao-literaria-em-porto-alegre-destaca-talentos-e-homenageia-nomes-da-cultura-gaucha\/","url":"https:\/\/redelitoralrs.com\/index.php\/2026\/04\/23\/premiacao-literaria-em-porto-alegre-destaca-talentos-e-homenageia-nomes-da-cultura-gaucha\/","name":"Premia\u00e7\u00e3o liter\u00e1ria em Porto Alegre destaca talentos e homenageia nomes da cultura ga\u00facha - Rede Litoral RS","isPartOf":{"@id":"https:\/\/redelitoralrs.com\/#website"},"primaryImageOfPage":{"@id":"https:\/\/redelitoralrs.com\/index.php\/2026\/04\/23\/premiacao-literaria-em-porto-alegre-destaca-talentos-e-homenageia-nomes-da-cultura-gaucha\/#primaryimage"},"image":{"@id":"https:\/\/redelitoralrs.com\/index.php\/2026\/04\/23\/premiacao-literaria-em-porto-alegre-destaca-talentos-e-homenageia-nomes-da-cultura-gaucha\/#primaryimage"},"thumbnailUrl":"https:\/\/redelitoralrs.com\/wp-content\/uploads\/2026\/04\/leda-lino.jpg","datePublished":"2026-04-23T19:42:15+00:00","dateModified":"2026-04-23T19:42:56+00:00","breadcrumb":{"@id":"https:\/\/redelitoralrs.com\/index.php\/2026\/04\/23\/premiacao-literaria-em-porto-alegre-destaca-talentos-e-homenageia-nomes-da-cultura-gaucha\/#breadcrumb"},"inLanguage":"pt-BR","potentialAction":[{"@type":"ReadAction","target":["https:\/\/redelitoralrs.com\/index.php\/2026\/04\/23\/premiacao-literaria-em-porto-alegre-destaca-talentos-e-homenageia-nomes-da-cultura-gaucha\/"]}]},{"@type":"ImageObject","inLanguage":"pt-BR","@id":"https:\/\/redelitoralrs.com\/index.php\/2026\/04\/23\/premiacao-literaria-em-porto-alegre-destaca-talentos-e-homenageia-nomes-da-cultura-gaucha\/#primaryimage","url":"https:\/\/redelitoralrs.com\/wp-content\/uploads\/2026\/04\/leda-lino.jpg","contentUrl":"https:\/\/redelitoralrs.com\/wp-content\/uploads\/2026\/04\/leda-lino.jpg","width":891,"height":764,"caption":"Foto: Divulga\u00e7\u00e3o"},{"@type":"BreadcrumbList","@id":"https:\/\/redelitoralrs.com\/index.php\/2026\/04\/23\/premiacao-literaria-em-porto-alegre-destaca-talentos-e-homenageia-nomes-da-cultura-gaucha\/#breadcrumb","itemListElement":[{"@type":"ListItem","position":1,"name":"In\u00edcio","item":"https:\/\/redelitoralrs.com\/"},{"@type":"ListItem","position":2,"name":"Premia\u00e7\u00e3o liter\u00e1ria em Porto Alegre destaca talentos e homenageia nomes da cultura ga\u00facha"}]},{"@type":"WebSite","@id":"https:\/\/redelitoralrs.com\/#website","url":"https:\/\/redelitoralrs.com\/","name":"TV Litoral","description":"Acompanhe tudo do litoral ga\u00facho com a cobertura completa e atualizada da Rede Litoral RS. Nossos jornalistas trazem as \u00faltimas not\u00edcias, os acontecimentos mais quentes e as hist\u00f3rias que importam sobre nosso amado litoral.","publisher":{"@id":"https:\/\/redelitoralrs.com\/#organization"},"potentialAction":[{"@type":"SearchAction","target":{"@type":"EntryPoint","urlTemplate":"https:\/\/redelitoralrs.com\/?s={search_term_string}"},"query-input":{"@type":"PropertyValueSpecification","valueRequired":true,"valueName":"search_term_string"}}],"inLanguage":"pt-BR"},{"@type":"Organization","@id":"https:\/\/redelitoralrs.com\/#organization","name":"TV Litoral","url":"https:\/\/redelitoralrs.com\/","logo":{"@type":"ImageObject","inLanguage":"pt-BR","@id":"https:\/\/redelitoralrs.com\/#\/schema\/logo\/image\/","url":"https:\/\/redelitoralrs.com\/wp-content\/uploads\/2024\/01\/faviconicon-1-1.png","contentUrl":"https:\/\/redelitoralrs.com\/wp-content\/uploads\/2024\/01\/faviconicon-1-1.png","width":454,"height":454,"caption":"TV Litoral"},"image":{"@id":"https:\/\/redelitoralrs.com\/#\/schema\/logo\/image\/"},"sameAs":["https:\/\/www.facebook.com\/tvlitoralrsoficial","https:\/\/www.instagram.com\/tvlitoral.rs"]},{"@type":"Person","@id":"https:\/\/redelitoralrs.com\/#\/schema\/person\/9f8181f2a7359dd3986f05ebaf5bd68a","name":"Reda\u00e7\u00e3o TV Litoral","image":{"@type":"ImageObject","inLanguage":"pt-BR","@id":"https:\/\/redelitoralrs.com\/wp-content\/litespeed\/avatar\/779aafbb45e66c7f82733e21abb48259.jpg?ver=1776956734","url":"https:\/\/redelitoralrs.com\/wp-content\/litespeed\/avatar\/779aafbb45e66c7f82733e21abb48259.jpg?ver=1776956734","contentUrl":"https:\/\/redelitoralrs.com\/wp-content\/litespeed\/avatar\/779aafbb45e66c7f82733e21abb48259.jpg?ver=1776956734","caption":"Reda\u00e7\u00e3o TV Litoral"},"description":"A Rede Litoral de Comunica\u00e7\u00e3o \u00e9 um grupo de m\u00eddia multiplataforma do Litoral Norte do RS. Com atua\u00e7\u00e3o em TV, r\u00e1dio, portal e redes sociais, levamos informa\u00e7\u00e3o, conte\u00fado e entretenimento \u00e0 comunidade, fortalecendo a comunica\u00e7\u00e3o local e impulsionando o desenvolvimento regional. Acompanhe atrav\u00e9s de @redelitoralrs.","sameAs":["https:\/\/redelitoralrs.com","https:\/\/www.instagram.com\/redelitoralrs","https:\/\/www.youtube.com\/@redelitoralrs"],"url":"https:\/\/redelitoralrs.com\/index.php\/author\/redacaotvlitoral\/"}]}},"_links":{"self":[{"href":"https:\/\/redelitoralrs.com\/index.php\/wp-json\/wp\/v2\/posts\/24669","targetHints":{"allow":["GET"]}}],"collection":[{"href":"https:\/\/redelitoralrs.com\/index.php\/wp-json\/wp\/v2\/posts"}],"about":[{"href":"https:\/\/redelitoralrs.com\/index.php\/wp-json\/wp\/v2\/types\/post"}],"author":[{"embeddable":true,"href":"https:\/\/redelitoralrs.com\/index.php\/wp-json\/wp\/v2\/users\/2"}],"replies":[{"embeddable":true,"href":"https:\/\/redelitoralrs.com\/index.php\/wp-json\/wp\/v2\/comments?post=24669"}],"version-history":[{"count":1,"href":"https:\/\/redelitoralrs.com\/index.php\/wp-json\/wp\/v2\/posts\/24669\/revisions"}],"predecessor-version":[{"id":24671,"href":"https:\/\/redelitoralrs.com\/index.php\/wp-json\/wp\/v2\/posts\/24669\/revisions\/24671"}],"wp:featuredmedia":[{"embeddable":true,"href":"https:\/\/redelitoralrs.com\/index.php\/wp-json\/wp\/v2\/media\/24670"}],"wp:attachment":[{"href":"https:\/\/redelitoralrs.com\/index.php\/wp-json\/wp\/v2\/media?parent=24669"}],"wp:term":[{"taxonomy":"category","embeddable":true,"href":"https:\/\/redelitoralrs.com\/index.php\/wp-json\/wp\/v2\/categories?post=24669"},{"taxonomy":"post_tag","embeddable":true,"href":"https:\/\/redelitoralrs.com\/index.php\/wp-json\/wp\/v2\/tags?post=24669"}],"curies":[{"name":"wp","href":"https:\/\/api.w.org\/{rel}","templated":true}]}}