{"id":24657,"date":"2026-04-23T16:02:01","date_gmt":"2026-04-23T19:02:01","guid":{"rendered":"https:\/\/redelitoralrs.com\/?p=24657"},"modified":"2026-04-23T16:02:02","modified_gmt":"2026-04-23T19:02:02","slug":"prefeito-de-imbe-ique-vedovato-assume-presidencia-da-famurs-para-gestao-2026-2027","status":"publish","type":"post","link":"https:\/\/redelitoralrs.com\/index.php\/2026\/04\/23\/prefeito-de-imbe-ique-vedovato-assume-presidencia-da-famurs-para-gestao-2026-2027\/","title":{"rendered":"Prefeito de Imb\u00e9, Ique Vedovato, assume presid\u00eancia da Famurs para gest\u00e3o 2026\/2027"},"content":{"rendered":"\n<p>O prefeito de Imb\u00e9, Ique Vedovato, assumiu nesta quarta-feira (22) a presid\u00eancia da Federa\u00e7\u00e3o das Associa\u00e7\u00f5es de Munic\u00edpios do Rio Grande do Sul para a gest\u00e3o 2026\/2027. O in\u00edcio do novo ciclo administrativo foi marcado por ato solene realizado na sede da entidade, dando in\u00edcio imediato \u00e0s atividades da nova diretoria.<\/p>\n\n\n\n<p>A cerim\u00f4nia oficial de posse e transmiss\u00e3o de cargo est\u00e1 marcada para o dia 30 de abril, no Parque Municipal de Eventos, em Imb\u00e9, integrando a programa\u00e7\u00e3o do evento Municipalismo Em Foco, que reunir\u00e1 gestores p\u00fablicos de diversas regi\u00f5es do Estado para discutir pautas relacionadas ao desenvolvimento dos munic\u00edpios.<\/p>\n\n\n\n<p>A nova gest\u00e3o assume em um momento simb\u00f3lico para a entidade, que completa 50 anos em 2026, com a proposta de fortalecer a atua\u00e7\u00e3o institucional e ampliar o suporte \u00e0s administra\u00e7\u00f5es municipais. A composi\u00e7\u00e3o do Conselho de Administra\u00e7\u00e3o inclui prefeitos de diferentes regi\u00f5es do Estado, com o objetivo de garantir representatividade e atua\u00e7\u00e3o descentralizada.<\/p>\n\n\n\n<p>Entre os integrantes da diretoria est\u00e3o Jo\u00e3ozinho Sehnem, Gustavo Finck, Amarildo Luis da Silva, Arlei Luis Tomazoni, Leandro Balardin, Darlene Pereira e Pablo Mari, que atuar\u00e3o como vice-presidentes representando diferentes regi\u00f5es do Rio Grande do Sul.<\/p>\n\n\n\n<p>Logo ap\u00f3s o ato solene, o novo presidente conduziu uma Assembleia Geral Extraordin\u00e1ria para tratar de pautas administrativas consideradas priorit\u00e1rias para o funcionamento da Federa\u00e7\u00e3o. A Famurs tem papel estrat\u00e9gico na articula\u00e7\u00e3o entre os munic\u00edpios ga\u00fachos e na constru\u00e7\u00e3o de pol\u00edticas p\u00fablicas voltadas ao desenvolvimento regional.<\/p>\n","protected":false},"excerpt":{"rendered":"<p>O prefeito de Imb\u00e9, Ique Vedovato, assumiu nesta quarta-feira (22) a presid\u00eancia da Federa\u00e7\u00e3o das Associa\u00e7\u00f5es de Munic\u00edpios do Rio Grande do Sul para a gest\u00e3o 2026\/2027. O in\u00edcio do novo ciclo administrativo foi marcado por ato solene realizado na sede da entidade, dando in\u00edcio imediato \u00e0s atividades da nova diretoria. A cerim\u00f4nia oficial de [&hellip;]<\/p>\n","protected":false},"author":2,"featured_media":24658,"comment_status":"open","ping_status":"open","sticky":false,"template":"","format":"standard","meta":{"_themeisle_gutenberg_block_has_review":false,"footnotes":""},"categories":[30,15],"tags":[],"class_list":["post-24657","post","type-post","status-publish","format-standard","has-post-thumbnail","hentry","category-imbe","category-noticias"],"yoast_head":"<!-- This site is optimized with the Yoast SEO plugin v27.4 - https:\/\/yoast.com\/product\/yoast-seo-wordpress\/ -->\n<title>Prefeito de Imb\u00e9, Ique Vedovato, assume presid\u00eancia da Famurs para gest\u00e3o 2026\/2027 - Rede Litoral RS<\/title>\n<meta name=\"robots\" content=\"index, follow, max-snippet:-1, max-image-preview:large, max-video-preview:-1\" \/>\n<link rel=\"canonical\" href=\"https:\/\/redelitoralrs.com\/index.php\/2026\/04\/23\/prefeito-de-imbe-ique-vedovato-assume-presidencia-da-famurs-para-gestao-2026-2027\/\" \/>\n<meta property=\"og:locale\" content=\"pt_BR\" \/>\n<meta property=\"og:type\" content=\"article\" \/>\n<meta property=\"og:title\" content=\"Prefeito de Imb\u00e9, Ique Vedovato, assume presid\u00eancia da Famurs para gest\u00e3o 2026\/2027 - Rede Litoral RS\" \/>\n<meta property=\"og:description\" content=\"O prefeito de Imb\u00e9, Ique Vedovato, assumiu nesta quarta-feira (22) a presid\u00eancia da Federa\u00e7\u00e3o das Associa\u00e7\u00f5es de Munic\u00edpios do Rio Grande do Sul para a gest\u00e3o 2026\/2027. O in\u00edcio do novo ciclo administrativo foi marcado por ato solene realizado na sede da entidade, dando in\u00edcio imediato \u00e0s atividades da nova diretoria. A cerim\u00f4nia oficial de [&hellip;]\" \/>\n<meta property=\"og:url\" content=\"https:\/\/redelitoralrs.com\/index.php\/2026\/04\/23\/prefeito-de-imbe-ique-vedovato-assume-presidencia-da-famurs-para-gestao-2026-2027\/\" \/>\n<meta property=\"og:site_name\" content=\"Rede Litoral RS\" \/>\n<meta property=\"article:publisher\" content=\"https:\/\/www.facebook.com\/tvlitoralrsoficial\" \/>\n<meta property=\"article:published_time\" content=\"2026-04-23T19:02:01+00:00\" \/>\n<meta property=\"article:modified_time\" content=\"2026-04-23T19:02:02+00:00\" \/>\n<meta property=\"og:image\" content=\"https:\/\/redelitoralrs.com\/wp-content\/uploads\/2026\/04\/Ique-assume-a-presidencia-da-Famurs-em-ato-solene-na-sede-da-entidade-foto-Andre-Bresolin-Ascom-Famurs-1.jpeg\" \/>\n\t<meta property=\"og:image:width\" content=\"1600\" \/>\n\t<meta property=\"og:image:height\" content=\"1069\" \/>\n\t<meta property=\"og:image:type\" content=\"image\/jpeg\" \/>\n<meta name=\"author\" content=\"Reda\u00e7\u00e3o TV Litoral\" \/>\n<meta name=\"twitter:card\" content=\"summary_large_image\" \/>\n<meta name=\"twitter:label1\" content=\"Escrito por\" \/>\n\t<meta name=\"twitter:data1\" content=\"Reda\u00e7\u00e3o TV Litoral\" \/>\n\t<meta name=\"twitter:label2\" content=\"Est. tempo de leitura\" \/>\n\t<meta name=\"twitter:data2\" content=\"2 minutos\" \/>\n<script type=\"application\/ld+json\" class=\"yoast-schema-graph\">{\"@context\":\"https:\\\/\\\/schema.org\",\"@graph\":[{\"@type\":\"Article\",\"@id\":\"https:\\\/\\\/redelitoralrs.com\\\/index.php\\\/2026\\\/04\\\/23\\\/prefeito-de-imbe-ique-vedovato-assume-presidencia-da-famurs-para-gestao-2026-2027\\\/#article\",\"isPartOf\":{\"@id\":\"https:\\\/\\\/redelitoralrs.com\\\/index.php\\\/2026\\\/04\\\/23\\\/prefeito-de-imbe-ique-vedovato-assume-presidencia-da-famurs-para-gestao-2026-2027\\\/\"},\"author\":{\"name\":\"Reda\u00e7\u00e3o TV Litoral\",\"@id\":\"https:\\\/\\\/redelitoralrs.com\\\/#\\\/schema\\\/person\\\/9f8181f2a7359dd3986f05ebaf5bd68a\"},\"headline\":\"Prefeito de Imb\u00e9, Ique Vedovato, assume presid\u00eancia da Famurs para gest\u00e3o 2026\\\/2027\",\"datePublished\":\"2026-04-23T19:02:01+00:00\",\"dateModified\":\"2026-04-23T19:02:02+00:00\",\"mainEntityOfPage\":{\"@id\":\"https:\\\/\\\/redelitoralrs.com\\\/index.php\\\/2026\\\/04\\\/23\\\/prefeito-de-imbe-ique-vedovato-assume-presidencia-da-famurs-para-gestao-2026-2027\\\/\"},\"wordCount\":280,\"commentCount\":0,\"publisher\":{\"@id\":\"https:\\\/\\\/redelitoralrs.com\\\/#organization\"},\"image\":{\"@id\":\"https:\\\/\\\/redelitoralrs.com\\\/index.php\\\/2026\\\/04\\\/23\\\/prefeito-de-imbe-ique-vedovato-assume-presidencia-da-famurs-para-gestao-2026-2027\\\/#primaryimage\"},\"thumbnailUrl\":\"https:\\\/\\\/redelitoralrs.com\\\/wp-content\\\/uploads\\\/2026\\\/04\\\/Ique-assume-a-presidencia-da-Famurs-em-ato-solene-na-sede-da-entidade-foto-Andre-Bresolin-Ascom-Famurs-1.jpeg\",\"articleSection\":[\"Imb\u00e9\",\"\u00daltimas not\u00edcias\"],\"inLanguage\":\"pt-BR\",\"potentialAction\":[{\"@type\":\"CommentAction\",\"name\":\"Comment\",\"target\":[\"https:\\\/\\\/redelitoralrs.com\\\/index.php\\\/2026\\\/04\\\/23\\\/prefeito-de-imbe-ique-vedovato-assume-presidencia-da-famurs-para-gestao-2026-2027\\\/#respond\"]}]},{\"@type\":\"WebPage\",\"@id\":\"https:\\\/\\\/redelitoralrs.com\\\/index.php\\\/2026\\\/04\\\/23\\\/prefeito-de-imbe-ique-vedovato-assume-presidencia-da-famurs-para-gestao-2026-2027\\\/\",\"url\":\"https:\\\/\\\/redelitoralrs.com\\\/index.php\\\/2026\\\/04\\\/23\\\/prefeito-de-imbe-ique-vedovato-assume-presidencia-da-famurs-para-gestao-2026-2027\\\/\",\"name\":\"Prefeito de Imb\u00e9, Ique Vedovato, assume presid\u00eancia da Famurs para gest\u00e3o 2026\\\/2027 - Rede Litoral RS\",\"isPartOf\":{\"@id\":\"https:\\\/\\\/redelitoralrs.com\\\/#website\"},\"primaryImageOfPage\":{\"@id\":\"https:\\\/\\\/redelitoralrs.com\\\/index.php\\\/2026\\\/04\\\/23\\\/prefeito-de-imbe-ique-vedovato-assume-presidencia-da-famurs-para-gestao-2026-2027\\\/#primaryimage\"},\"image\":{\"@id\":\"https:\\\/\\\/redelitoralrs.com\\\/index.php\\\/2026\\\/04\\\/23\\\/prefeito-de-imbe-ique-vedovato-assume-presidencia-da-famurs-para-gestao-2026-2027\\\/#primaryimage\"},\"thumbnailUrl\":\"https:\\\/\\\/redelitoralrs.com\\\/wp-content\\\/uploads\\\/2026\\\/04\\\/Ique-assume-a-presidencia-da-Famurs-em-ato-solene-na-sede-da-entidade-foto-Andre-Bresolin-Ascom-Famurs-1.jpeg\",\"datePublished\":\"2026-04-23T19:02:01+00:00\",\"dateModified\":\"2026-04-23T19:02:02+00:00\",\"breadcrumb\":{\"@id\":\"https:\\\/\\\/redelitoralrs.com\\\/index.php\\\/2026\\\/04\\\/23\\\/prefeito-de-imbe-ique-vedovato-assume-presidencia-da-famurs-para-gestao-2026-2027\\\/#breadcrumb\"},\"inLanguage\":\"pt-BR\",\"potentialAction\":[{\"@type\":\"ReadAction\",\"target\":[\"https:\\\/\\\/redelitoralrs.com\\\/index.php\\\/2026\\\/04\\\/23\\\/prefeito-de-imbe-ique-vedovato-assume-presidencia-da-famurs-para-gestao-2026-2027\\\/\"]}]},{\"@type\":\"ImageObject\",\"inLanguage\":\"pt-BR\",\"@id\":\"https:\\\/\\\/redelitoralrs.com\\\/index.php\\\/2026\\\/04\\\/23\\\/prefeito-de-imbe-ique-vedovato-assume-presidencia-da-famurs-para-gestao-2026-2027\\\/#primaryimage\",\"url\":\"https:\\\/\\\/redelitoralrs.com\\\/wp-content\\\/uploads\\\/2026\\\/04\\\/Ique-assume-a-presidencia-da-Famurs-em-ato-solene-na-sede-da-entidade-foto-Andre-Bresolin-Ascom-Famurs-1.jpeg\",\"contentUrl\":\"https:\\\/\\\/redelitoralrs.com\\\/wp-content\\\/uploads\\\/2026\\\/04\\\/Ique-assume-a-presidencia-da-Famurs-em-ato-solene-na-sede-da-entidade-foto-Andre-Bresolin-Ascom-Famurs-1.jpeg\",\"width\":1600,\"height\":1069,\"caption\":\"Foto: Andr\u00e9 Bresolin\\\/FAMURS\"},{\"@type\":\"BreadcrumbList\",\"@id\":\"https:\\\/\\\/redelitoralrs.com\\\/index.php\\\/2026\\\/04\\\/23\\\/prefeito-de-imbe-ique-vedovato-assume-presidencia-da-famurs-para-gestao-2026-2027\\\/#breadcrumb\",\"itemListElement\":[{\"@type\":\"ListItem\",\"position\":1,\"name\":\"In\u00edcio\",\"item\":\"https:\\\/\\\/redelitoralrs.com\\\/\"},{\"@type\":\"ListItem\",\"position\":2,\"name\":\"Prefeito de Imb\u00e9, Ique Vedovato, assume presid\u00eancia da Famurs para gest\u00e3o 2026\\\/2027\"}]},{\"@type\":\"WebSite\",\"@id\":\"https:\\\/\\\/redelitoralrs.com\\\/#website\",\"url\":\"https:\\\/\\\/redelitoralrs.com\\\/\",\"name\":\"TV Litoral\",\"description\":\"Acompanhe tudo do litoral ga\u00facho com a cobertura completa e atualizada da Rede Litoral RS. Nossos jornalistas trazem as \u00faltimas not\u00edcias, os acontecimentos mais quentes e as hist\u00f3rias que importam sobre nosso amado litoral.\",\"publisher\":{\"@id\":\"https:\\\/\\\/redelitoralrs.com\\\/#organization\"},\"potentialAction\":[{\"@type\":\"SearchAction\",\"target\":{\"@type\":\"EntryPoint\",\"urlTemplate\":\"https:\\\/\\\/redelitoralrs.com\\\/?s={search_term_string}\"},\"query-input\":{\"@type\":\"PropertyValueSpecification\",\"valueRequired\":true,\"valueName\":\"search_term_string\"}}],\"inLanguage\":\"pt-BR\"},{\"@type\":\"Organization\",\"@id\":\"https:\\\/\\\/redelitoralrs.com\\\/#organization\",\"name\":\"TV Litoral\",\"url\":\"https:\\\/\\\/redelitoralrs.com\\\/\",\"logo\":{\"@type\":\"ImageObject\",\"inLanguage\":\"pt-BR\",\"@id\":\"https:\\\/\\\/redelitoralrs.com\\\/#\\\/schema\\\/logo\\\/image\\\/\",\"url\":\"https:\\\/\\\/redelitoralrs.com\\\/wp-content\\\/uploads\\\/2024\\\/01\\\/faviconicon-1-1.png\",\"contentUrl\":\"https:\\\/\\\/redelitoralrs.com\\\/wp-content\\\/uploads\\\/2024\\\/01\\\/faviconicon-1-1.png\",\"width\":454,\"height\":454,\"caption\":\"TV Litoral\"},\"image\":{\"@id\":\"https:\\\/\\\/redelitoralrs.com\\\/#\\\/schema\\\/logo\\\/image\\\/\"},\"sameAs\":[\"https:\\\/\\\/www.facebook.com\\\/tvlitoralrsoficial\",\"https:\\\/\\\/www.instagram.com\\\/tvlitoral.rs\"]},{\"@type\":\"Person\",\"@id\":\"https:\\\/\\\/redelitoralrs.com\\\/#\\\/schema\\\/person\\\/9f8181f2a7359dd3986f05ebaf5bd68a\",\"name\":\"Reda\u00e7\u00e3o TV Litoral\",\"image\":{\"@type\":\"ImageObject\",\"inLanguage\":\"pt-BR\",\"@id\":\"https:\\\/\\\/redelitoralrs.com\\\/wp-content\\\/litespeed\\\/avatar\\\/779aafbb45e66c7f82733e21abb48259.jpg?ver=1776956734\",\"url\":\"https:\\\/\\\/redelitoralrs.com\\\/wp-content\\\/litespeed\\\/avatar\\\/779aafbb45e66c7f82733e21abb48259.jpg?ver=1776956734\",\"contentUrl\":\"https:\\\/\\\/redelitoralrs.com\\\/wp-content\\\/litespeed\\\/avatar\\\/779aafbb45e66c7f82733e21abb48259.jpg?ver=1776956734\",\"caption\":\"Reda\u00e7\u00e3o TV Litoral\"},\"description\":\"A Rede Litoral de Comunica\u00e7\u00e3o \u00e9 um grupo de m\u00eddia multiplataforma do Litoral Norte do RS. Com atua\u00e7\u00e3o em TV, r\u00e1dio, portal e redes sociais, levamos informa\u00e7\u00e3o, conte\u00fado e entretenimento \u00e0 comunidade, fortalecendo a comunica\u00e7\u00e3o local e impulsionando o desenvolvimento regional. Acompanhe atrav\u00e9s de @redelitoralrs.\",\"sameAs\":[\"https:\\\/\\\/redelitoralrs.com\",\"https:\\\/\\\/www.instagram.com\\\/redelitoralrs\",\"https:\\\/\\\/www.youtube.com\\\/@redelitoralrs\"],\"url\":\"https:\\\/\\\/redelitoralrs.com\\\/index.php\\\/author\\\/redacaotvlitoral\\\/\"}]}<\/script>\n<!-- \/ Yoast SEO plugin. -->","yoast_head_json":{"title":"Prefeito de Imb\u00e9, Ique Vedovato, assume presid\u00eancia da Famurs para gest\u00e3o 2026\/2027 - Rede Litoral RS","robots":{"index":"index","follow":"follow","max-snippet":"max-snippet:-1","max-image-preview":"max-image-preview:large","max-video-preview":"max-video-preview:-1"},"canonical":"https:\/\/redelitoralrs.com\/index.php\/2026\/04\/23\/prefeito-de-imbe-ique-vedovato-assume-presidencia-da-famurs-para-gestao-2026-2027\/","og_locale":"pt_BR","og_type":"article","og_title":"Prefeito de Imb\u00e9, Ique Vedovato, assume presid\u00eancia da Famurs para gest\u00e3o 2026\/2027 - Rede Litoral RS","og_description":"O prefeito de Imb\u00e9, Ique Vedovato, assumiu nesta quarta-feira (22) a presid\u00eancia da Federa\u00e7\u00e3o das Associa\u00e7\u00f5es de Munic\u00edpios do Rio Grande do Sul para a gest\u00e3o 2026\/2027. O in\u00edcio do novo ciclo administrativo foi marcado por ato solene realizado na sede da entidade, dando in\u00edcio imediato \u00e0s atividades da nova diretoria. A cerim\u00f4nia oficial de [&hellip;]","og_url":"https:\/\/redelitoralrs.com\/index.php\/2026\/04\/23\/prefeito-de-imbe-ique-vedovato-assume-presidencia-da-famurs-para-gestao-2026-2027\/","og_site_name":"Rede Litoral RS","article_publisher":"https:\/\/www.facebook.com\/tvlitoralrsoficial","article_published_time":"2026-04-23T19:02:01+00:00","article_modified_time":"2026-04-23T19:02:02+00:00","og_image":[{"width":1600,"height":1069,"url":"https:\/\/redelitoralrs.com\/wp-content\/uploads\/2026\/04\/Ique-assume-a-presidencia-da-Famurs-em-ato-solene-na-sede-da-entidade-foto-Andre-Bresolin-Ascom-Famurs-1.jpeg","type":"image\/jpeg"}],"author":"Reda\u00e7\u00e3o TV Litoral","twitter_card":"summary_large_image","twitter_misc":{"Escrito por":"Reda\u00e7\u00e3o TV Litoral","Est. tempo de leitura":"2 minutos"},"schema":{"@context":"https:\/\/schema.org","@graph":[{"@type":"Article","@id":"https:\/\/redelitoralrs.com\/index.php\/2026\/04\/23\/prefeito-de-imbe-ique-vedovato-assume-presidencia-da-famurs-para-gestao-2026-2027\/#article","isPartOf":{"@id":"https:\/\/redelitoralrs.com\/index.php\/2026\/04\/23\/prefeito-de-imbe-ique-vedovato-assume-presidencia-da-famurs-para-gestao-2026-2027\/"},"author":{"name":"Reda\u00e7\u00e3o TV Litoral","@id":"https:\/\/redelitoralrs.com\/#\/schema\/person\/9f8181f2a7359dd3986f05ebaf5bd68a"},"headline":"Prefeito de Imb\u00e9, Ique Vedovato, assume presid\u00eancia da Famurs para gest\u00e3o 2026\/2027","datePublished":"2026-04-23T19:02:01+00:00","dateModified":"2026-04-23T19:02:02+00:00","mainEntityOfPage":{"@id":"https:\/\/redelitoralrs.com\/index.php\/2026\/04\/23\/prefeito-de-imbe-ique-vedovato-assume-presidencia-da-famurs-para-gestao-2026-2027\/"},"wordCount":280,"commentCount":0,"publisher":{"@id":"https:\/\/redelitoralrs.com\/#organization"},"image":{"@id":"https:\/\/redelitoralrs.com\/index.php\/2026\/04\/23\/prefeito-de-imbe-ique-vedovato-assume-presidencia-da-famurs-para-gestao-2026-2027\/#primaryimage"},"thumbnailUrl":"https:\/\/redelitoralrs.com\/wp-content\/uploads\/2026\/04\/Ique-assume-a-presidencia-da-Famurs-em-ato-solene-na-sede-da-entidade-foto-Andre-Bresolin-Ascom-Famurs-1.jpeg","articleSection":["Imb\u00e9","\u00daltimas not\u00edcias"],"inLanguage":"pt-BR","potentialAction":[{"@type":"CommentAction","name":"Comment","target":["https:\/\/redelitoralrs.com\/index.php\/2026\/04\/23\/prefeito-de-imbe-ique-vedovato-assume-presidencia-da-famurs-para-gestao-2026-2027\/#respond"]}]},{"@type":"WebPage","@id":"https:\/\/redelitoralrs.com\/index.php\/2026\/04\/23\/prefeito-de-imbe-ique-vedovato-assume-presidencia-da-famurs-para-gestao-2026-2027\/","url":"https:\/\/redelitoralrs.com\/index.php\/2026\/04\/23\/prefeito-de-imbe-ique-vedovato-assume-presidencia-da-famurs-para-gestao-2026-2027\/","name":"Prefeito de Imb\u00e9, Ique Vedovato, assume presid\u00eancia da Famurs para gest\u00e3o 2026\/2027 - Rede Litoral RS","isPartOf":{"@id":"https:\/\/redelitoralrs.com\/#website"},"primaryImageOfPage":{"@id":"https:\/\/redelitoralrs.com\/index.php\/2026\/04\/23\/prefeito-de-imbe-ique-vedovato-assume-presidencia-da-famurs-para-gestao-2026-2027\/#primaryimage"},"image":{"@id":"https:\/\/redelitoralrs.com\/index.php\/2026\/04\/23\/prefeito-de-imbe-ique-vedovato-assume-presidencia-da-famurs-para-gestao-2026-2027\/#primaryimage"},"thumbnailUrl":"https:\/\/redelitoralrs.com\/wp-content\/uploads\/2026\/04\/Ique-assume-a-presidencia-da-Famurs-em-ato-solene-na-sede-da-entidade-foto-Andre-Bresolin-Ascom-Famurs-1.jpeg","datePublished":"2026-04-23T19:02:01+00:00","dateModified":"2026-04-23T19:02:02+00:00","breadcrumb":{"@id":"https:\/\/redelitoralrs.com\/index.php\/2026\/04\/23\/prefeito-de-imbe-ique-vedovato-assume-presidencia-da-famurs-para-gestao-2026-2027\/#breadcrumb"},"inLanguage":"pt-BR","potentialAction":[{"@type":"ReadAction","target":["https:\/\/redelitoralrs.com\/index.php\/2026\/04\/23\/prefeito-de-imbe-ique-vedovato-assume-presidencia-da-famurs-para-gestao-2026-2027\/"]}]},{"@type":"ImageObject","inLanguage":"pt-BR","@id":"https:\/\/redelitoralrs.com\/index.php\/2026\/04\/23\/prefeito-de-imbe-ique-vedovato-assume-presidencia-da-famurs-para-gestao-2026-2027\/#primaryimage","url":"https:\/\/redelitoralrs.com\/wp-content\/uploads\/2026\/04\/Ique-assume-a-presidencia-da-Famurs-em-ato-solene-na-sede-da-entidade-foto-Andre-Bresolin-Ascom-Famurs-1.jpeg","contentUrl":"https:\/\/redelitoralrs.com\/wp-content\/uploads\/2026\/04\/Ique-assume-a-presidencia-da-Famurs-em-ato-solene-na-sede-da-entidade-foto-Andre-Bresolin-Ascom-Famurs-1.jpeg","width":1600,"height":1069,"caption":"Foto: Andr\u00e9 Bresolin\/FAMURS"},{"@type":"BreadcrumbList","@id":"https:\/\/redelitoralrs.com\/index.php\/2026\/04\/23\/prefeito-de-imbe-ique-vedovato-assume-presidencia-da-famurs-para-gestao-2026-2027\/#breadcrumb","itemListElement":[{"@type":"ListItem","position":1,"name":"In\u00edcio","item":"https:\/\/redelitoralrs.com\/"},{"@type":"ListItem","position":2,"name":"Prefeito de Imb\u00e9, Ique Vedovato, assume presid\u00eancia da Famurs para gest\u00e3o 2026\/2027"}]},{"@type":"WebSite","@id":"https:\/\/redelitoralrs.com\/#website","url":"https:\/\/redelitoralrs.com\/","name":"TV Litoral","description":"Acompanhe tudo do litoral ga\u00facho com a cobertura completa e atualizada da Rede Litoral RS. Nossos jornalistas trazem as \u00faltimas not\u00edcias, os acontecimentos mais quentes e as hist\u00f3rias que importam sobre nosso amado litoral.","publisher":{"@id":"https:\/\/redelitoralrs.com\/#organization"},"potentialAction":[{"@type":"SearchAction","target":{"@type":"EntryPoint","urlTemplate":"https:\/\/redelitoralrs.com\/?s={search_term_string}"},"query-input":{"@type":"PropertyValueSpecification","valueRequired":true,"valueName":"search_term_string"}}],"inLanguage":"pt-BR"},{"@type":"Organization","@id":"https:\/\/redelitoralrs.com\/#organization","name":"TV Litoral","url":"https:\/\/redelitoralrs.com\/","logo":{"@type":"ImageObject","inLanguage":"pt-BR","@id":"https:\/\/redelitoralrs.com\/#\/schema\/logo\/image\/","url":"https:\/\/redelitoralrs.com\/wp-content\/uploads\/2024\/01\/faviconicon-1-1.png","contentUrl":"https:\/\/redelitoralrs.com\/wp-content\/uploads\/2024\/01\/faviconicon-1-1.png","width":454,"height":454,"caption":"TV Litoral"},"image":{"@id":"https:\/\/redelitoralrs.com\/#\/schema\/logo\/image\/"},"sameAs":["https:\/\/www.facebook.com\/tvlitoralrsoficial","https:\/\/www.instagram.com\/tvlitoral.rs"]},{"@type":"Person","@id":"https:\/\/redelitoralrs.com\/#\/schema\/person\/9f8181f2a7359dd3986f05ebaf5bd68a","name":"Reda\u00e7\u00e3o TV Litoral","image":{"@type":"ImageObject","inLanguage":"pt-BR","@id":"https:\/\/redelitoralrs.com\/wp-content\/litespeed\/avatar\/779aafbb45e66c7f82733e21abb48259.jpg?ver=1776956734","url":"https:\/\/redelitoralrs.com\/wp-content\/litespeed\/avatar\/779aafbb45e66c7f82733e21abb48259.jpg?ver=1776956734","contentUrl":"https:\/\/redelitoralrs.com\/wp-content\/litespeed\/avatar\/779aafbb45e66c7f82733e21abb48259.jpg?ver=1776956734","caption":"Reda\u00e7\u00e3o TV Litoral"},"description":"A Rede Litoral de Comunica\u00e7\u00e3o \u00e9 um grupo de m\u00eddia multiplataforma do Litoral Norte do RS. Com atua\u00e7\u00e3o em TV, r\u00e1dio, portal e redes sociais, levamos informa\u00e7\u00e3o, conte\u00fado e entretenimento \u00e0 comunidade, fortalecendo a comunica\u00e7\u00e3o local e impulsionando o desenvolvimento regional. Acompanhe atrav\u00e9s de @redelitoralrs.","sameAs":["https:\/\/redelitoralrs.com","https:\/\/www.instagram.com\/redelitoralrs","https:\/\/www.youtube.com\/@redelitoralrs"],"url":"https:\/\/redelitoralrs.com\/index.php\/author\/redacaotvlitoral\/"}]}},"_links":{"self":[{"href":"https:\/\/redelitoralrs.com\/index.php\/wp-json\/wp\/v2\/posts\/24657","targetHints":{"allow":["GET"]}}],"collection":[{"href":"https:\/\/redelitoralrs.com\/index.php\/wp-json\/wp\/v2\/posts"}],"about":[{"href":"https:\/\/redelitoralrs.com\/index.php\/wp-json\/wp\/v2\/types\/post"}],"author":[{"embeddable":true,"href":"https:\/\/redelitoralrs.com\/index.php\/wp-json\/wp\/v2\/users\/2"}],"replies":[{"embeddable":true,"href":"https:\/\/redelitoralrs.com\/index.php\/wp-json\/wp\/v2\/comments?post=24657"}],"version-history":[{"count":1,"href":"https:\/\/redelitoralrs.com\/index.php\/wp-json\/wp\/v2\/posts\/24657\/revisions"}],"predecessor-version":[{"id":24659,"href":"https:\/\/redelitoralrs.com\/index.php\/wp-json\/wp\/v2\/posts\/24657\/revisions\/24659"}],"wp:featuredmedia":[{"embeddable":true,"href":"https:\/\/redelitoralrs.com\/index.php\/wp-json\/wp\/v2\/media\/24658"}],"wp:attachment":[{"href":"https:\/\/redelitoralrs.com\/index.php\/wp-json\/wp\/v2\/media?parent=24657"}],"wp:term":[{"taxonomy":"category","embeddable":true,"href":"https:\/\/redelitoralrs.com\/index.php\/wp-json\/wp\/v2\/categories?post=24657"},{"taxonomy":"post_tag","embeddable":true,"href":"https:\/\/redelitoralrs.com\/index.php\/wp-json\/wp\/v2\/tags?post=24657"}],"curies":[{"name":"wp","href":"https:\/\/api.w.org\/{rel}","templated":true}]}}