{"id":24654,"date":"2026-04-23T15:38:50","date_gmt":"2026-04-23T18:38:50","guid":{"rendered":"https:\/\/redelitoralrs.com\/?p=24654"},"modified":"2026-04-23T15:38:51","modified_gmt":"2026-04-23T18:38:51","slug":"monsoon-fc-inicia-preparacao-para-a-copa-fgf-com-reapresentacao-em-capao-da-canoa","status":"publish","type":"post","link":"https:\/\/redelitoralrs.com\/index.php\/2026\/04\/23\/monsoon-fc-inicia-preparacao-para-a-copa-fgf-com-reapresentacao-em-capao-da-canoa\/","title":{"rendered":"Monsoon FC inicia prepara\u00e7\u00e3o para a Copa FGF com reapresenta\u00e7\u00e3o em Cap\u00e3o da Canoa"},"content":{"rendered":"\n<p>O Monsoon FC iniciou oficialmente a prepara\u00e7\u00e3o para a disputa da Copa FGF ao realizar, na tarde de quarta-feira (22), a reapresenta\u00e7\u00e3o do elenco e da comiss\u00e3o t\u00e9cnica em Cap\u00e3o da Canoa. A atividade marcou o come\u00e7o de um novo ciclo do clube na temporada e reuniu dirigentes, atletas e apoiadores do projeto.<\/p>\n\n\n\n<p>O encontro ocorreu na sede da ASSOCIC, onde parte do grupo de jogadores foi apresentada. O elenco ainda est\u00e1 em forma\u00e7\u00e3o, com negocia\u00e7\u00f5es em andamento e previs\u00e3o de chegada de novos atletas nos pr\u00f3ximos dias.<\/p>\n\n\n\n<p>A retomada das atividades faz parte do planejamento esportivo do clube, que utilizar\u00e1 a competi\u00e7\u00e3o estadual como etapa estrat\u00e9gica para consolidar a equipe. Internamente, a prepara\u00e7\u00e3o \u00e9 tratada como fundamental para estruturar o grupo e buscar desempenho ao longo do torneio.<\/p>\n\n\n\n<p>Durante a reapresenta\u00e7\u00e3o, tamb\u00e9m foi refor\u00e7ada a liga\u00e7\u00e3o do clube com o munic\u00edpio de Cap\u00e3o da Canoa. A possibilidade de mandar partidas na cidade \u00e9 vista como um fator relevante para fortalecer a identidade do Monsoon no Litoral Norte e ampliar a presen\u00e7a do p\u00fablico nos jogos.<\/p>\n\n\n\n<p>A Copa FGF est\u00e1 prevista para iniciar em maio e integra o calend\u00e1rio oficial do futebol ga\u00facho, servindo como oportunidade para desenvolvimento t\u00e9cnico e proje\u00e7\u00e3o das equipes participantes ao longo da temporada.<\/p>\n","protected":false},"excerpt":{"rendered":"<p>O Monsoon FC iniciou oficialmente a prepara\u00e7\u00e3o para a disputa da Copa FGF ao realizar, na tarde de quarta-feira (22), a reapresenta\u00e7\u00e3o do elenco e da comiss\u00e3o t\u00e9cnica em Cap\u00e3o da Canoa. A atividade marcou o come\u00e7o de um novo ciclo do clube na temporada e reuniu dirigentes, atletas e apoiadores do projeto. O encontro [&hellip;]<\/p>\n","protected":false},"author":2,"featured_media":24655,"comment_status":"open","ping_status":"open","sticky":false,"template":"","format":"standard","meta":{"_themeisle_gutenberg_block_has_review":false,"footnotes":""},"categories":[14,15],"tags":[],"class_list":["post-24654","post","type-post","status-publish","format-standard","has-post-thumbnail","hentry","category-esportes","category-noticias"],"yoast_head":"<!-- This site is optimized with the Yoast SEO plugin v27.4 - https:\/\/yoast.com\/product\/yoast-seo-wordpress\/ -->\n<title>Monsoon FC inicia prepara\u00e7\u00e3o para a Copa FGF com reapresenta\u00e7\u00e3o em Cap\u00e3o da Canoa - Rede Litoral RS<\/title>\n<meta name=\"robots\" content=\"index, follow, max-snippet:-1, max-image-preview:large, max-video-preview:-1\" \/>\n<link rel=\"canonical\" href=\"https:\/\/redelitoralrs.com\/index.php\/2026\/04\/23\/monsoon-fc-inicia-preparacao-para-a-copa-fgf-com-reapresentacao-em-capao-da-canoa\/\" \/>\n<meta property=\"og:locale\" content=\"pt_BR\" \/>\n<meta property=\"og:type\" content=\"article\" \/>\n<meta property=\"og:title\" content=\"Monsoon FC inicia prepara\u00e7\u00e3o para a Copa FGF com reapresenta\u00e7\u00e3o em Cap\u00e3o da Canoa - Rede Litoral RS\" \/>\n<meta property=\"og:description\" content=\"O Monsoon FC iniciou oficialmente a prepara\u00e7\u00e3o para a disputa da Copa FGF ao realizar, na tarde de quarta-feira (22), a reapresenta\u00e7\u00e3o do elenco e da comiss\u00e3o t\u00e9cnica em Cap\u00e3o da Canoa. A atividade marcou o come\u00e7o de um novo ciclo do clube na temporada e reuniu dirigentes, atletas e apoiadores do projeto. O encontro [&hellip;]\" \/>\n<meta property=\"og:url\" content=\"https:\/\/redelitoralrs.com\/index.php\/2026\/04\/23\/monsoon-fc-inicia-preparacao-para-a-copa-fgf-com-reapresentacao-em-capao-da-canoa\/\" \/>\n<meta property=\"og:site_name\" content=\"Rede Litoral RS\" \/>\n<meta property=\"article:publisher\" content=\"https:\/\/www.facebook.com\/tvlitoralrsoficial\" \/>\n<meta property=\"article:published_time\" content=\"2026-04-23T18:38:50+00:00\" \/>\n<meta property=\"article:modified_time\" content=\"2026-04-23T18:38:51+00:00\" \/>\n<meta property=\"og:image\" content=\"https:\/\/redelitoralrs.com\/wp-content\/uploads\/2026\/04\/WhatsApp-Image-2026-04-22-at-20.51.49-1.jpeg\" \/>\n\t<meta property=\"og:image:width\" content=\"1280\" \/>\n\t<meta property=\"og:image:height\" content=\"720\" \/>\n\t<meta property=\"og:image:type\" content=\"image\/jpeg\" \/>\n<meta name=\"author\" content=\"Reda\u00e7\u00e3o TV Litoral\" \/>\n<meta name=\"twitter:card\" content=\"summary_large_image\" \/>\n<meta name=\"twitter:label1\" content=\"Escrito por\" \/>\n\t<meta name=\"twitter:data1\" content=\"Reda\u00e7\u00e3o TV Litoral\" \/>\n\t<meta name=\"twitter:label2\" content=\"Est. tempo de leitura\" \/>\n\t<meta name=\"twitter:data2\" content=\"2 minutos\" \/>\n<script type=\"application\/ld+json\" class=\"yoast-schema-graph\">{\"@context\":\"https:\\\/\\\/schema.org\",\"@graph\":[{\"@type\":\"Article\",\"@id\":\"https:\\\/\\\/redelitoralrs.com\\\/index.php\\\/2026\\\/04\\\/23\\\/monsoon-fc-inicia-preparacao-para-a-copa-fgf-com-reapresentacao-em-capao-da-canoa\\\/#article\",\"isPartOf\":{\"@id\":\"https:\\\/\\\/redelitoralrs.com\\\/index.php\\\/2026\\\/04\\\/23\\\/monsoon-fc-inicia-preparacao-para-a-copa-fgf-com-reapresentacao-em-capao-da-canoa\\\/\"},\"author\":{\"name\":\"Reda\u00e7\u00e3o TV Litoral\",\"@id\":\"https:\\\/\\\/redelitoralrs.com\\\/#\\\/schema\\\/person\\\/9f8181f2a7359dd3986f05ebaf5bd68a\"},\"headline\":\"Monsoon FC inicia prepara\u00e7\u00e3o para a Copa FGF com reapresenta\u00e7\u00e3o em Cap\u00e3o da Canoa\",\"datePublished\":\"2026-04-23T18:38:50+00:00\",\"dateModified\":\"2026-04-23T18:38:51+00:00\",\"mainEntityOfPage\":{\"@id\":\"https:\\\/\\\/redelitoralrs.com\\\/index.php\\\/2026\\\/04\\\/23\\\/monsoon-fc-inicia-preparacao-para-a-copa-fgf-com-reapresentacao-em-capao-da-canoa\\\/\"},\"wordCount\":247,\"commentCount\":0,\"publisher\":{\"@id\":\"https:\\\/\\\/redelitoralrs.com\\\/#organization\"},\"image\":{\"@id\":\"https:\\\/\\\/redelitoralrs.com\\\/index.php\\\/2026\\\/04\\\/23\\\/monsoon-fc-inicia-preparacao-para-a-copa-fgf-com-reapresentacao-em-capao-da-canoa\\\/#primaryimage\"},\"thumbnailUrl\":\"https:\\\/\\\/redelitoralrs.com\\\/wp-content\\\/uploads\\\/2026\\\/04\\\/WhatsApp-Image-2026-04-22-at-20.51.49-1.jpeg\",\"articleSection\":[\"Esportes\",\"\u00daltimas not\u00edcias\"],\"inLanguage\":\"pt-BR\",\"potentialAction\":[{\"@type\":\"CommentAction\",\"name\":\"Comment\",\"target\":[\"https:\\\/\\\/redelitoralrs.com\\\/index.php\\\/2026\\\/04\\\/23\\\/monsoon-fc-inicia-preparacao-para-a-copa-fgf-com-reapresentacao-em-capao-da-canoa\\\/#respond\"]}]},{\"@type\":\"WebPage\",\"@id\":\"https:\\\/\\\/redelitoralrs.com\\\/index.php\\\/2026\\\/04\\\/23\\\/monsoon-fc-inicia-preparacao-para-a-copa-fgf-com-reapresentacao-em-capao-da-canoa\\\/\",\"url\":\"https:\\\/\\\/redelitoralrs.com\\\/index.php\\\/2026\\\/04\\\/23\\\/monsoon-fc-inicia-preparacao-para-a-copa-fgf-com-reapresentacao-em-capao-da-canoa\\\/\",\"name\":\"Monsoon FC inicia prepara\u00e7\u00e3o para a Copa FGF com reapresenta\u00e7\u00e3o em Cap\u00e3o da Canoa - Rede Litoral RS\",\"isPartOf\":{\"@id\":\"https:\\\/\\\/redelitoralrs.com\\\/#website\"},\"primaryImageOfPage\":{\"@id\":\"https:\\\/\\\/redelitoralrs.com\\\/index.php\\\/2026\\\/04\\\/23\\\/monsoon-fc-inicia-preparacao-para-a-copa-fgf-com-reapresentacao-em-capao-da-canoa\\\/#primaryimage\"},\"image\":{\"@id\":\"https:\\\/\\\/redelitoralrs.com\\\/index.php\\\/2026\\\/04\\\/23\\\/monsoon-fc-inicia-preparacao-para-a-copa-fgf-com-reapresentacao-em-capao-da-canoa\\\/#primaryimage\"},\"thumbnailUrl\":\"https:\\\/\\\/redelitoralrs.com\\\/wp-content\\\/uploads\\\/2026\\\/04\\\/WhatsApp-Image-2026-04-22-at-20.51.49-1.jpeg\",\"datePublished\":\"2026-04-23T18:38:50+00:00\",\"dateModified\":\"2026-04-23T18:38:51+00:00\",\"breadcrumb\":{\"@id\":\"https:\\\/\\\/redelitoralrs.com\\\/index.php\\\/2026\\\/04\\\/23\\\/monsoon-fc-inicia-preparacao-para-a-copa-fgf-com-reapresentacao-em-capao-da-canoa\\\/#breadcrumb\"},\"inLanguage\":\"pt-BR\",\"potentialAction\":[{\"@type\":\"ReadAction\",\"target\":[\"https:\\\/\\\/redelitoralrs.com\\\/index.php\\\/2026\\\/04\\\/23\\\/monsoon-fc-inicia-preparacao-para-a-copa-fgf-com-reapresentacao-em-capao-da-canoa\\\/\"]}]},{\"@type\":\"ImageObject\",\"inLanguage\":\"pt-BR\",\"@id\":\"https:\\\/\\\/redelitoralrs.com\\\/index.php\\\/2026\\\/04\\\/23\\\/monsoon-fc-inicia-preparacao-para-a-copa-fgf-com-reapresentacao-em-capao-da-canoa\\\/#primaryimage\",\"url\":\"https:\\\/\\\/redelitoralrs.com\\\/wp-content\\\/uploads\\\/2026\\\/04\\\/WhatsApp-Image-2026-04-22-at-20.51.49-1.jpeg\",\"contentUrl\":\"https:\\\/\\\/redelitoralrs.com\\\/wp-content\\\/uploads\\\/2026\\\/04\\\/WhatsApp-Image-2026-04-22-at-20.51.49-1.jpeg\",\"width\":1280,\"height\":720,\"caption\":\"Foto: Divulga\u00e7\u00e3o\"},{\"@type\":\"BreadcrumbList\",\"@id\":\"https:\\\/\\\/redelitoralrs.com\\\/index.php\\\/2026\\\/04\\\/23\\\/monsoon-fc-inicia-preparacao-para-a-copa-fgf-com-reapresentacao-em-capao-da-canoa\\\/#breadcrumb\",\"itemListElement\":[{\"@type\":\"ListItem\",\"position\":1,\"name\":\"In\u00edcio\",\"item\":\"https:\\\/\\\/redelitoralrs.com\\\/\"},{\"@type\":\"ListItem\",\"position\":2,\"name\":\"Monsoon FC inicia prepara\u00e7\u00e3o para a Copa FGF com reapresenta\u00e7\u00e3o em Cap\u00e3o da Canoa\"}]},{\"@type\":\"WebSite\",\"@id\":\"https:\\\/\\\/redelitoralrs.com\\\/#website\",\"url\":\"https:\\\/\\\/redelitoralrs.com\\\/\",\"name\":\"TV Litoral\",\"description\":\"Acompanhe tudo do litoral ga\u00facho com a cobertura completa e atualizada da Rede Litoral RS. Nossos jornalistas trazem as \u00faltimas not\u00edcias, os acontecimentos mais quentes e as hist\u00f3rias que importam sobre nosso amado litoral.\",\"publisher\":{\"@id\":\"https:\\\/\\\/redelitoralrs.com\\\/#organization\"},\"potentialAction\":[{\"@type\":\"SearchAction\",\"target\":{\"@type\":\"EntryPoint\",\"urlTemplate\":\"https:\\\/\\\/redelitoralrs.com\\\/?s={search_term_string}\"},\"query-input\":{\"@type\":\"PropertyValueSpecification\",\"valueRequired\":true,\"valueName\":\"search_term_string\"}}],\"inLanguage\":\"pt-BR\"},{\"@type\":\"Organization\",\"@id\":\"https:\\\/\\\/redelitoralrs.com\\\/#organization\",\"name\":\"TV Litoral\",\"url\":\"https:\\\/\\\/redelitoralrs.com\\\/\",\"logo\":{\"@type\":\"ImageObject\",\"inLanguage\":\"pt-BR\",\"@id\":\"https:\\\/\\\/redelitoralrs.com\\\/#\\\/schema\\\/logo\\\/image\\\/\",\"url\":\"https:\\\/\\\/redelitoralrs.com\\\/wp-content\\\/uploads\\\/2024\\\/01\\\/faviconicon-1-1.png\",\"contentUrl\":\"https:\\\/\\\/redelitoralrs.com\\\/wp-content\\\/uploads\\\/2024\\\/01\\\/faviconicon-1-1.png\",\"width\":454,\"height\":454,\"caption\":\"TV Litoral\"},\"image\":{\"@id\":\"https:\\\/\\\/redelitoralrs.com\\\/#\\\/schema\\\/logo\\\/image\\\/\"},\"sameAs\":[\"https:\\\/\\\/www.facebook.com\\\/tvlitoralrsoficial\",\"https:\\\/\\\/www.instagram.com\\\/tvlitoral.rs\"]},{\"@type\":\"Person\",\"@id\":\"https:\\\/\\\/redelitoralrs.com\\\/#\\\/schema\\\/person\\\/9f8181f2a7359dd3986f05ebaf5bd68a\",\"name\":\"Reda\u00e7\u00e3o TV Litoral\",\"image\":{\"@type\":\"ImageObject\",\"inLanguage\":\"pt-BR\",\"@id\":\"https:\\\/\\\/redelitoralrs.com\\\/wp-content\\\/litespeed\\\/avatar\\\/779aafbb45e66c7f82733e21abb48259.jpg?ver=1776956734\",\"url\":\"https:\\\/\\\/redelitoralrs.com\\\/wp-content\\\/litespeed\\\/avatar\\\/779aafbb45e66c7f82733e21abb48259.jpg?ver=1776956734\",\"contentUrl\":\"https:\\\/\\\/redelitoralrs.com\\\/wp-content\\\/litespeed\\\/avatar\\\/779aafbb45e66c7f82733e21abb48259.jpg?ver=1776956734\",\"caption\":\"Reda\u00e7\u00e3o TV Litoral\"},\"description\":\"A Rede Litoral de Comunica\u00e7\u00e3o \u00e9 um grupo de m\u00eddia multiplataforma do Litoral Norte do RS. Com atua\u00e7\u00e3o em TV, r\u00e1dio, portal e redes sociais, levamos informa\u00e7\u00e3o, conte\u00fado e entretenimento \u00e0 comunidade, fortalecendo a comunica\u00e7\u00e3o local e impulsionando o desenvolvimento regional. Acompanhe atrav\u00e9s de @redelitoralrs.\",\"sameAs\":[\"https:\\\/\\\/redelitoralrs.com\",\"https:\\\/\\\/www.instagram.com\\\/redelitoralrs\",\"https:\\\/\\\/www.youtube.com\\\/@redelitoralrs\"],\"url\":\"https:\\\/\\\/redelitoralrs.com\\\/index.php\\\/author\\\/redacaotvlitoral\\\/\"}]}<\/script>\n<!-- \/ Yoast SEO plugin. -->","yoast_head_json":{"title":"Monsoon FC inicia prepara\u00e7\u00e3o para a Copa FGF com reapresenta\u00e7\u00e3o em Cap\u00e3o da Canoa - Rede Litoral RS","robots":{"index":"index","follow":"follow","max-snippet":"max-snippet:-1","max-image-preview":"max-image-preview:large","max-video-preview":"max-video-preview:-1"},"canonical":"https:\/\/redelitoralrs.com\/index.php\/2026\/04\/23\/monsoon-fc-inicia-preparacao-para-a-copa-fgf-com-reapresentacao-em-capao-da-canoa\/","og_locale":"pt_BR","og_type":"article","og_title":"Monsoon FC inicia prepara\u00e7\u00e3o para a Copa FGF com reapresenta\u00e7\u00e3o em Cap\u00e3o da Canoa - Rede Litoral RS","og_description":"O Monsoon FC iniciou oficialmente a prepara\u00e7\u00e3o para a disputa da Copa FGF ao realizar, na tarde de quarta-feira (22), a reapresenta\u00e7\u00e3o do elenco e da comiss\u00e3o t\u00e9cnica em Cap\u00e3o da Canoa. A atividade marcou o come\u00e7o de um novo ciclo do clube na temporada e reuniu dirigentes, atletas e apoiadores do projeto. O encontro [&hellip;]","og_url":"https:\/\/redelitoralrs.com\/index.php\/2026\/04\/23\/monsoon-fc-inicia-preparacao-para-a-copa-fgf-com-reapresentacao-em-capao-da-canoa\/","og_site_name":"Rede Litoral RS","article_publisher":"https:\/\/www.facebook.com\/tvlitoralrsoficial","article_published_time":"2026-04-23T18:38:50+00:00","article_modified_time":"2026-04-23T18:38:51+00:00","og_image":[{"width":1280,"height":720,"url":"https:\/\/redelitoralrs.com\/wp-content\/uploads\/2026\/04\/WhatsApp-Image-2026-04-22-at-20.51.49-1.jpeg","type":"image\/jpeg"}],"author":"Reda\u00e7\u00e3o TV Litoral","twitter_card":"summary_large_image","twitter_misc":{"Escrito por":"Reda\u00e7\u00e3o TV Litoral","Est. tempo de leitura":"2 minutos"},"schema":{"@context":"https:\/\/schema.org","@graph":[{"@type":"Article","@id":"https:\/\/redelitoralrs.com\/index.php\/2026\/04\/23\/monsoon-fc-inicia-preparacao-para-a-copa-fgf-com-reapresentacao-em-capao-da-canoa\/#article","isPartOf":{"@id":"https:\/\/redelitoralrs.com\/index.php\/2026\/04\/23\/monsoon-fc-inicia-preparacao-para-a-copa-fgf-com-reapresentacao-em-capao-da-canoa\/"},"author":{"name":"Reda\u00e7\u00e3o TV Litoral","@id":"https:\/\/redelitoralrs.com\/#\/schema\/person\/9f8181f2a7359dd3986f05ebaf5bd68a"},"headline":"Monsoon FC inicia prepara\u00e7\u00e3o para a Copa FGF com reapresenta\u00e7\u00e3o em Cap\u00e3o da Canoa","datePublished":"2026-04-23T18:38:50+00:00","dateModified":"2026-04-23T18:38:51+00:00","mainEntityOfPage":{"@id":"https:\/\/redelitoralrs.com\/index.php\/2026\/04\/23\/monsoon-fc-inicia-preparacao-para-a-copa-fgf-com-reapresentacao-em-capao-da-canoa\/"},"wordCount":247,"commentCount":0,"publisher":{"@id":"https:\/\/redelitoralrs.com\/#organization"},"image":{"@id":"https:\/\/redelitoralrs.com\/index.php\/2026\/04\/23\/monsoon-fc-inicia-preparacao-para-a-copa-fgf-com-reapresentacao-em-capao-da-canoa\/#primaryimage"},"thumbnailUrl":"https:\/\/redelitoralrs.com\/wp-content\/uploads\/2026\/04\/WhatsApp-Image-2026-04-22-at-20.51.49-1.jpeg","articleSection":["Esportes","\u00daltimas not\u00edcias"],"inLanguage":"pt-BR","potentialAction":[{"@type":"CommentAction","name":"Comment","target":["https:\/\/redelitoralrs.com\/index.php\/2026\/04\/23\/monsoon-fc-inicia-preparacao-para-a-copa-fgf-com-reapresentacao-em-capao-da-canoa\/#respond"]}]},{"@type":"WebPage","@id":"https:\/\/redelitoralrs.com\/index.php\/2026\/04\/23\/monsoon-fc-inicia-preparacao-para-a-copa-fgf-com-reapresentacao-em-capao-da-canoa\/","url":"https:\/\/redelitoralrs.com\/index.php\/2026\/04\/23\/monsoon-fc-inicia-preparacao-para-a-copa-fgf-com-reapresentacao-em-capao-da-canoa\/","name":"Monsoon FC inicia prepara\u00e7\u00e3o para a Copa FGF com reapresenta\u00e7\u00e3o em Cap\u00e3o da Canoa - Rede Litoral RS","isPartOf":{"@id":"https:\/\/redelitoralrs.com\/#website"},"primaryImageOfPage":{"@id":"https:\/\/redelitoralrs.com\/index.php\/2026\/04\/23\/monsoon-fc-inicia-preparacao-para-a-copa-fgf-com-reapresentacao-em-capao-da-canoa\/#primaryimage"},"image":{"@id":"https:\/\/redelitoralrs.com\/index.php\/2026\/04\/23\/monsoon-fc-inicia-preparacao-para-a-copa-fgf-com-reapresentacao-em-capao-da-canoa\/#primaryimage"},"thumbnailUrl":"https:\/\/redelitoralrs.com\/wp-content\/uploads\/2026\/04\/WhatsApp-Image-2026-04-22-at-20.51.49-1.jpeg","datePublished":"2026-04-23T18:38:50+00:00","dateModified":"2026-04-23T18:38:51+00:00","breadcrumb":{"@id":"https:\/\/redelitoralrs.com\/index.php\/2026\/04\/23\/monsoon-fc-inicia-preparacao-para-a-copa-fgf-com-reapresentacao-em-capao-da-canoa\/#breadcrumb"},"inLanguage":"pt-BR","potentialAction":[{"@type":"ReadAction","target":["https:\/\/redelitoralrs.com\/index.php\/2026\/04\/23\/monsoon-fc-inicia-preparacao-para-a-copa-fgf-com-reapresentacao-em-capao-da-canoa\/"]}]},{"@type":"ImageObject","inLanguage":"pt-BR","@id":"https:\/\/redelitoralrs.com\/index.php\/2026\/04\/23\/monsoon-fc-inicia-preparacao-para-a-copa-fgf-com-reapresentacao-em-capao-da-canoa\/#primaryimage","url":"https:\/\/redelitoralrs.com\/wp-content\/uploads\/2026\/04\/WhatsApp-Image-2026-04-22-at-20.51.49-1.jpeg","contentUrl":"https:\/\/redelitoralrs.com\/wp-content\/uploads\/2026\/04\/WhatsApp-Image-2026-04-22-at-20.51.49-1.jpeg","width":1280,"height":720,"caption":"Foto: Divulga\u00e7\u00e3o"},{"@type":"BreadcrumbList","@id":"https:\/\/redelitoralrs.com\/index.php\/2026\/04\/23\/monsoon-fc-inicia-preparacao-para-a-copa-fgf-com-reapresentacao-em-capao-da-canoa\/#breadcrumb","itemListElement":[{"@type":"ListItem","position":1,"name":"In\u00edcio","item":"https:\/\/redelitoralrs.com\/"},{"@type":"ListItem","position":2,"name":"Monsoon FC inicia prepara\u00e7\u00e3o para a Copa FGF com reapresenta\u00e7\u00e3o em Cap\u00e3o da Canoa"}]},{"@type":"WebSite","@id":"https:\/\/redelitoralrs.com\/#website","url":"https:\/\/redelitoralrs.com\/","name":"TV Litoral","description":"Acompanhe tudo do litoral ga\u00facho com a cobertura completa e atualizada da Rede Litoral RS. Nossos jornalistas trazem as \u00faltimas not\u00edcias, os acontecimentos mais quentes e as hist\u00f3rias que importam sobre nosso amado litoral.","publisher":{"@id":"https:\/\/redelitoralrs.com\/#organization"},"potentialAction":[{"@type":"SearchAction","target":{"@type":"EntryPoint","urlTemplate":"https:\/\/redelitoralrs.com\/?s={search_term_string}"},"query-input":{"@type":"PropertyValueSpecification","valueRequired":true,"valueName":"search_term_string"}}],"inLanguage":"pt-BR"},{"@type":"Organization","@id":"https:\/\/redelitoralrs.com\/#organization","name":"TV Litoral","url":"https:\/\/redelitoralrs.com\/","logo":{"@type":"ImageObject","inLanguage":"pt-BR","@id":"https:\/\/redelitoralrs.com\/#\/schema\/logo\/image\/","url":"https:\/\/redelitoralrs.com\/wp-content\/uploads\/2024\/01\/faviconicon-1-1.png","contentUrl":"https:\/\/redelitoralrs.com\/wp-content\/uploads\/2024\/01\/faviconicon-1-1.png","width":454,"height":454,"caption":"TV Litoral"},"image":{"@id":"https:\/\/redelitoralrs.com\/#\/schema\/logo\/image\/"},"sameAs":["https:\/\/www.facebook.com\/tvlitoralrsoficial","https:\/\/www.instagram.com\/tvlitoral.rs"]},{"@type":"Person","@id":"https:\/\/redelitoralrs.com\/#\/schema\/person\/9f8181f2a7359dd3986f05ebaf5bd68a","name":"Reda\u00e7\u00e3o TV Litoral","image":{"@type":"ImageObject","inLanguage":"pt-BR","@id":"https:\/\/redelitoralrs.com\/wp-content\/litespeed\/avatar\/779aafbb45e66c7f82733e21abb48259.jpg?ver=1776956734","url":"https:\/\/redelitoralrs.com\/wp-content\/litespeed\/avatar\/779aafbb45e66c7f82733e21abb48259.jpg?ver=1776956734","contentUrl":"https:\/\/redelitoralrs.com\/wp-content\/litespeed\/avatar\/779aafbb45e66c7f82733e21abb48259.jpg?ver=1776956734","caption":"Reda\u00e7\u00e3o TV Litoral"},"description":"A Rede Litoral de Comunica\u00e7\u00e3o \u00e9 um grupo de m\u00eddia multiplataforma do Litoral Norte do RS. Com atua\u00e7\u00e3o em TV, r\u00e1dio, portal e redes sociais, levamos informa\u00e7\u00e3o, conte\u00fado e entretenimento \u00e0 comunidade, fortalecendo a comunica\u00e7\u00e3o local e impulsionando o desenvolvimento regional. Acompanhe atrav\u00e9s de @redelitoralrs.","sameAs":["https:\/\/redelitoralrs.com","https:\/\/www.instagram.com\/redelitoralrs","https:\/\/www.youtube.com\/@redelitoralrs"],"url":"https:\/\/redelitoralrs.com\/index.php\/author\/redacaotvlitoral\/"}]}},"_links":{"self":[{"href":"https:\/\/redelitoralrs.com\/index.php\/wp-json\/wp\/v2\/posts\/24654","targetHints":{"allow":["GET"]}}],"collection":[{"href":"https:\/\/redelitoralrs.com\/index.php\/wp-json\/wp\/v2\/posts"}],"about":[{"href":"https:\/\/redelitoralrs.com\/index.php\/wp-json\/wp\/v2\/types\/post"}],"author":[{"embeddable":true,"href":"https:\/\/redelitoralrs.com\/index.php\/wp-json\/wp\/v2\/users\/2"}],"replies":[{"embeddable":true,"href":"https:\/\/redelitoralrs.com\/index.php\/wp-json\/wp\/v2\/comments?post=24654"}],"version-history":[{"count":1,"href":"https:\/\/redelitoralrs.com\/index.php\/wp-json\/wp\/v2\/posts\/24654\/revisions"}],"predecessor-version":[{"id":24656,"href":"https:\/\/redelitoralrs.com\/index.php\/wp-json\/wp\/v2\/posts\/24654\/revisions\/24656"}],"wp:featuredmedia":[{"embeddable":true,"href":"https:\/\/redelitoralrs.com\/index.php\/wp-json\/wp\/v2\/media\/24655"}],"wp:attachment":[{"href":"https:\/\/redelitoralrs.com\/index.php\/wp-json\/wp\/v2\/media?parent=24654"}],"wp:term":[{"taxonomy":"category","embeddable":true,"href":"https:\/\/redelitoralrs.com\/index.php\/wp-json\/wp\/v2\/categories?post=24654"},{"taxonomy":"post_tag","embeddable":true,"href":"https:\/\/redelitoralrs.com\/index.php\/wp-json\/wp\/v2\/tags?post=24654"}],"curies":[{"name":"wp","href":"https:\/\/api.w.org\/{rel}","templated":true}]}}