{"id":2460,"date":"2024-06-10T19:21:06","date_gmt":"2024-06-10T22:21:06","guid":{"rendered":"https:\/\/redelitoralrs.com\/?p=2460"},"modified":"2024-06-10T19:21:06","modified_gmt":"2024-06-10T22:21:06","slug":"capao-da-canoa-tera-novo-cras","status":"publish","type":"post","link":"https:\/\/redelitoralrs.com\/index.php\/2024\/06\/10\/capao-da-canoa-tera-novo-cras\/","title":{"rendered":"Cap\u00e3o da Canoa ter\u00e1 novo CRAS"},"content":{"rendered":"\n<p>A Prefeitura de Cap\u00e3o da Canoa, por meio da Secretaria de Assist\u00eancia e Inclus\u00e3o Social, realizou, na tarde desta sexta-feira, dia 10, o ato de assinatura da Ordem de Servi\u00e7o da Constru\u00e7\u00e3o do CRAS, no Distrito de Cap\u00e3o Novo.<\/p>\n\n\n\n<p>A obra tem como base o contrato n\u00ba 287\/2024, com um investimento de R$ 1.500.000,00, com recursos livres e emenda parlamentar do ex-deputado federal Maur\u00edcio Dziedricki.<\/p>\n\n\n\n<p>O prefeito Amauri Magnus Germano explicou que desde o in\u00edcio de sua gest\u00e3o, todos os meses est\u00e3o sendo marcados por a\u00e7\u00f5es importantes. \u201cTodos sonharam, mas n\u00f3s fomos mais audaciosos. Estamos avan\u00e7ando com a essa obra que integra-se o complexo ao Posto 24 horas e \u00e0 duplica\u00e7\u00e3o da Paraguass\u00fa. As obras est\u00e3o acontecendo, estamos ao lado da constru\u00e7\u00e3o de uma escola tamb\u00e9m iniciada por n\u00f3s. Os recursos federais e estaduais diminu\u00edram e seguimos administrando os recursos pr\u00f3prios para fazer o melhor poss\u00edvel. \u00c9 importante termos uma vis\u00e3o do todos e atendermos as necessidades da popula\u00e7\u00e3o. As pessoas sonham e n\u00f3s realizamos. A Silvia e Zetinha voc\u00eas foram incans\u00e1veis e assim vamos evoluindo, cada um da nossa equipe dando sua parcela de contribui\u00e7\u00e3o\u201d, afirmou o prefeito.<\/p>\n\n\n\n<p>A primeira-dama e ex-secret\u00e1ria, Maria Elisete Machado Germano, a Zetinha salientou sua satisfa\u00e7\u00e3o em ver o in\u00edcio dessa t\u00e3o almejada obra. \u201c\u00c9 com carinho e emo\u00e7\u00e3o que estamos reunidos aqui. Com apoio do ex-deputado Maur\u00edcio Dziedricki, estamos realizando esse sonho. Tem que ter algu\u00e9m que acredita nas pol\u00edticas p\u00fablicas e todos os envolvidos est\u00e3o de parab\u00e9ns\u201d, destacou.<\/p>\n\n\n\n<p>A presidente da C\u00e2mara de Vereadores, Nuna Pereira, tamb\u00e9m evidenciou a satisfa\u00e7\u00e3o de fazer parte desse momento significativo para o munic\u00edpio. \u201cEstou muito feliz em estar aqui, lembro de quando fomos at\u00e9 o deputado para buscar apoio e hoje estamos dando um important\u00edssimo passo para concretizar esse sonho. Esse CRAS ser\u00e1 de grande valia, ser\u00e1 muito importante para a comunidade\u201d, disse.<\/p>\n\n\n\n<p>A Secret\u00e1ria de Assist\u00eancia e Inclus\u00e3o Social, Silvia Margarezi evidenciou sua alegria ao ver o in\u00edcio da concretiza\u00e7\u00e3o desse objetivo pensado h\u00e1 tempo. \u201cGratid\u00e3o prefeito Amauri e Zetinha, por oportunizar o in\u00edcio do t\u00e3o sonhado CRAS. A constru\u00e7\u00e3o veio no sentido de ajudar as fam\u00edlias em Cap\u00e3o Novo. \u00c9 mais um evento que entra para a hist\u00f3ria de Cap\u00e3o da Canoa\u201d.<\/p>\n\n\n\n<p>Juntamente com as autoridades j\u00e1 citadas, tamb\u00e9m prestigiaram o evento, secret\u00e1rios, vereadores, sub-prefeito de Cap\u00e3o Novo, Manoel Silva Costa o empres\u00e1rio representante da empresa LMR Construtora LTDA, Leonardo Rodrigues; o fiscal do contrato, o engenheiro Jonatas Luz Dutra, imprensa e a comunidade.<\/p>\n","protected":false},"excerpt":{"rendered":"<p>A Prefeitura de Cap\u00e3o da Canoa, por meio da Secretaria de Assist\u00eancia e Inclus\u00e3o Social, realizou, na tarde desta sexta-feira, dia 10, o ato de assinatura da Ordem de Servi\u00e7o da Constru\u00e7\u00e3o do CRAS, no Distrito de Cap\u00e3o Novo. A obra tem como base o contrato n\u00ba 287\/2024, com um investimento de R$ 1.500.000,00, com [&hellip;]<\/p>\n","protected":false},"author":2,"featured_media":2461,"comment_status":"open","ping_status":"open","sticky":false,"template":"","format":"standard","meta":{"_themeisle_gutenberg_block_has_review":false,"footnotes":""},"categories":[24],"tags":[131,129,130,103,132],"class_list":["post-2460","post","type-post","status-publish","format-standard","has-post-thumbnail","hentry","category-capao-da-canoa","tag-assistencia-socia","tag-capao-da-canoa","tag-cras","tag-litoral-norte","tag-obras-publicas"],"yoast_head":"<!-- This site is optimized with the Yoast SEO plugin v27.4 - https:\/\/yoast.com\/product\/yoast-seo-wordpress\/ -->\n<title>Cap\u00e3o da Canoa ter\u00e1 novo CRAS - Rede Litoral RS<\/title>\n<meta name=\"robots\" content=\"index, follow, max-snippet:-1, max-image-preview:large, max-video-preview:-1\" \/>\n<link rel=\"canonical\" href=\"https:\/\/redelitoralrs.com\/index.php\/2024\/06\/10\/capao-da-canoa-tera-novo-cras\/\" \/>\n<meta property=\"og:locale\" content=\"pt_BR\" \/>\n<meta property=\"og:type\" content=\"article\" \/>\n<meta property=\"og:title\" content=\"Cap\u00e3o da Canoa ter\u00e1 novo CRAS - Rede Litoral RS\" \/>\n<meta property=\"og:description\" content=\"A Prefeitura de Cap\u00e3o da Canoa, por meio da Secretaria de Assist\u00eancia e Inclus\u00e3o Social, realizou, na tarde desta sexta-feira, dia 10, o ato de assinatura da Ordem de Servi\u00e7o da Constru\u00e7\u00e3o do CRAS, no Distrito de Cap\u00e3o Novo. A obra tem como base o contrato n\u00ba 287\/2024, com um investimento de R$ 1.500.000,00, com [&hellip;]\" \/>\n<meta property=\"og:url\" content=\"https:\/\/redelitoralrs.com\/index.php\/2024\/06\/10\/capao-da-canoa-tera-novo-cras\/\" \/>\n<meta property=\"og:site_name\" content=\"Rede Litoral RS\" \/>\n<meta property=\"article:publisher\" content=\"https:\/\/www.facebook.com\/tvlitoralrsoficial\" \/>\n<meta property=\"article:published_time\" content=\"2024-06-10T22:21:06+00:00\" \/>\n<meta property=\"og:image\" content=\"https:\/\/redelitoralrs.com\/wp-content\/uploads\/2024\/06\/Ordem-de-servico-foi-assinada.jpg\" \/>\n\t<meta property=\"og:image:width\" content=\"1202\" \/>\n\t<meta property=\"og:image:height\" content=\"903\" \/>\n\t<meta property=\"og:image:type\" content=\"image\/jpeg\" \/>\n<meta name=\"author\" content=\"Reda\u00e7\u00e3o TV Litoral\" \/>\n<meta name=\"twitter:card\" content=\"summary_large_image\" \/>\n<meta name=\"twitter:label1\" content=\"Escrito por\" \/>\n\t<meta name=\"twitter:data1\" content=\"Reda\u00e7\u00e3o TV Litoral\" \/>\n\t<meta name=\"twitter:label2\" content=\"Est. tempo de leitura\" \/>\n\t<meta name=\"twitter:data2\" content=\"3 minutos\" \/>\n<script type=\"application\/ld+json\" class=\"yoast-schema-graph\">{\"@context\":\"https:\\\/\\\/schema.org\",\"@graph\":[{\"@type\":\"Article\",\"@id\":\"https:\\\/\\\/redelitoralrs.com\\\/index.php\\\/2024\\\/06\\\/10\\\/capao-da-canoa-tera-novo-cras\\\/#article\",\"isPartOf\":{\"@id\":\"https:\\\/\\\/redelitoralrs.com\\\/index.php\\\/2024\\\/06\\\/10\\\/capao-da-canoa-tera-novo-cras\\\/\"},\"author\":{\"name\":\"Reda\u00e7\u00e3o TV Litoral\",\"@id\":\"https:\\\/\\\/redelitoralrs.com\\\/#\\\/schema\\\/person\\\/9f8181f2a7359dd3986f05ebaf5bd68a\"},\"headline\":\"Cap\u00e3o da Canoa ter\u00e1 novo CRAS\",\"datePublished\":\"2024-06-10T22:21:06+00:00\",\"mainEntityOfPage\":{\"@id\":\"https:\\\/\\\/redelitoralrs.com\\\/index.php\\\/2024\\\/06\\\/10\\\/capao-da-canoa-tera-novo-cras\\\/\"},\"wordCount\":469,\"commentCount\":0,\"publisher\":{\"@id\":\"https:\\\/\\\/redelitoralrs.com\\\/#organization\"},\"image\":{\"@id\":\"https:\\\/\\\/redelitoralrs.com\\\/index.php\\\/2024\\\/06\\\/10\\\/capao-da-canoa-tera-novo-cras\\\/#primaryimage\"},\"thumbnailUrl\":\"https:\\\/\\\/redelitoralrs.com\\\/wp-content\\\/uploads\\\/2024\\\/06\\\/Ordem-de-servico-foi-assinada.jpg\",\"keywords\":[\"assistencia socia\",\"cap\u00e3o da canoa\",\"cras\",\"litoral norte\",\"obras p\u00fablicas\"],\"articleSection\":[\"Cap\u00e3o da Canoa\"],\"inLanguage\":\"pt-BR\",\"potentialAction\":[{\"@type\":\"CommentAction\",\"name\":\"Comment\",\"target\":[\"https:\\\/\\\/redelitoralrs.com\\\/index.php\\\/2024\\\/06\\\/10\\\/capao-da-canoa-tera-novo-cras\\\/#respond\"]}]},{\"@type\":\"WebPage\",\"@id\":\"https:\\\/\\\/redelitoralrs.com\\\/index.php\\\/2024\\\/06\\\/10\\\/capao-da-canoa-tera-novo-cras\\\/\",\"url\":\"https:\\\/\\\/redelitoralrs.com\\\/index.php\\\/2024\\\/06\\\/10\\\/capao-da-canoa-tera-novo-cras\\\/\",\"name\":\"Cap\u00e3o da Canoa ter\u00e1 novo CRAS - Rede Litoral RS\",\"isPartOf\":{\"@id\":\"https:\\\/\\\/redelitoralrs.com\\\/#website\"},\"primaryImageOfPage\":{\"@id\":\"https:\\\/\\\/redelitoralrs.com\\\/index.php\\\/2024\\\/06\\\/10\\\/capao-da-canoa-tera-novo-cras\\\/#primaryimage\"},\"image\":{\"@id\":\"https:\\\/\\\/redelitoralrs.com\\\/index.php\\\/2024\\\/06\\\/10\\\/capao-da-canoa-tera-novo-cras\\\/#primaryimage\"},\"thumbnailUrl\":\"https:\\\/\\\/redelitoralrs.com\\\/wp-content\\\/uploads\\\/2024\\\/06\\\/Ordem-de-servico-foi-assinada.jpg\",\"datePublished\":\"2024-06-10T22:21:06+00:00\",\"breadcrumb\":{\"@id\":\"https:\\\/\\\/redelitoralrs.com\\\/index.php\\\/2024\\\/06\\\/10\\\/capao-da-canoa-tera-novo-cras\\\/#breadcrumb\"},\"inLanguage\":\"pt-BR\",\"potentialAction\":[{\"@type\":\"ReadAction\",\"target\":[\"https:\\\/\\\/redelitoralrs.com\\\/index.php\\\/2024\\\/06\\\/10\\\/capao-da-canoa-tera-novo-cras\\\/\"]}]},{\"@type\":\"ImageObject\",\"inLanguage\":\"pt-BR\",\"@id\":\"https:\\\/\\\/redelitoralrs.com\\\/index.php\\\/2024\\\/06\\\/10\\\/capao-da-canoa-tera-novo-cras\\\/#primaryimage\",\"url\":\"https:\\\/\\\/redelitoralrs.com\\\/wp-content\\\/uploads\\\/2024\\\/06\\\/Ordem-de-servico-foi-assinada.jpg\",\"contentUrl\":\"https:\\\/\\\/redelitoralrs.com\\\/wp-content\\\/uploads\\\/2024\\\/06\\\/Ordem-de-servico-foi-assinada.jpg\",\"width\":1202,\"height\":903,\"caption\":\"Assinada ordem de servi\u00e7o da constru\u00e7\u00e3o do CRAS em Cap\u00e3o Novo. Fonte: Assessoria de Imprensa, Cap\u00e3o da Canoa,RS\"},{\"@type\":\"BreadcrumbList\",\"@id\":\"https:\\\/\\\/redelitoralrs.com\\\/index.php\\\/2024\\\/06\\\/10\\\/capao-da-canoa-tera-novo-cras\\\/#breadcrumb\",\"itemListElement\":[{\"@type\":\"ListItem\",\"position\":1,\"name\":\"In\u00edcio\",\"item\":\"https:\\\/\\\/redelitoralrs.com\\\/\"},{\"@type\":\"ListItem\",\"position\":2,\"name\":\"Cap\u00e3o da Canoa ter\u00e1 novo CRAS\"}]},{\"@type\":\"WebSite\",\"@id\":\"https:\\\/\\\/redelitoralrs.com\\\/#website\",\"url\":\"https:\\\/\\\/redelitoralrs.com\\\/\",\"name\":\"TV Litoral\",\"description\":\"Acompanhe tudo do litoral ga\u00facho com a cobertura completa e atualizada da Rede Litoral RS. Nossos jornalistas trazem as \u00faltimas not\u00edcias, os acontecimentos mais quentes e as hist\u00f3rias que importam sobre nosso amado litoral.\",\"publisher\":{\"@id\":\"https:\\\/\\\/redelitoralrs.com\\\/#organization\"},\"potentialAction\":[{\"@type\":\"SearchAction\",\"target\":{\"@type\":\"EntryPoint\",\"urlTemplate\":\"https:\\\/\\\/redelitoralrs.com\\\/?s={search_term_string}\"},\"query-input\":{\"@type\":\"PropertyValueSpecification\",\"valueRequired\":true,\"valueName\":\"search_term_string\"}}],\"inLanguage\":\"pt-BR\"},{\"@type\":\"Organization\",\"@id\":\"https:\\\/\\\/redelitoralrs.com\\\/#organization\",\"name\":\"TV Litoral\",\"url\":\"https:\\\/\\\/redelitoralrs.com\\\/\",\"logo\":{\"@type\":\"ImageObject\",\"inLanguage\":\"pt-BR\",\"@id\":\"https:\\\/\\\/redelitoralrs.com\\\/#\\\/schema\\\/logo\\\/image\\\/\",\"url\":\"https:\\\/\\\/redelitoralrs.com\\\/wp-content\\\/uploads\\\/2024\\\/01\\\/faviconicon-1-1.png\",\"contentUrl\":\"https:\\\/\\\/redelitoralrs.com\\\/wp-content\\\/uploads\\\/2024\\\/01\\\/faviconicon-1-1.png\",\"width\":454,\"height\":454,\"caption\":\"TV Litoral\"},\"image\":{\"@id\":\"https:\\\/\\\/redelitoralrs.com\\\/#\\\/schema\\\/logo\\\/image\\\/\"},\"sameAs\":[\"https:\\\/\\\/www.facebook.com\\\/tvlitoralrsoficial\",\"https:\\\/\\\/www.instagram.com\\\/tvlitoral.rs\"]},{\"@type\":\"Person\",\"@id\":\"https:\\\/\\\/redelitoralrs.com\\\/#\\\/schema\\\/person\\\/9f8181f2a7359dd3986f05ebaf5bd68a\",\"name\":\"Reda\u00e7\u00e3o TV Litoral\",\"image\":{\"@type\":\"ImageObject\",\"inLanguage\":\"pt-BR\",\"@id\":\"https:\\\/\\\/redelitoralrs.com\\\/wp-content\\\/litespeed\\\/avatar\\\/779aafbb45e66c7f82733e21abb48259.jpg?ver=1777561602\",\"url\":\"https:\\\/\\\/redelitoralrs.com\\\/wp-content\\\/litespeed\\\/avatar\\\/779aafbb45e66c7f82733e21abb48259.jpg?ver=1777561602\",\"contentUrl\":\"https:\\\/\\\/redelitoralrs.com\\\/wp-content\\\/litespeed\\\/avatar\\\/779aafbb45e66c7f82733e21abb48259.jpg?ver=1777561602\",\"caption\":\"Reda\u00e7\u00e3o TV Litoral\"},\"description\":\"A Rede Litoral de Comunica\u00e7\u00e3o \u00e9 um grupo de m\u00eddia multiplataforma do Litoral Norte do RS. Com atua\u00e7\u00e3o em TV, r\u00e1dio, portal e redes sociais, levamos informa\u00e7\u00e3o, conte\u00fado e entretenimento \u00e0 comunidade, fortalecendo a comunica\u00e7\u00e3o local e impulsionando o desenvolvimento regional. Acompanhe atrav\u00e9s de @redelitoralrs.\",\"sameAs\":[\"https:\\\/\\\/redelitoralrs.com\",\"https:\\\/\\\/www.instagram.com\\\/redelitoralrs\",\"https:\\\/\\\/www.youtube.com\\\/@redelitoralrs\"],\"url\":\"https:\\\/\\\/redelitoralrs.com\\\/index.php\\\/author\\\/redacaotvlitoral\\\/\"}]}<\/script>\n<!-- \/ Yoast SEO plugin. -->","yoast_head_json":{"title":"Cap\u00e3o da Canoa ter\u00e1 novo CRAS - Rede Litoral RS","robots":{"index":"index","follow":"follow","max-snippet":"max-snippet:-1","max-image-preview":"max-image-preview:large","max-video-preview":"max-video-preview:-1"},"canonical":"https:\/\/redelitoralrs.com\/index.php\/2024\/06\/10\/capao-da-canoa-tera-novo-cras\/","og_locale":"pt_BR","og_type":"article","og_title":"Cap\u00e3o da Canoa ter\u00e1 novo CRAS - Rede Litoral RS","og_description":"A Prefeitura de Cap\u00e3o da Canoa, por meio da Secretaria de Assist\u00eancia e Inclus\u00e3o Social, realizou, na tarde desta sexta-feira, dia 10, o ato de assinatura da Ordem de Servi\u00e7o da Constru\u00e7\u00e3o do CRAS, no Distrito de Cap\u00e3o Novo. A obra tem como base o contrato n\u00ba 287\/2024, com um investimento de R$ 1.500.000,00, com [&hellip;]","og_url":"https:\/\/redelitoralrs.com\/index.php\/2024\/06\/10\/capao-da-canoa-tera-novo-cras\/","og_site_name":"Rede Litoral RS","article_publisher":"https:\/\/www.facebook.com\/tvlitoralrsoficial","article_published_time":"2024-06-10T22:21:06+00:00","og_image":[{"width":1202,"height":903,"url":"https:\/\/redelitoralrs.com\/wp-content\/uploads\/2024\/06\/Ordem-de-servico-foi-assinada.jpg","type":"image\/jpeg"}],"author":"Reda\u00e7\u00e3o TV Litoral","twitter_card":"summary_large_image","twitter_misc":{"Escrito por":"Reda\u00e7\u00e3o TV Litoral","Est. tempo de leitura":"3 minutos"},"schema":{"@context":"https:\/\/schema.org","@graph":[{"@type":"Article","@id":"https:\/\/redelitoralrs.com\/index.php\/2024\/06\/10\/capao-da-canoa-tera-novo-cras\/#article","isPartOf":{"@id":"https:\/\/redelitoralrs.com\/index.php\/2024\/06\/10\/capao-da-canoa-tera-novo-cras\/"},"author":{"name":"Reda\u00e7\u00e3o TV Litoral","@id":"https:\/\/redelitoralrs.com\/#\/schema\/person\/9f8181f2a7359dd3986f05ebaf5bd68a"},"headline":"Cap\u00e3o da Canoa ter\u00e1 novo CRAS","datePublished":"2024-06-10T22:21:06+00:00","mainEntityOfPage":{"@id":"https:\/\/redelitoralrs.com\/index.php\/2024\/06\/10\/capao-da-canoa-tera-novo-cras\/"},"wordCount":469,"commentCount":0,"publisher":{"@id":"https:\/\/redelitoralrs.com\/#organization"},"image":{"@id":"https:\/\/redelitoralrs.com\/index.php\/2024\/06\/10\/capao-da-canoa-tera-novo-cras\/#primaryimage"},"thumbnailUrl":"https:\/\/redelitoralrs.com\/wp-content\/uploads\/2024\/06\/Ordem-de-servico-foi-assinada.jpg","keywords":["assistencia socia","cap\u00e3o da canoa","cras","litoral norte","obras p\u00fablicas"],"articleSection":["Cap\u00e3o da Canoa"],"inLanguage":"pt-BR","potentialAction":[{"@type":"CommentAction","name":"Comment","target":["https:\/\/redelitoralrs.com\/index.php\/2024\/06\/10\/capao-da-canoa-tera-novo-cras\/#respond"]}]},{"@type":"WebPage","@id":"https:\/\/redelitoralrs.com\/index.php\/2024\/06\/10\/capao-da-canoa-tera-novo-cras\/","url":"https:\/\/redelitoralrs.com\/index.php\/2024\/06\/10\/capao-da-canoa-tera-novo-cras\/","name":"Cap\u00e3o da Canoa ter\u00e1 novo CRAS - Rede Litoral RS","isPartOf":{"@id":"https:\/\/redelitoralrs.com\/#website"},"primaryImageOfPage":{"@id":"https:\/\/redelitoralrs.com\/index.php\/2024\/06\/10\/capao-da-canoa-tera-novo-cras\/#primaryimage"},"image":{"@id":"https:\/\/redelitoralrs.com\/index.php\/2024\/06\/10\/capao-da-canoa-tera-novo-cras\/#primaryimage"},"thumbnailUrl":"https:\/\/redelitoralrs.com\/wp-content\/uploads\/2024\/06\/Ordem-de-servico-foi-assinada.jpg","datePublished":"2024-06-10T22:21:06+00:00","breadcrumb":{"@id":"https:\/\/redelitoralrs.com\/index.php\/2024\/06\/10\/capao-da-canoa-tera-novo-cras\/#breadcrumb"},"inLanguage":"pt-BR","potentialAction":[{"@type":"ReadAction","target":["https:\/\/redelitoralrs.com\/index.php\/2024\/06\/10\/capao-da-canoa-tera-novo-cras\/"]}]},{"@type":"ImageObject","inLanguage":"pt-BR","@id":"https:\/\/redelitoralrs.com\/index.php\/2024\/06\/10\/capao-da-canoa-tera-novo-cras\/#primaryimage","url":"https:\/\/redelitoralrs.com\/wp-content\/uploads\/2024\/06\/Ordem-de-servico-foi-assinada.jpg","contentUrl":"https:\/\/redelitoralrs.com\/wp-content\/uploads\/2024\/06\/Ordem-de-servico-foi-assinada.jpg","width":1202,"height":903,"caption":"Assinada ordem de servi\u00e7o da constru\u00e7\u00e3o do CRAS em Cap\u00e3o Novo. Fonte: Assessoria de Imprensa, Cap\u00e3o da Canoa,RS"},{"@type":"BreadcrumbList","@id":"https:\/\/redelitoralrs.com\/index.php\/2024\/06\/10\/capao-da-canoa-tera-novo-cras\/#breadcrumb","itemListElement":[{"@type":"ListItem","position":1,"name":"In\u00edcio","item":"https:\/\/redelitoralrs.com\/"},{"@type":"ListItem","position":2,"name":"Cap\u00e3o da Canoa ter\u00e1 novo CRAS"}]},{"@type":"WebSite","@id":"https:\/\/redelitoralrs.com\/#website","url":"https:\/\/redelitoralrs.com\/","name":"TV Litoral","description":"Acompanhe tudo do litoral ga\u00facho com a cobertura completa e atualizada da Rede Litoral RS. Nossos jornalistas trazem as \u00faltimas not\u00edcias, os acontecimentos mais quentes e as hist\u00f3rias que importam sobre nosso amado litoral.","publisher":{"@id":"https:\/\/redelitoralrs.com\/#organization"},"potentialAction":[{"@type":"SearchAction","target":{"@type":"EntryPoint","urlTemplate":"https:\/\/redelitoralrs.com\/?s={search_term_string}"},"query-input":{"@type":"PropertyValueSpecification","valueRequired":true,"valueName":"search_term_string"}}],"inLanguage":"pt-BR"},{"@type":"Organization","@id":"https:\/\/redelitoralrs.com\/#organization","name":"TV Litoral","url":"https:\/\/redelitoralrs.com\/","logo":{"@type":"ImageObject","inLanguage":"pt-BR","@id":"https:\/\/redelitoralrs.com\/#\/schema\/logo\/image\/","url":"https:\/\/redelitoralrs.com\/wp-content\/uploads\/2024\/01\/faviconicon-1-1.png","contentUrl":"https:\/\/redelitoralrs.com\/wp-content\/uploads\/2024\/01\/faviconicon-1-1.png","width":454,"height":454,"caption":"TV Litoral"},"image":{"@id":"https:\/\/redelitoralrs.com\/#\/schema\/logo\/image\/"},"sameAs":["https:\/\/www.facebook.com\/tvlitoralrsoficial","https:\/\/www.instagram.com\/tvlitoral.rs"]},{"@type":"Person","@id":"https:\/\/redelitoralrs.com\/#\/schema\/person\/9f8181f2a7359dd3986f05ebaf5bd68a","name":"Reda\u00e7\u00e3o TV Litoral","image":{"@type":"ImageObject","inLanguage":"pt-BR","@id":"https:\/\/redelitoralrs.com\/wp-content\/litespeed\/avatar\/779aafbb45e66c7f82733e21abb48259.jpg?ver=1777561602","url":"https:\/\/redelitoralrs.com\/wp-content\/litespeed\/avatar\/779aafbb45e66c7f82733e21abb48259.jpg?ver=1777561602","contentUrl":"https:\/\/redelitoralrs.com\/wp-content\/litespeed\/avatar\/779aafbb45e66c7f82733e21abb48259.jpg?ver=1777561602","caption":"Reda\u00e7\u00e3o TV Litoral"},"description":"A Rede Litoral de Comunica\u00e7\u00e3o \u00e9 um grupo de m\u00eddia multiplataforma do Litoral Norte do RS. Com atua\u00e7\u00e3o em TV, r\u00e1dio, portal e redes sociais, levamos informa\u00e7\u00e3o, conte\u00fado e entretenimento \u00e0 comunidade, fortalecendo a comunica\u00e7\u00e3o local e impulsionando o desenvolvimento regional. Acompanhe atrav\u00e9s de @redelitoralrs.","sameAs":["https:\/\/redelitoralrs.com","https:\/\/www.instagram.com\/redelitoralrs","https:\/\/www.youtube.com\/@redelitoralrs"],"url":"https:\/\/redelitoralrs.com\/index.php\/author\/redacaotvlitoral\/"}]}},"_links":{"self":[{"href":"https:\/\/redelitoralrs.com\/index.php\/wp-json\/wp\/v2\/posts\/2460","targetHints":{"allow":["GET"]}}],"collection":[{"href":"https:\/\/redelitoralrs.com\/index.php\/wp-json\/wp\/v2\/posts"}],"about":[{"href":"https:\/\/redelitoralrs.com\/index.php\/wp-json\/wp\/v2\/types\/post"}],"author":[{"embeddable":true,"href":"https:\/\/redelitoralrs.com\/index.php\/wp-json\/wp\/v2\/users\/2"}],"replies":[{"embeddable":true,"href":"https:\/\/redelitoralrs.com\/index.php\/wp-json\/wp\/v2\/comments?post=2460"}],"version-history":[{"count":1,"href":"https:\/\/redelitoralrs.com\/index.php\/wp-json\/wp\/v2\/posts\/2460\/revisions"}],"predecessor-version":[{"id":2462,"href":"https:\/\/redelitoralrs.com\/index.php\/wp-json\/wp\/v2\/posts\/2460\/revisions\/2462"}],"wp:featuredmedia":[{"embeddable":true,"href":"https:\/\/redelitoralrs.com\/index.php\/wp-json\/wp\/v2\/media\/2461"}],"wp:attachment":[{"href":"https:\/\/redelitoralrs.com\/index.php\/wp-json\/wp\/v2\/media?parent=2460"}],"wp:term":[{"taxonomy":"category","embeddable":true,"href":"https:\/\/redelitoralrs.com\/index.php\/wp-json\/wp\/v2\/categories?post=2460"},{"taxonomy":"post_tag","embeddable":true,"href":"https:\/\/redelitoralrs.com\/index.php\/wp-json\/wp\/v2\/tags?post=2460"}],"curies":[{"name":"wp","href":"https:\/\/api.w.org\/{rel}","templated":true}]}}