{"id":2425,"date":"2024-06-08T10:28:45","date_gmt":"2024-06-08T13:28:45","guid":{"rendered":"https:\/\/redelitoralrs.com\/?p=2425"},"modified":"2024-06-08T10:28:46","modified_gmt":"2024-06-08T13:28:46","slug":"o-tricolor-faz-sua-ultima-partida-na-fase-de-grupos-da-libertadores","status":"publish","type":"post","link":"https:\/\/redelitoralrs.com\/index.php\/2024\/06\/08\/o-tricolor-faz-sua-ultima-partida-na-fase-de-grupos-da-libertadores\/","title":{"rendered":"O Tricolor faz sua ultima partida na fase de grupos da Libertadores"},"content":{"rendered":"\n<p>O Gr\u00eamio entra em campo nesse s\u00e1bado(08) \u00e0s 19h no est\u00e1dio Couto Pereira em Curitiba-PR, para enfrentar o Estudiantes(ARG) pela ultima rodada da fase de grupos da Libertadores de 2024. A parida encerra uma campanha que come\u00e7ou de forma inesperada com duas derrotas seguidas que quase determinaram a elimina\u00e7\u00e3o dos gauchos da competi\u00e7\u00e3o. <\/p>\n\n\n\n<p>Mas Gr\u00eamio \u00e9 Gr\u00eamio, e hoje o time de Renato chega a esse jogo podendo escolher em qual posi\u00e7\u00e3o quer terminar, em primeiro com uma vitoria, ou em segundo com um empate. O Advers\u00e1rio apenas cumpre tabela, pois n\u00e3o tem qualquer chance de seguir na libertadores, pode no m\u00e1ximo passar aos playoffs da Sul-Americana. <\/p>\n\n\n\n<p>A equipe comandada pelo maior \u00eddolo de sua torcida, que \u00e9 tamb\u00e9m quem mais tem vitorias como t\u00e9cnico na Libertadores, ja venceu o Estudiantes na Argentina, vitoria que deu inicio a rea\u00e7\u00e3o do time na competi\u00e7\u00e3o. Al\u00e9m disso o fator casa ser\u00e1 a diferen\u00e7a, sim, o Gr\u00eamio n\u00e3o esta em Porto Alegre-RS, mas a nova casa, o est\u00e1dio Couto Pereira, vai estar lotado. Todos os ingressos foram vendidos, e esse pode ser um dos maiores p\u00fablicos em jogos oficiais na casa do Coxa, que acolheu os gremistas com muito carinho. <\/p>\n\n\n\n<p>O time de Renato Portaluppi dever ter a seguinte forma\u00e7\u00e3o para partida de logo mais: Marches\u00edn, Jo\u00e3o Pedro, Rodrigo Ely, Kannemann e Reinaldo; Pep\u00ea, Dodi, Cristaldo, Soteldo, Pavon(Galdino) e Diego Costa no comando do ataque. <\/p>\n","protected":false},"excerpt":{"rendered":"<p>O Gr\u00eamio entra em campo nesse s\u00e1bado(08) \u00e0s 19h no est\u00e1dio Couto Pereira em Curitiba-PR, para enfrentar o Estudiantes(ARG) pela ultima rodada da fase de grupos da Libertadores de 2024. A parida encerra uma campanha que come\u00e7ou de forma inesperada com duas derrotas seguidas que quase determinaram a elimina\u00e7\u00e3o dos gauchos da competi\u00e7\u00e3o. Mas Gr\u00eamio [&hellip;]<\/p>\n","protected":false},"author":3,"featured_media":2426,"comment_status":"open","ping_status":"open","sticky":false,"template":"","format":"standard","meta":{"_themeisle_gutenberg_block_has_review":false,"footnotes":""},"categories":[14,46,32,15],"tags":[45,43,90],"class_list":["post-2425","post","type-post","status-publish","format-standard","has-post-thumbnail","hentry","category-esportes","category-gremio","category-libertadores-2025","category-noticias","tag-futebolgaucho","tag-gremio","tag-libertadores"],"yoast_head":"<!-- This site is optimized with the Yoast SEO plugin v27.4 - https:\/\/yoast.com\/product\/yoast-seo-wordpress\/ -->\n<title>O Tricolor faz sua ultima partida na fase de grupos da Libertadores - Rede Litoral RS<\/title>\n<meta name=\"robots\" content=\"index, follow, max-snippet:-1, max-image-preview:large, max-video-preview:-1\" \/>\n<link rel=\"canonical\" href=\"https:\/\/redelitoralrs.com\/index.php\/2024\/06\/08\/o-tricolor-faz-sua-ultima-partida-na-fase-de-grupos-da-libertadores\/\" \/>\n<meta property=\"og:locale\" content=\"pt_BR\" \/>\n<meta property=\"og:type\" content=\"article\" \/>\n<meta property=\"og:title\" content=\"O Tricolor faz sua ultima partida na fase de grupos da Libertadores - Rede Litoral RS\" \/>\n<meta property=\"og:description\" content=\"O Gr\u00eamio entra em campo nesse s\u00e1bado(08) \u00e0s 19h no est\u00e1dio Couto Pereira em Curitiba-PR, para enfrentar o Estudiantes(ARG) pela ultima rodada da fase de grupos da Libertadores de 2024. A parida encerra uma campanha que come\u00e7ou de forma inesperada com duas derrotas seguidas que quase determinaram a elimina\u00e7\u00e3o dos gauchos da competi\u00e7\u00e3o. Mas Gr\u00eamio [&hellip;]\" \/>\n<meta property=\"og:url\" content=\"https:\/\/redelitoralrs.com\/index.php\/2024\/06\/08\/o-tricolor-faz-sua-ultima-partida-na-fase-de-grupos-da-libertadores\/\" \/>\n<meta property=\"og:site_name\" content=\"Rede Litoral RS\" \/>\n<meta property=\"article:publisher\" content=\"https:\/\/www.facebook.com\/tvlitoralrsoficial\" \/>\n<meta property=\"article:author\" content=\"https:\/\/www.facebook.com\/marcio.lima.14473\/\" \/>\n<meta property=\"article:published_time\" content=\"2024-06-08T13:28:45+00:00\" \/>\n<meta property=\"article:modified_time\" content=\"2024-06-08T13:28:46+00:00\" \/>\n<meta property=\"og:image\" content=\"https:\/\/redelitoralrs.com\/wp-content\/uploads\/2024\/06\/Couto-Pereira-e-Gremio.jpeg\" \/>\n\t<meta property=\"og:image:width\" content=\"1600\" \/>\n\t<meta property=\"og:image:height\" content=\"1245\" \/>\n\t<meta property=\"og:image:type\" content=\"image\/jpeg\" \/>\n<meta name=\"author\" content=\"M\u00e1rcio Lima\" \/>\n<meta name=\"twitter:card\" content=\"summary_large_image\" \/>\n<meta name=\"twitter:creator\" content=\"@https:\/\/x.com\/mhlimalima\" \/>\n<meta name=\"twitter:label1\" content=\"Escrito por\" \/>\n\t<meta name=\"twitter:data1\" content=\"M\u00e1rcio Lima\" \/>\n\t<meta name=\"twitter:label2\" content=\"Est. tempo de leitura\" \/>\n\t<meta name=\"twitter:data2\" content=\"2 minutos\" \/>\n<script type=\"application\/ld+json\" class=\"yoast-schema-graph\">{\"@context\":\"https:\\\/\\\/schema.org\",\"@graph\":[{\"@type\":\"Article\",\"@id\":\"https:\\\/\\\/redelitoralrs.com\\\/index.php\\\/2024\\\/06\\\/08\\\/o-tricolor-faz-sua-ultima-partida-na-fase-de-grupos-da-libertadores\\\/#article\",\"isPartOf\":{\"@id\":\"https:\\\/\\\/redelitoralrs.com\\\/index.php\\\/2024\\\/06\\\/08\\\/o-tricolor-faz-sua-ultima-partida-na-fase-de-grupos-da-libertadores\\\/\"},\"author\":{\"name\":\"M\u00e1rcio Lima\",\"@id\":\"https:\\\/\\\/redelitoralrs.com\\\/#\\\/schema\\\/person\\\/9f12fab0e2eaa9767fa8ba6d64c1edba\"},\"headline\":\"O Tricolor faz sua ultima partida na fase de grupos da Libertadores\",\"datePublished\":\"2024-06-08T13:28:45+00:00\",\"dateModified\":\"2024-06-08T13:28:46+00:00\",\"mainEntityOfPage\":{\"@id\":\"https:\\\/\\\/redelitoralrs.com\\\/index.php\\\/2024\\\/06\\\/08\\\/o-tricolor-faz-sua-ultima-partida-na-fase-de-grupos-da-libertadores\\\/\"},\"wordCount\":268,\"commentCount\":0,\"publisher\":{\"@id\":\"https:\\\/\\\/redelitoralrs.com\\\/#organization\"},\"image\":{\"@id\":\"https:\\\/\\\/redelitoralrs.com\\\/index.php\\\/2024\\\/06\\\/08\\\/o-tricolor-faz-sua-ultima-partida-na-fase-de-grupos-da-libertadores\\\/#primaryimage\"},\"thumbnailUrl\":\"https:\\\/\\\/redelitoralrs.com\\\/wp-content\\\/uploads\\\/2024\\\/06\\\/Couto-Pereira-e-Gremio.jpeg\",\"keywords\":[\"futebolgaucho\",\"gremio\",\"libertadores\"],\"articleSection\":[\"Esportes\",\"Gr\u00eamio\",\"Libertadores 2025\",\"\u00daltimas not\u00edcias\"],\"inLanguage\":\"pt-BR\",\"potentialAction\":[{\"@type\":\"CommentAction\",\"name\":\"Comment\",\"target\":[\"https:\\\/\\\/redelitoralrs.com\\\/index.php\\\/2024\\\/06\\\/08\\\/o-tricolor-faz-sua-ultima-partida-na-fase-de-grupos-da-libertadores\\\/#respond\"]}]},{\"@type\":\"WebPage\",\"@id\":\"https:\\\/\\\/redelitoralrs.com\\\/index.php\\\/2024\\\/06\\\/08\\\/o-tricolor-faz-sua-ultima-partida-na-fase-de-grupos-da-libertadores\\\/\",\"url\":\"https:\\\/\\\/redelitoralrs.com\\\/index.php\\\/2024\\\/06\\\/08\\\/o-tricolor-faz-sua-ultima-partida-na-fase-de-grupos-da-libertadores\\\/\",\"name\":\"O Tricolor faz sua ultima partida na fase de grupos da Libertadores - Rede Litoral RS\",\"isPartOf\":{\"@id\":\"https:\\\/\\\/redelitoralrs.com\\\/#website\"},\"primaryImageOfPage\":{\"@id\":\"https:\\\/\\\/redelitoralrs.com\\\/index.php\\\/2024\\\/06\\\/08\\\/o-tricolor-faz-sua-ultima-partida-na-fase-de-grupos-da-libertadores\\\/#primaryimage\"},\"image\":{\"@id\":\"https:\\\/\\\/redelitoralrs.com\\\/index.php\\\/2024\\\/06\\\/08\\\/o-tricolor-faz-sua-ultima-partida-na-fase-de-grupos-da-libertadores\\\/#primaryimage\"},\"thumbnailUrl\":\"https:\\\/\\\/redelitoralrs.com\\\/wp-content\\\/uploads\\\/2024\\\/06\\\/Couto-Pereira-e-Gremio.jpeg\",\"datePublished\":\"2024-06-08T13:28:45+00:00\",\"dateModified\":\"2024-06-08T13:28:46+00:00\",\"breadcrumb\":{\"@id\":\"https:\\\/\\\/redelitoralrs.com\\\/index.php\\\/2024\\\/06\\\/08\\\/o-tricolor-faz-sua-ultima-partida-na-fase-de-grupos-da-libertadores\\\/#breadcrumb\"},\"inLanguage\":\"pt-BR\",\"potentialAction\":[{\"@type\":\"ReadAction\",\"target\":[\"https:\\\/\\\/redelitoralrs.com\\\/index.php\\\/2024\\\/06\\\/08\\\/o-tricolor-faz-sua-ultima-partida-na-fase-de-grupos-da-libertadores\\\/\"]}]},{\"@type\":\"ImageObject\",\"inLanguage\":\"pt-BR\",\"@id\":\"https:\\\/\\\/redelitoralrs.com\\\/index.php\\\/2024\\\/06\\\/08\\\/o-tricolor-faz-sua-ultima-partida-na-fase-de-grupos-da-libertadores\\\/#primaryimage\",\"url\":\"https:\\\/\\\/redelitoralrs.com\\\/wp-content\\\/uploads\\\/2024\\\/06\\\/Couto-Pereira-e-Gremio.jpeg\",\"contentUrl\":\"https:\\\/\\\/redelitoralrs.com\\\/wp-content\\\/uploads\\\/2024\\\/06\\\/Couto-Pereira-e-Gremio.jpeg\",\"width\":1600,\"height\":1245,\"caption\":\"Gr\u00eamio encerra a fase de grupos da Libertadores. Foto: Divulga\u00e7\u00e3o \\\/ Gr\u00eamio FBPA\"},{\"@type\":\"BreadcrumbList\",\"@id\":\"https:\\\/\\\/redelitoralrs.com\\\/index.php\\\/2024\\\/06\\\/08\\\/o-tricolor-faz-sua-ultima-partida-na-fase-de-grupos-da-libertadores\\\/#breadcrumb\",\"itemListElement\":[{\"@type\":\"ListItem\",\"position\":1,\"name\":\"In\u00edcio\",\"item\":\"https:\\\/\\\/redelitoralrs.com\\\/\"},{\"@type\":\"ListItem\",\"position\":2,\"name\":\"O Tricolor faz sua ultima partida na fase de grupos da Libertadores\"}]},{\"@type\":\"WebSite\",\"@id\":\"https:\\\/\\\/redelitoralrs.com\\\/#website\",\"url\":\"https:\\\/\\\/redelitoralrs.com\\\/\",\"name\":\"TV Litoral\",\"description\":\"Acompanhe tudo do litoral ga\u00facho com a cobertura completa e atualizada da Rede Litoral RS. Nossos jornalistas trazem as \u00faltimas not\u00edcias, os acontecimentos mais quentes e as hist\u00f3rias que importam sobre nosso amado litoral.\",\"publisher\":{\"@id\":\"https:\\\/\\\/redelitoralrs.com\\\/#organization\"},\"potentialAction\":[{\"@type\":\"SearchAction\",\"target\":{\"@type\":\"EntryPoint\",\"urlTemplate\":\"https:\\\/\\\/redelitoralrs.com\\\/?s={search_term_string}\"},\"query-input\":{\"@type\":\"PropertyValueSpecification\",\"valueRequired\":true,\"valueName\":\"search_term_string\"}}],\"inLanguage\":\"pt-BR\"},{\"@type\":\"Organization\",\"@id\":\"https:\\\/\\\/redelitoralrs.com\\\/#organization\",\"name\":\"TV Litoral\",\"url\":\"https:\\\/\\\/redelitoralrs.com\\\/\",\"logo\":{\"@type\":\"ImageObject\",\"inLanguage\":\"pt-BR\",\"@id\":\"https:\\\/\\\/redelitoralrs.com\\\/#\\\/schema\\\/logo\\\/image\\\/\",\"url\":\"https:\\\/\\\/redelitoralrs.com\\\/wp-content\\\/uploads\\\/2024\\\/01\\\/faviconicon-1-1.png\",\"contentUrl\":\"https:\\\/\\\/redelitoralrs.com\\\/wp-content\\\/uploads\\\/2024\\\/01\\\/faviconicon-1-1.png\",\"width\":454,\"height\":454,\"caption\":\"TV Litoral\"},\"image\":{\"@id\":\"https:\\\/\\\/redelitoralrs.com\\\/#\\\/schema\\\/logo\\\/image\\\/\"},\"sameAs\":[\"https:\\\/\\\/www.facebook.com\\\/tvlitoralrsoficial\",\"https:\\\/\\\/www.instagram.com\\\/tvlitoral.rs\"]},{\"@type\":\"Person\",\"@id\":\"https:\\\/\\\/redelitoralrs.com\\\/#\\\/schema\\\/person\\\/9f12fab0e2eaa9767fa8ba6d64c1edba\",\"name\":\"M\u00e1rcio Lima\",\"image\":{\"@type\":\"ImageObject\",\"inLanguage\":\"pt-BR\",\"@id\":\"https:\\\/\\\/redelitoralrs.com\\\/wp-content\\\/litespeed\\\/avatar\\\/e9a7bfbc14b6a3c2ca4d9e68074fb8dc.jpg?ver=1776957471\",\"url\":\"https:\\\/\\\/redelitoralrs.com\\\/wp-content\\\/litespeed\\\/avatar\\\/e9a7bfbc14b6a3c2ca4d9e68074fb8dc.jpg?ver=1776957471\",\"contentUrl\":\"https:\\\/\\\/redelitoralrs.com\\\/wp-content\\\/litespeed\\\/avatar\\\/e9a7bfbc14b6a3c2ca4d9e68074fb8dc.jpg?ver=1776957471\",\"caption\":\"M\u00e1rcio Lima\"},\"description\":\"Formado em Gest\u00e3o Comercial e Ingl\u00eas pela Faculdade de Letras da UFRGS. Atualmente estudante de Jornalismo pela Faculdade Est\u00e1cio. Gremista participante do Grupo de Conselheiros CIA(Conselheiros Independentes da Associados). Em seu curr\u00edculo como jornalista esta a Radio Pachola, e a RDCTV de Porto Alegre. Comentarista, rep\u00f3rter e \u00e2ncora de programas e jornadas esportivas.\",\"sameAs\":[\"https:\\\/\\\/redelitoralrs.com\",\"https:\\\/\\\/www.facebook.com\\\/marcio.lima.14473\\\/\",\"https:\\\/\\\/www.instagram.com\\\/marciolima.jornalista\\\/\",\"https:\\\/\\\/x.com\\\/https:\\\/\\\/x.com\\\/mhlimalima\"],\"url\":\"https:\\\/\\\/redelitoralrs.com\\\/index.php\\\/author\\\/marciolima\\\/\"}]}<\/script>\n<!-- \/ Yoast SEO plugin. -->","yoast_head_json":{"title":"O Tricolor faz sua ultima partida na fase de grupos da Libertadores - Rede Litoral RS","robots":{"index":"index","follow":"follow","max-snippet":"max-snippet:-1","max-image-preview":"max-image-preview:large","max-video-preview":"max-video-preview:-1"},"canonical":"https:\/\/redelitoralrs.com\/index.php\/2024\/06\/08\/o-tricolor-faz-sua-ultima-partida-na-fase-de-grupos-da-libertadores\/","og_locale":"pt_BR","og_type":"article","og_title":"O Tricolor faz sua ultima partida na fase de grupos da Libertadores - Rede Litoral RS","og_description":"O Gr\u00eamio entra em campo nesse s\u00e1bado(08) \u00e0s 19h no est\u00e1dio Couto Pereira em Curitiba-PR, para enfrentar o Estudiantes(ARG) pela ultima rodada da fase de grupos da Libertadores de 2024. A parida encerra uma campanha que come\u00e7ou de forma inesperada com duas derrotas seguidas que quase determinaram a elimina\u00e7\u00e3o dos gauchos da competi\u00e7\u00e3o. Mas Gr\u00eamio [&hellip;]","og_url":"https:\/\/redelitoralrs.com\/index.php\/2024\/06\/08\/o-tricolor-faz-sua-ultima-partida-na-fase-de-grupos-da-libertadores\/","og_site_name":"Rede Litoral RS","article_publisher":"https:\/\/www.facebook.com\/tvlitoralrsoficial","article_author":"https:\/\/www.facebook.com\/marcio.lima.14473\/","article_published_time":"2024-06-08T13:28:45+00:00","article_modified_time":"2024-06-08T13:28:46+00:00","og_image":[{"width":1600,"height":1245,"url":"https:\/\/redelitoralrs.com\/wp-content\/uploads\/2024\/06\/Couto-Pereira-e-Gremio.jpeg","type":"image\/jpeg"}],"author":"M\u00e1rcio Lima","twitter_card":"summary_large_image","twitter_creator":"@https:\/\/x.com\/mhlimalima","twitter_misc":{"Escrito por":"M\u00e1rcio Lima","Est. tempo de leitura":"2 minutos"},"schema":{"@context":"https:\/\/schema.org","@graph":[{"@type":"Article","@id":"https:\/\/redelitoralrs.com\/index.php\/2024\/06\/08\/o-tricolor-faz-sua-ultima-partida-na-fase-de-grupos-da-libertadores\/#article","isPartOf":{"@id":"https:\/\/redelitoralrs.com\/index.php\/2024\/06\/08\/o-tricolor-faz-sua-ultima-partida-na-fase-de-grupos-da-libertadores\/"},"author":{"name":"M\u00e1rcio Lima","@id":"https:\/\/redelitoralrs.com\/#\/schema\/person\/9f12fab0e2eaa9767fa8ba6d64c1edba"},"headline":"O Tricolor faz sua ultima partida na fase de grupos da Libertadores","datePublished":"2024-06-08T13:28:45+00:00","dateModified":"2024-06-08T13:28:46+00:00","mainEntityOfPage":{"@id":"https:\/\/redelitoralrs.com\/index.php\/2024\/06\/08\/o-tricolor-faz-sua-ultima-partida-na-fase-de-grupos-da-libertadores\/"},"wordCount":268,"commentCount":0,"publisher":{"@id":"https:\/\/redelitoralrs.com\/#organization"},"image":{"@id":"https:\/\/redelitoralrs.com\/index.php\/2024\/06\/08\/o-tricolor-faz-sua-ultima-partida-na-fase-de-grupos-da-libertadores\/#primaryimage"},"thumbnailUrl":"https:\/\/redelitoralrs.com\/wp-content\/uploads\/2024\/06\/Couto-Pereira-e-Gremio.jpeg","keywords":["futebolgaucho","gremio","libertadores"],"articleSection":["Esportes","Gr\u00eamio","Libertadores 2025","\u00daltimas not\u00edcias"],"inLanguage":"pt-BR","potentialAction":[{"@type":"CommentAction","name":"Comment","target":["https:\/\/redelitoralrs.com\/index.php\/2024\/06\/08\/o-tricolor-faz-sua-ultima-partida-na-fase-de-grupos-da-libertadores\/#respond"]}]},{"@type":"WebPage","@id":"https:\/\/redelitoralrs.com\/index.php\/2024\/06\/08\/o-tricolor-faz-sua-ultima-partida-na-fase-de-grupos-da-libertadores\/","url":"https:\/\/redelitoralrs.com\/index.php\/2024\/06\/08\/o-tricolor-faz-sua-ultima-partida-na-fase-de-grupos-da-libertadores\/","name":"O Tricolor faz sua ultima partida na fase de grupos da Libertadores - Rede Litoral RS","isPartOf":{"@id":"https:\/\/redelitoralrs.com\/#website"},"primaryImageOfPage":{"@id":"https:\/\/redelitoralrs.com\/index.php\/2024\/06\/08\/o-tricolor-faz-sua-ultima-partida-na-fase-de-grupos-da-libertadores\/#primaryimage"},"image":{"@id":"https:\/\/redelitoralrs.com\/index.php\/2024\/06\/08\/o-tricolor-faz-sua-ultima-partida-na-fase-de-grupos-da-libertadores\/#primaryimage"},"thumbnailUrl":"https:\/\/redelitoralrs.com\/wp-content\/uploads\/2024\/06\/Couto-Pereira-e-Gremio.jpeg","datePublished":"2024-06-08T13:28:45+00:00","dateModified":"2024-06-08T13:28:46+00:00","breadcrumb":{"@id":"https:\/\/redelitoralrs.com\/index.php\/2024\/06\/08\/o-tricolor-faz-sua-ultima-partida-na-fase-de-grupos-da-libertadores\/#breadcrumb"},"inLanguage":"pt-BR","potentialAction":[{"@type":"ReadAction","target":["https:\/\/redelitoralrs.com\/index.php\/2024\/06\/08\/o-tricolor-faz-sua-ultima-partida-na-fase-de-grupos-da-libertadores\/"]}]},{"@type":"ImageObject","inLanguage":"pt-BR","@id":"https:\/\/redelitoralrs.com\/index.php\/2024\/06\/08\/o-tricolor-faz-sua-ultima-partida-na-fase-de-grupos-da-libertadores\/#primaryimage","url":"https:\/\/redelitoralrs.com\/wp-content\/uploads\/2024\/06\/Couto-Pereira-e-Gremio.jpeg","contentUrl":"https:\/\/redelitoralrs.com\/wp-content\/uploads\/2024\/06\/Couto-Pereira-e-Gremio.jpeg","width":1600,"height":1245,"caption":"Gr\u00eamio encerra a fase de grupos da Libertadores. Foto: Divulga\u00e7\u00e3o \/ Gr\u00eamio FBPA"},{"@type":"BreadcrumbList","@id":"https:\/\/redelitoralrs.com\/index.php\/2024\/06\/08\/o-tricolor-faz-sua-ultima-partida-na-fase-de-grupos-da-libertadores\/#breadcrumb","itemListElement":[{"@type":"ListItem","position":1,"name":"In\u00edcio","item":"https:\/\/redelitoralrs.com\/"},{"@type":"ListItem","position":2,"name":"O Tricolor faz sua ultima partida na fase de grupos da Libertadores"}]},{"@type":"WebSite","@id":"https:\/\/redelitoralrs.com\/#website","url":"https:\/\/redelitoralrs.com\/","name":"TV Litoral","description":"Acompanhe tudo do litoral ga\u00facho com a cobertura completa e atualizada da Rede Litoral RS. Nossos jornalistas trazem as \u00faltimas not\u00edcias, os acontecimentos mais quentes e as hist\u00f3rias que importam sobre nosso amado litoral.","publisher":{"@id":"https:\/\/redelitoralrs.com\/#organization"},"potentialAction":[{"@type":"SearchAction","target":{"@type":"EntryPoint","urlTemplate":"https:\/\/redelitoralrs.com\/?s={search_term_string}"},"query-input":{"@type":"PropertyValueSpecification","valueRequired":true,"valueName":"search_term_string"}}],"inLanguage":"pt-BR"},{"@type":"Organization","@id":"https:\/\/redelitoralrs.com\/#organization","name":"TV Litoral","url":"https:\/\/redelitoralrs.com\/","logo":{"@type":"ImageObject","inLanguage":"pt-BR","@id":"https:\/\/redelitoralrs.com\/#\/schema\/logo\/image\/","url":"https:\/\/redelitoralrs.com\/wp-content\/uploads\/2024\/01\/faviconicon-1-1.png","contentUrl":"https:\/\/redelitoralrs.com\/wp-content\/uploads\/2024\/01\/faviconicon-1-1.png","width":454,"height":454,"caption":"TV Litoral"},"image":{"@id":"https:\/\/redelitoralrs.com\/#\/schema\/logo\/image\/"},"sameAs":["https:\/\/www.facebook.com\/tvlitoralrsoficial","https:\/\/www.instagram.com\/tvlitoral.rs"]},{"@type":"Person","@id":"https:\/\/redelitoralrs.com\/#\/schema\/person\/9f12fab0e2eaa9767fa8ba6d64c1edba","name":"M\u00e1rcio Lima","image":{"@type":"ImageObject","inLanguage":"pt-BR","@id":"https:\/\/redelitoralrs.com\/wp-content\/litespeed\/avatar\/e9a7bfbc14b6a3c2ca4d9e68074fb8dc.jpg?ver=1776957471","url":"https:\/\/redelitoralrs.com\/wp-content\/litespeed\/avatar\/e9a7bfbc14b6a3c2ca4d9e68074fb8dc.jpg?ver=1776957471","contentUrl":"https:\/\/redelitoralrs.com\/wp-content\/litespeed\/avatar\/e9a7bfbc14b6a3c2ca4d9e68074fb8dc.jpg?ver=1776957471","caption":"M\u00e1rcio Lima"},"description":"Formado em Gest\u00e3o Comercial e Ingl\u00eas pela Faculdade de Letras da UFRGS. Atualmente estudante de Jornalismo pela Faculdade Est\u00e1cio. Gremista participante do Grupo de Conselheiros CIA(Conselheiros Independentes da Associados). Em seu curr\u00edculo como jornalista esta a Radio Pachola, e a RDCTV de Porto Alegre. Comentarista, rep\u00f3rter e \u00e2ncora de programas e jornadas esportivas.","sameAs":["https:\/\/redelitoralrs.com","https:\/\/www.facebook.com\/marcio.lima.14473\/","https:\/\/www.instagram.com\/marciolima.jornalista\/","https:\/\/x.com\/https:\/\/x.com\/mhlimalima"],"url":"https:\/\/redelitoralrs.com\/index.php\/author\/marciolima\/"}]}},"_links":{"self":[{"href":"https:\/\/redelitoralrs.com\/index.php\/wp-json\/wp\/v2\/posts\/2425","targetHints":{"allow":["GET"]}}],"collection":[{"href":"https:\/\/redelitoralrs.com\/index.php\/wp-json\/wp\/v2\/posts"}],"about":[{"href":"https:\/\/redelitoralrs.com\/index.php\/wp-json\/wp\/v2\/types\/post"}],"author":[{"embeddable":true,"href":"https:\/\/redelitoralrs.com\/index.php\/wp-json\/wp\/v2\/users\/3"}],"replies":[{"embeddable":true,"href":"https:\/\/redelitoralrs.com\/index.php\/wp-json\/wp\/v2\/comments?post=2425"}],"version-history":[{"count":1,"href":"https:\/\/redelitoralrs.com\/index.php\/wp-json\/wp\/v2\/posts\/2425\/revisions"}],"predecessor-version":[{"id":2427,"href":"https:\/\/redelitoralrs.com\/index.php\/wp-json\/wp\/v2\/posts\/2425\/revisions\/2427"}],"wp:featuredmedia":[{"embeddable":true,"href":"https:\/\/redelitoralrs.com\/index.php\/wp-json\/wp\/v2\/media\/2426"}],"wp:attachment":[{"href":"https:\/\/redelitoralrs.com\/index.php\/wp-json\/wp\/v2\/media?parent=2425"}],"wp:term":[{"taxonomy":"category","embeddable":true,"href":"https:\/\/redelitoralrs.com\/index.php\/wp-json\/wp\/v2\/categories?post=2425"},{"taxonomy":"post_tag","embeddable":true,"href":"https:\/\/redelitoralrs.com\/index.php\/wp-json\/wp\/v2\/tags?post=2425"}],"curies":[{"name":"wp","href":"https:\/\/api.w.org\/{rel}","templated":true}]}}