{"id":23324,"date":"2026-03-10T16:42:11","date_gmt":"2026-03-10T19:42:11","guid":{"rendered":"https:\/\/redelitoralrs.com\/?p=23324"},"modified":"2026-03-10T16:42:11","modified_gmt":"2026-03-10T19:42:11","slug":"prefeitura-prorroga-prazo-do-iptu-2026-para-pagamento-ate-19-de-marco","status":"publish","type":"post","link":"https:\/\/redelitoralrs.com\/index.php\/2026\/03\/10\/prefeitura-prorroga-prazo-do-iptu-2026-para-pagamento-ate-19-de-marco\/","title":{"rendered":"Prefeitura prorroga prazo do IPTU 2026 para pagamento at\u00e9 19 de mar\u00e7o"},"content":{"rendered":"\n<p>A Prefeitura de Os\u00f3rio prorrogou o prazo para pagamento em cota \u00fanica e da primeira parcela do IPTU 2026. A nova data de vencimento foi estabelecida para o dia 19 de mar\u00e7o.<\/p>\n\n\n\n<p>A mudan\u00e7a foi oficializada por meio do Decreto n\u00ba 26\/2026, publicado no dia 6 de mar\u00e7o. A decis\u00e3o ocorreu ap\u00f3s atraso na confec\u00e7\u00e3o dos carn\u00eas por parte da gr\u00e1fica contratada para o servi\u00e7o.<\/p>\n\n\n\n<p>Com a prorroga\u00e7\u00e3o, os contribuintes que optarem pelo pagamento \u00e0 vista continuam tendo direito a desconto de 10%. O mesmo prazo tamb\u00e9m vale para o pagamento da primeira parcela do imposto para quem escolher o parcelamento.<\/p>\n\n\n\n<p>A administra\u00e7\u00e3o municipal informou que os moradores precisam emitir uma nova guia de pagamento a partir desta ter\u00e7a-feira (10), caso n\u00e3o tenham quitado o tributo at\u00e9 segunda-feira (9). O documento pode ser retirado no portal de autoatendimento da prefeitura ou presencialmente na ag\u00eancia dos Correios localizada na Rua J\u00falio de Castilhos, no centro da cidade, al\u00e9m do atendimento no pr\u00e9dio da prefeitura, na Avenida Jorge Dariva.<\/p>\n\n\n\n<p>Al\u00e9m do IPTU, a Taxa de Coleta de Lixo tamb\u00e9m poder\u00e1 ser paga em parcela \u00fanica at\u00e9 19 de mar\u00e7o, com desconto de 10%, ou parcelada em cinco vezes ao longo do ano.<\/p>\n\n\n\n<p>No caso do IPTU parcelado, os vencimentos seguem distribu\u00eddos entre mar\u00e7o e dezembro. J\u00e1 as parcelas da Taxa de Coleta de Lixo ter\u00e3o vencimentos entre mar\u00e7o e novembro.<\/p>\n\n\n\n<p>A prefeitura orienta os contribuintes a verificarem as novas guias antes do pagamento para evitar diverg\u00eancias nas datas atualizadas. Informa\u00e7\u00f5es adicionais podem ser obtidas diretamente no setor de atendimento da prefeitura ou por telefone.<\/p>\n","protected":false},"excerpt":{"rendered":"<p>A Prefeitura de Os\u00f3rio prorrogou o prazo para pagamento em cota \u00fanica e da primeira parcela do IPTU 2026. A nova data de vencimento foi estabelecida para o dia 19 de mar\u00e7o. A mudan\u00e7a foi oficializada por meio do Decreto n\u00ba 26\/2026, publicado no dia 6 de mar\u00e7o. A decis\u00e3o ocorreu ap\u00f3s atraso na confec\u00e7\u00e3o [&hellip;]<\/p>\n","protected":false},"author":2,"featured_media":23325,"comment_status":"open","ping_status":"open","sticky":false,"template":"","format":"standard","meta":{"_themeisle_gutenberg_block_has_review":false,"footnotes":""},"categories":[172,15],"tags":[],"class_list":["post-23324","post","type-post","status-publish","format-standard","has-post-thumbnail","hentry","category-osorio","category-noticias"],"yoast_head":"<!-- This site is optimized with the Yoast SEO plugin v27.4 - https:\/\/yoast.com\/product\/yoast-seo-wordpress\/ -->\n<title>Prefeitura prorroga prazo do IPTU 2026 para pagamento at\u00e9 19 de mar\u00e7o - Rede Litoral RS<\/title>\n<meta name=\"robots\" content=\"index, follow, max-snippet:-1, max-image-preview:large, max-video-preview:-1\" \/>\n<link rel=\"canonical\" href=\"https:\/\/redelitoralrs.com\/index.php\/2026\/03\/10\/prefeitura-prorroga-prazo-do-iptu-2026-para-pagamento-ate-19-de-marco\/\" \/>\n<meta property=\"og:locale\" content=\"pt_BR\" \/>\n<meta property=\"og:type\" content=\"article\" \/>\n<meta property=\"og:title\" content=\"Prefeitura prorroga prazo do IPTU 2026 para pagamento at\u00e9 19 de mar\u00e7o - Rede Litoral RS\" \/>\n<meta property=\"og:description\" content=\"A Prefeitura de Os\u00f3rio prorrogou o prazo para pagamento em cota \u00fanica e da primeira parcela do IPTU 2026. A nova data de vencimento foi estabelecida para o dia 19 de mar\u00e7o. A mudan\u00e7a foi oficializada por meio do Decreto n\u00ba 26\/2026, publicado no dia 6 de mar\u00e7o. A decis\u00e3o ocorreu ap\u00f3s atraso na confec\u00e7\u00e3o [&hellip;]\" \/>\n<meta property=\"og:url\" content=\"https:\/\/redelitoralrs.com\/index.php\/2026\/03\/10\/prefeitura-prorroga-prazo-do-iptu-2026-para-pagamento-ate-19-de-marco\/\" \/>\n<meta property=\"og:site_name\" content=\"Rede Litoral RS\" \/>\n<meta property=\"article:publisher\" content=\"https:\/\/www.facebook.com\/tvlitoralrsoficial\" \/>\n<meta property=\"article:published_time\" content=\"2026-03-10T19:42:11+00:00\" \/>\n<meta property=\"og:image\" content=\"https:\/\/redelitoralrs.com\/wp-content\/uploads\/2026\/03\/WhatsApp-Image-2026-03-09-at-17.26.23.jpeg\" \/>\n\t<meta property=\"og:image:width\" content=\"1600\" \/>\n\t<meta property=\"og:image:height\" content=\"900\" \/>\n\t<meta property=\"og:image:type\" content=\"image\/jpeg\" \/>\n<meta name=\"author\" content=\"Reda\u00e7\u00e3o TV Litoral\" \/>\n<meta name=\"twitter:card\" content=\"summary_large_image\" \/>\n<meta name=\"twitter:label1\" content=\"Escrito por\" \/>\n\t<meta name=\"twitter:data1\" content=\"Reda\u00e7\u00e3o TV Litoral\" \/>\n\t<meta name=\"twitter:label2\" content=\"Est. tempo de leitura\" \/>\n\t<meta name=\"twitter:data2\" content=\"2 minutos\" \/>\n<script type=\"application\/ld+json\" class=\"yoast-schema-graph\">{\"@context\":\"https:\\\/\\\/schema.org\",\"@graph\":[{\"@type\":\"Article\",\"@id\":\"https:\\\/\\\/redelitoralrs.com\\\/index.php\\\/2026\\\/03\\\/10\\\/prefeitura-prorroga-prazo-do-iptu-2026-para-pagamento-ate-19-de-marco\\\/#article\",\"isPartOf\":{\"@id\":\"https:\\\/\\\/redelitoralrs.com\\\/index.php\\\/2026\\\/03\\\/10\\\/prefeitura-prorroga-prazo-do-iptu-2026-para-pagamento-ate-19-de-marco\\\/\"},\"author\":{\"name\":\"Reda\u00e7\u00e3o TV Litoral\",\"@id\":\"https:\\\/\\\/redelitoralrs.com\\\/#\\\/schema\\\/person\\\/9f8181f2a7359dd3986f05ebaf5bd68a\"},\"headline\":\"Prefeitura prorroga prazo do IPTU 2026 para pagamento at\u00e9 19 de mar\u00e7o\",\"datePublished\":\"2026-03-10T19:42:11+00:00\",\"mainEntityOfPage\":{\"@id\":\"https:\\\/\\\/redelitoralrs.com\\\/index.php\\\/2026\\\/03\\\/10\\\/prefeitura-prorroga-prazo-do-iptu-2026-para-pagamento-ate-19-de-marco\\\/\"},\"wordCount\":291,\"commentCount\":0,\"publisher\":{\"@id\":\"https:\\\/\\\/redelitoralrs.com\\\/#organization\"},\"image\":{\"@id\":\"https:\\\/\\\/redelitoralrs.com\\\/index.php\\\/2026\\\/03\\\/10\\\/prefeitura-prorroga-prazo-do-iptu-2026-para-pagamento-ate-19-de-marco\\\/#primaryimage\"},\"thumbnailUrl\":\"https:\\\/\\\/redelitoralrs.com\\\/wp-content\\\/uploads\\\/2026\\\/03\\\/WhatsApp-Image-2026-03-09-at-17.26.23.jpeg\",\"articleSection\":[\"Os\u00f3rio\",\"\u00daltimas not\u00edcias\"],\"inLanguage\":\"pt-BR\",\"potentialAction\":[{\"@type\":\"CommentAction\",\"name\":\"Comment\",\"target\":[\"https:\\\/\\\/redelitoralrs.com\\\/index.php\\\/2026\\\/03\\\/10\\\/prefeitura-prorroga-prazo-do-iptu-2026-para-pagamento-ate-19-de-marco\\\/#respond\"]}]},{\"@type\":\"WebPage\",\"@id\":\"https:\\\/\\\/redelitoralrs.com\\\/index.php\\\/2026\\\/03\\\/10\\\/prefeitura-prorroga-prazo-do-iptu-2026-para-pagamento-ate-19-de-marco\\\/\",\"url\":\"https:\\\/\\\/redelitoralrs.com\\\/index.php\\\/2026\\\/03\\\/10\\\/prefeitura-prorroga-prazo-do-iptu-2026-para-pagamento-ate-19-de-marco\\\/\",\"name\":\"Prefeitura prorroga prazo do IPTU 2026 para pagamento at\u00e9 19 de mar\u00e7o - Rede Litoral RS\",\"isPartOf\":{\"@id\":\"https:\\\/\\\/redelitoralrs.com\\\/#website\"},\"primaryImageOfPage\":{\"@id\":\"https:\\\/\\\/redelitoralrs.com\\\/index.php\\\/2026\\\/03\\\/10\\\/prefeitura-prorroga-prazo-do-iptu-2026-para-pagamento-ate-19-de-marco\\\/#primaryimage\"},\"image\":{\"@id\":\"https:\\\/\\\/redelitoralrs.com\\\/index.php\\\/2026\\\/03\\\/10\\\/prefeitura-prorroga-prazo-do-iptu-2026-para-pagamento-ate-19-de-marco\\\/#primaryimage\"},\"thumbnailUrl\":\"https:\\\/\\\/redelitoralrs.com\\\/wp-content\\\/uploads\\\/2026\\\/03\\\/WhatsApp-Image-2026-03-09-at-17.26.23.jpeg\",\"datePublished\":\"2026-03-10T19:42:11+00:00\",\"breadcrumb\":{\"@id\":\"https:\\\/\\\/redelitoralrs.com\\\/index.php\\\/2026\\\/03\\\/10\\\/prefeitura-prorroga-prazo-do-iptu-2026-para-pagamento-ate-19-de-marco\\\/#breadcrumb\"},\"inLanguage\":\"pt-BR\",\"potentialAction\":[{\"@type\":\"ReadAction\",\"target\":[\"https:\\\/\\\/redelitoralrs.com\\\/index.php\\\/2026\\\/03\\\/10\\\/prefeitura-prorroga-prazo-do-iptu-2026-para-pagamento-ate-19-de-marco\\\/\"]}]},{\"@type\":\"ImageObject\",\"inLanguage\":\"pt-BR\",\"@id\":\"https:\\\/\\\/redelitoralrs.com\\\/index.php\\\/2026\\\/03\\\/10\\\/prefeitura-prorroga-prazo-do-iptu-2026-para-pagamento-ate-19-de-marco\\\/#primaryimage\",\"url\":\"https:\\\/\\\/redelitoralrs.com\\\/wp-content\\\/uploads\\\/2026\\\/03\\\/WhatsApp-Image-2026-03-09-at-17.26.23.jpeg\",\"contentUrl\":\"https:\\\/\\\/redelitoralrs.com\\\/wp-content\\\/uploads\\\/2026\\\/03\\\/WhatsApp-Image-2026-03-09-at-17.26.23.jpeg\",\"width\":1600,\"height\":900,\"caption\":\"Foto: Divulga\u00e7\u00e3o\\\/PMO\"},{\"@type\":\"BreadcrumbList\",\"@id\":\"https:\\\/\\\/redelitoralrs.com\\\/index.php\\\/2026\\\/03\\\/10\\\/prefeitura-prorroga-prazo-do-iptu-2026-para-pagamento-ate-19-de-marco\\\/#breadcrumb\",\"itemListElement\":[{\"@type\":\"ListItem\",\"position\":1,\"name\":\"In\u00edcio\",\"item\":\"https:\\\/\\\/redelitoralrs.com\\\/\"},{\"@type\":\"ListItem\",\"position\":2,\"name\":\"Prefeitura prorroga prazo do IPTU 2026 para pagamento at\u00e9 19 de mar\u00e7o\"}]},{\"@type\":\"WebSite\",\"@id\":\"https:\\\/\\\/redelitoralrs.com\\\/#website\",\"url\":\"https:\\\/\\\/redelitoralrs.com\\\/\",\"name\":\"TV Litoral\",\"description\":\"Acompanhe tudo do litoral ga\u00facho com a cobertura completa e atualizada da Rede Litoral RS. Nossos jornalistas trazem as \u00faltimas not\u00edcias, os acontecimentos mais quentes e as hist\u00f3rias que importam sobre nosso amado litoral.\",\"publisher\":{\"@id\":\"https:\\\/\\\/redelitoralrs.com\\\/#organization\"},\"potentialAction\":[{\"@type\":\"SearchAction\",\"target\":{\"@type\":\"EntryPoint\",\"urlTemplate\":\"https:\\\/\\\/redelitoralrs.com\\\/?s={search_term_string}\"},\"query-input\":{\"@type\":\"PropertyValueSpecification\",\"valueRequired\":true,\"valueName\":\"search_term_string\"}}],\"inLanguage\":\"pt-BR\"},{\"@type\":\"Organization\",\"@id\":\"https:\\\/\\\/redelitoralrs.com\\\/#organization\",\"name\":\"TV Litoral\",\"url\":\"https:\\\/\\\/redelitoralrs.com\\\/\",\"logo\":{\"@type\":\"ImageObject\",\"inLanguage\":\"pt-BR\",\"@id\":\"https:\\\/\\\/redelitoralrs.com\\\/#\\\/schema\\\/logo\\\/image\\\/\",\"url\":\"https:\\\/\\\/redelitoralrs.com\\\/wp-content\\\/uploads\\\/2024\\\/01\\\/faviconicon-1-1.png\",\"contentUrl\":\"https:\\\/\\\/redelitoralrs.com\\\/wp-content\\\/uploads\\\/2024\\\/01\\\/faviconicon-1-1.png\",\"width\":454,\"height\":454,\"caption\":\"TV Litoral\"},\"image\":{\"@id\":\"https:\\\/\\\/redelitoralrs.com\\\/#\\\/schema\\\/logo\\\/image\\\/\"},\"sameAs\":[\"https:\\\/\\\/www.facebook.com\\\/tvlitoralrsoficial\",\"https:\\\/\\\/www.instagram.com\\\/tvlitoral.rs\"]},{\"@type\":\"Person\",\"@id\":\"https:\\\/\\\/redelitoralrs.com\\\/#\\\/schema\\\/person\\\/9f8181f2a7359dd3986f05ebaf5bd68a\",\"name\":\"Reda\u00e7\u00e3o TV Litoral\",\"image\":{\"@type\":\"ImageObject\",\"inLanguage\":\"pt-BR\",\"@id\":\"https:\\\/\\\/redelitoralrs.com\\\/wp-content\\\/litespeed\\\/avatar\\\/779aafbb45e66c7f82733e21abb48259.jpg?ver=1777561602\",\"url\":\"https:\\\/\\\/redelitoralrs.com\\\/wp-content\\\/litespeed\\\/avatar\\\/779aafbb45e66c7f82733e21abb48259.jpg?ver=1777561602\",\"contentUrl\":\"https:\\\/\\\/redelitoralrs.com\\\/wp-content\\\/litespeed\\\/avatar\\\/779aafbb45e66c7f82733e21abb48259.jpg?ver=1777561602\",\"caption\":\"Reda\u00e7\u00e3o TV Litoral\"},\"description\":\"A Rede Litoral de Comunica\u00e7\u00e3o \u00e9 um grupo de m\u00eddia multiplataforma do Litoral Norte do RS. Com atua\u00e7\u00e3o em TV, r\u00e1dio, portal e redes sociais, levamos informa\u00e7\u00e3o, conte\u00fado e entretenimento \u00e0 comunidade, fortalecendo a comunica\u00e7\u00e3o local e impulsionando o desenvolvimento regional. Acompanhe atrav\u00e9s de @redelitoralrs.\",\"sameAs\":[\"https:\\\/\\\/redelitoralrs.com\",\"https:\\\/\\\/www.instagram.com\\\/redelitoralrs\",\"https:\\\/\\\/www.youtube.com\\\/@redelitoralrs\"],\"url\":\"https:\\\/\\\/redelitoralrs.com\\\/index.php\\\/author\\\/redacaotvlitoral\\\/\"}]}<\/script>\n<!-- \/ Yoast SEO plugin. -->","yoast_head_json":{"title":"Prefeitura prorroga prazo do IPTU 2026 para pagamento at\u00e9 19 de mar\u00e7o - Rede Litoral RS","robots":{"index":"index","follow":"follow","max-snippet":"max-snippet:-1","max-image-preview":"max-image-preview:large","max-video-preview":"max-video-preview:-1"},"canonical":"https:\/\/redelitoralrs.com\/index.php\/2026\/03\/10\/prefeitura-prorroga-prazo-do-iptu-2026-para-pagamento-ate-19-de-marco\/","og_locale":"pt_BR","og_type":"article","og_title":"Prefeitura prorroga prazo do IPTU 2026 para pagamento at\u00e9 19 de mar\u00e7o - Rede Litoral RS","og_description":"A Prefeitura de Os\u00f3rio prorrogou o prazo para pagamento em cota \u00fanica e da primeira parcela do IPTU 2026. A nova data de vencimento foi estabelecida para o dia 19 de mar\u00e7o. A mudan\u00e7a foi oficializada por meio do Decreto n\u00ba 26\/2026, publicado no dia 6 de mar\u00e7o. A decis\u00e3o ocorreu ap\u00f3s atraso na confec\u00e7\u00e3o [&hellip;]","og_url":"https:\/\/redelitoralrs.com\/index.php\/2026\/03\/10\/prefeitura-prorroga-prazo-do-iptu-2026-para-pagamento-ate-19-de-marco\/","og_site_name":"Rede Litoral RS","article_publisher":"https:\/\/www.facebook.com\/tvlitoralrsoficial","article_published_time":"2026-03-10T19:42:11+00:00","og_image":[{"width":1600,"height":900,"url":"https:\/\/redelitoralrs.com\/wp-content\/uploads\/2026\/03\/WhatsApp-Image-2026-03-09-at-17.26.23.jpeg","type":"image\/jpeg"}],"author":"Reda\u00e7\u00e3o TV Litoral","twitter_card":"summary_large_image","twitter_misc":{"Escrito por":"Reda\u00e7\u00e3o TV Litoral","Est. tempo de leitura":"2 minutos"},"schema":{"@context":"https:\/\/schema.org","@graph":[{"@type":"Article","@id":"https:\/\/redelitoralrs.com\/index.php\/2026\/03\/10\/prefeitura-prorroga-prazo-do-iptu-2026-para-pagamento-ate-19-de-marco\/#article","isPartOf":{"@id":"https:\/\/redelitoralrs.com\/index.php\/2026\/03\/10\/prefeitura-prorroga-prazo-do-iptu-2026-para-pagamento-ate-19-de-marco\/"},"author":{"name":"Reda\u00e7\u00e3o TV Litoral","@id":"https:\/\/redelitoralrs.com\/#\/schema\/person\/9f8181f2a7359dd3986f05ebaf5bd68a"},"headline":"Prefeitura prorroga prazo do IPTU 2026 para pagamento at\u00e9 19 de mar\u00e7o","datePublished":"2026-03-10T19:42:11+00:00","mainEntityOfPage":{"@id":"https:\/\/redelitoralrs.com\/index.php\/2026\/03\/10\/prefeitura-prorroga-prazo-do-iptu-2026-para-pagamento-ate-19-de-marco\/"},"wordCount":291,"commentCount":0,"publisher":{"@id":"https:\/\/redelitoralrs.com\/#organization"},"image":{"@id":"https:\/\/redelitoralrs.com\/index.php\/2026\/03\/10\/prefeitura-prorroga-prazo-do-iptu-2026-para-pagamento-ate-19-de-marco\/#primaryimage"},"thumbnailUrl":"https:\/\/redelitoralrs.com\/wp-content\/uploads\/2026\/03\/WhatsApp-Image-2026-03-09-at-17.26.23.jpeg","articleSection":["Os\u00f3rio","\u00daltimas not\u00edcias"],"inLanguage":"pt-BR","potentialAction":[{"@type":"CommentAction","name":"Comment","target":["https:\/\/redelitoralrs.com\/index.php\/2026\/03\/10\/prefeitura-prorroga-prazo-do-iptu-2026-para-pagamento-ate-19-de-marco\/#respond"]}]},{"@type":"WebPage","@id":"https:\/\/redelitoralrs.com\/index.php\/2026\/03\/10\/prefeitura-prorroga-prazo-do-iptu-2026-para-pagamento-ate-19-de-marco\/","url":"https:\/\/redelitoralrs.com\/index.php\/2026\/03\/10\/prefeitura-prorroga-prazo-do-iptu-2026-para-pagamento-ate-19-de-marco\/","name":"Prefeitura prorroga prazo do IPTU 2026 para pagamento at\u00e9 19 de mar\u00e7o - Rede Litoral RS","isPartOf":{"@id":"https:\/\/redelitoralrs.com\/#website"},"primaryImageOfPage":{"@id":"https:\/\/redelitoralrs.com\/index.php\/2026\/03\/10\/prefeitura-prorroga-prazo-do-iptu-2026-para-pagamento-ate-19-de-marco\/#primaryimage"},"image":{"@id":"https:\/\/redelitoralrs.com\/index.php\/2026\/03\/10\/prefeitura-prorroga-prazo-do-iptu-2026-para-pagamento-ate-19-de-marco\/#primaryimage"},"thumbnailUrl":"https:\/\/redelitoralrs.com\/wp-content\/uploads\/2026\/03\/WhatsApp-Image-2026-03-09-at-17.26.23.jpeg","datePublished":"2026-03-10T19:42:11+00:00","breadcrumb":{"@id":"https:\/\/redelitoralrs.com\/index.php\/2026\/03\/10\/prefeitura-prorroga-prazo-do-iptu-2026-para-pagamento-ate-19-de-marco\/#breadcrumb"},"inLanguage":"pt-BR","potentialAction":[{"@type":"ReadAction","target":["https:\/\/redelitoralrs.com\/index.php\/2026\/03\/10\/prefeitura-prorroga-prazo-do-iptu-2026-para-pagamento-ate-19-de-marco\/"]}]},{"@type":"ImageObject","inLanguage":"pt-BR","@id":"https:\/\/redelitoralrs.com\/index.php\/2026\/03\/10\/prefeitura-prorroga-prazo-do-iptu-2026-para-pagamento-ate-19-de-marco\/#primaryimage","url":"https:\/\/redelitoralrs.com\/wp-content\/uploads\/2026\/03\/WhatsApp-Image-2026-03-09-at-17.26.23.jpeg","contentUrl":"https:\/\/redelitoralrs.com\/wp-content\/uploads\/2026\/03\/WhatsApp-Image-2026-03-09-at-17.26.23.jpeg","width":1600,"height":900,"caption":"Foto: Divulga\u00e7\u00e3o\/PMO"},{"@type":"BreadcrumbList","@id":"https:\/\/redelitoralrs.com\/index.php\/2026\/03\/10\/prefeitura-prorroga-prazo-do-iptu-2026-para-pagamento-ate-19-de-marco\/#breadcrumb","itemListElement":[{"@type":"ListItem","position":1,"name":"In\u00edcio","item":"https:\/\/redelitoralrs.com\/"},{"@type":"ListItem","position":2,"name":"Prefeitura prorroga prazo do IPTU 2026 para pagamento at\u00e9 19 de mar\u00e7o"}]},{"@type":"WebSite","@id":"https:\/\/redelitoralrs.com\/#website","url":"https:\/\/redelitoralrs.com\/","name":"TV Litoral","description":"Acompanhe tudo do litoral ga\u00facho com a cobertura completa e atualizada da Rede Litoral RS. Nossos jornalistas trazem as \u00faltimas not\u00edcias, os acontecimentos mais quentes e as hist\u00f3rias que importam sobre nosso amado litoral.","publisher":{"@id":"https:\/\/redelitoralrs.com\/#organization"},"potentialAction":[{"@type":"SearchAction","target":{"@type":"EntryPoint","urlTemplate":"https:\/\/redelitoralrs.com\/?s={search_term_string}"},"query-input":{"@type":"PropertyValueSpecification","valueRequired":true,"valueName":"search_term_string"}}],"inLanguage":"pt-BR"},{"@type":"Organization","@id":"https:\/\/redelitoralrs.com\/#organization","name":"TV Litoral","url":"https:\/\/redelitoralrs.com\/","logo":{"@type":"ImageObject","inLanguage":"pt-BR","@id":"https:\/\/redelitoralrs.com\/#\/schema\/logo\/image\/","url":"https:\/\/redelitoralrs.com\/wp-content\/uploads\/2024\/01\/faviconicon-1-1.png","contentUrl":"https:\/\/redelitoralrs.com\/wp-content\/uploads\/2024\/01\/faviconicon-1-1.png","width":454,"height":454,"caption":"TV Litoral"},"image":{"@id":"https:\/\/redelitoralrs.com\/#\/schema\/logo\/image\/"},"sameAs":["https:\/\/www.facebook.com\/tvlitoralrsoficial","https:\/\/www.instagram.com\/tvlitoral.rs"]},{"@type":"Person","@id":"https:\/\/redelitoralrs.com\/#\/schema\/person\/9f8181f2a7359dd3986f05ebaf5bd68a","name":"Reda\u00e7\u00e3o TV Litoral","image":{"@type":"ImageObject","inLanguage":"pt-BR","@id":"https:\/\/redelitoralrs.com\/wp-content\/litespeed\/avatar\/779aafbb45e66c7f82733e21abb48259.jpg?ver=1777561602","url":"https:\/\/redelitoralrs.com\/wp-content\/litespeed\/avatar\/779aafbb45e66c7f82733e21abb48259.jpg?ver=1777561602","contentUrl":"https:\/\/redelitoralrs.com\/wp-content\/litespeed\/avatar\/779aafbb45e66c7f82733e21abb48259.jpg?ver=1777561602","caption":"Reda\u00e7\u00e3o TV Litoral"},"description":"A Rede Litoral de Comunica\u00e7\u00e3o \u00e9 um grupo de m\u00eddia multiplataforma do Litoral Norte do RS. Com atua\u00e7\u00e3o em TV, r\u00e1dio, portal e redes sociais, levamos informa\u00e7\u00e3o, conte\u00fado e entretenimento \u00e0 comunidade, fortalecendo a comunica\u00e7\u00e3o local e impulsionando o desenvolvimento regional. Acompanhe atrav\u00e9s de @redelitoralrs.","sameAs":["https:\/\/redelitoralrs.com","https:\/\/www.instagram.com\/redelitoralrs","https:\/\/www.youtube.com\/@redelitoralrs"],"url":"https:\/\/redelitoralrs.com\/index.php\/author\/redacaotvlitoral\/"}]}},"_links":{"self":[{"href":"https:\/\/redelitoralrs.com\/index.php\/wp-json\/wp\/v2\/posts\/23324","targetHints":{"allow":["GET"]}}],"collection":[{"href":"https:\/\/redelitoralrs.com\/index.php\/wp-json\/wp\/v2\/posts"}],"about":[{"href":"https:\/\/redelitoralrs.com\/index.php\/wp-json\/wp\/v2\/types\/post"}],"author":[{"embeddable":true,"href":"https:\/\/redelitoralrs.com\/index.php\/wp-json\/wp\/v2\/users\/2"}],"replies":[{"embeddable":true,"href":"https:\/\/redelitoralrs.com\/index.php\/wp-json\/wp\/v2\/comments?post=23324"}],"version-history":[{"count":1,"href":"https:\/\/redelitoralrs.com\/index.php\/wp-json\/wp\/v2\/posts\/23324\/revisions"}],"predecessor-version":[{"id":23326,"href":"https:\/\/redelitoralrs.com\/index.php\/wp-json\/wp\/v2\/posts\/23324\/revisions\/23326"}],"wp:featuredmedia":[{"embeddable":true,"href":"https:\/\/redelitoralrs.com\/index.php\/wp-json\/wp\/v2\/media\/23325"}],"wp:attachment":[{"href":"https:\/\/redelitoralrs.com\/index.php\/wp-json\/wp\/v2\/media?parent=23324"}],"wp:term":[{"taxonomy":"category","embeddable":true,"href":"https:\/\/redelitoralrs.com\/index.php\/wp-json\/wp\/v2\/categories?post=23324"},{"taxonomy":"post_tag","embeddable":true,"href":"https:\/\/redelitoralrs.com\/index.php\/wp-json\/wp\/v2\/tags?post=23324"}],"curies":[{"name":"wp","href":"https:\/\/api.w.org\/{rel}","templated":true}]}}