{"id":23321,"date":"2026-03-10T16:39:19","date_gmt":"2026-03-10T19:39:19","guid":{"rendered":"https:\/\/redelitoralrs.com\/?p=23321"},"modified":"2026-03-10T16:39:19","modified_gmt":"2026-03-10T19:39:19","slug":"deputado-pedro-westphalen-e-homenageado-na-calcada-da-fama-da-expodireto-cotrijal-2026","status":"publish","type":"post","link":"https:\/\/redelitoralrs.com\/index.php\/2026\/03\/10\/deputado-pedro-westphalen-e-homenageado-na-calcada-da-fama-da-expodireto-cotrijal-2026\/","title":{"rendered":"Deputado Pedro Westphalen \u00e9 homenageado na Cal\u00e7ada da Fama da Expodireto Cotrijal 2026"},"content":{"rendered":"\n<p>O deputado federal Pedro Westphalen foi homenageado na Cal\u00e7ada da Fama da Expodireto Cotrijal 2026 durante o primeiro dia da feira, realizado na segunda-feira (9). A cerim\u00f4nia ocorreu ap\u00f3s a abertura oficial do evento, reunindo autoridades e representantes do setor produtivo.<\/p>\n\n\n\n<p>A homenagem \u00e9 promovida pela Cotrijal e reconhece personalidades que contribu\u00edram para o desenvolvimento do agroneg\u00f3cio no Estado e no pa\u00eds. Ao longo das edi\u00e7\u00f5es da feira, a Cal\u00e7ada da Fama se consolidou como um espa\u00e7o simb\u00f3lico que registra nomes de lideran\u00e7as pol\u00edticas, empres\u00e1rios, pesquisadores e representantes de entidades ligadas ao setor.<\/p>\n\n\n\n<p>Durante a solenidade, o presidente da Cotrijal e da Expodireto, Nei C\u00e9sar Manica, destacou a trajet\u00f3ria do parlamentar e sua atua\u00e7\u00e3o em defesa do desenvolvimento econ\u00f4mico e da produ\u00e7\u00e3o agr\u00edcola.<\/p>\n\n\n\n<p>Natural de Cruz Alta, Westphalen \u00e9 m\u00e9dico de forma\u00e7\u00e3o e iniciou a trajet\u00f3ria pol\u00edtica em 2003, quando foi eleito deputado estadual. Ao longo de quatro mandatos consecutivos na Assembleia Legislativa do Rio Grande do Sul, presidiu a Comiss\u00e3o de Sa\u00fade e Meio Ambiente e integrou outras comiss\u00f5es, como as de Finan\u00e7as, Educa\u00e7\u00e3o e Agricultura.<\/p>\n\n\n\n<p>Em 2006, tamb\u00e9m atuou como secret\u00e1rio estadual de Ci\u00eancia e Tecnologia do Rio Grande do Sul, per\u00edodo em que participou da implementa\u00e7\u00e3o da Lei da Inova\u00e7\u00e3o no Estado. Em 2013, presidiu a Assembleia Legislativa ga\u00facha.<\/p>\n\n\n\n<p>Westphalen foi eleito deputado federal em 2018 e reeleito em 2022 para a C\u00e2mara dos Deputados do Brasil.<\/p>\n\n\n\n<p>Considerada uma das principais feiras do agroneg\u00f3cio brasileiro, a Expodireto Cotrijal re\u00fane anualmente produtores, empresas, especialistas e autoridades para debater inova\u00e7\u00e3o, tecnologia e perspectivas para o setor agr\u00edcola.<\/p>\n","protected":false},"excerpt":{"rendered":"<p>O deputado federal Pedro Westphalen foi homenageado na Cal\u00e7ada da Fama da Expodireto Cotrijal 2026 durante o primeiro dia da feira, realizado na segunda-feira (9). A cerim\u00f4nia ocorreu ap\u00f3s a abertura oficial do evento, reunindo autoridades e representantes do setor produtivo. A homenagem \u00e9 promovida pela Cotrijal e reconhece personalidades que contribu\u00edram para o desenvolvimento [&hellip;]<\/p>\n","protected":false},"author":2,"featured_media":23322,"comment_status":"open","ping_status":"open","sticky":false,"template":"","format":"standard","meta":{"_themeisle_gutenberg_block_has_review":false,"footnotes":""},"categories":[188,15],"tags":[],"class_list":["post-23321","post","type-post","status-publish","format-standard","has-post-thumbnail","hentry","category-rio-grande-do-sul","category-noticias"],"yoast_head":"<!-- This site is optimized with the Yoast SEO plugin v27.4 - https:\/\/yoast.com\/product\/yoast-seo-wordpress\/ -->\n<title>Deputado Pedro Westphalen \u00e9 homenageado na Cal\u00e7ada da Fama da Expodireto Cotrijal 2026 - Rede Litoral RS<\/title>\n<meta name=\"robots\" content=\"index, follow, max-snippet:-1, max-image-preview:large, max-video-preview:-1\" \/>\n<link rel=\"canonical\" href=\"https:\/\/redelitoralrs.com\/index.php\/2026\/03\/10\/deputado-pedro-westphalen-e-homenageado-na-calcada-da-fama-da-expodireto-cotrijal-2026\/\" \/>\n<meta property=\"og:locale\" content=\"pt_BR\" \/>\n<meta property=\"og:type\" content=\"article\" \/>\n<meta property=\"og:title\" content=\"Deputado Pedro Westphalen \u00e9 homenageado na Cal\u00e7ada da Fama da Expodireto Cotrijal 2026 - Rede Litoral RS\" \/>\n<meta property=\"og:description\" content=\"O deputado federal Pedro Westphalen foi homenageado na Cal\u00e7ada da Fama da Expodireto Cotrijal 2026 durante o primeiro dia da feira, realizado na segunda-feira (9). A cerim\u00f4nia ocorreu ap\u00f3s a abertura oficial do evento, reunindo autoridades e representantes do setor produtivo. A homenagem \u00e9 promovida pela Cotrijal e reconhece personalidades que contribu\u00edram para o desenvolvimento [&hellip;]\" \/>\n<meta property=\"og:url\" content=\"https:\/\/redelitoralrs.com\/index.php\/2026\/03\/10\/deputado-pedro-westphalen-e-homenageado-na-calcada-da-fama-da-expodireto-cotrijal-2026\/\" \/>\n<meta property=\"og:site_name\" content=\"Rede Litoral RS\" \/>\n<meta property=\"article:publisher\" content=\"https:\/\/www.facebook.com\/tvlitoralrsoficial\" \/>\n<meta property=\"article:published_time\" content=\"2026-03-10T19:39:19+00:00\" \/>\n<meta property=\"og:image\" content=\"https:\/\/redelitoralrs.com\/wp-content\/uploads\/2026\/03\/218547_amostra_calcada_da_fama__13_1773086923689.jpg\" \/>\n\t<meta property=\"og:image:width\" content=\"831\" \/>\n\t<meta property=\"og:image:height\" content=\"536\" \/>\n\t<meta property=\"og:image:type\" content=\"image\/jpeg\" \/>\n<meta name=\"author\" content=\"Reda\u00e7\u00e3o TV Litoral\" \/>\n<meta name=\"twitter:card\" content=\"summary_large_image\" \/>\n<meta name=\"twitter:label1\" content=\"Escrito por\" \/>\n\t<meta name=\"twitter:data1\" content=\"Reda\u00e7\u00e3o TV Litoral\" \/>\n\t<meta name=\"twitter:label2\" content=\"Est. tempo de leitura\" \/>\n\t<meta name=\"twitter:data2\" content=\"2 minutos\" \/>\n<script type=\"application\/ld+json\" class=\"yoast-schema-graph\">{\"@context\":\"https:\\\/\\\/schema.org\",\"@graph\":[{\"@type\":\"Article\",\"@id\":\"https:\\\/\\\/redelitoralrs.com\\\/index.php\\\/2026\\\/03\\\/10\\\/deputado-pedro-westphalen-e-homenageado-na-calcada-da-fama-da-expodireto-cotrijal-2026\\\/#article\",\"isPartOf\":{\"@id\":\"https:\\\/\\\/redelitoralrs.com\\\/index.php\\\/2026\\\/03\\\/10\\\/deputado-pedro-westphalen-e-homenageado-na-calcada-da-fama-da-expodireto-cotrijal-2026\\\/\"},\"author\":{\"name\":\"Reda\u00e7\u00e3o TV Litoral\",\"@id\":\"https:\\\/\\\/redelitoralrs.com\\\/#\\\/schema\\\/person\\\/9f8181f2a7359dd3986f05ebaf5bd68a\"},\"headline\":\"Deputado Pedro Westphalen \u00e9 homenageado na Cal\u00e7ada da Fama da Expodireto Cotrijal 2026\",\"datePublished\":\"2026-03-10T19:39:19+00:00\",\"mainEntityOfPage\":{\"@id\":\"https:\\\/\\\/redelitoralrs.com\\\/index.php\\\/2026\\\/03\\\/10\\\/deputado-pedro-westphalen-e-homenageado-na-calcada-da-fama-da-expodireto-cotrijal-2026\\\/\"},\"wordCount\":301,\"commentCount\":0,\"publisher\":{\"@id\":\"https:\\\/\\\/redelitoralrs.com\\\/#organization\"},\"image\":{\"@id\":\"https:\\\/\\\/redelitoralrs.com\\\/index.php\\\/2026\\\/03\\\/10\\\/deputado-pedro-westphalen-e-homenageado-na-calcada-da-fama-da-expodireto-cotrijal-2026\\\/#primaryimage\"},\"thumbnailUrl\":\"https:\\\/\\\/redelitoralrs.com\\\/wp-content\\\/uploads\\\/2026\\\/03\\\/218547_amostra_calcada_da_fama__13_1773086923689.jpg\",\"articleSection\":[\"Rio Grande do Sul\",\"\u00daltimas not\u00edcias\"],\"inLanguage\":\"pt-BR\",\"potentialAction\":[{\"@type\":\"CommentAction\",\"name\":\"Comment\",\"target\":[\"https:\\\/\\\/redelitoralrs.com\\\/index.php\\\/2026\\\/03\\\/10\\\/deputado-pedro-westphalen-e-homenageado-na-calcada-da-fama-da-expodireto-cotrijal-2026\\\/#respond\"]}]},{\"@type\":\"WebPage\",\"@id\":\"https:\\\/\\\/redelitoralrs.com\\\/index.php\\\/2026\\\/03\\\/10\\\/deputado-pedro-westphalen-e-homenageado-na-calcada-da-fama-da-expodireto-cotrijal-2026\\\/\",\"url\":\"https:\\\/\\\/redelitoralrs.com\\\/index.php\\\/2026\\\/03\\\/10\\\/deputado-pedro-westphalen-e-homenageado-na-calcada-da-fama-da-expodireto-cotrijal-2026\\\/\",\"name\":\"Deputado Pedro Westphalen \u00e9 homenageado na Cal\u00e7ada da Fama da Expodireto Cotrijal 2026 - Rede Litoral RS\",\"isPartOf\":{\"@id\":\"https:\\\/\\\/redelitoralrs.com\\\/#website\"},\"primaryImageOfPage\":{\"@id\":\"https:\\\/\\\/redelitoralrs.com\\\/index.php\\\/2026\\\/03\\\/10\\\/deputado-pedro-westphalen-e-homenageado-na-calcada-da-fama-da-expodireto-cotrijal-2026\\\/#primaryimage\"},\"image\":{\"@id\":\"https:\\\/\\\/redelitoralrs.com\\\/index.php\\\/2026\\\/03\\\/10\\\/deputado-pedro-westphalen-e-homenageado-na-calcada-da-fama-da-expodireto-cotrijal-2026\\\/#primaryimage\"},\"thumbnailUrl\":\"https:\\\/\\\/redelitoralrs.com\\\/wp-content\\\/uploads\\\/2026\\\/03\\\/218547_amostra_calcada_da_fama__13_1773086923689.jpg\",\"datePublished\":\"2026-03-10T19:39:19+00:00\",\"breadcrumb\":{\"@id\":\"https:\\\/\\\/redelitoralrs.com\\\/index.php\\\/2026\\\/03\\\/10\\\/deputado-pedro-westphalen-e-homenageado-na-calcada-da-fama-da-expodireto-cotrijal-2026\\\/#breadcrumb\"},\"inLanguage\":\"pt-BR\",\"potentialAction\":[{\"@type\":\"ReadAction\",\"target\":[\"https:\\\/\\\/redelitoralrs.com\\\/index.php\\\/2026\\\/03\\\/10\\\/deputado-pedro-westphalen-e-homenageado-na-calcada-da-fama-da-expodireto-cotrijal-2026\\\/\"]}]},{\"@type\":\"ImageObject\",\"inLanguage\":\"pt-BR\",\"@id\":\"https:\\\/\\\/redelitoralrs.com\\\/index.php\\\/2026\\\/03\\\/10\\\/deputado-pedro-westphalen-e-homenageado-na-calcada-da-fama-da-expodireto-cotrijal-2026\\\/#primaryimage\",\"url\":\"https:\\\/\\\/redelitoralrs.com\\\/wp-content\\\/uploads\\\/2026\\\/03\\\/218547_amostra_calcada_da_fama__13_1773086923689.jpg\",\"contentUrl\":\"https:\\\/\\\/redelitoralrs.com\\\/wp-content\\\/uploads\\\/2026\\\/03\\\/218547_amostra_calcada_da_fama__13_1773086923689.jpg\",\"width\":831,\"height\":536,\"caption\":\"Foto: J\u00e9ssica Gomes\\\/Expodireto Cotrijal\"},{\"@type\":\"BreadcrumbList\",\"@id\":\"https:\\\/\\\/redelitoralrs.com\\\/index.php\\\/2026\\\/03\\\/10\\\/deputado-pedro-westphalen-e-homenageado-na-calcada-da-fama-da-expodireto-cotrijal-2026\\\/#breadcrumb\",\"itemListElement\":[{\"@type\":\"ListItem\",\"position\":1,\"name\":\"In\u00edcio\",\"item\":\"https:\\\/\\\/redelitoralrs.com\\\/\"},{\"@type\":\"ListItem\",\"position\":2,\"name\":\"Deputado Pedro Westphalen \u00e9 homenageado na Cal\u00e7ada da Fama da Expodireto Cotrijal 2026\"}]},{\"@type\":\"WebSite\",\"@id\":\"https:\\\/\\\/redelitoralrs.com\\\/#website\",\"url\":\"https:\\\/\\\/redelitoralrs.com\\\/\",\"name\":\"TV Litoral\",\"description\":\"Acompanhe tudo do litoral ga\u00facho com a cobertura completa e atualizada da Rede Litoral RS. Nossos jornalistas trazem as \u00faltimas not\u00edcias, os acontecimentos mais quentes e as hist\u00f3rias que importam sobre nosso amado litoral.\",\"publisher\":{\"@id\":\"https:\\\/\\\/redelitoralrs.com\\\/#organization\"},\"potentialAction\":[{\"@type\":\"SearchAction\",\"target\":{\"@type\":\"EntryPoint\",\"urlTemplate\":\"https:\\\/\\\/redelitoralrs.com\\\/?s={search_term_string}\"},\"query-input\":{\"@type\":\"PropertyValueSpecification\",\"valueRequired\":true,\"valueName\":\"search_term_string\"}}],\"inLanguage\":\"pt-BR\"},{\"@type\":\"Organization\",\"@id\":\"https:\\\/\\\/redelitoralrs.com\\\/#organization\",\"name\":\"TV Litoral\",\"url\":\"https:\\\/\\\/redelitoralrs.com\\\/\",\"logo\":{\"@type\":\"ImageObject\",\"inLanguage\":\"pt-BR\",\"@id\":\"https:\\\/\\\/redelitoralrs.com\\\/#\\\/schema\\\/logo\\\/image\\\/\",\"url\":\"https:\\\/\\\/redelitoralrs.com\\\/wp-content\\\/uploads\\\/2024\\\/01\\\/faviconicon-1-1.png\",\"contentUrl\":\"https:\\\/\\\/redelitoralrs.com\\\/wp-content\\\/uploads\\\/2024\\\/01\\\/faviconicon-1-1.png\",\"width\":454,\"height\":454,\"caption\":\"TV Litoral\"},\"image\":{\"@id\":\"https:\\\/\\\/redelitoralrs.com\\\/#\\\/schema\\\/logo\\\/image\\\/\"},\"sameAs\":[\"https:\\\/\\\/www.facebook.com\\\/tvlitoralrsoficial\",\"https:\\\/\\\/www.instagram.com\\\/tvlitoral.rs\"]},{\"@type\":\"Person\",\"@id\":\"https:\\\/\\\/redelitoralrs.com\\\/#\\\/schema\\\/person\\\/9f8181f2a7359dd3986f05ebaf5bd68a\",\"name\":\"Reda\u00e7\u00e3o TV Litoral\",\"image\":{\"@type\":\"ImageObject\",\"inLanguage\":\"pt-BR\",\"@id\":\"https:\\\/\\\/redelitoralrs.com\\\/wp-content\\\/litespeed\\\/avatar\\\/779aafbb45e66c7f82733e21abb48259.jpg?ver=1777561602\",\"url\":\"https:\\\/\\\/redelitoralrs.com\\\/wp-content\\\/litespeed\\\/avatar\\\/779aafbb45e66c7f82733e21abb48259.jpg?ver=1777561602\",\"contentUrl\":\"https:\\\/\\\/redelitoralrs.com\\\/wp-content\\\/litespeed\\\/avatar\\\/779aafbb45e66c7f82733e21abb48259.jpg?ver=1777561602\",\"caption\":\"Reda\u00e7\u00e3o TV Litoral\"},\"description\":\"A Rede Litoral de Comunica\u00e7\u00e3o \u00e9 um grupo de m\u00eddia multiplataforma do Litoral Norte do RS. Com atua\u00e7\u00e3o em TV, r\u00e1dio, portal e redes sociais, levamos informa\u00e7\u00e3o, conte\u00fado e entretenimento \u00e0 comunidade, fortalecendo a comunica\u00e7\u00e3o local e impulsionando o desenvolvimento regional. Acompanhe atrav\u00e9s de @redelitoralrs.\",\"sameAs\":[\"https:\\\/\\\/redelitoralrs.com\",\"https:\\\/\\\/www.instagram.com\\\/redelitoralrs\",\"https:\\\/\\\/www.youtube.com\\\/@redelitoralrs\"],\"url\":\"https:\\\/\\\/redelitoralrs.com\\\/index.php\\\/author\\\/redacaotvlitoral\\\/\"}]}<\/script>\n<!-- \/ Yoast SEO plugin. -->","yoast_head_json":{"title":"Deputado Pedro Westphalen \u00e9 homenageado na Cal\u00e7ada da Fama da Expodireto Cotrijal 2026 - Rede Litoral RS","robots":{"index":"index","follow":"follow","max-snippet":"max-snippet:-1","max-image-preview":"max-image-preview:large","max-video-preview":"max-video-preview:-1"},"canonical":"https:\/\/redelitoralrs.com\/index.php\/2026\/03\/10\/deputado-pedro-westphalen-e-homenageado-na-calcada-da-fama-da-expodireto-cotrijal-2026\/","og_locale":"pt_BR","og_type":"article","og_title":"Deputado Pedro Westphalen \u00e9 homenageado na Cal\u00e7ada da Fama da Expodireto Cotrijal 2026 - Rede Litoral RS","og_description":"O deputado federal Pedro Westphalen foi homenageado na Cal\u00e7ada da Fama da Expodireto Cotrijal 2026 durante o primeiro dia da feira, realizado na segunda-feira (9). A cerim\u00f4nia ocorreu ap\u00f3s a abertura oficial do evento, reunindo autoridades e representantes do setor produtivo. A homenagem \u00e9 promovida pela Cotrijal e reconhece personalidades que contribu\u00edram para o desenvolvimento [&hellip;]","og_url":"https:\/\/redelitoralrs.com\/index.php\/2026\/03\/10\/deputado-pedro-westphalen-e-homenageado-na-calcada-da-fama-da-expodireto-cotrijal-2026\/","og_site_name":"Rede Litoral RS","article_publisher":"https:\/\/www.facebook.com\/tvlitoralrsoficial","article_published_time":"2026-03-10T19:39:19+00:00","og_image":[{"width":831,"height":536,"url":"https:\/\/redelitoralrs.com\/wp-content\/uploads\/2026\/03\/218547_amostra_calcada_da_fama__13_1773086923689.jpg","type":"image\/jpeg"}],"author":"Reda\u00e7\u00e3o TV Litoral","twitter_card":"summary_large_image","twitter_misc":{"Escrito por":"Reda\u00e7\u00e3o TV Litoral","Est. tempo de leitura":"2 minutos"},"schema":{"@context":"https:\/\/schema.org","@graph":[{"@type":"Article","@id":"https:\/\/redelitoralrs.com\/index.php\/2026\/03\/10\/deputado-pedro-westphalen-e-homenageado-na-calcada-da-fama-da-expodireto-cotrijal-2026\/#article","isPartOf":{"@id":"https:\/\/redelitoralrs.com\/index.php\/2026\/03\/10\/deputado-pedro-westphalen-e-homenageado-na-calcada-da-fama-da-expodireto-cotrijal-2026\/"},"author":{"name":"Reda\u00e7\u00e3o TV Litoral","@id":"https:\/\/redelitoralrs.com\/#\/schema\/person\/9f8181f2a7359dd3986f05ebaf5bd68a"},"headline":"Deputado Pedro Westphalen \u00e9 homenageado na Cal\u00e7ada da Fama da Expodireto Cotrijal 2026","datePublished":"2026-03-10T19:39:19+00:00","mainEntityOfPage":{"@id":"https:\/\/redelitoralrs.com\/index.php\/2026\/03\/10\/deputado-pedro-westphalen-e-homenageado-na-calcada-da-fama-da-expodireto-cotrijal-2026\/"},"wordCount":301,"commentCount":0,"publisher":{"@id":"https:\/\/redelitoralrs.com\/#organization"},"image":{"@id":"https:\/\/redelitoralrs.com\/index.php\/2026\/03\/10\/deputado-pedro-westphalen-e-homenageado-na-calcada-da-fama-da-expodireto-cotrijal-2026\/#primaryimage"},"thumbnailUrl":"https:\/\/redelitoralrs.com\/wp-content\/uploads\/2026\/03\/218547_amostra_calcada_da_fama__13_1773086923689.jpg","articleSection":["Rio Grande do Sul","\u00daltimas not\u00edcias"],"inLanguage":"pt-BR","potentialAction":[{"@type":"CommentAction","name":"Comment","target":["https:\/\/redelitoralrs.com\/index.php\/2026\/03\/10\/deputado-pedro-westphalen-e-homenageado-na-calcada-da-fama-da-expodireto-cotrijal-2026\/#respond"]}]},{"@type":"WebPage","@id":"https:\/\/redelitoralrs.com\/index.php\/2026\/03\/10\/deputado-pedro-westphalen-e-homenageado-na-calcada-da-fama-da-expodireto-cotrijal-2026\/","url":"https:\/\/redelitoralrs.com\/index.php\/2026\/03\/10\/deputado-pedro-westphalen-e-homenageado-na-calcada-da-fama-da-expodireto-cotrijal-2026\/","name":"Deputado Pedro Westphalen \u00e9 homenageado na Cal\u00e7ada da Fama da Expodireto Cotrijal 2026 - Rede Litoral RS","isPartOf":{"@id":"https:\/\/redelitoralrs.com\/#website"},"primaryImageOfPage":{"@id":"https:\/\/redelitoralrs.com\/index.php\/2026\/03\/10\/deputado-pedro-westphalen-e-homenageado-na-calcada-da-fama-da-expodireto-cotrijal-2026\/#primaryimage"},"image":{"@id":"https:\/\/redelitoralrs.com\/index.php\/2026\/03\/10\/deputado-pedro-westphalen-e-homenageado-na-calcada-da-fama-da-expodireto-cotrijal-2026\/#primaryimage"},"thumbnailUrl":"https:\/\/redelitoralrs.com\/wp-content\/uploads\/2026\/03\/218547_amostra_calcada_da_fama__13_1773086923689.jpg","datePublished":"2026-03-10T19:39:19+00:00","breadcrumb":{"@id":"https:\/\/redelitoralrs.com\/index.php\/2026\/03\/10\/deputado-pedro-westphalen-e-homenageado-na-calcada-da-fama-da-expodireto-cotrijal-2026\/#breadcrumb"},"inLanguage":"pt-BR","potentialAction":[{"@type":"ReadAction","target":["https:\/\/redelitoralrs.com\/index.php\/2026\/03\/10\/deputado-pedro-westphalen-e-homenageado-na-calcada-da-fama-da-expodireto-cotrijal-2026\/"]}]},{"@type":"ImageObject","inLanguage":"pt-BR","@id":"https:\/\/redelitoralrs.com\/index.php\/2026\/03\/10\/deputado-pedro-westphalen-e-homenageado-na-calcada-da-fama-da-expodireto-cotrijal-2026\/#primaryimage","url":"https:\/\/redelitoralrs.com\/wp-content\/uploads\/2026\/03\/218547_amostra_calcada_da_fama__13_1773086923689.jpg","contentUrl":"https:\/\/redelitoralrs.com\/wp-content\/uploads\/2026\/03\/218547_amostra_calcada_da_fama__13_1773086923689.jpg","width":831,"height":536,"caption":"Foto: J\u00e9ssica Gomes\/Expodireto Cotrijal"},{"@type":"BreadcrumbList","@id":"https:\/\/redelitoralrs.com\/index.php\/2026\/03\/10\/deputado-pedro-westphalen-e-homenageado-na-calcada-da-fama-da-expodireto-cotrijal-2026\/#breadcrumb","itemListElement":[{"@type":"ListItem","position":1,"name":"In\u00edcio","item":"https:\/\/redelitoralrs.com\/"},{"@type":"ListItem","position":2,"name":"Deputado Pedro Westphalen \u00e9 homenageado na Cal\u00e7ada da Fama da Expodireto Cotrijal 2026"}]},{"@type":"WebSite","@id":"https:\/\/redelitoralrs.com\/#website","url":"https:\/\/redelitoralrs.com\/","name":"TV Litoral","description":"Acompanhe tudo do litoral ga\u00facho com a cobertura completa e atualizada da Rede Litoral RS. Nossos jornalistas trazem as \u00faltimas not\u00edcias, os acontecimentos mais quentes e as hist\u00f3rias que importam sobre nosso amado litoral.","publisher":{"@id":"https:\/\/redelitoralrs.com\/#organization"},"potentialAction":[{"@type":"SearchAction","target":{"@type":"EntryPoint","urlTemplate":"https:\/\/redelitoralrs.com\/?s={search_term_string}"},"query-input":{"@type":"PropertyValueSpecification","valueRequired":true,"valueName":"search_term_string"}}],"inLanguage":"pt-BR"},{"@type":"Organization","@id":"https:\/\/redelitoralrs.com\/#organization","name":"TV Litoral","url":"https:\/\/redelitoralrs.com\/","logo":{"@type":"ImageObject","inLanguage":"pt-BR","@id":"https:\/\/redelitoralrs.com\/#\/schema\/logo\/image\/","url":"https:\/\/redelitoralrs.com\/wp-content\/uploads\/2024\/01\/faviconicon-1-1.png","contentUrl":"https:\/\/redelitoralrs.com\/wp-content\/uploads\/2024\/01\/faviconicon-1-1.png","width":454,"height":454,"caption":"TV Litoral"},"image":{"@id":"https:\/\/redelitoralrs.com\/#\/schema\/logo\/image\/"},"sameAs":["https:\/\/www.facebook.com\/tvlitoralrsoficial","https:\/\/www.instagram.com\/tvlitoral.rs"]},{"@type":"Person","@id":"https:\/\/redelitoralrs.com\/#\/schema\/person\/9f8181f2a7359dd3986f05ebaf5bd68a","name":"Reda\u00e7\u00e3o TV Litoral","image":{"@type":"ImageObject","inLanguage":"pt-BR","@id":"https:\/\/redelitoralrs.com\/wp-content\/litespeed\/avatar\/779aafbb45e66c7f82733e21abb48259.jpg?ver=1777561602","url":"https:\/\/redelitoralrs.com\/wp-content\/litespeed\/avatar\/779aafbb45e66c7f82733e21abb48259.jpg?ver=1777561602","contentUrl":"https:\/\/redelitoralrs.com\/wp-content\/litespeed\/avatar\/779aafbb45e66c7f82733e21abb48259.jpg?ver=1777561602","caption":"Reda\u00e7\u00e3o TV Litoral"},"description":"A Rede Litoral de Comunica\u00e7\u00e3o \u00e9 um grupo de m\u00eddia multiplataforma do Litoral Norte do RS. Com atua\u00e7\u00e3o em TV, r\u00e1dio, portal e redes sociais, levamos informa\u00e7\u00e3o, conte\u00fado e entretenimento \u00e0 comunidade, fortalecendo a comunica\u00e7\u00e3o local e impulsionando o desenvolvimento regional. Acompanhe atrav\u00e9s de @redelitoralrs.","sameAs":["https:\/\/redelitoralrs.com","https:\/\/www.instagram.com\/redelitoralrs","https:\/\/www.youtube.com\/@redelitoralrs"],"url":"https:\/\/redelitoralrs.com\/index.php\/author\/redacaotvlitoral\/"}]}},"_links":{"self":[{"href":"https:\/\/redelitoralrs.com\/index.php\/wp-json\/wp\/v2\/posts\/23321","targetHints":{"allow":["GET"]}}],"collection":[{"href":"https:\/\/redelitoralrs.com\/index.php\/wp-json\/wp\/v2\/posts"}],"about":[{"href":"https:\/\/redelitoralrs.com\/index.php\/wp-json\/wp\/v2\/types\/post"}],"author":[{"embeddable":true,"href":"https:\/\/redelitoralrs.com\/index.php\/wp-json\/wp\/v2\/users\/2"}],"replies":[{"embeddable":true,"href":"https:\/\/redelitoralrs.com\/index.php\/wp-json\/wp\/v2\/comments?post=23321"}],"version-history":[{"count":1,"href":"https:\/\/redelitoralrs.com\/index.php\/wp-json\/wp\/v2\/posts\/23321\/revisions"}],"predecessor-version":[{"id":23323,"href":"https:\/\/redelitoralrs.com\/index.php\/wp-json\/wp\/v2\/posts\/23321\/revisions\/23323"}],"wp:featuredmedia":[{"embeddable":true,"href":"https:\/\/redelitoralrs.com\/index.php\/wp-json\/wp\/v2\/media\/23322"}],"wp:attachment":[{"href":"https:\/\/redelitoralrs.com\/index.php\/wp-json\/wp\/v2\/media?parent=23321"}],"wp:term":[{"taxonomy":"category","embeddable":true,"href":"https:\/\/redelitoralrs.com\/index.php\/wp-json\/wp\/v2\/categories?post=23321"},{"taxonomy":"post_tag","embeddable":true,"href":"https:\/\/redelitoralrs.com\/index.php\/wp-json\/wp\/v2\/tags?post=23321"}],"curies":[{"name":"wp","href":"https:\/\/api.w.org\/{rel}","templated":true}]}}