{"id":23318,"date":"2026-03-10T16:35:11","date_gmt":"2026-03-10T19:35:11","guid":{"rendered":"https:\/\/redelitoralrs.com\/?p=23318"},"modified":"2026-03-10T16:35:12","modified_gmt":"2026-03-10T19:35:12","slug":"ccj-aprova-projetos-voltados-ao-combate-a-violencia-contra-a-mulher-no-rs","status":"publish","type":"post","link":"https:\/\/redelitoralrs.com\/index.php\/2026\/03\/10\/ccj-aprova-projetos-voltados-ao-combate-a-violencia-contra-a-mulher-no-rs\/","title":{"rendered":"CCJ aprova projetos voltados ao combate \u00e0 viol\u00eancia contra a mulher no RS"},"content":{"rendered":"\n<p>A Comiss\u00e3o de Constitui\u00e7\u00e3o e Justi\u00e7a da Assembleia Legislativa do Rio Grande do Sul aprovou por unanimidade, nesta ter\u00e7a-feira (10), dois projetos de lei apresentados pelo deputado Gustavo Victorino (Republicanos) voltados ao enfrentamento da viol\u00eancia contra a mulher no Rio Grande do Sul.<\/p>\n\n\n\n<p>Uma das propostas aprovadas \u00e9 o Projeto de Lei n\u00ba 213\/2025, que prev\u00ea a inclus\u00e3o de mulheres em situa\u00e7\u00e3o de viol\u00eancia dom\u00e9stica no Programa de Aluguel Social. A iniciativa busca garantir apoio financeiro tempor\u00e1rio para custear a loca\u00e7\u00e3o de moradia, permitindo que v\u00edtimas deixem ambientes considerados inseguros. O parecer favor\u00e1vel \u00e0 mat\u00e9ria foi apresentado pelo deputado Jeferson Fernandes (PT).<\/p>\n\n\n\n<p>Outra proposta aprovada pela comiss\u00e3o foi o Projeto de Lei n\u00ba 307\/2024, que institui o Programa Permanente de Conscientiza\u00e7\u00e3o e Combate ao Ass\u00e9dio Sexual e outros crimes contra a dignidade sexual no transporte coletivo intermunicipal. O parecer foi relatado pela deputada Luciana Genro (PSOL).<\/p>\n\n\n\n<p>O programa prev\u00ea a realiza\u00e7\u00e3o de campanhas educativas, orienta\u00e7\u00e3o \u00e0s v\u00edtimas sobre direitos e formas de den\u00fancia, al\u00e9m da implementa\u00e7\u00e3o de canais de comunica\u00e7\u00e3o para registro de ocorr\u00eancias. Entre as medidas sugeridas tamb\u00e9m est\u00e3o o incentivo \u00e0 amplia\u00e7\u00e3o da ilumina\u00e7\u00e3o e do videomonitoramento em ve\u00edculos, esta\u00e7\u00f5es e terminais, bem como a capacita\u00e7\u00e3o de trabalhadores das empresas de transporte para identificar e encaminhar situa\u00e7\u00f5es de ass\u00e9dio.<\/p>\n\n\n\n<p>As propostas agora seguem tramita\u00e7\u00e3o na Assembleia Legislativa do Rio Grande do Sul antes de eventual vota\u00e7\u00e3o em plen\u00e1rio. As iniciativas fazem parte de a\u00e7\u00f5es legislativas voltadas \u00e0 preven\u00e7\u00e3o e ao enfrentamento da viol\u00eancia de g\u00eanero no Estado.<\/p>\n","protected":false},"excerpt":{"rendered":"<p>A Comiss\u00e3o de Constitui\u00e7\u00e3o e Justi\u00e7a da Assembleia Legislativa do Rio Grande do Sul aprovou por unanimidade, nesta ter\u00e7a-feira (10), dois projetos de lei apresentados pelo deputado Gustavo Victorino (Republicanos) voltados ao enfrentamento da viol\u00eancia contra a mulher no Rio Grande do Sul. Uma das propostas aprovadas \u00e9 o Projeto de Lei n\u00ba 213\/2025, que [&hellip;]<\/p>\n","protected":false},"author":2,"featured_media":23319,"comment_status":"open","ping_status":"open","sticky":false,"template":"","format":"standard","meta":{"_themeisle_gutenberg_block_has_review":false,"footnotes":""},"categories":[188,15],"tags":[],"class_list":["post-23318","post","type-post","status-publish","format-standard","has-post-thumbnail","hentry","category-rio-grande-do-sul","category-noticias"],"yoast_head":"<!-- This site is optimized with the Yoast SEO plugin v27.4 - https:\/\/yoast.com\/product\/yoast-seo-wordpress\/ -->\n<title>CCJ aprova projetos voltados ao combate \u00e0 viol\u00eancia contra a mulher no RS - Rede Litoral RS<\/title>\n<meta name=\"robots\" content=\"index, follow, max-snippet:-1, max-image-preview:large, max-video-preview:-1\" \/>\n<link rel=\"canonical\" href=\"https:\/\/redelitoralrs.com\/index.php\/2026\/03\/10\/ccj-aprova-projetos-voltados-ao-combate-a-violencia-contra-a-mulher-no-rs\/\" \/>\n<meta property=\"og:locale\" content=\"pt_BR\" \/>\n<meta property=\"og:type\" content=\"article\" \/>\n<meta property=\"og:title\" content=\"CCJ aprova projetos voltados ao combate \u00e0 viol\u00eancia contra a mulher no RS - Rede Litoral RS\" \/>\n<meta property=\"og:description\" content=\"A Comiss\u00e3o de Constitui\u00e7\u00e3o e Justi\u00e7a da Assembleia Legislativa do Rio Grande do Sul aprovou por unanimidade, nesta ter\u00e7a-feira (10), dois projetos de lei apresentados pelo deputado Gustavo Victorino (Republicanos) voltados ao enfrentamento da viol\u00eancia contra a mulher no Rio Grande do Sul. Uma das propostas aprovadas \u00e9 o Projeto de Lei n\u00ba 213\/2025, que [&hellip;]\" \/>\n<meta property=\"og:url\" content=\"https:\/\/redelitoralrs.com\/index.php\/2026\/03\/10\/ccj-aprova-projetos-voltados-ao-combate-a-violencia-contra-a-mulher-no-rs\/\" \/>\n<meta property=\"og:site_name\" content=\"Rede Litoral RS\" \/>\n<meta property=\"article:publisher\" content=\"https:\/\/www.facebook.com\/tvlitoralrsoficial\" \/>\n<meta property=\"article:published_time\" content=\"2026-03-10T19:35:11+00:00\" \/>\n<meta property=\"article:modified_time\" content=\"2026-03-10T19:35:12+00:00\" \/>\n<meta property=\"og:image\" content=\"https:\/\/redelitoralrs.com\/wp-content\/uploads\/2026\/03\/WhatsApp-Image-2026-03-10-at-11.58.52.jpeg\" \/>\n\t<meta property=\"og:image:width\" content=\"1600\" \/>\n\t<meta property=\"og:image:height\" content=\"1066\" \/>\n\t<meta property=\"og:image:type\" content=\"image\/jpeg\" \/>\n<meta name=\"author\" content=\"Reda\u00e7\u00e3o TV Litoral\" \/>\n<meta name=\"twitter:card\" content=\"summary_large_image\" \/>\n<meta name=\"twitter:label1\" content=\"Escrito por\" \/>\n\t<meta name=\"twitter:data1\" content=\"Reda\u00e7\u00e3o TV Litoral\" \/>\n\t<meta name=\"twitter:label2\" content=\"Est. tempo de leitura\" \/>\n\t<meta name=\"twitter:data2\" content=\"2 minutos\" \/>\n<script type=\"application\/ld+json\" class=\"yoast-schema-graph\">{\"@context\":\"https:\\\/\\\/schema.org\",\"@graph\":[{\"@type\":\"Article\",\"@id\":\"https:\\\/\\\/redelitoralrs.com\\\/index.php\\\/2026\\\/03\\\/10\\\/ccj-aprova-projetos-voltados-ao-combate-a-violencia-contra-a-mulher-no-rs\\\/#article\",\"isPartOf\":{\"@id\":\"https:\\\/\\\/redelitoralrs.com\\\/index.php\\\/2026\\\/03\\\/10\\\/ccj-aprova-projetos-voltados-ao-combate-a-violencia-contra-a-mulher-no-rs\\\/\"},\"author\":{\"name\":\"Reda\u00e7\u00e3o TV Litoral\",\"@id\":\"https:\\\/\\\/redelitoralrs.com\\\/#\\\/schema\\\/person\\\/9f8181f2a7359dd3986f05ebaf5bd68a\"},\"headline\":\"CCJ aprova projetos voltados ao combate \u00e0 viol\u00eancia contra a mulher no RS\",\"datePublished\":\"2026-03-10T19:35:11+00:00\",\"dateModified\":\"2026-03-10T19:35:12+00:00\",\"mainEntityOfPage\":{\"@id\":\"https:\\\/\\\/redelitoralrs.com\\\/index.php\\\/2026\\\/03\\\/10\\\/ccj-aprova-projetos-voltados-ao-combate-a-violencia-contra-a-mulher-no-rs\\\/\"},\"wordCount\":296,\"commentCount\":0,\"publisher\":{\"@id\":\"https:\\\/\\\/redelitoralrs.com\\\/#organization\"},\"image\":{\"@id\":\"https:\\\/\\\/redelitoralrs.com\\\/index.php\\\/2026\\\/03\\\/10\\\/ccj-aprova-projetos-voltados-ao-combate-a-violencia-contra-a-mulher-no-rs\\\/#primaryimage\"},\"thumbnailUrl\":\"https:\\\/\\\/redelitoralrs.com\\\/wp-content\\\/uploads\\\/2026\\\/03\\\/WhatsApp-Image-2026-03-10-at-11.58.52.jpeg\",\"articleSection\":[\"Rio Grande do Sul\",\"\u00daltimas not\u00edcias\"],\"inLanguage\":\"pt-BR\",\"potentialAction\":[{\"@type\":\"CommentAction\",\"name\":\"Comment\",\"target\":[\"https:\\\/\\\/redelitoralrs.com\\\/index.php\\\/2026\\\/03\\\/10\\\/ccj-aprova-projetos-voltados-ao-combate-a-violencia-contra-a-mulher-no-rs\\\/#respond\"]}]},{\"@type\":\"WebPage\",\"@id\":\"https:\\\/\\\/redelitoralrs.com\\\/index.php\\\/2026\\\/03\\\/10\\\/ccj-aprova-projetos-voltados-ao-combate-a-violencia-contra-a-mulher-no-rs\\\/\",\"url\":\"https:\\\/\\\/redelitoralrs.com\\\/index.php\\\/2026\\\/03\\\/10\\\/ccj-aprova-projetos-voltados-ao-combate-a-violencia-contra-a-mulher-no-rs\\\/\",\"name\":\"CCJ aprova projetos voltados ao combate \u00e0 viol\u00eancia contra a mulher no RS - Rede Litoral RS\",\"isPartOf\":{\"@id\":\"https:\\\/\\\/redelitoralrs.com\\\/#website\"},\"primaryImageOfPage\":{\"@id\":\"https:\\\/\\\/redelitoralrs.com\\\/index.php\\\/2026\\\/03\\\/10\\\/ccj-aprova-projetos-voltados-ao-combate-a-violencia-contra-a-mulher-no-rs\\\/#primaryimage\"},\"image\":{\"@id\":\"https:\\\/\\\/redelitoralrs.com\\\/index.php\\\/2026\\\/03\\\/10\\\/ccj-aprova-projetos-voltados-ao-combate-a-violencia-contra-a-mulher-no-rs\\\/#primaryimage\"},\"thumbnailUrl\":\"https:\\\/\\\/redelitoralrs.com\\\/wp-content\\\/uploads\\\/2026\\\/03\\\/WhatsApp-Image-2026-03-10-at-11.58.52.jpeg\",\"datePublished\":\"2026-03-10T19:35:11+00:00\",\"dateModified\":\"2026-03-10T19:35:12+00:00\",\"breadcrumb\":{\"@id\":\"https:\\\/\\\/redelitoralrs.com\\\/index.php\\\/2026\\\/03\\\/10\\\/ccj-aprova-projetos-voltados-ao-combate-a-violencia-contra-a-mulher-no-rs\\\/#breadcrumb\"},\"inLanguage\":\"pt-BR\",\"potentialAction\":[{\"@type\":\"ReadAction\",\"target\":[\"https:\\\/\\\/redelitoralrs.com\\\/index.php\\\/2026\\\/03\\\/10\\\/ccj-aprova-projetos-voltados-ao-combate-a-violencia-contra-a-mulher-no-rs\\\/\"]}]},{\"@type\":\"ImageObject\",\"inLanguage\":\"pt-BR\",\"@id\":\"https:\\\/\\\/redelitoralrs.com\\\/index.php\\\/2026\\\/03\\\/10\\\/ccj-aprova-projetos-voltados-ao-combate-a-violencia-contra-a-mulher-no-rs\\\/#primaryimage\",\"url\":\"https:\\\/\\\/redelitoralrs.com\\\/wp-content\\\/uploads\\\/2026\\\/03\\\/WhatsApp-Image-2026-03-10-at-11.58.52.jpeg\",\"contentUrl\":\"https:\\\/\\\/redelitoralrs.com\\\/wp-content\\\/uploads\\\/2026\\\/03\\\/WhatsApp-Image-2026-03-10-at-11.58.52.jpeg\",\"width\":1600,\"height\":1066,\"caption\":\"Foto: Lucas Kloss\\\/ Ag\u00eancia ALRS\"},{\"@type\":\"BreadcrumbList\",\"@id\":\"https:\\\/\\\/redelitoralrs.com\\\/index.php\\\/2026\\\/03\\\/10\\\/ccj-aprova-projetos-voltados-ao-combate-a-violencia-contra-a-mulher-no-rs\\\/#breadcrumb\",\"itemListElement\":[{\"@type\":\"ListItem\",\"position\":1,\"name\":\"In\u00edcio\",\"item\":\"https:\\\/\\\/redelitoralrs.com\\\/\"},{\"@type\":\"ListItem\",\"position\":2,\"name\":\"CCJ aprova projetos voltados ao combate \u00e0 viol\u00eancia contra a mulher no RS\"}]},{\"@type\":\"WebSite\",\"@id\":\"https:\\\/\\\/redelitoralrs.com\\\/#website\",\"url\":\"https:\\\/\\\/redelitoralrs.com\\\/\",\"name\":\"TV Litoral\",\"description\":\"Acompanhe tudo do litoral ga\u00facho com a cobertura completa e atualizada da Rede Litoral RS. Nossos jornalistas trazem as \u00faltimas not\u00edcias, os acontecimentos mais quentes e as hist\u00f3rias que importam sobre nosso amado litoral.\",\"publisher\":{\"@id\":\"https:\\\/\\\/redelitoralrs.com\\\/#organization\"},\"potentialAction\":[{\"@type\":\"SearchAction\",\"target\":{\"@type\":\"EntryPoint\",\"urlTemplate\":\"https:\\\/\\\/redelitoralrs.com\\\/?s={search_term_string}\"},\"query-input\":{\"@type\":\"PropertyValueSpecification\",\"valueRequired\":true,\"valueName\":\"search_term_string\"}}],\"inLanguage\":\"pt-BR\"},{\"@type\":\"Organization\",\"@id\":\"https:\\\/\\\/redelitoralrs.com\\\/#organization\",\"name\":\"TV Litoral\",\"url\":\"https:\\\/\\\/redelitoralrs.com\\\/\",\"logo\":{\"@type\":\"ImageObject\",\"inLanguage\":\"pt-BR\",\"@id\":\"https:\\\/\\\/redelitoralrs.com\\\/#\\\/schema\\\/logo\\\/image\\\/\",\"url\":\"https:\\\/\\\/redelitoralrs.com\\\/wp-content\\\/uploads\\\/2024\\\/01\\\/faviconicon-1-1.png\",\"contentUrl\":\"https:\\\/\\\/redelitoralrs.com\\\/wp-content\\\/uploads\\\/2024\\\/01\\\/faviconicon-1-1.png\",\"width\":454,\"height\":454,\"caption\":\"TV Litoral\"},\"image\":{\"@id\":\"https:\\\/\\\/redelitoralrs.com\\\/#\\\/schema\\\/logo\\\/image\\\/\"},\"sameAs\":[\"https:\\\/\\\/www.facebook.com\\\/tvlitoralrsoficial\",\"https:\\\/\\\/www.instagram.com\\\/tvlitoral.rs\"]},{\"@type\":\"Person\",\"@id\":\"https:\\\/\\\/redelitoralrs.com\\\/#\\\/schema\\\/person\\\/9f8181f2a7359dd3986f05ebaf5bd68a\",\"name\":\"Reda\u00e7\u00e3o TV Litoral\",\"image\":{\"@type\":\"ImageObject\",\"inLanguage\":\"pt-BR\",\"@id\":\"https:\\\/\\\/redelitoralrs.com\\\/wp-content\\\/litespeed\\\/avatar\\\/779aafbb45e66c7f82733e21abb48259.jpg?ver=1777561602\",\"url\":\"https:\\\/\\\/redelitoralrs.com\\\/wp-content\\\/litespeed\\\/avatar\\\/779aafbb45e66c7f82733e21abb48259.jpg?ver=1777561602\",\"contentUrl\":\"https:\\\/\\\/redelitoralrs.com\\\/wp-content\\\/litespeed\\\/avatar\\\/779aafbb45e66c7f82733e21abb48259.jpg?ver=1777561602\",\"caption\":\"Reda\u00e7\u00e3o TV Litoral\"},\"description\":\"A Rede Litoral de Comunica\u00e7\u00e3o \u00e9 um grupo de m\u00eddia multiplataforma do Litoral Norte do RS. Com atua\u00e7\u00e3o em TV, r\u00e1dio, portal e redes sociais, levamos informa\u00e7\u00e3o, conte\u00fado e entretenimento \u00e0 comunidade, fortalecendo a comunica\u00e7\u00e3o local e impulsionando o desenvolvimento regional. Acompanhe atrav\u00e9s de @redelitoralrs.\",\"sameAs\":[\"https:\\\/\\\/redelitoralrs.com\",\"https:\\\/\\\/www.instagram.com\\\/redelitoralrs\",\"https:\\\/\\\/www.youtube.com\\\/@redelitoralrs\"],\"url\":\"https:\\\/\\\/redelitoralrs.com\\\/index.php\\\/author\\\/redacaotvlitoral\\\/\"}]}<\/script>\n<!-- \/ Yoast SEO plugin. -->","yoast_head_json":{"title":"CCJ aprova projetos voltados ao combate \u00e0 viol\u00eancia contra a mulher no RS - Rede Litoral RS","robots":{"index":"index","follow":"follow","max-snippet":"max-snippet:-1","max-image-preview":"max-image-preview:large","max-video-preview":"max-video-preview:-1"},"canonical":"https:\/\/redelitoralrs.com\/index.php\/2026\/03\/10\/ccj-aprova-projetos-voltados-ao-combate-a-violencia-contra-a-mulher-no-rs\/","og_locale":"pt_BR","og_type":"article","og_title":"CCJ aprova projetos voltados ao combate \u00e0 viol\u00eancia contra a mulher no RS - Rede Litoral RS","og_description":"A Comiss\u00e3o de Constitui\u00e7\u00e3o e Justi\u00e7a da Assembleia Legislativa do Rio Grande do Sul aprovou por unanimidade, nesta ter\u00e7a-feira (10), dois projetos de lei apresentados pelo deputado Gustavo Victorino (Republicanos) voltados ao enfrentamento da viol\u00eancia contra a mulher no Rio Grande do Sul. Uma das propostas aprovadas \u00e9 o Projeto de Lei n\u00ba 213\/2025, que [&hellip;]","og_url":"https:\/\/redelitoralrs.com\/index.php\/2026\/03\/10\/ccj-aprova-projetos-voltados-ao-combate-a-violencia-contra-a-mulher-no-rs\/","og_site_name":"Rede Litoral RS","article_publisher":"https:\/\/www.facebook.com\/tvlitoralrsoficial","article_published_time":"2026-03-10T19:35:11+00:00","article_modified_time":"2026-03-10T19:35:12+00:00","og_image":[{"width":1600,"height":1066,"url":"https:\/\/redelitoralrs.com\/wp-content\/uploads\/2026\/03\/WhatsApp-Image-2026-03-10-at-11.58.52.jpeg","type":"image\/jpeg"}],"author":"Reda\u00e7\u00e3o TV Litoral","twitter_card":"summary_large_image","twitter_misc":{"Escrito por":"Reda\u00e7\u00e3o TV Litoral","Est. tempo de leitura":"2 minutos"},"schema":{"@context":"https:\/\/schema.org","@graph":[{"@type":"Article","@id":"https:\/\/redelitoralrs.com\/index.php\/2026\/03\/10\/ccj-aprova-projetos-voltados-ao-combate-a-violencia-contra-a-mulher-no-rs\/#article","isPartOf":{"@id":"https:\/\/redelitoralrs.com\/index.php\/2026\/03\/10\/ccj-aprova-projetos-voltados-ao-combate-a-violencia-contra-a-mulher-no-rs\/"},"author":{"name":"Reda\u00e7\u00e3o TV Litoral","@id":"https:\/\/redelitoralrs.com\/#\/schema\/person\/9f8181f2a7359dd3986f05ebaf5bd68a"},"headline":"CCJ aprova projetos voltados ao combate \u00e0 viol\u00eancia contra a mulher no RS","datePublished":"2026-03-10T19:35:11+00:00","dateModified":"2026-03-10T19:35:12+00:00","mainEntityOfPage":{"@id":"https:\/\/redelitoralrs.com\/index.php\/2026\/03\/10\/ccj-aprova-projetos-voltados-ao-combate-a-violencia-contra-a-mulher-no-rs\/"},"wordCount":296,"commentCount":0,"publisher":{"@id":"https:\/\/redelitoralrs.com\/#organization"},"image":{"@id":"https:\/\/redelitoralrs.com\/index.php\/2026\/03\/10\/ccj-aprova-projetos-voltados-ao-combate-a-violencia-contra-a-mulher-no-rs\/#primaryimage"},"thumbnailUrl":"https:\/\/redelitoralrs.com\/wp-content\/uploads\/2026\/03\/WhatsApp-Image-2026-03-10-at-11.58.52.jpeg","articleSection":["Rio Grande do Sul","\u00daltimas not\u00edcias"],"inLanguage":"pt-BR","potentialAction":[{"@type":"CommentAction","name":"Comment","target":["https:\/\/redelitoralrs.com\/index.php\/2026\/03\/10\/ccj-aprova-projetos-voltados-ao-combate-a-violencia-contra-a-mulher-no-rs\/#respond"]}]},{"@type":"WebPage","@id":"https:\/\/redelitoralrs.com\/index.php\/2026\/03\/10\/ccj-aprova-projetos-voltados-ao-combate-a-violencia-contra-a-mulher-no-rs\/","url":"https:\/\/redelitoralrs.com\/index.php\/2026\/03\/10\/ccj-aprova-projetos-voltados-ao-combate-a-violencia-contra-a-mulher-no-rs\/","name":"CCJ aprova projetos voltados ao combate \u00e0 viol\u00eancia contra a mulher no RS - Rede Litoral RS","isPartOf":{"@id":"https:\/\/redelitoralrs.com\/#website"},"primaryImageOfPage":{"@id":"https:\/\/redelitoralrs.com\/index.php\/2026\/03\/10\/ccj-aprova-projetos-voltados-ao-combate-a-violencia-contra-a-mulher-no-rs\/#primaryimage"},"image":{"@id":"https:\/\/redelitoralrs.com\/index.php\/2026\/03\/10\/ccj-aprova-projetos-voltados-ao-combate-a-violencia-contra-a-mulher-no-rs\/#primaryimage"},"thumbnailUrl":"https:\/\/redelitoralrs.com\/wp-content\/uploads\/2026\/03\/WhatsApp-Image-2026-03-10-at-11.58.52.jpeg","datePublished":"2026-03-10T19:35:11+00:00","dateModified":"2026-03-10T19:35:12+00:00","breadcrumb":{"@id":"https:\/\/redelitoralrs.com\/index.php\/2026\/03\/10\/ccj-aprova-projetos-voltados-ao-combate-a-violencia-contra-a-mulher-no-rs\/#breadcrumb"},"inLanguage":"pt-BR","potentialAction":[{"@type":"ReadAction","target":["https:\/\/redelitoralrs.com\/index.php\/2026\/03\/10\/ccj-aprova-projetos-voltados-ao-combate-a-violencia-contra-a-mulher-no-rs\/"]}]},{"@type":"ImageObject","inLanguage":"pt-BR","@id":"https:\/\/redelitoralrs.com\/index.php\/2026\/03\/10\/ccj-aprova-projetos-voltados-ao-combate-a-violencia-contra-a-mulher-no-rs\/#primaryimage","url":"https:\/\/redelitoralrs.com\/wp-content\/uploads\/2026\/03\/WhatsApp-Image-2026-03-10-at-11.58.52.jpeg","contentUrl":"https:\/\/redelitoralrs.com\/wp-content\/uploads\/2026\/03\/WhatsApp-Image-2026-03-10-at-11.58.52.jpeg","width":1600,"height":1066,"caption":"Foto: Lucas Kloss\/ Ag\u00eancia ALRS"},{"@type":"BreadcrumbList","@id":"https:\/\/redelitoralrs.com\/index.php\/2026\/03\/10\/ccj-aprova-projetos-voltados-ao-combate-a-violencia-contra-a-mulher-no-rs\/#breadcrumb","itemListElement":[{"@type":"ListItem","position":1,"name":"In\u00edcio","item":"https:\/\/redelitoralrs.com\/"},{"@type":"ListItem","position":2,"name":"CCJ aprova projetos voltados ao combate \u00e0 viol\u00eancia contra a mulher no RS"}]},{"@type":"WebSite","@id":"https:\/\/redelitoralrs.com\/#website","url":"https:\/\/redelitoralrs.com\/","name":"TV Litoral","description":"Acompanhe tudo do litoral ga\u00facho com a cobertura completa e atualizada da Rede Litoral RS. Nossos jornalistas trazem as \u00faltimas not\u00edcias, os acontecimentos mais quentes e as hist\u00f3rias que importam sobre nosso amado litoral.","publisher":{"@id":"https:\/\/redelitoralrs.com\/#organization"},"potentialAction":[{"@type":"SearchAction","target":{"@type":"EntryPoint","urlTemplate":"https:\/\/redelitoralrs.com\/?s={search_term_string}"},"query-input":{"@type":"PropertyValueSpecification","valueRequired":true,"valueName":"search_term_string"}}],"inLanguage":"pt-BR"},{"@type":"Organization","@id":"https:\/\/redelitoralrs.com\/#organization","name":"TV Litoral","url":"https:\/\/redelitoralrs.com\/","logo":{"@type":"ImageObject","inLanguage":"pt-BR","@id":"https:\/\/redelitoralrs.com\/#\/schema\/logo\/image\/","url":"https:\/\/redelitoralrs.com\/wp-content\/uploads\/2024\/01\/faviconicon-1-1.png","contentUrl":"https:\/\/redelitoralrs.com\/wp-content\/uploads\/2024\/01\/faviconicon-1-1.png","width":454,"height":454,"caption":"TV Litoral"},"image":{"@id":"https:\/\/redelitoralrs.com\/#\/schema\/logo\/image\/"},"sameAs":["https:\/\/www.facebook.com\/tvlitoralrsoficial","https:\/\/www.instagram.com\/tvlitoral.rs"]},{"@type":"Person","@id":"https:\/\/redelitoralrs.com\/#\/schema\/person\/9f8181f2a7359dd3986f05ebaf5bd68a","name":"Reda\u00e7\u00e3o TV Litoral","image":{"@type":"ImageObject","inLanguage":"pt-BR","@id":"https:\/\/redelitoralrs.com\/wp-content\/litespeed\/avatar\/779aafbb45e66c7f82733e21abb48259.jpg?ver=1777561602","url":"https:\/\/redelitoralrs.com\/wp-content\/litespeed\/avatar\/779aafbb45e66c7f82733e21abb48259.jpg?ver=1777561602","contentUrl":"https:\/\/redelitoralrs.com\/wp-content\/litespeed\/avatar\/779aafbb45e66c7f82733e21abb48259.jpg?ver=1777561602","caption":"Reda\u00e7\u00e3o TV Litoral"},"description":"A Rede Litoral de Comunica\u00e7\u00e3o \u00e9 um grupo de m\u00eddia multiplataforma do Litoral Norte do RS. Com atua\u00e7\u00e3o em TV, r\u00e1dio, portal e redes sociais, levamos informa\u00e7\u00e3o, conte\u00fado e entretenimento \u00e0 comunidade, fortalecendo a comunica\u00e7\u00e3o local e impulsionando o desenvolvimento regional. Acompanhe atrav\u00e9s de @redelitoralrs.","sameAs":["https:\/\/redelitoralrs.com","https:\/\/www.instagram.com\/redelitoralrs","https:\/\/www.youtube.com\/@redelitoralrs"],"url":"https:\/\/redelitoralrs.com\/index.php\/author\/redacaotvlitoral\/"}]}},"_links":{"self":[{"href":"https:\/\/redelitoralrs.com\/index.php\/wp-json\/wp\/v2\/posts\/23318","targetHints":{"allow":["GET"]}}],"collection":[{"href":"https:\/\/redelitoralrs.com\/index.php\/wp-json\/wp\/v2\/posts"}],"about":[{"href":"https:\/\/redelitoralrs.com\/index.php\/wp-json\/wp\/v2\/types\/post"}],"author":[{"embeddable":true,"href":"https:\/\/redelitoralrs.com\/index.php\/wp-json\/wp\/v2\/users\/2"}],"replies":[{"embeddable":true,"href":"https:\/\/redelitoralrs.com\/index.php\/wp-json\/wp\/v2\/comments?post=23318"}],"version-history":[{"count":1,"href":"https:\/\/redelitoralrs.com\/index.php\/wp-json\/wp\/v2\/posts\/23318\/revisions"}],"predecessor-version":[{"id":23320,"href":"https:\/\/redelitoralrs.com\/index.php\/wp-json\/wp\/v2\/posts\/23318\/revisions\/23320"}],"wp:featuredmedia":[{"embeddable":true,"href":"https:\/\/redelitoralrs.com\/index.php\/wp-json\/wp\/v2\/media\/23319"}],"wp:attachment":[{"href":"https:\/\/redelitoralrs.com\/index.php\/wp-json\/wp\/v2\/media?parent=23318"}],"wp:term":[{"taxonomy":"category","embeddable":true,"href":"https:\/\/redelitoralrs.com\/index.php\/wp-json\/wp\/v2\/categories?post=23318"},{"taxonomy":"post_tag","embeddable":true,"href":"https:\/\/redelitoralrs.com\/index.php\/wp-json\/wp\/v2\/tags?post=23318"}],"curies":[{"name":"wp","href":"https:\/\/api.w.org\/{rel}","templated":true}]}}