{"id":23312,"date":"2026-03-10T16:29:20","date_gmt":"2026-03-10T19:29:20","guid":{"rendered":"https:\/\/redelitoralrs.com\/?p=23312"},"modified":"2026-03-10T16:29:20","modified_gmt":"2026-03-10T19:29:20","slug":"lar-do-idoso-padre-simao-recebe-r-112-mil-para-melhorias-na-infraestrutura","status":"publish","type":"post","link":"https:\/\/redelitoralrs.com\/index.php\/2026\/03\/10\/lar-do-idoso-padre-simao-recebe-r-112-mil-para-melhorias-na-infraestrutura\/","title":{"rendered":"Lar do Idoso Padre Sim\u00e3o recebe R$ 112 mil para melhorias na infraestrutura"},"content":{"rendered":"\n<p>A Sociedade de Amparo \u00e0 Terceira Idade (SATI) \u2013 Lar do Idoso Padre Sim\u00e3o, em Mostardas, recebeu um repasse de R$112.871,63 para investimentos na estrutura da institui\u00e7\u00e3o. O recurso foi destinado pela Corsan por meio do Fundo Municipal dos Direitos da Pessoa Idosa.<\/p>\n\n\n\n<p>A entrega do certificado referente ao aux\u00edlio financeiro ocorreu na quinta-feira (5). Atualmente, o Lar do Idoso Padre Sim\u00e3o atende 31 idosos e possui 33 anos de atua\u00e7\u00e3o no cuidado e promo\u00e7\u00e3o do bem-estar da popula\u00e7\u00e3o idosa do munic\u00edpio.<\/p>\n\n\n\n<p>De acordo com a dire\u00e7\u00e3o da institui\u00e7\u00e3o, o valor ser\u00e1 utilizado principalmente na aquisi\u00e7\u00e3o de um gerador de energia el\u00e9trica com sistema de automa\u00e7\u00e3o, al\u00e9m da instala\u00e7\u00e3o do equipamento. Tamb\u00e9m est\u00e3o previstas melhorias na infraestrutura, como a abertura de um acesso espec\u00edfico para ambul\u00e2ncias, com instala\u00e7\u00e3o de port\u00e3o, al\u00e9m da compra de poltronas, cadeiras e outros itens necess\u00e1rios ao atendimento dos moradores.<\/p>\n\n\n\n<p>Segundo a administra\u00e7\u00e3o municipal, o investimento deve contribuir para qualificar o atendimento oferecido aos idosos, ampliando a seguran\u00e7a e as condi\u00e7\u00f5es de funcionamento da institui\u00e7\u00e3o.<\/p>\n\n\n\n<p>Os recursos repassados t\u00eam origem em parte do Imposto de Renda destinado pela Corsan ao Fundo Municipal do Idoso, mecanismo previsto em legisla\u00e7\u00e3o que permite apoiar projetos sociais desenvolvidos por entidades habilitadas junto ao conselho municipal.<\/p>\n\n\n\n<p>A cerim\u00f4nia de entrega contou com a presen\u00e7a de representantes da companhia, da prefeitura e da comunidade, al\u00e9m de familiares dos idosos atendidos pela institui\u00e7\u00e3o. Entre os participantes estavam o prefeito de Mostardas, representantes da \u00e1rea de responsabilidade social da Corsan e integrantes da dire\u00e7\u00e3o do Lar do Idoso Padre Sim\u00e3o.<\/p>\n","protected":false},"excerpt":{"rendered":"<p>A Sociedade de Amparo \u00e0 Terceira Idade (SATI) \u2013 Lar do Idoso Padre Sim\u00e3o, em Mostardas, recebeu um repasse de R$112.871,63 para investimentos na estrutura da institui\u00e7\u00e3o. O recurso foi destinado pela Corsan por meio do Fundo Municipal dos Direitos da Pessoa Idosa. A entrega do certificado referente ao aux\u00edlio financeiro ocorreu na quinta-feira (5). [&hellip;]<\/p>\n","protected":false},"author":2,"featured_media":23313,"comment_status":"open","ping_status":"open","sticky":false,"template":"","format":"standard","meta":{"_themeisle_gutenberg_block_has_review":false,"footnotes":""},"categories":[213,15],"tags":[],"class_list":["post-23312","post","type-post","status-publish","format-standard","has-post-thumbnail","hentry","category-mostardas","category-noticias"],"yoast_head":"<!-- This site is optimized with the Yoast SEO plugin v27.4 - https:\/\/yoast.com\/product\/yoast-seo-wordpress\/ -->\n<title>Lar do Idoso Padre Sim\u00e3o recebe R$ 112 mil para melhorias na infraestrutura - Rede Litoral RS<\/title>\n<meta name=\"robots\" content=\"index, follow, max-snippet:-1, max-image-preview:large, max-video-preview:-1\" \/>\n<link rel=\"canonical\" href=\"https:\/\/redelitoralrs.com\/index.php\/2026\/03\/10\/lar-do-idoso-padre-simao-recebe-r-112-mil-para-melhorias-na-infraestrutura\/\" \/>\n<meta property=\"og:locale\" content=\"pt_BR\" \/>\n<meta property=\"og:type\" content=\"article\" \/>\n<meta property=\"og:title\" content=\"Lar do Idoso Padre Sim\u00e3o recebe R$ 112 mil para melhorias na infraestrutura - Rede Litoral RS\" \/>\n<meta property=\"og:description\" content=\"A Sociedade de Amparo \u00e0 Terceira Idade (SATI) \u2013 Lar do Idoso Padre Sim\u00e3o, em Mostardas, recebeu um repasse de R$112.871,63 para investimentos na estrutura da institui\u00e7\u00e3o. O recurso foi destinado pela Corsan por meio do Fundo Municipal dos Direitos da Pessoa Idosa. A entrega do certificado referente ao aux\u00edlio financeiro ocorreu na quinta-feira (5). [&hellip;]\" \/>\n<meta property=\"og:url\" content=\"https:\/\/redelitoralrs.com\/index.php\/2026\/03\/10\/lar-do-idoso-padre-simao-recebe-r-112-mil-para-melhorias-na-infraestrutura\/\" \/>\n<meta property=\"og:site_name\" content=\"Rede Litoral RS\" \/>\n<meta property=\"article:publisher\" content=\"https:\/\/www.facebook.com\/tvlitoralrsoficial\" \/>\n<meta property=\"article:published_time\" content=\"2026-03-10T19:29:20+00:00\" \/>\n<meta property=\"og:image\" content=\"https:\/\/redelitoralrs.com\/wp-content\/uploads\/2026\/03\/WhatsApp-Image-2026-03-10-at-15.17.12-1.jpeg\" \/>\n\t<meta property=\"og:image:width\" content=\"1600\" \/>\n\t<meta property=\"og:image:height\" content=\"1066\" \/>\n\t<meta property=\"og:image:type\" content=\"image\/jpeg\" \/>\n<meta name=\"author\" content=\"Reda\u00e7\u00e3o TV Litoral\" \/>\n<meta name=\"twitter:card\" content=\"summary_large_image\" \/>\n<meta name=\"twitter:label1\" content=\"Escrito por\" \/>\n\t<meta name=\"twitter:data1\" content=\"Reda\u00e7\u00e3o TV Litoral\" \/>\n\t<meta name=\"twitter:label2\" content=\"Est. tempo de leitura\" \/>\n\t<meta name=\"twitter:data2\" content=\"2 minutos\" \/>\n<script type=\"application\/ld+json\" class=\"yoast-schema-graph\">{\"@context\":\"https:\\\/\\\/schema.org\",\"@graph\":[{\"@type\":\"Article\",\"@id\":\"https:\\\/\\\/redelitoralrs.com\\\/index.php\\\/2026\\\/03\\\/10\\\/lar-do-idoso-padre-simao-recebe-r-112-mil-para-melhorias-na-infraestrutura\\\/#article\",\"isPartOf\":{\"@id\":\"https:\\\/\\\/redelitoralrs.com\\\/index.php\\\/2026\\\/03\\\/10\\\/lar-do-idoso-padre-simao-recebe-r-112-mil-para-melhorias-na-infraestrutura\\\/\"},\"author\":{\"name\":\"Reda\u00e7\u00e3o TV Litoral\",\"@id\":\"https:\\\/\\\/redelitoralrs.com\\\/#\\\/schema\\\/person\\\/9f8181f2a7359dd3986f05ebaf5bd68a\"},\"headline\":\"Lar do Idoso Padre Sim\u00e3o recebe R$ 112 mil para melhorias na infraestrutura\",\"datePublished\":\"2026-03-10T19:29:20+00:00\",\"mainEntityOfPage\":{\"@id\":\"https:\\\/\\\/redelitoralrs.com\\\/index.php\\\/2026\\\/03\\\/10\\\/lar-do-idoso-padre-simao-recebe-r-112-mil-para-melhorias-na-infraestrutura\\\/\"},\"wordCount\":299,\"commentCount\":0,\"publisher\":{\"@id\":\"https:\\\/\\\/redelitoralrs.com\\\/#organization\"},\"image\":{\"@id\":\"https:\\\/\\\/redelitoralrs.com\\\/index.php\\\/2026\\\/03\\\/10\\\/lar-do-idoso-padre-simao-recebe-r-112-mil-para-melhorias-na-infraestrutura\\\/#primaryimage\"},\"thumbnailUrl\":\"https:\\\/\\\/redelitoralrs.com\\\/wp-content\\\/uploads\\\/2026\\\/03\\\/WhatsApp-Image-2026-03-10-at-15.17.12-1.jpeg\",\"articleSection\":[\"Mostardas\",\"\u00daltimas not\u00edcias\"],\"inLanguage\":\"pt-BR\",\"potentialAction\":[{\"@type\":\"CommentAction\",\"name\":\"Comment\",\"target\":[\"https:\\\/\\\/redelitoralrs.com\\\/index.php\\\/2026\\\/03\\\/10\\\/lar-do-idoso-padre-simao-recebe-r-112-mil-para-melhorias-na-infraestrutura\\\/#respond\"]}]},{\"@type\":\"WebPage\",\"@id\":\"https:\\\/\\\/redelitoralrs.com\\\/index.php\\\/2026\\\/03\\\/10\\\/lar-do-idoso-padre-simao-recebe-r-112-mil-para-melhorias-na-infraestrutura\\\/\",\"url\":\"https:\\\/\\\/redelitoralrs.com\\\/index.php\\\/2026\\\/03\\\/10\\\/lar-do-idoso-padre-simao-recebe-r-112-mil-para-melhorias-na-infraestrutura\\\/\",\"name\":\"Lar do Idoso Padre Sim\u00e3o recebe R$ 112 mil para melhorias na infraestrutura - Rede Litoral RS\",\"isPartOf\":{\"@id\":\"https:\\\/\\\/redelitoralrs.com\\\/#website\"},\"primaryImageOfPage\":{\"@id\":\"https:\\\/\\\/redelitoralrs.com\\\/index.php\\\/2026\\\/03\\\/10\\\/lar-do-idoso-padre-simao-recebe-r-112-mil-para-melhorias-na-infraestrutura\\\/#primaryimage\"},\"image\":{\"@id\":\"https:\\\/\\\/redelitoralrs.com\\\/index.php\\\/2026\\\/03\\\/10\\\/lar-do-idoso-padre-simao-recebe-r-112-mil-para-melhorias-na-infraestrutura\\\/#primaryimage\"},\"thumbnailUrl\":\"https:\\\/\\\/redelitoralrs.com\\\/wp-content\\\/uploads\\\/2026\\\/03\\\/WhatsApp-Image-2026-03-10-at-15.17.12-1.jpeg\",\"datePublished\":\"2026-03-10T19:29:20+00:00\",\"breadcrumb\":{\"@id\":\"https:\\\/\\\/redelitoralrs.com\\\/index.php\\\/2026\\\/03\\\/10\\\/lar-do-idoso-padre-simao-recebe-r-112-mil-para-melhorias-na-infraestrutura\\\/#breadcrumb\"},\"inLanguage\":\"pt-BR\",\"potentialAction\":[{\"@type\":\"ReadAction\",\"target\":[\"https:\\\/\\\/redelitoralrs.com\\\/index.php\\\/2026\\\/03\\\/10\\\/lar-do-idoso-padre-simao-recebe-r-112-mil-para-melhorias-na-infraestrutura\\\/\"]}]},{\"@type\":\"ImageObject\",\"inLanguage\":\"pt-BR\",\"@id\":\"https:\\\/\\\/redelitoralrs.com\\\/index.php\\\/2026\\\/03\\\/10\\\/lar-do-idoso-padre-simao-recebe-r-112-mil-para-melhorias-na-infraestrutura\\\/#primaryimage\",\"url\":\"https:\\\/\\\/redelitoralrs.com\\\/wp-content\\\/uploads\\\/2026\\\/03\\\/WhatsApp-Image-2026-03-10-at-15.17.12-1.jpeg\",\"contentUrl\":\"https:\\\/\\\/redelitoralrs.com\\\/wp-content\\\/uploads\\\/2026\\\/03\\\/WhatsApp-Image-2026-03-10-at-15.17.12-1.jpeg\",\"width\":1600,\"height\":1066,\"caption\":\"Foto: Thales Silva\"},{\"@type\":\"BreadcrumbList\",\"@id\":\"https:\\\/\\\/redelitoralrs.com\\\/index.php\\\/2026\\\/03\\\/10\\\/lar-do-idoso-padre-simao-recebe-r-112-mil-para-melhorias-na-infraestrutura\\\/#breadcrumb\",\"itemListElement\":[{\"@type\":\"ListItem\",\"position\":1,\"name\":\"In\u00edcio\",\"item\":\"https:\\\/\\\/redelitoralrs.com\\\/\"},{\"@type\":\"ListItem\",\"position\":2,\"name\":\"Lar do Idoso Padre Sim\u00e3o recebe R$ 112 mil para melhorias na infraestrutura\"}]},{\"@type\":\"WebSite\",\"@id\":\"https:\\\/\\\/redelitoralrs.com\\\/#website\",\"url\":\"https:\\\/\\\/redelitoralrs.com\\\/\",\"name\":\"TV Litoral\",\"description\":\"Acompanhe tudo do litoral ga\u00facho com a cobertura completa e atualizada da Rede Litoral RS. Nossos jornalistas trazem as \u00faltimas not\u00edcias, os acontecimentos mais quentes e as hist\u00f3rias que importam sobre nosso amado litoral.\",\"publisher\":{\"@id\":\"https:\\\/\\\/redelitoralrs.com\\\/#organization\"},\"potentialAction\":[{\"@type\":\"SearchAction\",\"target\":{\"@type\":\"EntryPoint\",\"urlTemplate\":\"https:\\\/\\\/redelitoralrs.com\\\/?s={search_term_string}\"},\"query-input\":{\"@type\":\"PropertyValueSpecification\",\"valueRequired\":true,\"valueName\":\"search_term_string\"}}],\"inLanguage\":\"pt-BR\"},{\"@type\":\"Organization\",\"@id\":\"https:\\\/\\\/redelitoralrs.com\\\/#organization\",\"name\":\"TV Litoral\",\"url\":\"https:\\\/\\\/redelitoralrs.com\\\/\",\"logo\":{\"@type\":\"ImageObject\",\"inLanguage\":\"pt-BR\",\"@id\":\"https:\\\/\\\/redelitoralrs.com\\\/#\\\/schema\\\/logo\\\/image\\\/\",\"url\":\"https:\\\/\\\/redelitoralrs.com\\\/wp-content\\\/uploads\\\/2024\\\/01\\\/faviconicon-1-1.png\",\"contentUrl\":\"https:\\\/\\\/redelitoralrs.com\\\/wp-content\\\/uploads\\\/2024\\\/01\\\/faviconicon-1-1.png\",\"width\":454,\"height\":454,\"caption\":\"TV Litoral\"},\"image\":{\"@id\":\"https:\\\/\\\/redelitoralrs.com\\\/#\\\/schema\\\/logo\\\/image\\\/\"},\"sameAs\":[\"https:\\\/\\\/www.facebook.com\\\/tvlitoralrsoficial\",\"https:\\\/\\\/www.instagram.com\\\/tvlitoral.rs\"]},{\"@type\":\"Person\",\"@id\":\"https:\\\/\\\/redelitoralrs.com\\\/#\\\/schema\\\/person\\\/9f8181f2a7359dd3986f05ebaf5bd68a\",\"name\":\"Reda\u00e7\u00e3o TV Litoral\",\"image\":{\"@type\":\"ImageObject\",\"inLanguage\":\"pt-BR\",\"@id\":\"https:\\\/\\\/redelitoralrs.com\\\/wp-content\\\/litespeed\\\/avatar\\\/779aafbb45e66c7f82733e21abb48259.jpg?ver=1777561602\",\"url\":\"https:\\\/\\\/redelitoralrs.com\\\/wp-content\\\/litespeed\\\/avatar\\\/779aafbb45e66c7f82733e21abb48259.jpg?ver=1777561602\",\"contentUrl\":\"https:\\\/\\\/redelitoralrs.com\\\/wp-content\\\/litespeed\\\/avatar\\\/779aafbb45e66c7f82733e21abb48259.jpg?ver=1777561602\",\"caption\":\"Reda\u00e7\u00e3o TV Litoral\"},\"description\":\"A Rede Litoral de Comunica\u00e7\u00e3o \u00e9 um grupo de m\u00eddia multiplataforma do Litoral Norte do RS. Com atua\u00e7\u00e3o em TV, r\u00e1dio, portal e redes sociais, levamos informa\u00e7\u00e3o, conte\u00fado e entretenimento \u00e0 comunidade, fortalecendo a comunica\u00e7\u00e3o local e impulsionando o desenvolvimento regional. Acompanhe atrav\u00e9s de @redelitoralrs.\",\"sameAs\":[\"https:\\\/\\\/redelitoralrs.com\",\"https:\\\/\\\/www.instagram.com\\\/redelitoralrs\",\"https:\\\/\\\/www.youtube.com\\\/@redelitoralrs\"],\"url\":\"https:\\\/\\\/redelitoralrs.com\\\/index.php\\\/author\\\/redacaotvlitoral\\\/\"}]}<\/script>\n<!-- \/ Yoast SEO plugin. -->","yoast_head_json":{"title":"Lar do Idoso Padre Sim\u00e3o recebe R$ 112 mil para melhorias na infraestrutura - Rede Litoral RS","robots":{"index":"index","follow":"follow","max-snippet":"max-snippet:-1","max-image-preview":"max-image-preview:large","max-video-preview":"max-video-preview:-1"},"canonical":"https:\/\/redelitoralrs.com\/index.php\/2026\/03\/10\/lar-do-idoso-padre-simao-recebe-r-112-mil-para-melhorias-na-infraestrutura\/","og_locale":"pt_BR","og_type":"article","og_title":"Lar do Idoso Padre Sim\u00e3o recebe R$ 112 mil para melhorias na infraestrutura - Rede Litoral RS","og_description":"A Sociedade de Amparo \u00e0 Terceira Idade (SATI) \u2013 Lar do Idoso Padre Sim\u00e3o, em Mostardas, recebeu um repasse de R$112.871,63 para investimentos na estrutura da institui\u00e7\u00e3o. O recurso foi destinado pela Corsan por meio do Fundo Municipal dos Direitos da Pessoa Idosa. A entrega do certificado referente ao aux\u00edlio financeiro ocorreu na quinta-feira (5). [&hellip;]","og_url":"https:\/\/redelitoralrs.com\/index.php\/2026\/03\/10\/lar-do-idoso-padre-simao-recebe-r-112-mil-para-melhorias-na-infraestrutura\/","og_site_name":"Rede Litoral RS","article_publisher":"https:\/\/www.facebook.com\/tvlitoralrsoficial","article_published_time":"2026-03-10T19:29:20+00:00","og_image":[{"width":1600,"height":1066,"url":"https:\/\/redelitoralrs.com\/wp-content\/uploads\/2026\/03\/WhatsApp-Image-2026-03-10-at-15.17.12-1.jpeg","type":"image\/jpeg"}],"author":"Reda\u00e7\u00e3o TV Litoral","twitter_card":"summary_large_image","twitter_misc":{"Escrito por":"Reda\u00e7\u00e3o TV Litoral","Est. tempo de leitura":"2 minutos"},"schema":{"@context":"https:\/\/schema.org","@graph":[{"@type":"Article","@id":"https:\/\/redelitoralrs.com\/index.php\/2026\/03\/10\/lar-do-idoso-padre-simao-recebe-r-112-mil-para-melhorias-na-infraestrutura\/#article","isPartOf":{"@id":"https:\/\/redelitoralrs.com\/index.php\/2026\/03\/10\/lar-do-idoso-padre-simao-recebe-r-112-mil-para-melhorias-na-infraestrutura\/"},"author":{"name":"Reda\u00e7\u00e3o TV Litoral","@id":"https:\/\/redelitoralrs.com\/#\/schema\/person\/9f8181f2a7359dd3986f05ebaf5bd68a"},"headline":"Lar do Idoso Padre Sim\u00e3o recebe R$ 112 mil para melhorias na infraestrutura","datePublished":"2026-03-10T19:29:20+00:00","mainEntityOfPage":{"@id":"https:\/\/redelitoralrs.com\/index.php\/2026\/03\/10\/lar-do-idoso-padre-simao-recebe-r-112-mil-para-melhorias-na-infraestrutura\/"},"wordCount":299,"commentCount":0,"publisher":{"@id":"https:\/\/redelitoralrs.com\/#organization"},"image":{"@id":"https:\/\/redelitoralrs.com\/index.php\/2026\/03\/10\/lar-do-idoso-padre-simao-recebe-r-112-mil-para-melhorias-na-infraestrutura\/#primaryimage"},"thumbnailUrl":"https:\/\/redelitoralrs.com\/wp-content\/uploads\/2026\/03\/WhatsApp-Image-2026-03-10-at-15.17.12-1.jpeg","articleSection":["Mostardas","\u00daltimas not\u00edcias"],"inLanguage":"pt-BR","potentialAction":[{"@type":"CommentAction","name":"Comment","target":["https:\/\/redelitoralrs.com\/index.php\/2026\/03\/10\/lar-do-idoso-padre-simao-recebe-r-112-mil-para-melhorias-na-infraestrutura\/#respond"]}]},{"@type":"WebPage","@id":"https:\/\/redelitoralrs.com\/index.php\/2026\/03\/10\/lar-do-idoso-padre-simao-recebe-r-112-mil-para-melhorias-na-infraestrutura\/","url":"https:\/\/redelitoralrs.com\/index.php\/2026\/03\/10\/lar-do-idoso-padre-simao-recebe-r-112-mil-para-melhorias-na-infraestrutura\/","name":"Lar do Idoso Padre Sim\u00e3o recebe R$ 112 mil para melhorias na infraestrutura - Rede Litoral RS","isPartOf":{"@id":"https:\/\/redelitoralrs.com\/#website"},"primaryImageOfPage":{"@id":"https:\/\/redelitoralrs.com\/index.php\/2026\/03\/10\/lar-do-idoso-padre-simao-recebe-r-112-mil-para-melhorias-na-infraestrutura\/#primaryimage"},"image":{"@id":"https:\/\/redelitoralrs.com\/index.php\/2026\/03\/10\/lar-do-idoso-padre-simao-recebe-r-112-mil-para-melhorias-na-infraestrutura\/#primaryimage"},"thumbnailUrl":"https:\/\/redelitoralrs.com\/wp-content\/uploads\/2026\/03\/WhatsApp-Image-2026-03-10-at-15.17.12-1.jpeg","datePublished":"2026-03-10T19:29:20+00:00","breadcrumb":{"@id":"https:\/\/redelitoralrs.com\/index.php\/2026\/03\/10\/lar-do-idoso-padre-simao-recebe-r-112-mil-para-melhorias-na-infraestrutura\/#breadcrumb"},"inLanguage":"pt-BR","potentialAction":[{"@type":"ReadAction","target":["https:\/\/redelitoralrs.com\/index.php\/2026\/03\/10\/lar-do-idoso-padre-simao-recebe-r-112-mil-para-melhorias-na-infraestrutura\/"]}]},{"@type":"ImageObject","inLanguage":"pt-BR","@id":"https:\/\/redelitoralrs.com\/index.php\/2026\/03\/10\/lar-do-idoso-padre-simao-recebe-r-112-mil-para-melhorias-na-infraestrutura\/#primaryimage","url":"https:\/\/redelitoralrs.com\/wp-content\/uploads\/2026\/03\/WhatsApp-Image-2026-03-10-at-15.17.12-1.jpeg","contentUrl":"https:\/\/redelitoralrs.com\/wp-content\/uploads\/2026\/03\/WhatsApp-Image-2026-03-10-at-15.17.12-1.jpeg","width":1600,"height":1066,"caption":"Foto: Thales Silva"},{"@type":"BreadcrumbList","@id":"https:\/\/redelitoralrs.com\/index.php\/2026\/03\/10\/lar-do-idoso-padre-simao-recebe-r-112-mil-para-melhorias-na-infraestrutura\/#breadcrumb","itemListElement":[{"@type":"ListItem","position":1,"name":"In\u00edcio","item":"https:\/\/redelitoralrs.com\/"},{"@type":"ListItem","position":2,"name":"Lar do Idoso Padre Sim\u00e3o recebe R$ 112 mil para melhorias na infraestrutura"}]},{"@type":"WebSite","@id":"https:\/\/redelitoralrs.com\/#website","url":"https:\/\/redelitoralrs.com\/","name":"TV Litoral","description":"Acompanhe tudo do litoral ga\u00facho com a cobertura completa e atualizada da Rede Litoral RS. Nossos jornalistas trazem as \u00faltimas not\u00edcias, os acontecimentos mais quentes e as hist\u00f3rias que importam sobre nosso amado litoral.","publisher":{"@id":"https:\/\/redelitoralrs.com\/#organization"},"potentialAction":[{"@type":"SearchAction","target":{"@type":"EntryPoint","urlTemplate":"https:\/\/redelitoralrs.com\/?s={search_term_string}"},"query-input":{"@type":"PropertyValueSpecification","valueRequired":true,"valueName":"search_term_string"}}],"inLanguage":"pt-BR"},{"@type":"Organization","@id":"https:\/\/redelitoralrs.com\/#organization","name":"TV Litoral","url":"https:\/\/redelitoralrs.com\/","logo":{"@type":"ImageObject","inLanguage":"pt-BR","@id":"https:\/\/redelitoralrs.com\/#\/schema\/logo\/image\/","url":"https:\/\/redelitoralrs.com\/wp-content\/uploads\/2024\/01\/faviconicon-1-1.png","contentUrl":"https:\/\/redelitoralrs.com\/wp-content\/uploads\/2024\/01\/faviconicon-1-1.png","width":454,"height":454,"caption":"TV Litoral"},"image":{"@id":"https:\/\/redelitoralrs.com\/#\/schema\/logo\/image\/"},"sameAs":["https:\/\/www.facebook.com\/tvlitoralrsoficial","https:\/\/www.instagram.com\/tvlitoral.rs"]},{"@type":"Person","@id":"https:\/\/redelitoralrs.com\/#\/schema\/person\/9f8181f2a7359dd3986f05ebaf5bd68a","name":"Reda\u00e7\u00e3o TV Litoral","image":{"@type":"ImageObject","inLanguage":"pt-BR","@id":"https:\/\/redelitoralrs.com\/wp-content\/litespeed\/avatar\/779aafbb45e66c7f82733e21abb48259.jpg?ver=1777561602","url":"https:\/\/redelitoralrs.com\/wp-content\/litespeed\/avatar\/779aafbb45e66c7f82733e21abb48259.jpg?ver=1777561602","contentUrl":"https:\/\/redelitoralrs.com\/wp-content\/litespeed\/avatar\/779aafbb45e66c7f82733e21abb48259.jpg?ver=1777561602","caption":"Reda\u00e7\u00e3o TV Litoral"},"description":"A Rede Litoral de Comunica\u00e7\u00e3o \u00e9 um grupo de m\u00eddia multiplataforma do Litoral Norte do RS. Com atua\u00e7\u00e3o em TV, r\u00e1dio, portal e redes sociais, levamos informa\u00e7\u00e3o, conte\u00fado e entretenimento \u00e0 comunidade, fortalecendo a comunica\u00e7\u00e3o local e impulsionando o desenvolvimento regional. Acompanhe atrav\u00e9s de @redelitoralrs.","sameAs":["https:\/\/redelitoralrs.com","https:\/\/www.instagram.com\/redelitoralrs","https:\/\/www.youtube.com\/@redelitoralrs"],"url":"https:\/\/redelitoralrs.com\/index.php\/author\/redacaotvlitoral\/"}]}},"_links":{"self":[{"href":"https:\/\/redelitoralrs.com\/index.php\/wp-json\/wp\/v2\/posts\/23312","targetHints":{"allow":["GET"]}}],"collection":[{"href":"https:\/\/redelitoralrs.com\/index.php\/wp-json\/wp\/v2\/posts"}],"about":[{"href":"https:\/\/redelitoralrs.com\/index.php\/wp-json\/wp\/v2\/types\/post"}],"author":[{"embeddable":true,"href":"https:\/\/redelitoralrs.com\/index.php\/wp-json\/wp\/v2\/users\/2"}],"replies":[{"embeddable":true,"href":"https:\/\/redelitoralrs.com\/index.php\/wp-json\/wp\/v2\/comments?post=23312"}],"version-history":[{"count":1,"href":"https:\/\/redelitoralrs.com\/index.php\/wp-json\/wp\/v2\/posts\/23312\/revisions"}],"predecessor-version":[{"id":23314,"href":"https:\/\/redelitoralrs.com\/index.php\/wp-json\/wp\/v2\/posts\/23312\/revisions\/23314"}],"wp:featuredmedia":[{"embeddable":true,"href":"https:\/\/redelitoralrs.com\/index.php\/wp-json\/wp\/v2\/media\/23313"}],"wp:attachment":[{"href":"https:\/\/redelitoralrs.com\/index.php\/wp-json\/wp\/v2\/media?parent=23312"}],"wp:term":[{"taxonomy":"category","embeddable":true,"href":"https:\/\/redelitoralrs.com\/index.php\/wp-json\/wp\/v2\/categories?post=23312"},{"taxonomy":"post_tag","embeddable":true,"href":"https:\/\/redelitoralrs.com\/index.php\/wp-json\/wp\/v2\/tags?post=23312"}],"curies":[{"name":"wp","href":"https:\/\/api.w.org\/{rel}","templated":true}]}}