{"id":1327,"date":"2024-04-14T19:26:51","date_gmt":"2024-04-14T22:26:51","guid":{"rendered":"https:\/\/redelitoralrs.com\/?p=1327"},"modified":"2024-04-14T19:26:51","modified_gmt":"2024-04-14T22:26:51","slug":"gremio-perde-por-2-a-1-para-o-vasco-em-estreia-pelo-brasileirao","status":"publish","type":"post","link":"https:\/\/redelitoralrs.com\/index.php\/2024\/04\/14\/gremio-perde-por-2-a-1-para-o-vasco-em-estreia-pelo-brasileirao\/","title":{"rendered":"Gr\u00eamio perde por 2 a 1 para o Vasco em estreia pelo Brasileir\u00e3o"},"content":{"rendered":"\n<p>A caminhada do Gr\u00eamio no Campeonato Brasileiro come\u00e7ou com derrota. Neste domingo \u00e0 tarde, o Tricolor perdeu por 2 a 1 para o Vasco, no est\u00e1dio S\u00e3o Janu\u00e1rio, em uma tarde na qual tudo deu errado para o time de Renato Portaluppi. Em campo, a equipe deixou muito a desejar, repetindo, principalmente no primeiro tempo, algumas das piores atua\u00e7\u00f5es da temporada. Para completar, a arbitragem sonegou um p\u00eanalti claro na etapa inicial, alegando \u201clance acidental\u201d. Agora, o Gr\u00eamio volta a campo na quarta-feira, desta vez jogando na Arena, quando recebe o Athletico-PR \u00e0s 19h.<\/p>\n\n\n\n<p>O torcedor gremista mal poderia imaginar que as vaias a cada vez que Soteldo tocava na bola seriam o menor dos problemas para o Tricolor na tarde deste domingo no S\u00e3o Janu\u00e1rio. Marcado pelos vasca\u00ednos desde o ano passado quando, ainda pelo Santos, provocou os advers\u00e1rios ao pular com os dois p\u00e9s em cima da bola, o atacante era o principal alvo dos cariocas nos minutos iniciais. S\u00f3 que, em campo, o Gr\u00eamio fazia uma partida t\u00e3o abaixo do esperado que a aten\u00e7\u00e3o dos anfitri\u00f5es passou muito mais a ser em abrir logo uma vantagem no marcador.<\/p>\n\n\n\n<p>O que estava complicado ficou ainda pior antes dos 10 minutos. Aos 6, Kannemann trombou com o volante Mateus Carvalho na entrada da \u00e1rea. No lance, bateu com a cabe\u00e7a no peito do advers\u00e1rio e, de imediato tombou. Na sequ\u00eancia ainda tentou levantar, mas visivelmente tonto, teve que ser substitu\u00eddo por Gustavo Martins. E logo na primeira jogada do zagueiro, um susto. Aos 14, Rossi foi lan\u00e7ado e caiu na entrada da \u00e1rea. O \u00e1rbitro Fl\u00e1vio Rodrigues de Souza marcou p\u00eanalti, mas ap\u00f3s consultar o VAR percebeu a simula\u00e7\u00e3o do jogador do Vasco e anulou a decis\u00e3o. S\u00f3 que o gol carioca era uma quest\u00e3o de tempo.<\/p>\n\n\n\n<h2 class=\"wp-block-heading\">\u00c1rbitro alega lance acidental para n\u00e3o marcar p\u00eanalti<\/h2>\n\n\n\n<p>O Gr\u00eamio fazia uma das suas piores partidas da temporada, mas poderia ir para o intervalo com pelo menos um gol. Aos 40 minutos, o Tricolor avan\u00e7ou pela esquerda. O cruzamento n\u00e3o saiu como esperado, mas a bola bateu no bra\u00e7o do lateral Lucas Piton. O \u00e1rbitro foi chamado ao VAR e mesmo vendo a imagem do jogador vasca\u00edno praticamente abra\u00e7ando a bola, alegou lance acidental e n\u00e3o marcou a penalidade, para indigna\u00e7\u00e3o da casamata gremista.<\/p>\n\n\n\n<p>N\u00e3o bastasse a desvantagem, o Gr\u00eamio ainda voltou do intervalo sem Diego Costa, que machucado deu lugar \u00e0 JP Galv\u00e3o. Se em todo o primeiro tempo, o time de Renato Portaluppi n\u00e3o havia dado sequer um chute a gol, na etapa final, a chance veio logo no primeiro minuto. E foi uma das chances mais claras, com Jo\u00e3o Pedro recebendo pela direita e, na altura da pequena \u00e1rea, chutou pelo lado, desperdi\u00e7ando a oportunidade. A resposta vasca\u00edna foi imediata e Vegetti no lance seguinte obrigou Marches\u00edn a fazer boa defesa. O lance prosseguiu e Rodrigo Ely derrubou o advers\u00e1rio dentro da \u00e1rea, mas a arbitragem nada marcou.<\/p>\n\n\n\n<h2 class=\"wp-block-heading\">Rea\u00e7\u00e3o insuficiente para garantir o empate<\/h2>\n\n\n\n<p>Em rela\u00e7\u00e3o a si mesmo, o Gr\u00eamio melhorou no primeiro tempo. Mas isso diz muito mais sobre a atua\u00e7\u00e3o tricolor na etapa inicial do que qualquer coisa. Seja como for, pelo menos o time de Renato Portaluppi passou a amea\u00e7ar de fato a meta vasca\u00edna. O t\u00e9cnico tentou potencializar o ataque com as entradas de Gustavo Nunes e Nathan Fernandes. At\u00e9 que o gol enfim veio aos 22 minutos ap\u00f3s cobran\u00e7a curta de escanteio, quando Cuiabano cruzou e Gustavo Martins entrou, de carrinho, para diminuir para 2 a 1.<\/p>\n\n\n\n<p>O zagueiro mais uma vez foi decisivo, desta vez impedindo que a vantagem dos cariocas fosse ampliada aos 35 minutos, quando Vegetti escapou, entrou \u00e1rea adentro e chegou a driblar Marches\u00edn, mas antes de concluir para o gol foi impedido pelo jogador gremista. O Tricolor ainda tentou o empate com alguns chutes de longe, mas \u00e0 medida que ia com mais for\u00e7a para frente, tamb\u00e9m cedia mais espa\u00e7os atr\u00e1s, oferecendo o contra-ataque. No entanto, o placar n\u00e3o foi mais alterado, terminando em 2 a 1 para o Vasco.<\/p>\n","protected":false},"excerpt":{"rendered":"<p>A caminhada do Gr\u00eamio no Campeonato Brasileiro come\u00e7ou com derrota. Neste domingo \u00e0 tarde, o Tricolor perdeu por 2 a 1 para o Vasco, no est\u00e1dio S\u00e3o Janu\u00e1rio, em uma tarde na qual tudo deu errado para o time de Renato Portaluppi. Em campo, a equipe deixou muito a desejar, repetindo, principalmente no primeiro tempo, [&hellip;]<\/p>\n","protected":false},"author":2,"featured_media":1328,"comment_status":"open","ping_status":"open","sticky":false,"template":"","format":"standard","meta":{"_themeisle_gutenberg_block_has_review":false,"footnotes":""},"categories":[14],"tags":[],"class_list":["post-1327","post","type-post","status-publish","format-standard","has-post-thumbnail","hentry","category-esportes"],"yoast_head":"<!-- This site is optimized with the Yoast SEO plugin v27.4 - https:\/\/yoast.com\/product\/yoast-seo-wordpress\/ -->\n<title>Gr\u00eamio perde por 2 a 1 para o Vasco em estreia pelo Brasileir\u00e3o - Rede Litoral RS<\/title>\n<meta name=\"robots\" content=\"index, follow, max-snippet:-1, max-image-preview:large, max-video-preview:-1\" \/>\n<link rel=\"canonical\" href=\"https:\/\/redelitoralrs.com\/index.php\/2024\/04\/14\/gremio-perde-por-2-a-1-para-o-vasco-em-estreia-pelo-brasileirao\/\" \/>\n<meta property=\"og:locale\" content=\"pt_BR\" \/>\n<meta property=\"og:type\" content=\"article\" \/>\n<meta property=\"og:title\" content=\"Gr\u00eamio perde por 2 a 1 para o Vasco em estreia pelo Brasileir\u00e3o - Rede Litoral RS\" \/>\n<meta property=\"og:description\" content=\"A caminhada do Gr\u00eamio no Campeonato Brasileiro come\u00e7ou com derrota. Neste domingo \u00e0 tarde, o Tricolor perdeu por 2 a 1 para o Vasco, no est\u00e1dio S\u00e3o Janu\u00e1rio, em uma tarde na qual tudo deu errado para o time de Renato Portaluppi. Em campo, a equipe deixou muito a desejar, repetindo, principalmente no primeiro tempo, [&hellip;]\" \/>\n<meta property=\"og:url\" content=\"https:\/\/redelitoralrs.com\/index.php\/2024\/04\/14\/gremio-perde-por-2-a-1-para-o-vasco-em-estreia-pelo-brasileirao\/\" \/>\n<meta property=\"og:site_name\" content=\"Rede Litoral RS\" \/>\n<meta property=\"article:publisher\" content=\"https:\/\/www.facebook.com\/tvlitoralrsoficial\" \/>\n<meta property=\"article:published_time\" content=\"2024-04-14T22:26:51+00:00\" \/>\n<meta property=\"og:image\" content=\"https:\/\/redelitoralrs.com\/wp-content\/uploads\/2024\/04\/VASCO-X-GREMIO.jpg\" \/>\n\t<meta property=\"og:image:width\" content=\"720\" \/>\n\t<meta property=\"og:image:height\" content=\"359\" \/>\n\t<meta property=\"og:image:type\" content=\"image\/jpeg\" \/>\n<meta name=\"author\" content=\"Reda\u00e7\u00e3o TV Litoral\" \/>\n<meta name=\"twitter:card\" content=\"summary_large_image\" \/>\n<meta name=\"twitter:image\" content=\"https:\/\/redelitoralrs.com\/wp-content\/uploads\/2024\/04\/VASCO-X-GREMIO.jpg\" \/>\n<meta name=\"twitter:label1\" content=\"Escrito por\" \/>\n\t<meta name=\"twitter:data1\" content=\"Reda\u00e7\u00e3o TV Litoral\" \/>\n\t<meta name=\"twitter:label2\" content=\"Est. tempo de leitura\" \/>\n\t<meta name=\"twitter:data2\" content=\"4 minutos\" \/>\n<script type=\"application\/ld+json\" class=\"yoast-schema-graph\">{\"@context\":\"https:\\\/\\\/schema.org\",\"@graph\":[{\"@type\":\"Article\",\"@id\":\"https:\\\/\\\/redelitoralrs.com\\\/index.php\\\/2024\\\/04\\\/14\\\/gremio-perde-por-2-a-1-para-o-vasco-em-estreia-pelo-brasileirao\\\/#article\",\"isPartOf\":{\"@id\":\"https:\\\/\\\/redelitoralrs.com\\\/index.php\\\/2024\\\/04\\\/14\\\/gremio-perde-por-2-a-1-para-o-vasco-em-estreia-pelo-brasileirao\\\/\"},\"author\":{\"name\":\"Reda\u00e7\u00e3o TV Litoral\",\"@id\":\"https:\\\/\\\/redelitoralrs.com\\\/#\\\/schema\\\/person\\\/9f8181f2a7359dd3986f05ebaf5bd68a\"},\"headline\":\"Gr\u00eamio perde por 2 a 1 para o Vasco em estreia pelo Brasileir\u00e3o\",\"datePublished\":\"2024-04-14T22:26:51+00:00\",\"mainEntityOfPage\":{\"@id\":\"https:\\\/\\\/redelitoralrs.com\\\/index.php\\\/2024\\\/04\\\/14\\\/gremio-perde-por-2-a-1-para-o-vasco-em-estreia-pelo-brasileirao\\\/\"},\"wordCount\":732,\"commentCount\":0,\"publisher\":{\"@id\":\"https:\\\/\\\/redelitoralrs.com\\\/#organization\"},\"image\":{\"@id\":\"https:\\\/\\\/redelitoralrs.com\\\/index.php\\\/2024\\\/04\\\/14\\\/gremio-perde-por-2-a-1-para-o-vasco-em-estreia-pelo-brasileirao\\\/#primaryimage\"},\"thumbnailUrl\":\"https:\\\/\\\/redelitoralrs.com\\\/wp-content\\\/uploads\\\/2024\\\/04\\\/VASCO-X-GREMIO.jpg\",\"articleSection\":[\"Esportes\"],\"inLanguage\":\"pt-BR\",\"potentialAction\":[{\"@type\":\"CommentAction\",\"name\":\"Comment\",\"target\":[\"https:\\\/\\\/redelitoralrs.com\\\/index.php\\\/2024\\\/04\\\/14\\\/gremio-perde-por-2-a-1-para-o-vasco-em-estreia-pelo-brasileirao\\\/#respond\"]}]},{\"@type\":\"WebPage\",\"@id\":\"https:\\\/\\\/redelitoralrs.com\\\/index.php\\\/2024\\\/04\\\/14\\\/gremio-perde-por-2-a-1-para-o-vasco-em-estreia-pelo-brasileirao\\\/\",\"url\":\"https:\\\/\\\/redelitoralrs.com\\\/index.php\\\/2024\\\/04\\\/14\\\/gremio-perde-por-2-a-1-para-o-vasco-em-estreia-pelo-brasileirao\\\/\",\"name\":\"Gr\u00eamio perde por 2 a 1 para o Vasco em estreia pelo Brasileir\u00e3o - Rede Litoral RS\",\"isPartOf\":{\"@id\":\"https:\\\/\\\/redelitoralrs.com\\\/#website\"},\"primaryImageOfPage\":{\"@id\":\"https:\\\/\\\/redelitoralrs.com\\\/index.php\\\/2024\\\/04\\\/14\\\/gremio-perde-por-2-a-1-para-o-vasco-em-estreia-pelo-brasileirao\\\/#primaryimage\"},\"image\":{\"@id\":\"https:\\\/\\\/redelitoralrs.com\\\/index.php\\\/2024\\\/04\\\/14\\\/gremio-perde-por-2-a-1-para-o-vasco-em-estreia-pelo-brasileirao\\\/#primaryimage\"},\"thumbnailUrl\":\"https:\\\/\\\/redelitoralrs.com\\\/wp-content\\\/uploads\\\/2024\\\/04\\\/VASCO-X-GREMIO.jpg\",\"datePublished\":\"2024-04-14T22:26:51+00:00\",\"breadcrumb\":{\"@id\":\"https:\\\/\\\/redelitoralrs.com\\\/index.php\\\/2024\\\/04\\\/14\\\/gremio-perde-por-2-a-1-para-o-vasco-em-estreia-pelo-brasileirao\\\/#breadcrumb\"},\"inLanguage\":\"pt-BR\",\"potentialAction\":[{\"@type\":\"ReadAction\",\"target\":[\"https:\\\/\\\/redelitoralrs.com\\\/index.php\\\/2024\\\/04\\\/14\\\/gremio-perde-por-2-a-1-para-o-vasco-em-estreia-pelo-brasileirao\\\/\"]}]},{\"@type\":\"ImageObject\",\"inLanguage\":\"pt-BR\",\"@id\":\"https:\\\/\\\/redelitoralrs.com\\\/index.php\\\/2024\\\/04\\\/14\\\/gremio-perde-por-2-a-1-para-o-vasco-em-estreia-pelo-brasileirao\\\/#primaryimage\",\"url\":\"https:\\\/\\\/redelitoralrs.com\\\/wp-content\\\/uploads\\\/2024\\\/04\\\/VASCO-X-GREMIO.jpg\",\"contentUrl\":\"https:\\\/\\\/redelitoralrs.com\\\/wp-content\\\/uploads\\\/2024\\\/04\\\/VASCO-X-GREMIO.jpg\",\"width\":720,\"height\":359},{\"@type\":\"BreadcrumbList\",\"@id\":\"https:\\\/\\\/redelitoralrs.com\\\/index.php\\\/2024\\\/04\\\/14\\\/gremio-perde-por-2-a-1-para-o-vasco-em-estreia-pelo-brasileirao\\\/#breadcrumb\",\"itemListElement\":[{\"@type\":\"ListItem\",\"position\":1,\"name\":\"In\u00edcio\",\"item\":\"https:\\\/\\\/redelitoralrs.com\\\/\"},{\"@type\":\"ListItem\",\"position\":2,\"name\":\"Gr\u00eamio perde por 2 a 1 para o Vasco em estreia pelo Brasileir\u00e3o\"}]},{\"@type\":\"WebSite\",\"@id\":\"https:\\\/\\\/redelitoralrs.com\\\/#website\",\"url\":\"https:\\\/\\\/redelitoralrs.com\\\/\",\"name\":\"TV Litoral\",\"description\":\"Acompanhe tudo do litoral ga\u00facho com a cobertura completa e atualizada da Rede Litoral RS. Nossos jornalistas trazem as \u00faltimas not\u00edcias, os acontecimentos mais quentes e as hist\u00f3rias que importam sobre nosso amado litoral.\",\"publisher\":{\"@id\":\"https:\\\/\\\/redelitoralrs.com\\\/#organization\"},\"potentialAction\":[{\"@type\":\"SearchAction\",\"target\":{\"@type\":\"EntryPoint\",\"urlTemplate\":\"https:\\\/\\\/redelitoralrs.com\\\/?s={search_term_string}\"},\"query-input\":{\"@type\":\"PropertyValueSpecification\",\"valueRequired\":true,\"valueName\":\"search_term_string\"}}],\"inLanguage\":\"pt-BR\"},{\"@type\":\"Organization\",\"@id\":\"https:\\\/\\\/redelitoralrs.com\\\/#organization\",\"name\":\"TV Litoral\",\"url\":\"https:\\\/\\\/redelitoralrs.com\\\/\",\"logo\":{\"@type\":\"ImageObject\",\"inLanguage\":\"pt-BR\",\"@id\":\"https:\\\/\\\/redelitoralrs.com\\\/#\\\/schema\\\/logo\\\/image\\\/\",\"url\":\"https:\\\/\\\/redelitoralrs.com\\\/wp-content\\\/uploads\\\/2024\\\/01\\\/faviconicon-1-1.png\",\"contentUrl\":\"https:\\\/\\\/redelitoralrs.com\\\/wp-content\\\/uploads\\\/2024\\\/01\\\/faviconicon-1-1.png\",\"width\":454,\"height\":454,\"caption\":\"TV Litoral\"},\"image\":{\"@id\":\"https:\\\/\\\/redelitoralrs.com\\\/#\\\/schema\\\/logo\\\/image\\\/\"},\"sameAs\":[\"https:\\\/\\\/www.facebook.com\\\/tvlitoralrsoficial\",\"https:\\\/\\\/www.instagram.com\\\/tvlitoral.rs\"]},{\"@type\":\"Person\",\"@id\":\"https:\\\/\\\/redelitoralrs.com\\\/#\\\/schema\\\/person\\\/9f8181f2a7359dd3986f05ebaf5bd68a\",\"name\":\"Reda\u00e7\u00e3o TV Litoral\",\"image\":{\"@type\":\"ImageObject\",\"inLanguage\":\"pt-BR\",\"@id\":\"https:\\\/\\\/redelitoralrs.com\\\/wp-content\\\/litespeed\\\/avatar\\\/779aafbb45e66c7f82733e21abb48259.jpg?ver=1777561602\",\"url\":\"https:\\\/\\\/redelitoralrs.com\\\/wp-content\\\/litespeed\\\/avatar\\\/779aafbb45e66c7f82733e21abb48259.jpg?ver=1777561602\",\"contentUrl\":\"https:\\\/\\\/redelitoralrs.com\\\/wp-content\\\/litespeed\\\/avatar\\\/779aafbb45e66c7f82733e21abb48259.jpg?ver=1777561602\",\"caption\":\"Reda\u00e7\u00e3o TV Litoral\"},\"description\":\"A Rede Litoral de Comunica\u00e7\u00e3o \u00e9 um grupo de m\u00eddia multiplataforma do Litoral Norte do RS. Com atua\u00e7\u00e3o em TV, r\u00e1dio, portal e redes sociais, levamos informa\u00e7\u00e3o, conte\u00fado e entretenimento \u00e0 comunidade, fortalecendo a comunica\u00e7\u00e3o local e impulsionando o desenvolvimento regional. Acompanhe atrav\u00e9s de @redelitoralrs.\",\"sameAs\":[\"https:\\\/\\\/redelitoralrs.com\",\"https:\\\/\\\/www.instagram.com\\\/redelitoralrs\",\"https:\\\/\\\/www.youtube.com\\\/@redelitoralrs\"],\"url\":\"https:\\\/\\\/redelitoralrs.com\\\/index.php\\\/author\\\/redacaotvlitoral\\\/\"}]}<\/script>\n<!-- \/ Yoast SEO plugin. -->","yoast_head_json":{"title":"Gr\u00eamio perde por 2 a 1 para o Vasco em estreia pelo Brasileir\u00e3o - Rede Litoral RS","robots":{"index":"index","follow":"follow","max-snippet":"max-snippet:-1","max-image-preview":"max-image-preview:large","max-video-preview":"max-video-preview:-1"},"canonical":"https:\/\/redelitoralrs.com\/index.php\/2024\/04\/14\/gremio-perde-por-2-a-1-para-o-vasco-em-estreia-pelo-brasileirao\/","og_locale":"pt_BR","og_type":"article","og_title":"Gr\u00eamio perde por 2 a 1 para o Vasco em estreia pelo Brasileir\u00e3o - Rede Litoral RS","og_description":"A caminhada do Gr\u00eamio no Campeonato Brasileiro come\u00e7ou com derrota. Neste domingo \u00e0 tarde, o Tricolor perdeu por 2 a 1 para o Vasco, no est\u00e1dio S\u00e3o Janu\u00e1rio, em uma tarde na qual tudo deu errado para o time de Renato Portaluppi. Em campo, a equipe deixou muito a desejar, repetindo, principalmente no primeiro tempo, [&hellip;]","og_url":"https:\/\/redelitoralrs.com\/index.php\/2024\/04\/14\/gremio-perde-por-2-a-1-para-o-vasco-em-estreia-pelo-brasileirao\/","og_site_name":"Rede Litoral RS","article_publisher":"https:\/\/www.facebook.com\/tvlitoralrsoficial","article_published_time":"2024-04-14T22:26:51+00:00","og_image":[{"width":720,"height":359,"url":"https:\/\/redelitoralrs.com\/wp-content\/uploads\/2024\/04\/VASCO-X-GREMIO.jpg","type":"image\/jpeg"}],"author":"Reda\u00e7\u00e3o TV Litoral","twitter_card":"summary_large_image","twitter_image":"https:\/\/redelitoralrs.com\/wp-content\/uploads\/2024\/04\/VASCO-X-GREMIO.jpg","twitter_misc":{"Escrito por":"Reda\u00e7\u00e3o TV Litoral","Est. tempo de leitura":"4 minutos"},"schema":{"@context":"https:\/\/schema.org","@graph":[{"@type":"Article","@id":"https:\/\/redelitoralrs.com\/index.php\/2024\/04\/14\/gremio-perde-por-2-a-1-para-o-vasco-em-estreia-pelo-brasileirao\/#article","isPartOf":{"@id":"https:\/\/redelitoralrs.com\/index.php\/2024\/04\/14\/gremio-perde-por-2-a-1-para-o-vasco-em-estreia-pelo-brasileirao\/"},"author":{"name":"Reda\u00e7\u00e3o TV Litoral","@id":"https:\/\/redelitoralrs.com\/#\/schema\/person\/9f8181f2a7359dd3986f05ebaf5bd68a"},"headline":"Gr\u00eamio perde por 2 a 1 para o Vasco em estreia pelo Brasileir\u00e3o","datePublished":"2024-04-14T22:26:51+00:00","mainEntityOfPage":{"@id":"https:\/\/redelitoralrs.com\/index.php\/2024\/04\/14\/gremio-perde-por-2-a-1-para-o-vasco-em-estreia-pelo-brasileirao\/"},"wordCount":732,"commentCount":0,"publisher":{"@id":"https:\/\/redelitoralrs.com\/#organization"},"image":{"@id":"https:\/\/redelitoralrs.com\/index.php\/2024\/04\/14\/gremio-perde-por-2-a-1-para-o-vasco-em-estreia-pelo-brasileirao\/#primaryimage"},"thumbnailUrl":"https:\/\/redelitoralrs.com\/wp-content\/uploads\/2024\/04\/VASCO-X-GREMIO.jpg","articleSection":["Esportes"],"inLanguage":"pt-BR","potentialAction":[{"@type":"CommentAction","name":"Comment","target":["https:\/\/redelitoralrs.com\/index.php\/2024\/04\/14\/gremio-perde-por-2-a-1-para-o-vasco-em-estreia-pelo-brasileirao\/#respond"]}]},{"@type":"WebPage","@id":"https:\/\/redelitoralrs.com\/index.php\/2024\/04\/14\/gremio-perde-por-2-a-1-para-o-vasco-em-estreia-pelo-brasileirao\/","url":"https:\/\/redelitoralrs.com\/index.php\/2024\/04\/14\/gremio-perde-por-2-a-1-para-o-vasco-em-estreia-pelo-brasileirao\/","name":"Gr\u00eamio perde por 2 a 1 para o Vasco em estreia pelo Brasileir\u00e3o - Rede Litoral RS","isPartOf":{"@id":"https:\/\/redelitoralrs.com\/#website"},"primaryImageOfPage":{"@id":"https:\/\/redelitoralrs.com\/index.php\/2024\/04\/14\/gremio-perde-por-2-a-1-para-o-vasco-em-estreia-pelo-brasileirao\/#primaryimage"},"image":{"@id":"https:\/\/redelitoralrs.com\/index.php\/2024\/04\/14\/gremio-perde-por-2-a-1-para-o-vasco-em-estreia-pelo-brasileirao\/#primaryimage"},"thumbnailUrl":"https:\/\/redelitoralrs.com\/wp-content\/uploads\/2024\/04\/VASCO-X-GREMIO.jpg","datePublished":"2024-04-14T22:26:51+00:00","breadcrumb":{"@id":"https:\/\/redelitoralrs.com\/index.php\/2024\/04\/14\/gremio-perde-por-2-a-1-para-o-vasco-em-estreia-pelo-brasileirao\/#breadcrumb"},"inLanguage":"pt-BR","potentialAction":[{"@type":"ReadAction","target":["https:\/\/redelitoralrs.com\/index.php\/2024\/04\/14\/gremio-perde-por-2-a-1-para-o-vasco-em-estreia-pelo-brasileirao\/"]}]},{"@type":"ImageObject","inLanguage":"pt-BR","@id":"https:\/\/redelitoralrs.com\/index.php\/2024\/04\/14\/gremio-perde-por-2-a-1-para-o-vasco-em-estreia-pelo-brasileirao\/#primaryimage","url":"https:\/\/redelitoralrs.com\/wp-content\/uploads\/2024\/04\/VASCO-X-GREMIO.jpg","contentUrl":"https:\/\/redelitoralrs.com\/wp-content\/uploads\/2024\/04\/VASCO-X-GREMIO.jpg","width":720,"height":359},{"@type":"BreadcrumbList","@id":"https:\/\/redelitoralrs.com\/index.php\/2024\/04\/14\/gremio-perde-por-2-a-1-para-o-vasco-em-estreia-pelo-brasileirao\/#breadcrumb","itemListElement":[{"@type":"ListItem","position":1,"name":"In\u00edcio","item":"https:\/\/redelitoralrs.com\/"},{"@type":"ListItem","position":2,"name":"Gr\u00eamio perde por 2 a 1 para o Vasco em estreia pelo Brasileir\u00e3o"}]},{"@type":"WebSite","@id":"https:\/\/redelitoralrs.com\/#website","url":"https:\/\/redelitoralrs.com\/","name":"TV Litoral","description":"Acompanhe tudo do litoral ga\u00facho com a cobertura completa e atualizada da Rede Litoral RS. Nossos jornalistas trazem as \u00faltimas not\u00edcias, os acontecimentos mais quentes e as hist\u00f3rias que importam sobre nosso amado litoral.","publisher":{"@id":"https:\/\/redelitoralrs.com\/#organization"},"potentialAction":[{"@type":"SearchAction","target":{"@type":"EntryPoint","urlTemplate":"https:\/\/redelitoralrs.com\/?s={search_term_string}"},"query-input":{"@type":"PropertyValueSpecification","valueRequired":true,"valueName":"search_term_string"}}],"inLanguage":"pt-BR"},{"@type":"Organization","@id":"https:\/\/redelitoralrs.com\/#organization","name":"TV Litoral","url":"https:\/\/redelitoralrs.com\/","logo":{"@type":"ImageObject","inLanguage":"pt-BR","@id":"https:\/\/redelitoralrs.com\/#\/schema\/logo\/image\/","url":"https:\/\/redelitoralrs.com\/wp-content\/uploads\/2024\/01\/faviconicon-1-1.png","contentUrl":"https:\/\/redelitoralrs.com\/wp-content\/uploads\/2024\/01\/faviconicon-1-1.png","width":454,"height":454,"caption":"TV Litoral"},"image":{"@id":"https:\/\/redelitoralrs.com\/#\/schema\/logo\/image\/"},"sameAs":["https:\/\/www.facebook.com\/tvlitoralrsoficial","https:\/\/www.instagram.com\/tvlitoral.rs"]},{"@type":"Person","@id":"https:\/\/redelitoralrs.com\/#\/schema\/person\/9f8181f2a7359dd3986f05ebaf5bd68a","name":"Reda\u00e7\u00e3o TV Litoral","image":{"@type":"ImageObject","inLanguage":"pt-BR","@id":"https:\/\/redelitoralrs.com\/wp-content\/litespeed\/avatar\/779aafbb45e66c7f82733e21abb48259.jpg?ver=1777561602","url":"https:\/\/redelitoralrs.com\/wp-content\/litespeed\/avatar\/779aafbb45e66c7f82733e21abb48259.jpg?ver=1777561602","contentUrl":"https:\/\/redelitoralrs.com\/wp-content\/litespeed\/avatar\/779aafbb45e66c7f82733e21abb48259.jpg?ver=1777561602","caption":"Reda\u00e7\u00e3o TV Litoral"},"description":"A Rede Litoral de Comunica\u00e7\u00e3o \u00e9 um grupo de m\u00eddia multiplataforma do Litoral Norte do RS. Com atua\u00e7\u00e3o em TV, r\u00e1dio, portal e redes sociais, levamos informa\u00e7\u00e3o, conte\u00fado e entretenimento \u00e0 comunidade, fortalecendo a comunica\u00e7\u00e3o local e impulsionando o desenvolvimento regional. Acompanhe atrav\u00e9s de @redelitoralrs.","sameAs":["https:\/\/redelitoralrs.com","https:\/\/www.instagram.com\/redelitoralrs","https:\/\/www.youtube.com\/@redelitoralrs"],"url":"https:\/\/redelitoralrs.com\/index.php\/author\/redacaotvlitoral\/"}]}},"_links":{"self":[{"href":"https:\/\/redelitoralrs.com\/index.php\/wp-json\/wp\/v2\/posts\/1327","targetHints":{"allow":["GET"]}}],"collection":[{"href":"https:\/\/redelitoralrs.com\/index.php\/wp-json\/wp\/v2\/posts"}],"about":[{"href":"https:\/\/redelitoralrs.com\/index.php\/wp-json\/wp\/v2\/types\/post"}],"author":[{"embeddable":true,"href":"https:\/\/redelitoralrs.com\/index.php\/wp-json\/wp\/v2\/users\/2"}],"replies":[{"embeddable":true,"href":"https:\/\/redelitoralrs.com\/index.php\/wp-json\/wp\/v2\/comments?post=1327"}],"version-history":[{"count":1,"href":"https:\/\/redelitoralrs.com\/index.php\/wp-json\/wp\/v2\/posts\/1327\/revisions"}],"predecessor-version":[{"id":1329,"href":"https:\/\/redelitoralrs.com\/index.php\/wp-json\/wp\/v2\/posts\/1327\/revisions\/1329"}],"wp:featuredmedia":[{"embeddable":true,"href":"https:\/\/redelitoralrs.com\/index.php\/wp-json\/wp\/v2\/media\/1328"}],"wp:attachment":[{"href":"https:\/\/redelitoralrs.com\/index.php\/wp-json\/wp\/v2\/media?parent=1327"}],"wp:term":[{"taxonomy":"category","embeddable":true,"href":"https:\/\/redelitoralrs.com\/index.php\/wp-json\/wp\/v2\/categories?post=1327"},{"taxonomy":"post_tag","embeddable":true,"href":"https:\/\/redelitoralrs.com\/index.php\/wp-json\/wp\/v2\/tags?post=1327"}],"curies":[{"name":"wp","href":"https:\/\/api.w.org\/{rel}","templated":true}]}}