{"id":1321,"date":"2024-04-14T17:08:25","date_gmt":"2024-04-14T20:08:25","guid":{"rendered":"https:\/\/redelitoralrs.com\/?p=1321"},"modified":"2024-04-14T17:08:26","modified_gmt":"2024-04-14T20:08:26","slug":"integrante-de-quadrilha-e-preso-apos-perseguicao-na-br-101-em-torres","status":"publish","type":"post","link":"https:\/\/redelitoralrs.com\/index.php\/2024\/04\/14\/integrante-de-quadrilha-e-preso-apos-perseguicao-na-br-101-em-torres\/","title":{"rendered":"Integrante de quadrilha \u00e9 preso ap\u00f3s persegui\u00e7\u00e3o na BR 101 em Torres"},"content":{"rendered":"\n<p>Na tarde deste s\u00e1bado (13), a Pol\u00edcia Rodovi\u00e1ria Federal, a Brigada Militar (BM) e a Pol\u00edcia Militar de Santa Catarina (PMSC) prenderam um homem de 44 anos, natural de Minas Gerais, apontado pela Pol\u00edcia Civil (PC) como integrante de uma quadrilha envolvida em diversos roubos.<\/p>\n\n\n\n<p>A pris\u00e3o ocorreu ap\u00f3s o suspeito desobedecer a ordem de parada durante uma fiscaliza\u00e7\u00e3o na BR 101, em Torres. A PRF recebeu informa\u00e7\u00f5es da PC sobre uma Tracker que era utilizada pela quadrilha na capital.<\/p>\n\n\n\n<p>Os policiais localizaram o ve\u00edculo na BR 101, na regi\u00e3o de Torres, deslocando no sentido RS\/SC.<\/p>\n\n\n\n<p>Ao dar ordem de parada, o condutor n\u00e3o acatou e iniciou uma fuga, entrando em uma via marginal, passando por um canteiro lateral e retornando para a BR 101.<\/p>\n\n\n\n<p>Ap\u00f3s alguns momentos, o homem parou o carro e tentou se esconder em um estabelecimento pr\u00f3ximo \u00e0 BR, onde foi localizado e reconhecido como um dos integrantes da quadrilha.<\/p>\n\n\n\n<p>A opera\u00e7\u00e3o de cerco contou com o apoio e a participa\u00e7\u00e3o de equipes da Brigada Militar e Pol\u00edcia Militar de Santa Catarina.<\/p>\n\n\n\n<p>Al\u00e9m do crime em investiga\u00e7\u00e3o, o homem tamb\u00e9m responder\u00e1 por dire\u00e7\u00e3o perigosa e ser\u00e1 autuado pelas infra\u00e7\u00f5es de tr\u00e2nsito cometidas.<\/p>\n\n\n\n<p>O ve\u00edculo foi recolhido e ficar\u00e1 \u00e0 disposi\u00e7\u00e3o da justi\u00e7a.<\/p>\n","protected":false},"excerpt":{"rendered":"<p>Na tarde deste s\u00e1bado (13), a Pol\u00edcia Rodovi\u00e1ria Federal, a Brigada Militar (BM) e a Pol\u00edcia Militar de Santa Catarina (PMSC) prenderam um homem de 44 anos, natural de Minas Gerais, apontado pela Pol\u00edcia Civil (PC) como integrante de uma quadrilha envolvida em diversos roubos. A pris\u00e3o ocorreu ap\u00f3s o suspeito desobedecer a ordem de [&hellip;]<\/p>\n","protected":false},"author":2,"featured_media":1322,"comment_status":"open","ping_status":"open","sticky":false,"template":"","format":"standard","meta":{"_themeisle_gutenberg_block_has_review":false,"footnotes":""},"categories":[31],"tags":[],"class_list":["post-1321","post","type-post","status-publish","format-standard","has-post-thumbnail","hentry","category-torres"],"yoast_head":"<!-- This site is optimized with the Yoast SEO plugin v27.4 - https:\/\/yoast.com\/product\/yoast-seo-wordpress\/ -->\n<title>Integrante de quadrilha \u00e9 preso ap\u00f3s persegui\u00e7\u00e3o na BR 101 em Torres - Rede Litoral RS<\/title>\n<meta name=\"robots\" content=\"index, follow, max-snippet:-1, max-image-preview:large, max-video-preview:-1\" \/>\n<link rel=\"canonical\" href=\"https:\/\/redelitoralrs.com\/index.php\/2024\/04\/14\/integrante-de-quadrilha-e-preso-apos-perseguicao-na-br-101-em-torres\/\" \/>\n<meta property=\"og:locale\" content=\"pt_BR\" \/>\n<meta property=\"og:type\" content=\"article\" \/>\n<meta property=\"og:title\" content=\"Integrante de quadrilha \u00e9 preso ap\u00f3s persegui\u00e7\u00e3o na BR 101 em Torres - Rede Litoral RS\" \/>\n<meta property=\"og:description\" content=\"Na tarde deste s\u00e1bado (13), a Pol\u00edcia Rodovi\u00e1ria Federal, a Brigada Militar (BM) e a Pol\u00edcia Militar de Santa Catarina (PMSC) prenderam um homem de 44 anos, natural de Minas Gerais, apontado pela Pol\u00edcia Civil (PC) como integrante de uma quadrilha envolvida em diversos roubos. A pris\u00e3o ocorreu ap\u00f3s o suspeito desobedecer a ordem de [&hellip;]\" \/>\n<meta property=\"og:url\" content=\"https:\/\/redelitoralrs.com\/index.php\/2024\/04\/14\/integrante-de-quadrilha-e-preso-apos-perseguicao-na-br-101-em-torres\/\" \/>\n<meta property=\"og:site_name\" content=\"Rede Litoral RS\" \/>\n<meta property=\"article:publisher\" content=\"https:\/\/www.facebook.com\/tvlitoralrsoficial\" \/>\n<meta property=\"article:published_time\" content=\"2024-04-14T20:08:25+00:00\" \/>\n<meta property=\"article:modified_time\" content=\"2024-04-14T20:08:26+00:00\" \/>\n<meta property=\"og:image\" content=\"https:\/\/redelitoralrs.com\/wp-content\/uploads\/2024\/04\/Integrante-de-quadrilha-e-preso-apos-perseguicao-na-BR-101-em-Torres-800x445-1.jpg\" \/>\n\t<meta property=\"og:image:width\" content=\"800\" \/>\n\t<meta property=\"og:image:height\" content=\"445\" \/>\n\t<meta property=\"og:image:type\" content=\"image\/jpeg\" \/>\n<meta name=\"author\" content=\"Reda\u00e7\u00e3o TV Litoral\" \/>\n<meta name=\"twitter:card\" content=\"summary_large_image\" \/>\n<meta name=\"twitter:image\" content=\"https:\/\/redelitoralrs.com\/wp-content\/uploads\/2024\/04\/Integrante-de-quadrilha-e-preso-apos-perseguicao-na-BR-101-em-Torres-800x445-1.jpg\" \/>\n<meta name=\"twitter:label1\" content=\"Escrito por\" \/>\n\t<meta name=\"twitter:data1\" content=\"Reda\u00e7\u00e3o TV Litoral\" \/>\n\t<meta name=\"twitter:label2\" content=\"Est. tempo de leitura\" \/>\n\t<meta name=\"twitter:data2\" content=\"2 minutos\" \/>\n<script type=\"application\/ld+json\" class=\"yoast-schema-graph\">{\"@context\":\"https:\\\/\\\/schema.org\",\"@graph\":[{\"@type\":\"Article\",\"@id\":\"https:\\\/\\\/redelitoralrs.com\\\/index.php\\\/2024\\\/04\\\/14\\\/integrante-de-quadrilha-e-preso-apos-perseguicao-na-br-101-em-torres\\\/#article\",\"isPartOf\":{\"@id\":\"https:\\\/\\\/redelitoralrs.com\\\/index.php\\\/2024\\\/04\\\/14\\\/integrante-de-quadrilha-e-preso-apos-perseguicao-na-br-101-em-torres\\\/\"},\"author\":{\"name\":\"Reda\u00e7\u00e3o TV Litoral\",\"@id\":\"https:\\\/\\\/redelitoralrs.com\\\/#\\\/schema\\\/person\\\/9f8181f2a7359dd3986f05ebaf5bd68a\"},\"headline\":\"Integrante de quadrilha \u00e9 preso ap\u00f3s persegui\u00e7\u00e3o na BR 101 em Torres\",\"datePublished\":\"2024-04-14T20:08:25+00:00\",\"dateModified\":\"2024-04-14T20:08:26+00:00\",\"mainEntityOfPage\":{\"@id\":\"https:\\\/\\\/redelitoralrs.com\\\/index.php\\\/2024\\\/04\\\/14\\\/integrante-de-quadrilha-e-preso-apos-perseguicao-na-br-101-em-torres\\\/\"},\"wordCount\":238,\"commentCount\":0,\"publisher\":{\"@id\":\"https:\\\/\\\/redelitoralrs.com\\\/#organization\"},\"image\":{\"@id\":\"https:\\\/\\\/redelitoralrs.com\\\/index.php\\\/2024\\\/04\\\/14\\\/integrante-de-quadrilha-e-preso-apos-perseguicao-na-br-101-em-torres\\\/#primaryimage\"},\"thumbnailUrl\":\"https:\\\/\\\/redelitoralrs.com\\\/wp-content\\\/uploads\\\/2024\\\/04\\\/Integrante-de-quadrilha-e-preso-apos-perseguicao-na-BR-101-em-Torres-800x445-1.jpg\",\"articleSection\":[\"Torres\"],\"inLanguage\":\"pt-BR\",\"potentialAction\":[{\"@type\":\"CommentAction\",\"name\":\"Comment\",\"target\":[\"https:\\\/\\\/redelitoralrs.com\\\/index.php\\\/2024\\\/04\\\/14\\\/integrante-de-quadrilha-e-preso-apos-perseguicao-na-br-101-em-torres\\\/#respond\"]}]},{\"@type\":\"WebPage\",\"@id\":\"https:\\\/\\\/redelitoralrs.com\\\/index.php\\\/2024\\\/04\\\/14\\\/integrante-de-quadrilha-e-preso-apos-perseguicao-na-br-101-em-torres\\\/\",\"url\":\"https:\\\/\\\/redelitoralrs.com\\\/index.php\\\/2024\\\/04\\\/14\\\/integrante-de-quadrilha-e-preso-apos-perseguicao-na-br-101-em-torres\\\/\",\"name\":\"Integrante de quadrilha \u00e9 preso ap\u00f3s persegui\u00e7\u00e3o na BR 101 em Torres - Rede Litoral RS\",\"isPartOf\":{\"@id\":\"https:\\\/\\\/redelitoralrs.com\\\/#website\"},\"primaryImageOfPage\":{\"@id\":\"https:\\\/\\\/redelitoralrs.com\\\/index.php\\\/2024\\\/04\\\/14\\\/integrante-de-quadrilha-e-preso-apos-perseguicao-na-br-101-em-torres\\\/#primaryimage\"},\"image\":{\"@id\":\"https:\\\/\\\/redelitoralrs.com\\\/index.php\\\/2024\\\/04\\\/14\\\/integrante-de-quadrilha-e-preso-apos-perseguicao-na-br-101-em-torres\\\/#primaryimage\"},\"thumbnailUrl\":\"https:\\\/\\\/redelitoralrs.com\\\/wp-content\\\/uploads\\\/2024\\\/04\\\/Integrante-de-quadrilha-e-preso-apos-perseguicao-na-BR-101-em-Torres-800x445-1.jpg\",\"datePublished\":\"2024-04-14T20:08:25+00:00\",\"dateModified\":\"2024-04-14T20:08:26+00:00\",\"breadcrumb\":{\"@id\":\"https:\\\/\\\/redelitoralrs.com\\\/index.php\\\/2024\\\/04\\\/14\\\/integrante-de-quadrilha-e-preso-apos-perseguicao-na-br-101-em-torres\\\/#breadcrumb\"},\"inLanguage\":\"pt-BR\",\"potentialAction\":[{\"@type\":\"ReadAction\",\"target\":[\"https:\\\/\\\/redelitoralrs.com\\\/index.php\\\/2024\\\/04\\\/14\\\/integrante-de-quadrilha-e-preso-apos-perseguicao-na-br-101-em-torres\\\/\"]}]},{\"@type\":\"ImageObject\",\"inLanguage\":\"pt-BR\",\"@id\":\"https:\\\/\\\/redelitoralrs.com\\\/index.php\\\/2024\\\/04\\\/14\\\/integrante-de-quadrilha-e-preso-apos-perseguicao-na-br-101-em-torres\\\/#primaryimage\",\"url\":\"https:\\\/\\\/redelitoralrs.com\\\/wp-content\\\/uploads\\\/2024\\\/04\\\/Integrante-de-quadrilha-e-preso-apos-perseguicao-na-BR-101-em-Torres-800x445-1.jpg\",\"contentUrl\":\"https:\\\/\\\/redelitoralrs.com\\\/wp-content\\\/uploads\\\/2024\\\/04\\\/Integrante-de-quadrilha-e-preso-apos-perseguicao-na-BR-101-em-Torres-800x445-1.jpg\",\"width\":800,\"height\":445},{\"@type\":\"BreadcrumbList\",\"@id\":\"https:\\\/\\\/redelitoralrs.com\\\/index.php\\\/2024\\\/04\\\/14\\\/integrante-de-quadrilha-e-preso-apos-perseguicao-na-br-101-em-torres\\\/#breadcrumb\",\"itemListElement\":[{\"@type\":\"ListItem\",\"position\":1,\"name\":\"In\u00edcio\",\"item\":\"https:\\\/\\\/redelitoralrs.com\\\/\"},{\"@type\":\"ListItem\",\"position\":2,\"name\":\"Integrante de quadrilha \u00e9 preso ap\u00f3s persegui\u00e7\u00e3o na BR 101 em Torres\"}]},{\"@type\":\"WebSite\",\"@id\":\"https:\\\/\\\/redelitoralrs.com\\\/#website\",\"url\":\"https:\\\/\\\/redelitoralrs.com\\\/\",\"name\":\"TV Litoral\",\"description\":\"Acompanhe tudo do litoral ga\u00facho com a cobertura completa e atualizada da Rede Litoral RS. Nossos jornalistas trazem as \u00faltimas not\u00edcias, os acontecimentos mais quentes e as hist\u00f3rias que importam sobre nosso amado litoral.\",\"publisher\":{\"@id\":\"https:\\\/\\\/redelitoralrs.com\\\/#organization\"},\"potentialAction\":[{\"@type\":\"SearchAction\",\"target\":{\"@type\":\"EntryPoint\",\"urlTemplate\":\"https:\\\/\\\/redelitoralrs.com\\\/?s={search_term_string}\"},\"query-input\":{\"@type\":\"PropertyValueSpecification\",\"valueRequired\":true,\"valueName\":\"search_term_string\"}}],\"inLanguage\":\"pt-BR\"},{\"@type\":\"Organization\",\"@id\":\"https:\\\/\\\/redelitoralrs.com\\\/#organization\",\"name\":\"TV Litoral\",\"url\":\"https:\\\/\\\/redelitoralrs.com\\\/\",\"logo\":{\"@type\":\"ImageObject\",\"inLanguage\":\"pt-BR\",\"@id\":\"https:\\\/\\\/redelitoralrs.com\\\/#\\\/schema\\\/logo\\\/image\\\/\",\"url\":\"https:\\\/\\\/redelitoralrs.com\\\/wp-content\\\/uploads\\\/2024\\\/01\\\/faviconicon-1-1.png\",\"contentUrl\":\"https:\\\/\\\/redelitoralrs.com\\\/wp-content\\\/uploads\\\/2024\\\/01\\\/faviconicon-1-1.png\",\"width\":454,\"height\":454,\"caption\":\"TV Litoral\"},\"image\":{\"@id\":\"https:\\\/\\\/redelitoralrs.com\\\/#\\\/schema\\\/logo\\\/image\\\/\"},\"sameAs\":[\"https:\\\/\\\/www.facebook.com\\\/tvlitoralrsoficial\",\"https:\\\/\\\/www.instagram.com\\\/tvlitoral.rs\"]},{\"@type\":\"Person\",\"@id\":\"https:\\\/\\\/redelitoralrs.com\\\/#\\\/schema\\\/person\\\/9f8181f2a7359dd3986f05ebaf5bd68a\",\"name\":\"Reda\u00e7\u00e3o TV Litoral\",\"image\":{\"@type\":\"ImageObject\",\"inLanguage\":\"pt-BR\",\"@id\":\"https:\\\/\\\/redelitoralrs.com\\\/wp-content\\\/litespeed\\\/avatar\\\/779aafbb45e66c7f82733e21abb48259.jpg?ver=1776956734\",\"url\":\"https:\\\/\\\/redelitoralrs.com\\\/wp-content\\\/litespeed\\\/avatar\\\/779aafbb45e66c7f82733e21abb48259.jpg?ver=1776956734\",\"contentUrl\":\"https:\\\/\\\/redelitoralrs.com\\\/wp-content\\\/litespeed\\\/avatar\\\/779aafbb45e66c7f82733e21abb48259.jpg?ver=1776956734\",\"caption\":\"Reda\u00e7\u00e3o TV Litoral\"},\"description\":\"A Rede Litoral de Comunica\u00e7\u00e3o \u00e9 um grupo de m\u00eddia multiplataforma do Litoral Norte do RS. Com atua\u00e7\u00e3o em TV, r\u00e1dio, portal e redes sociais, levamos informa\u00e7\u00e3o, conte\u00fado e entretenimento \u00e0 comunidade, fortalecendo a comunica\u00e7\u00e3o local e impulsionando o desenvolvimento regional. Acompanhe atrav\u00e9s de @redelitoralrs.\",\"sameAs\":[\"https:\\\/\\\/redelitoralrs.com\",\"https:\\\/\\\/www.instagram.com\\\/redelitoralrs\",\"https:\\\/\\\/www.youtube.com\\\/@redelitoralrs\"],\"url\":\"https:\\\/\\\/redelitoralrs.com\\\/index.php\\\/author\\\/redacaotvlitoral\\\/\"}]}<\/script>\n<!-- \/ Yoast SEO plugin. -->","yoast_head_json":{"title":"Integrante de quadrilha \u00e9 preso ap\u00f3s persegui\u00e7\u00e3o na BR 101 em Torres - Rede Litoral RS","robots":{"index":"index","follow":"follow","max-snippet":"max-snippet:-1","max-image-preview":"max-image-preview:large","max-video-preview":"max-video-preview:-1"},"canonical":"https:\/\/redelitoralrs.com\/index.php\/2024\/04\/14\/integrante-de-quadrilha-e-preso-apos-perseguicao-na-br-101-em-torres\/","og_locale":"pt_BR","og_type":"article","og_title":"Integrante de quadrilha \u00e9 preso ap\u00f3s persegui\u00e7\u00e3o na BR 101 em Torres - Rede Litoral RS","og_description":"Na tarde deste s\u00e1bado (13), a Pol\u00edcia Rodovi\u00e1ria Federal, a Brigada Militar (BM) e a Pol\u00edcia Militar de Santa Catarina (PMSC) prenderam um homem de 44 anos, natural de Minas Gerais, apontado pela Pol\u00edcia Civil (PC) como integrante de uma quadrilha envolvida em diversos roubos. A pris\u00e3o ocorreu ap\u00f3s o suspeito desobedecer a ordem de [&hellip;]","og_url":"https:\/\/redelitoralrs.com\/index.php\/2024\/04\/14\/integrante-de-quadrilha-e-preso-apos-perseguicao-na-br-101-em-torres\/","og_site_name":"Rede Litoral RS","article_publisher":"https:\/\/www.facebook.com\/tvlitoralrsoficial","article_published_time":"2024-04-14T20:08:25+00:00","article_modified_time":"2024-04-14T20:08:26+00:00","og_image":[{"width":800,"height":445,"url":"https:\/\/redelitoralrs.com\/wp-content\/uploads\/2024\/04\/Integrante-de-quadrilha-e-preso-apos-perseguicao-na-BR-101-em-Torres-800x445-1.jpg","type":"image\/jpeg"}],"author":"Reda\u00e7\u00e3o TV Litoral","twitter_card":"summary_large_image","twitter_image":"https:\/\/redelitoralrs.com\/wp-content\/uploads\/2024\/04\/Integrante-de-quadrilha-e-preso-apos-perseguicao-na-BR-101-em-Torres-800x445-1.jpg","twitter_misc":{"Escrito por":"Reda\u00e7\u00e3o TV Litoral","Est. tempo de leitura":"2 minutos"},"schema":{"@context":"https:\/\/schema.org","@graph":[{"@type":"Article","@id":"https:\/\/redelitoralrs.com\/index.php\/2024\/04\/14\/integrante-de-quadrilha-e-preso-apos-perseguicao-na-br-101-em-torres\/#article","isPartOf":{"@id":"https:\/\/redelitoralrs.com\/index.php\/2024\/04\/14\/integrante-de-quadrilha-e-preso-apos-perseguicao-na-br-101-em-torres\/"},"author":{"name":"Reda\u00e7\u00e3o TV Litoral","@id":"https:\/\/redelitoralrs.com\/#\/schema\/person\/9f8181f2a7359dd3986f05ebaf5bd68a"},"headline":"Integrante de quadrilha \u00e9 preso ap\u00f3s persegui\u00e7\u00e3o na BR 101 em Torres","datePublished":"2024-04-14T20:08:25+00:00","dateModified":"2024-04-14T20:08:26+00:00","mainEntityOfPage":{"@id":"https:\/\/redelitoralrs.com\/index.php\/2024\/04\/14\/integrante-de-quadrilha-e-preso-apos-perseguicao-na-br-101-em-torres\/"},"wordCount":238,"commentCount":0,"publisher":{"@id":"https:\/\/redelitoralrs.com\/#organization"},"image":{"@id":"https:\/\/redelitoralrs.com\/index.php\/2024\/04\/14\/integrante-de-quadrilha-e-preso-apos-perseguicao-na-br-101-em-torres\/#primaryimage"},"thumbnailUrl":"https:\/\/redelitoralrs.com\/wp-content\/uploads\/2024\/04\/Integrante-de-quadrilha-e-preso-apos-perseguicao-na-BR-101-em-Torres-800x445-1.jpg","articleSection":["Torres"],"inLanguage":"pt-BR","potentialAction":[{"@type":"CommentAction","name":"Comment","target":["https:\/\/redelitoralrs.com\/index.php\/2024\/04\/14\/integrante-de-quadrilha-e-preso-apos-perseguicao-na-br-101-em-torres\/#respond"]}]},{"@type":"WebPage","@id":"https:\/\/redelitoralrs.com\/index.php\/2024\/04\/14\/integrante-de-quadrilha-e-preso-apos-perseguicao-na-br-101-em-torres\/","url":"https:\/\/redelitoralrs.com\/index.php\/2024\/04\/14\/integrante-de-quadrilha-e-preso-apos-perseguicao-na-br-101-em-torres\/","name":"Integrante de quadrilha \u00e9 preso ap\u00f3s persegui\u00e7\u00e3o na BR 101 em Torres - Rede Litoral RS","isPartOf":{"@id":"https:\/\/redelitoralrs.com\/#website"},"primaryImageOfPage":{"@id":"https:\/\/redelitoralrs.com\/index.php\/2024\/04\/14\/integrante-de-quadrilha-e-preso-apos-perseguicao-na-br-101-em-torres\/#primaryimage"},"image":{"@id":"https:\/\/redelitoralrs.com\/index.php\/2024\/04\/14\/integrante-de-quadrilha-e-preso-apos-perseguicao-na-br-101-em-torres\/#primaryimage"},"thumbnailUrl":"https:\/\/redelitoralrs.com\/wp-content\/uploads\/2024\/04\/Integrante-de-quadrilha-e-preso-apos-perseguicao-na-BR-101-em-Torres-800x445-1.jpg","datePublished":"2024-04-14T20:08:25+00:00","dateModified":"2024-04-14T20:08:26+00:00","breadcrumb":{"@id":"https:\/\/redelitoralrs.com\/index.php\/2024\/04\/14\/integrante-de-quadrilha-e-preso-apos-perseguicao-na-br-101-em-torres\/#breadcrumb"},"inLanguage":"pt-BR","potentialAction":[{"@type":"ReadAction","target":["https:\/\/redelitoralrs.com\/index.php\/2024\/04\/14\/integrante-de-quadrilha-e-preso-apos-perseguicao-na-br-101-em-torres\/"]}]},{"@type":"ImageObject","inLanguage":"pt-BR","@id":"https:\/\/redelitoralrs.com\/index.php\/2024\/04\/14\/integrante-de-quadrilha-e-preso-apos-perseguicao-na-br-101-em-torres\/#primaryimage","url":"https:\/\/redelitoralrs.com\/wp-content\/uploads\/2024\/04\/Integrante-de-quadrilha-e-preso-apos-perseguicao-na-BR-101-em-Torres-800x445-1.jpg","contentUrl":"https:\/\/redelitoralrs.com\/wp-content\/uploads\/2024\/04\/Integrante-de-quadrilha-e-preso-apos-perseguicao-na-BR-101-em-Torres-800x445-1.jpg","width":800,"height":445},{"@type":"BreadcrumbList","@id":"https:\/\/redelitoralrs.com\/index.php\/2024\/04\/14\/integrante-de-quadrilha-e-preso-apos-perseguicao-na-br-101-em-torres\/#breadcrumb","itemListElement":[{"@type":"ListItem","position":1,"name":"In\u00edcio","item":"https:\/\/redelitoralrs.com\/"},{"@type":"ListItem","position":2,"name":"Integrante de quadrilha \u00e9 preso ap\u00f3s persegui\u00e7\u00e3o na BR 101 em Torres"}]},{"@type":"WebSite","@id":"https:\/\/redelitoralrs.com\/#website","url":"https:\/\/redelitoralrs.com\/","name":"TV Litoral","description":"Acompanhe tudo do litoral ga\u00facho com a cobertura completa e atualizada da Rede Litoral RS. Nossos jornalistas trazem as \u00faltimas not\u00edcias, os acontecimentos mais quentes e as hist\u00f3rias que importam sobre nosso amado litoral.","publisher":{"@id":"https:\/\/redelitoralrs.com\/#organization"},"potentialAction":[{"@type":"SearchAction","target":{"@type":"EntryPoint","urlTemplate":"https:\/\/redelitoralrs.com\/?s={search_term_string}"},"query-input":{"@type":"PropertyValueSpecification","valueRequired":true,"valueName":"search_term_string"}}],"inLanguage":"pt-BR"},{"@type":"Organization","@id":"https:\/\/redelitoralrs.com\/#organization","name":"TV Litoral","url":"https:\/\/redelitoralrs.com\/","logo":{"@type":"ImageObject","inLanguage":"pt-BR","@id":"https:\/\/redelitoralrs.com\/#\/schema\/logo\/image\/","url":"https:\/\/redelitoralrs.com\/wp-content\/uploads\/2024\/01\/faviconicon-1-1.png","contentUrl":"https:\/\/redelitoralrs.com\/wp-content\/uploads\/2024\/01\/faviconicon-1-1.png","width":454,"height":454,"caption":"TV Litoral"},"image":{"@id":"https:\/\/redelitoralrs.com\/#\/schema\/logo\/image\/"},"sameAs":["https:\/\/www.facebook.com\/tvlitoralrsoficial","https:\/\/www.instagram.com\/tvlitoral.rs"]},{"@type":"Person","@id":"https:\/\/redelitoralrs.com\/#\/schema\/person\/9f8181f2a7359dd3986f05ebaf5bd68a","name":"Reda\u00e7\u00e3o TV Litoral","image":{"@type":"ImageObject","inLanguage":"pt-BR","@id":"https:\/\/redelitoralrs.com\/wp-content\/litespeed\/avatar\/779aafbb45e66c7f82733e21abb48259.jpg?ver=1776956734","url":"https:\/\/redelitoralrs.com\/wp-content\/litespeed\/avatar\/779aafbb45e66c7f82733e21abb48259.jpg?ver=1776956734","contentUrl":"https:\/\/redelitoralrs.com\/wp-content\/litespeed\/avatar\/779aafbb45e66c7f82733e21abb48259.jpg?ver=1776956734","caption":"Reda\u00e7\u00e3o TV Litoral"},"description":"A Rede Litoral de Comunica\u00e7\u00e3o \u00e9 um grupo de m\u00eddia multiplataforma do Litoral Norte do RS. Com atua\u00e7\u00e3o em TV, r\u00e1dio, portal e redes sociais, levamos informa\u00e7\u00e3o, conte\u00fado e entretenimento \u00e0 comunidade, fortalecendo a comunica\u00e7\u00e3o local e impulsionando o desenvolvimento regional. Acompanhe atrav\u00e9s de @redelitoralrs.","sameAs":["https:\/\/redelitoralrs.com","https:\/\/www.instagram.com\/redelitoralrs","https:\/\/www.youtube.com\/@redelitoralrs"],"url":"https:\/\/redelitoralrs.com\/index.php\/author\/redacaotvlitoral\/"}]}},"_links":{"self":[{"href":"https:\/\/redelitoralrs.com\/index.php\/wp-json\/wp\/v2\/posts\/1321","targetHints":{"allow":["GET"]}}],"collection":[{"href":"https:\/\/redelitoralrs.com\/index.php\/wp-json\/wp\/v2\/posts"}],"about":[{"href":"https:\/\/redelitoralrs.com\/index.php\/wp-json\/wp\/v2\/types\/post"}],"author":[{"embeddable":true,"href":"https:\/\/redelitoralrs.com\/index.php\/wp-json\/wp\/v2\/users\/2"}],"replies":[{"embeddable":true,"href":"https:\/\/redelitoralrs.com\/index.php\/wp-json\/wp\/v2\/comments?post=1321"}],"version-history":[{"count":1,"href":"https:\/\/redelitoralrs.com\/index.php\/wp-json\/wp\/v2\/posts\/1321\/revisions"}],"predecessor-version":[{"id":1323,"href":"https:\/\/redelitoralrs.com\/index.php\/wp-json\/wp\/v2\/posts\/1321\/revisions\/1323"}],"wp:featuredmedia":[{"embeddable":true,"href":"https:\/\/redelitoralrs.com\/index.php\/wp-json\/wp\/v2\/media\/1322"}],"wp:attachment":[{"href":"https:\/\/redelitoralrs.com\/index.php\/wp-json\/wp\/v2\/media?parent=1321"}],"wp:term":[{"taxonomy":"category","embeddable":true,"href":"https:\/\/redelitoralrs.com\/index.php\/wp-json\/wp\/v2\/categories?post=1321"},{"taxonomy":"post_tag","embeddable":true,"href":"https:\/\/redelitoralrs.com\/index.php\/wp-json\/wp\/v2\/tags?post=1321"}],"curies":[{"name":"wp","href":"https:\/\/api.w.org\/{rel}","templated":true}]}}