{"id":1254,"date":"2024-04-06T13:08:58","date_gmt":"2024-04-06T16:08:58","guid":{"rendered":"https:\/\/redelitoralrs.com\/?p=1254"},"modified":"2024-04-06T13:08:58","modified_gmt":"2024-04-06T16:08:58","slug":"caso-miguel-mae-e-companheira-sao-condenadas-por-homicidio-triplamente-qualificado-tortura-e-ocultacao-de-cadaver","status":"publish","type":"post","link":"https:\/\/redelitoralrs.com\/index.php\/2024\/04\/06\/caso-miguel-mae-e-companheira-sao-condenadas-por-homicidio-triplamente-qualificado-tortura-e-ocultacao-de-cadaver\/","title":{"rendered":"Caso Miguel: M\u00e3e e Companheira s\u00e3o condenadas por Homic\u00eddio Triplamente Qualificado, Tortura e Oculta\u00e7\u00e3o de Cad\u00e1ver"},"content":{"rendered":"\n<p>Ap\u00f3s dois dias de julgamento, entre a \u00faltima quinta-feira (4) e a sexta-feira (5), em Tramanda\u00ed, Yasmin Vaz dos Santos Rodrigues, 28 anos, e a companheira dela na \u00e9poca do fato, Bruna Nathiele Porto da Rosa, 26 anos, m\u00e3e e madrasta do menino Miguel dos Santos Rodrigues, sete anos, foram condenadas pelo homic\u00eddio triplamente qualificado da v\u00edtima, al\u00e9m de tortura e oculta\u00e7\u00e3o de cad\u00e1ver. Yasmin recebeu uma pena de 57 anos, 1 m\u00eas e 10 dias de pris\u00e3o em regime fechado e Bruna um total de 51 anos 1 m\u00eas e 20 dias de reclus\u00e3o.<\/p>\n\n\n\n<p>As duas, que j\u00e1 estavam presas, sa\u00edram da sess\u00e3o direto para o pres\u00eddio. Todas as teses do Minist\u00e9rio P\u00fablico do Rio Grande do Sul (MPRS), conforme a den\u00fancia, foram acolhidas pelos jurados. As r\u00e9s foram responsabilizadas por terem espancado e matado o menino em 2021, em Imb\u00e9, tamb\u00e9m no Litoral Norte, ocasi\u00e3o em que o corpo desapareceu. Elas foram condenadas por homic\u00eddio triplamente qualificado: motivo torpe, meio cruel e recurso que dificultou a defesa da v\u00edtima.<\/p>\n\n\n\n<p>No primeiro dia de julgamento, seis testemunhas, sendo tr\u00eas de acusa\u00e7\u00e3o e tr\u00eas de defesa, foram ouvidas. Na parte da noite, houve o interrogat\u00f3rio das duas condenadas. No segundo dia, ocorreram os debates, com r\u00e9plica e tr\u00e9plica. A senten\u00e7a foi proferida pelo juiz Gilberto Pinto Fontoura, titular da 1\u00aa Vara Criminal local, por volta de 22h20min da sexta-feira. A acusa\u00e7\u00e3o foi feita pelo promotor de Justi\u00e7a Andr\u00e9 Tarouco, que atua na comarca, e pela promotora de Justi\u00e7a Karine Teixeira, designada pelo N\u00facleo de Apoio ao J\u00fari (NAJ) do MPRS.\u201cO julgamento em si saiu dentro do esperado, pois desde o in\u00edcio da investiga\u00e7\u00e3o n\u00f3s t\u00ednhamos plena convic\u00e7\u00e3o em rela\u00e7\u00e3o \u00e0s responsabilidades das r\u00e9s e hoje se materializa esse resultado, com todas nossas teses atendidas\u201d, disse Tarouco ap\u00f3s a decis\u00e3o do j\u00fari.<\/p>\n\n\n\n<p>Era um julgamento muito aguardado em Tramanda\u00ed. Houve uma dedica\u00e7\u00e3o e percep\u00e7\u00e3o das pol\u00edcias para elucidar o crime. Uma investiga\u00e7\u00e3o espetacular da Pol\u00edcia Civil e uma atua\u00e7\u00e3o impec\u00e1vel da Brigada Militar e hoje, o Minist\u00e9rio P\u00fablico finalmente conseguiu a condena\u00e7\u00e3o. Foi pelo Miguel que tentou buscar socorro, mas foi silenciado. Agora, essa crian\u00e7a vai poder descansar\u201d, finalizou a promotora Karine.<\/p>\n\n\n\n<h2 class=\"wp-block-heading\">DEN\u00daNCIA<\/h2>\n\n\n\n<p>Conforme a den\u00fancia do MPRS, entregue dia 16 de agosto de 2021 \u00e0 Justi\u00e7a, o corpo do menino foi arremessado nas \u00e1guas do Rio Tramanda\u00ed ap\u00f3s o homic\u00eddio, que ocorreu entre os dias 26 e 29 de julho daquele ano. A morte foi decorrente de agress\u00e3o f\u00edsica, insufici\u00eancia de alimenta\u00e7\u00e3o, uso de medicamento inadequado e omiss\u00e3o de atendimento \u00e0 sa\u00fade da v\u00edtima. Antes disso, as duas mulheres submeteram a crian\u00e7a a intenso sofrimento f\u00edsico e mental, como castigo pelo fato de buscar carinho, cuidado e aten\u00e7\u00e3o. Miguel era trancado, com as m\u00e3os amarradas e imobilizadas com correntes e cadeados, dentro de um pequeno guarda-roupas por longos per\u00edodos.<\/p>\n\n\n\n<p>Miguel era obrigado a se alimentar somente quando as condenadas quisessem, da mesma forma que estava obrigado a fazer as necessidades fisiol\u00f3gicas no interior do m\u00f3vel, inclusive sendo compelido a limp\u00e1-lo como puni\u00e7\u00e3o. Por ser um espa\u00e7o pequeno, a crian\u00e7a era obrigada a ter contato com suas pr\u00f3prias fezes. O menino tamb\u00e9m passou por sofrimento mental e emocional, sendo obrigado a escrever, repetidamente, em um caderno, frases depreciativas contra si, como \u201ceu sou um idiota\u201d, \u201ceu sou ladr\u00e3o\u201d, \u201ceu sou ruim\u201d, \u201ceu sou cruel\u201d, \u201ceu sou malvado\u201d, \u201ceu n\u00e3o presto\u201d, entre outras.<\/p>\n","protected":false},"excerpt":{"rendered":"<p>Ap\u00f3s dois dias de julgamento, entre a \u00faltima quinta-feira (4) e a sexta-feira (5), em Tramanda\u00ed, Yasmin Vaz dos Santos Rodrigues, 28 anos, e a companheira dela na \u00e9poca do fato, Bruna Nathiele Porto da Rosa, 26 anos, m\u00e3e e madrasta do menino Miguel dos Santos Rodrigues, sete anos, foram condenadas pelo homic\u00eddio triplamente qualificado [&hellip;]<\/p>\n","protected":false},"author":2,"featured_media":1255,"comment_status":"open","ping_status":"open","sticky":false,"template":"","format":"standard","meta":{"_themeisle_gutenberg_block_has_review":false,"footnotes":""},"categories":[25],"tags":[],"class_list":["post-1254","post","type-post","status-publish","format-standard","has-post-thumbnail","hentry","category-tramandai"],"yoast_head":"<!-- This site is optimized with the Yoast SEO plugin v27.4 - https:\/\/yoast.com\/product\/yoast-seo-wordpress\/ -->\n<title>Caso Miguel: M\u00e3e e Companheira s\u00e3o condenadas por Homic\u00eddio Triplamente Qualificado, Tortura e Oculta\u00e7\u00e3o de Cad\u00e1ver - Rede Litoral RS<\/title>\n<meta name=\"robots\" content=\"index, follow, max-snippet:-1, max-image-preview:large, max-video-preview:-1\" \/>\n<link rel=\"canonical\" href=\"https:\/\/redelitoralrs.com\/index.php\/2024\/04\/06\/caso-miguel-mae-e-companheira-sao-condenadas-por-homicidio-triplamente-qualificado-tortura-e-ocultacao-de-cadaver\/\" \/>\n<meta property=\"og:locale\" content=\"pt_BR\" \/>\n<meta property=\"og:type\" content=\"article\" \/>\n<meta property=\"og:title\" content=\"Caso Miguel: M\u00e3e e Companheira s\u00e3o condenadas por Homic\u00eddio Triplamente Qualificado, Tortura e Oculta\u00e7\u00e3o de Cad\u00e1ver - Rede Litoral RS\" \/>\n<meta property=\"og:description\" content=\"Ap\u00f3s dois dias de julgamento, entre a \u00faltima quinta-feira (4) e a sexta-feira (5), em Tramanda\u00ed, Yasmin Vaz dos Santos Rodrigues, 28 anos, e a companheira dela na \u00e9poca do fato, Bruna Nathiele Porto da Rosa, 26 anos, m\u00e3e e madrasta do menino Miguel dos Santos Rodrigues, sete anos, foram condenadas pelo homic\u00eddio triplamente qualificado [&hellip;]\" \/>\n<meta property=\"og:url\" content=\"https:\/\/redelitoralrs.com\/index.php\/2024\/04\/06\/caso-miguel-mae-e-companheira-sao-condenadas-por-homicidio-triplamente-qualificado-tortura-e-ocultacao-de-cadaver\/\" \/>\n<meta property=\"og:site_name\" content=\"Rede Litoral RS\" \/>\n<meta property=\"article:publisher\" content=\"https:\/\/www.facebook.com\/tvlitoralrsoficial\" \/>\n<meta property=\"article:published_time\" content=\"2024-04-06T16:08:58+00:00\" \/>\n<meta property=\"og:image\" content=\"https:\/\/redelitoralrs.com\/wp-content\/uploads\/2024\/04\/images.jpeg\" \/>\n\t<meta property=\"og:image:width\" content=\"739\" \/>\n\t<meta property=\"og:image:height\" content=\"415\" \/>\n\t<meta property=\"og:image:type\" content=\"image\/jpeg\" \/>\n<meta name=\"author\" content=\"Reda\u00e7\u00e3o TV Litoral\" \/>\n<meta name=\"twitter:card\" content=\"summary_large_image\" \/>\n<meta name=\"twitter:image\" content=\"https:\/\/redelitoralrs.com\/wp-content\/uploads\/2024\/04\/images.jpeg\" \/>\n<meta name=\"twitter:label1\" content=\"Escrito por\" \/>\n\t<meta name=\"twitter:data1\" content=\"Reda\u00e7\u00e3o TV Litoral\" \/>\n\t<meta name=\"twitter:label2\" content=\"Est. tempo de leitura\" \/>\n\t<meta name=\"twitter:data2\" content=\"4 minutos\" \/>\n<script type=\"application\/ld+json\" class=\"yoast-schema-graph\">{\"@context\":\"https:\\\/\\\/schema.org\",\"@graph\":[{\"@type\":\"Article\",\"@id\":\"https:\\\/\\\/redelitoralrs.com\\\/index.php\\\/2024\\\/04\\\/06\\\/caso-miguel-mae-e-companheira-sao-condenadas-por-homicidio-triplamente-qualificado-tortura-e-ocultacao-de-cadaver\\\/#article\",\"isPartOf\":{\"@id\":\"https:\\\/\\\/redelitoralrs.com\\\/index.php\\\/2024\\\/04\\\/06\\\/caso-miguel-mae-e-companheira-sao-condenadas-por-homicidio-triplamente-qualificado-tortura-e-ocultacao-de-cadaver\\\/\"},\"author\":{\"name\":\"Reda\u00e7\u00e3o TV Litoral\",\"@id\":\"https:\\\/\\\/redelitoralrs.com\\\/#\\\/schema\\\/person\\\/9f8181f2a7359dd3986f05ebaf5bd68a\"},\"headline\":\"Caso Miguel: M\u00e3e e Companheira s\u00e3o condenadas por Homic\u00eddio Triplamente Qualificado, Tortura e Oculta\u00e7\u00e3o de Cad\u00e1ver\",\"datePublished\":\"2024-04-06T16:08:58+00:00\",\"mainEntityOfPage\":{\"@id\":\"https:\\\/\\\/redelitoralrs.com\\\/index.php\\\/2024\\\/04\\\/06\\\/caso-miguel-mae-e-companheira-sao-condenadas-por-homicidio-triplamente-qualificado-tortura-e-ocultacao-de-cadaver\\\/\"},\"wordCount\":648,\"commentCount\":0,\"publisher\":{\"@id\":\"https:\\\/\\\/redelitoralrs.com\\\/#organization\"},\"image\":{\"@id\":\"https:\\\/\\\/redelitoralrs.com\\\/index.php\\\/2024\\\/04\\\/06\\\/caso-miguel-mae-e-companheira-sao-condenadas-por-homicidio-triplamente-qualificado-tortura-e-ocultacao-de-cadaver\\\/#primaryimage\"},\"thumbnailUrl\":\"https:\\\/\\\/redelitoralrs.com\\\/wp-content\\\/uploads\\\/2024\\\/04\\\/images.jpeg\",\"articleSection\":[\"Tramanda\u00ed\"],\"inLanguage\":\"pt-BR\",\"potentialAction\":[{\"@type\":\"CommentAction\",\"name\":\"Comment\",\"target\":[\"https:\\\/\\\/redelitoralrs.com\\\/index.php\\\/2024\\\/04\\\/06\\\/caso-miguel-mae-e-companheira-sao-condenadas-por-homicidio-triplamente-qualificado-tortura-e-ocultacao-de-cadaver\\\/#respond\"]}]},{\"@type\":\"WebPage\",\"@id\":\"https:\\\/\\\/redelitoralrs.com\\\/index.php\\\/2024\\\/04\\\/06\\\/caso-miguel-mae-e-companheira-sao-condenadas-por-homicidio-triplamente-qualificado-tortura-e-ocultacao-de-cadaver\\\/\",\"url\":\"https:\\\/\\\/redelitoralrs.com\\\/index.php\\\/2024\\\/04\\\/06\\\/caso-miguel-mae-e-companheira-sao-condenadas-por-homicidio-triplamente-qualificado-tortura-e-ocultacao-de-cadaver\\\/\",\"name\":\"Caso Miguel: M\u00e3e e Companheira s\u00e3o condenadas por Homic\u00eddio Triplamente Qualificado, Tortura e Oculta\u00e7\u00e3o de Cad\u00e1ver - Rede Litoral RS\",\"isPartOf\":{\"@id\":\"https:\\\/\\\/redelitoralrs.com\\\/#website\"},\"primaryImageOfPage\":{\"@id\":\"https:\\\/\\\/redelitoralrs.com\\\/index.php\\\/2024\\\/04\\\/06\\\/caso-miguel-mae-e-companheira-sao-condenadas-por-homicidio-triplamente-qualificado-tortura-e-ocultacao-de-cadaver\\\/#primaryimage\"},\"image\":{\"@id\":\"https:\\\/\\\/redelitoralrs.com\\\/index.php\\\/2024\\\/04\\\/06\\\/caso-miguel-mae-e-companheira-sao-condenadas-por-homicidio-triplamente-qualificado-tortura-e-ocultacao-de-cadaver\\\/#primaryimage\"},\"thumbnailUrl\":\"https:\\\/\\\/redelitoralrs.com\\\/wp-content\\\/uploads\\\/2024\\\/04\\\/images.jpeg\",\"datePublished\":\"2024-04-06T16:08:58+00:00\",\"breadcrumb\":{\"@id\":\"https:\\\/\\\/redelitoralrs.com\\\/index.php\\\/2024\\\/04\\\/06\\\/caso-miguel-mae-e-companheira-sao-condenadas-por-homicidio-triplamente-qualificado-tortura-e-ocultacao-de-cadaver\\\/#breadcrumb\"},\"inLanguage\":\"pt-BR\",\"potentialAction\":[{\"@type\":\"ReadAction\",\"target\":[\"https:\\\/\\\/redelitoralrs.com\\\/index.php\\\/2024\\\/04\\\/06\\\/caso-miguel-mae-e-companheira-sao-condenadas-por-homicidio-triplamente-qualificado-tortura-e-ocultacao-de-cadaver\\\/\"]}]},{\"@type\":\"ImageObject\",\"inLanguage\":\"pt-BR\",\"@id\":\"https:\\\/\\\/redelitoralrs.com\\\/index.php\\\/2024\\\/04\\\/06\\\/caso-miguel-mae-e-companheira-sao-condenadas-por-homicidio-triplamente-qualificado-tortura-e-ocultacao-de-cadaver\\\/#primaryimage\",\"url\":\"https:\\\/\\\/redelitoralrs.com\\\/wp-content\\\/uploads\\\/2024\\\/04\\\/images.jpeg\",\"contentUrl\":\"https:\\\/\\\/redelitoralrs.com\\\/wp-content\\\/uploads\\\/2024\\\/04\\\/images.jpeg\",\"width\":739,\"height\":415},{\"@type\":\"BreadcrumbList\",\"@id\":\"https:\\\/\\\/redelitoralrs.com\\\/index.php\\\/2024\\\/04\\\/06\\\/caso-miguel-mae-e-companheira-sao-condenadas-por-homicidio-triplamente-qualificado-tortura-e-ocultacao-de-cadaver\\\/#breadcrumb\",\"itemListElement\":[{\"@type\":\"ListItem\",\"position\":1,\"name\":\"In\u00edcio\",\"item\":\"https:\\\/\\\/redelitoralrs.com\\\/\"},{\"@type\":\"ListItem\",\"position\":2,\"name\":\"Caso Miguel: M\u00e3e e Companheira s\u00e3o condenadas por Homic\u00eddio Triplamente Qualificado, Tortura e Oculta\u00e7\u00e3o de Cad\u00e1ver\"}]},{\"@type\":\"WebSite\",\"@id\":\"https:\\\/\\\/redelitoralrs.com\\\/#website\",\"url\":\"https:\\\/\\\/redelitoralrs.com\\\/\",\"name\":\"TV Litoral\",\"description\":\"Acompanhe tudo do litoral ga\u00facho com a cobertura completa e atualizada da Rede Litoral RS. Nossos jornalistas trazem as \u00faltimas not\u00edcias, os acontecimentos mais quentes e as hist\u00f3rias que importam sobre nosso amado litoral.\",\"publisher\":{\"@id\":\"https:\\\/\\\/redelitoralrs.com\\\/#organization\"},\"potentialAction\":[{\"@type\":\"SearchAction\",\"target\":{\"@type\":\"EntryPoint\",\"urlTemplate\":\"https:\\\/\\\/redelitoralrs.com\\\/?s={search_term_string}\"},\"query-input\":{\"@type\":\"PropertyValueSpecification\",\"valueRequired\":true,\"valueName\":\"search_term_string\"}}],\"inLanguage\":\"pt-BR\"},{\"@type\":\"Organization\",\"@id\":\"https:\\\/\\\/redelitoralrs.com\\\/#organization\",\"name\":\"TV Litoral\",\"url\":\"https:\\\/\\\/redelitoralrs.com\\\/\",\"logo\":{\"@type\":\"ImageObject\",\"inLanguage\":\"pt-BR\",\"@id\":\"https:\\\/\\\/redelitoralrs.com\\\/#\\\/schema\\\/logo\\\/image\\\/\",\"url\":\"https:\\\/\\\/redelitoralrs.com\\\/wp-content\\\/uploads\\\/2024\\\/01\\\/faviconicon-1-1.png\",\"contentUrl\":\"https:\\\/\\\/redelitoralrs.com\\\/wp-content\\\/uploads\\\/2024\\\/01\\\/faviconicon-1-1.png\",\"width\":454,\"height\":454,\"caption\":\"TV Litoral\"},\"image\":{\"@id\":\"https:\\\/\\\/redelitoralrs.com\\\/#\\\/schema\\\/logo\\\/image\\\/\"},\"sameAs\":[\"https:\\\/\\\/www.facebook.com\\\/tvlitoralrsoficial\",\"https:\\\/\\\/www.instagram.com\\\/tvlitoral.rs\"]},{\"@type\":\"Person\",\"@id\":\"https:\\\/\\\/redelitoralrs.com\\\/#\\\/schema\\\/person\\\/9f8181f2a7359dd3986f05ebaf5bd68a\",\"name\":\"Reda\u00e7\u00e3o TV Litoral\",\"image\":{\"@type\":\"ImageObject\",\"inLanguage\":\"pt-BR\",\"@id\":\"https:\\\/\\\/redelitoralrs.com\\\/wp-content\\\/litespeed\\\/avatar\\\/779aafbb45e66c7f82733e21abb48259.jpg?ver=1777561602\",\"url\":\"https:\\\/\\\/redelitoralrs.com\\\/wp-content\\\/litespeed\\\/avatar\\\/779aafbb45e66c7f82733e21abb48259.jpg?ver=1777561602\",\"contentUrl\":\"https:\\\/\\\/redelitoralrs.com\\\/wp-content\\\/litespeed\\\/avatar\\\/779aafbb45e66c7f82733e21abb48259.jpg?ver=1777561602\",\"caption\":\"Reda\u00e7\u00e3o TV Litoral\"},\"description\":\"A Rede Litoral de Comunica\u00e7\u00e3o \u00e9 um grupo de m\u00eddia multiplataforma do Litoral Norte do RS. Com atua\u00e7\u00e3o em TV, r\u00e1dio, portal e redes sociais, levamos informa\u00e7\u00e3o, conte\u00fado e entretenimento \u00e0 comunidade, fortalecendo a comunica\u00e7\u00e3o local e impulsionando o desenvolvimento regional. Acompanhe atrav\u00e9s de @redelitoralrs.\",\"sameAs\":[\"https:\\\/\\\/redelitoralrs.com\",\"https:\\\/\\\/www.instagram.com\\\/redelitoralrs\",\"https:\\\/\\\/www.youtube.com\\\/@redelitoralrs\"],\"url\":\"https:\\\/\\\/redelitoralrs.com\\\/index.php\\\/author\\\/redacaotvlitoral\\\/\"}]}<\/script>\n<!-- \/ Yoast SEO plugin. -->","yoast_head_json":{"title":"Caso Miguel: M\u00e3e e Companheira s\u00e3o condenadas por Homic\u00eddio Triplamente Qualificado, Tortura e Oculta\u00e7\u00e3o de Cad\u00e1ver - Rede Litoral RS","robots":{"index":"index","follow":"follow","max-snippet":"max-snippet:-1","max-image-preview":"max-image-preview:large","max-video-preview":"max-video-preview:-1"},"canonical":"https:\/\/redelitoralrs.com\/index.php\/2024\/04\/06\/caso-miguel-mae-e-companheira-sao-condenadas-por-homicidio-triplamente-qualificado-tortura-e-ocultacao-de-cadaver\/","og_locale":"pt_BR","og_type":"article","og_title":"Caso Miguel: M\u00e3e e Companheira s\u00e3o condenadas por Homic\u00eddio Triplamente Qualificado, Tortura e Oculta\u00e7\u00e3o de Cad\u00e1ver - Rede Litoral RS","og_description":"Ap\u00f3s dois dias de julgamento, entre a \u00faltima quinta-feira (4) e a sexta-feira (5), em Tramanda\u00ed, Yasmin Vaz dos Santos Rodrigues, 28 anos, e a companheira dela na \u00e9poca do fato, Bruna Nathiele Porto da Rosa, 26 anos, m\u00e3e e madrasta do menino Miguel dos Santos Rodrigues, sete anos, foram condenadas pelo homic\u00eddio triplamente qualificado [&hellip;]","og_url":"https:\/\/redelitoralrs.com\/index.php\/2024\/04\/06\/caso-miguel-mae-e-companheira-sao-condenadas-por-homicidio-triplamente-qualificado-tortura-e-ocultacao-de-cadaver\/","og_site_name":"Rede Litoral RS","article_publisher":"https:\/\/www.facebook.com\/tvlitoralrsoficial","article_published_time":"2024-04-06T16:08:58+00:00","og_image":[{"width":739,"height":415,"url":"https:\/\/redelitoralrs.com\/wp-content\/uploads\/2024\/04\/images.jpeg","type":"image\/jpeg"}],"author":"Reda\u00e7\u00e3o TV Litoral","twitter_card":"summary_large_image","twitter_image":"https:\/\/redelitoralrs.com\/wp-content\/uploads\/2024\/04\/images.jpeg","twitter_misc":{"Escrito por":"Reda\u00e7\u00e3o TV Litoral","Est. tempo de leitura":"4 minutos"},"schema":{"@context":"https:\/\/schema.org","@graph":[{"@type":"Article","@id":"https:\/\/redelitoralrs.com\/index.php\/2024\/04\/06\/caso-miguel-mae-e-companheira-sao-condenadas-por-homicidio-triplamente-qualificado-tortura-e-ocultacao-de-cadaver\/#article","isPartOf":{"@id":"https:\/\/redelitoralrs.com\/index.php\/2024\/04\/06\/caso-miguel-mae-e-companheira-sao-condenadas-por-homicidio-triplamente-qualificado-tortura-e-ocultacao-de-cadaver\/"},"author":{"name":"Reda\u00e7\u00e3o TV Litoral","@id":"https:\/\/redelitoralrs.com\/#\/schema\/person\/9f8181f2a7359dd3986f05ebaf5bd68a"},"headline":"Caso Miguel: M\u00e3e e Companheira s\u00e3o condenadas por Homic\u00eddio Triplamente Qualificado, Tortura e Oculta\u00e7\u00e3o de Cad\u00e1ver","datePublished":"2024-04-06T16:08:58+00:00","mainEntityOfPage":{"@id":"https:\/\/redelitoralrs.com\/index.php\/2024\/04\/06\/caso-miguel-mae-e-companheira-sao-condenadas-por-homicidio-triplamente-qualificado-tortura-e-ocultacao-de-cadaver\/"},"wordCount":648,"commentCount":0,"publisher":{"@id":"https:\/\/redelitoralrs.com\/#organization"},"image":{"@id":"https:\/\/redelitoralrs.com\/index.php\/2024\/04\/06\/caso-miguel-mae-e-companheira-sao-condenadas-por-homicidio-triplamente-qualificado-tortura-e-ocultacao-de-cadaver\/#primaryimage"},"thumbnailUrl":"https:\/\/redelitoralrs.com\/wp-content\/uploads\/2024\/04\/images.jpeg","articleSection":["Tramanda\u00ed"],"inLanguage":"pt-BR","potentialAction":[{"@type":"CommentAction","name":"Comment","target":["https:\/\/redelitoralrs.com\/index.php\/2024\/04\/06\/caso-miguel-mae-e-companheira-sao-condenadas-por-homicidio-triplamente-qualificado-tortura-e-ocultacao-de-cadaver\/#respond"]}]},{"@type":"WebPage","@id":"https:\/\/redelitoralrs.com\/index.php\/2024\/04\/06\/caso-miguel-mae-e-companheira-sao-condenadas-por-homicidio-triplamente-qualificado-tortura-e-ocultacao-de-cadaver\/","url":"https:\/\/redelitoralrs.com\/index.php\/2024\/04\/06\/caso-miguel-mae-e-companheira-sao-condenadas-por-homicidio-triplamente-qualificado-tortura-e-ocultacao-de-cadaver\/","name":"Caso Miguel: M\u00e3e e Companheira s\u00e3o condenadas por Homic\u00eddio Triplamente Qualificado, Tortura e Oculta\u00e7\u00e3o de Cad\u00e1ver - Rede Litoral RS","isPartOf":{"@id":"https:\/\/redelitoralrs.com\/#website"},"primaryImageOfPage":{"@id":"https:\/\/redelitoralrs.com\/index.php\/2024\/04\/06\/caso-miguel-mae-e-companheira-sao-condenadas-por-homicidio-triplamente-qualificado-tortura-e-ocultacao-de-cadaver\/#primaryimage"},"image":{"@id":"https:\/\/redelitoralrs.com\/index.php\/2024\/04\/06\/caso-miguel-mae-e-companheira-sao-condenadas-por-homicidio-triplamente-qualificado-tortura-e-ocultacao-de-cadaver\/#primaryimage"},"thumbnailUrl":"https:\/\/redelitoralrs.com\/wp-content\/uploads\/2024\/04\/images.jpeg","datePublished":"2024-04-06T16:08:58+00:00","breadcrumb":{"@id":"https:\/\/redelitoralrs.com\/index.php\/2024\/04\/06\/caso-miguel-mae-e-companheira-sao-condenadas-por-homicidio-triplamente-qualificado-tortura-e-ocultacao-de-cadaver\/#breadcrumb"},"inLanguage":"pt-BR","potentialAction":[{"@type":"ReadAction","target":["https:\/\/redelitoralrs.com\/index.php\/2024\/04\/06\/caso-miguel-mae-e-companheira-sao-condenadas-por-homicidio-triplamente-qualificado-tortura-e-ocultacao-de-cadaver\/"]}]},{"@type":"ImageObject","inLanguage":"pt-BR","@id":"https:\/\/redelitoralrs.com\/index.php\/2024\/04\/06\/caso-miguel-mae-e-companheira-sao-condenadas-por-homicidio-triplamente-qualificado-tortura-e-ocultacao-de-cadaver\/#primaryimage","url":"https:\/\/redelitoralrs.com\/wp-content\/uploads\/2024\/04\/images.jpeg","contentUrl":"https:\/\/redelitoralrs.com\/wp-content\/uploads\/2024\/04\/images.jpeg","width":739,"height":415},{"@type":"BreadcrumbList","@id":"https:\/\/redelitoralrs.com\/index.php\/2024\/04\/06\/caso-miguel-mae-e-companheira-sao-condenadas-por-homicidio-triplamente-qualificado-tortura-e-ocultacao-de-cadaver\/#breadcrumb","itemListElement":[{"@type":"ListItem","position":1,"name":"In\u00edcio","item":"https:\/\/redelitoralrs.com\/"},{"@type":"ListItem","position":2,"name":"Caso Miguel: M\u00e3e e Companheira s\u00e3o condenadas por Homic\u00eddio Triplamente Qualificado, Tortura e Oculta\u00e7\u00e3o de Cad\u00e1ver"}]},{"@type":"WebSite","@id":"https:\/\/redelitoralrs.com\/#website","url":"https:\/\/redelitoralrs.com\/","name":"TV Litoral","description":"Acompanhe tudo do litoral ga\u00facho com a cobertura completa e atualizada da Rede Litoral RS. Nossos jornalistas trazem as \u00faltimas not\u00edcias, os acontecimentos mais quentes e as hist\u00f3rias que importam sobre nosso amado litoral.","publisher":{"@id":"https:\/\/redelitoralrs.com\/#organization"},"potentialAction":[{"@type":"SearchAction","target":{"@type":"EntryPoint","urlTemplate":"https:\/\/redelitoralrs.com\/?s={search_term_string}"},"query-input":{"@type":"PropertyValueSpecification","valueRequired":true,"valueName":"search_term_string"}}],"inLanguage":"pt-BR"},{"@type":"Organization","@id":"https:\/\/redelitoralrs.com\/#organization","name":"TV Litoral","url":"https:\/\/redelitoralrs.com\/","logo":{"@type":"ImageObject","inLanguage":"pt-BR","@id":"https:\/\/redelitoralrs.com\/#\/schema\/logo\/image\/","url":"https:\/\/redelitoralrs.com\/wp-content\/uploads\/2024\/01\/faviconicon-1-1.png","contentUrl":"https:\/\/redelitoralrs.com\/wp-content\/uploads\/2024\/01\/faviconicon-1-1.png","width":454,"height":454,"caption":"TV Litoral"},"image":{"@id":"https:\/\/redelitoralrs.com\/#\/schema\/logo\/image\/"},"sameAs":["https:\/\/www.facebook.com\/tvlitoralrsoficial","https:\/\/www.instagram.com\/tvlitoral.rs"]},{"@type":"Person","@id":"https:\/\/redelitoralrs.com\/#\/schema\/person\/9f8181f2a7359dd3986f05ebaf5bd68a","name":"Reda\u00e7\u00e3o TV Litoral","image":{"@type":"ImageObject","inLanguage":"pt-BR","@id":"https:\/\/redelitoralrs.com\/wp-content\/litespeed\/avatar\/779aafbb45e66c7f82733e21abb48259.jpg?ver=1777561602","url":"https:\/\/redelitoralrs.com\/wp-content\/litespeed\/avatar\/779aafbb45e66c7f82733e21abb48259.jpg?ver=1777561602","contentUrl":"https:\/\/redelitoralrs.com\/wp-content\/litespeed\/avatar\/779aafbb45e66c7f82733e21abb48259.jpg?ver=1777561602","caption":"Reda\u00e7\u00e3o TV Litoral"},"description":"A Rede Litoral de Comunica\u00e7\u00e3o \u00e9 um grupo de m\u00eddia multiplataforma do Litoral Norte do RS. Com atua\u00e7\u00e3o em TV, r\u00e1dio, portal e redes sociais, levamos informa\u00e7\u00e3o, conte\u00fado e entretenimento \u00e0 comunidade, fortalecendo a comunica\u00e7\u00e3o local e impulsionando o desenvolvimento regional. Acompanhe atrav\u00e9s de @redelitoralrs.","sameAs":["https:\/\/redelitoralrs.com","https:\/\/www.instagram.com\/redelitoralrs","https:\/\/www.youtube.com\/@redelitoralrs"],"url":"https:\/\/redelitoralrs.com\/index.php\/author\/redacaotvlitoral\/"}]}},"_links":{"self":[{"href":"https:\/\/redelitoralrs.com\/index.php\/wp-json\/wp\/v2\/posts\/1254","targetHints":{"allow":["GET"]}}],"collection":[{"href":"https:\/\/redelitoralrs.com\/index.php\/wp-json\/wp\/v2\/posts"}],"about":[{"href":"https:\/\/redelitoralrs.com\/index.php\/wp-json\/wp\/v2\/types\/post"}],"author":[{"embeddable":true,"href":"https:\/\/redelitoralrs.com\/index.php\/wp-json\/wp\/v2\/users\/2"}],"replies":[{"embeddable":true,"href":"https:\/\/redelitoralrs.com\/index.php\/wp-json\/wp\/v2\/comments?post=1254"}],"version-history":[{"count":1,"href":"https:\/\/redelitoralrs.com\/index.php\/wp-json\/wp\/v2\/posts\/1254\/revisions"}],"predecessor-version":[{"id":1256,"href":"https:\/\/redelitoralrs.com\/index.php\/wp-json\/wp\/v2\/posts\/1254\/revisions\/1256"}],"wp:featuredmedia":[{"embeddable":true,"href":"https:\/\/redelitoralrs.com\/index.php\/wp-json\/wp\/v2\/media\/1255"}],"wp:attachment":[{"href":"https:\/\/redelitoralrs.com\/index.php\/wp-json\/wp\/v2\/media?parent=1254"}],"wp:term":[{"taxonomy":"category","embeddable":true,"href":"https:\/\/redelitoralrs.com\/index.php\/wp-json\/wp\/v2\/categories?post=1254"},{"taxonomy":"post_tag","embeddable":true,"href":"https:\/\/redelitoralrs.com\/index.php\/wp-json\/wp\/v2\/tags?post=1254"}],"curies":[{"name":"wp","href":"https:\/\/api.w.org\/{rel}","templated":true}]}}