{"id":1203,"date":"2024-04-01T14:07:22","date_gmt":"2024-04-01T17:07:22","guid":{"rendered":"https:\/\/redelitoralrs.com\/?p=1203"},"modified":"2024-04-01T14:08:55","modified_gmt":"2024-04-01T17:08:55","slug":"crianca-de-cinco-anos-morre-apos-ser-atropelada-dentro-de-condominio-em-xangri-la","status":"publish","type":"post","link":"https:\/\/redelitoralrs.com\/index.php\/2024\/04\/01\/crianca-de-cinco-anos-morre-apos-ser-atropelada-dentro-de-condominio-em-xangri-la\/","title":{"rendered":"Crian\u00e7a de cinco anos morre ap\u00f3s ser atropelada dentro de condom\u00ednio em Xangri-l\u00e1"},"content":{"rendered":"\n<p>Uma crian\u00e7a de 5 anos morreu, no in\u00edcio da tarde deste domingo (31), ap\u00f3s ser atropelada na avenida Paraguass\u00fa , em um Condom\u00ednio em Xangri-l\u00e1. O acidente ocorreu por volta das 13:30h.<\/p>\n\n\n\n<p>A Brigada Militar foi acionada pela equipe m\u00e9dica do Pronto atendimento informando sobre o atropleamento com morte de uma crian\u00e7a em Xangri-l\u00e1, no local, o tio da menina de 5 anos, relatou para os policiais que estava andando de bicicleta com sua sobrinha, <a><\/a>quando ouviu o barulho de uma colis\u00e3o. Ele viu um ve\u00edculo parado e sua sobrinha ca\u00edda no ch\u00e3o. O tio ressaltou que, devido \u00e0 curva, estava a alguns metros de dist\u00e2ncia da crian\u00e7a e imediatamente a pegou e a levou para o pronto atendimento.<\/p>\n\n\n\n<p>Os policiais militares identificaram a condutora do ve\u00edculo, uma mulher de 71 anos. Ela informou que estava trafegando seu ve\u00edculo quando a crian\u00e7a saiu de tr\u00e1s de outro ve\u00edculos estacionados e a colis\u00e3o aconteceu. A condutora freou imediatamente, mas a crian\u00e7a j\u00e1 havia ca\u00eddo com o impacto. A motorista imediatamente ofereceu-se para lev\u00e1-la ao atendimento m\u00e9dico, por\u00e9m o tio informou que ele mesmo a conduziria.<\/p>\n\n\n\n<p>A condutora concordou em realizar o teste do etil\u00f4metro, que apresentou resultado negativo.<\/p>\n","protected":false},"excerpt":{"rendered":"<p>Uma crian\u00e7a de 5 anos morreu, no in\u00edcio da tarde deste domingo (31), ap\u00f3s ser atropelada na avenida Paraguass\u00fa , em um Condom\u00ednio em Xangri-l\u00e1. O acidente ocorreu por volta das 13:30h. A Brigada Militar foi acionada pela equipe m\u00e9dica do Pronto atendimento informando sobre o atropleamento com morte de uma crian\u00e7a em Xangri-l\u00e1, no [&hellip;]<\/p>\n","protected":false},"author":2,"featured_media":1204,"comment_status":"open","ping_status":"open","sticky":false,"template":"","format":"standard","meta":{"_themeisle_gutenberg_block_has_review":false,"footnotes":""},"categories":[34],"tags":[],"class_list":["post-1203","post","type-post","status-publish","format-standard","has-post-thumbnail","hentry","category-xangri-la"],"yoast_head":"<!-- This site is optimized with the Yoast SEO plugin v27.4 - https:\/\/yoast.com\/product\/yoast-seo-wordpress\/ -->\n<title>Crian\u00e7a de cinco anos morre ap\u00f3s ser atropelada dentro de condom\u00ednio em Xangri-l\u00e1 - Rede Litoral RS<\/title>\n<meta name=\"robots\" content=\"index, follow, max-snippet:-1, max-image-preview:large, max-video-preview:-1\" \/>\n<link rel=\"canonical\" href=\"https:\/\/redelitoralrs.com\/index.php\/2024\/04\/01\/crianca-de-cinco-anos-morre-apos-ser-atropelada-dentro-de-condominio-em-xangri-la\/\" \/>\n<meta property=\"og:locale\" content=\"pt_BR\" \/>\n<meta property=\"og:type\" content=\"article\" \/>\n<meta property=\"og:title\" content=\"Crian\u00e7a de cinco anos morre ap\u00f3s ser atropelada dentro de condom\u00ednio em Xangri-l\u00e1 - Rede Litoral RS\" \/>\n<meta property=\"og:description\" content=\"Uma crian\u00e7a de 5 anos morreu, no in\u00edcio da tarde deste domingo (31), ap\u00f3s ser atropelada na avenida Paraguass\u00fa , em um Condom\u00ednio em Xangri-l\u00e1. O acidente ocorreu por volta das 13:30h. A Brigada Militar foi acionada pela equipe m\u00e9dica do Pronto atendimento informando sobre o atropleamento com morte de uma crian\u00e7a em Xangri-l\u00e1, no [&hellip;]\" \/>\n<meta property=\"og:url\" content=\"https:\/\/redelitoralrs.com\/index.php\/2024\/04\/01\/crianca-de-cinco-anos-morre-apos-ser-atropelada-dentro-de-condominio-em-xangri-la\/\" \/>\n<meta property=\"og:site_name\" content=\"Rede Litoral RS\" \/>\n<meta property=\"article:publisher\" content=\"https:\/\/www.facebook.com\/tvlitoralrsoficial\" \/>\n<meta property=\"article:published_time\" content=\"2024-04-01T17:07:22+00:00\" \/>\n<meta property=\"article:modified_time\" content=\"2024-04-01T17:08:55+00:00\" \/>\n<meta property=\"og:image\" content=\"https:\/\/redelitoralrs.com\/wp-content\/uploads\/2024\/04\/LITORAL-1.jpg\" \/>\n\t<meta property=\"og:image:width\" content=\"679\" \/>\n\t<meta property=\"og:image:height\" content=\"451\" \/>\n\t<meta property=\"og:image:type\" content=\"image\/jpeg\" \/>\n<meta name=\"author\" content=\"Reda\u00e7\u00e3o TV Litoral\" \/>\n<meta name=\"twitter:card\" content=\"summary_large_image\" \/>\n<meta name=\"twitter:image\" content=\"https:\/\/redelitoralrs.com\/wp-content\/uploads\/2024\/04\/LITORAL-1.jpg\" \/>\n<meta name=\"twitter:label1\" content=\"Escrito por\" \/>\n\t<meta name=\"twitter:data1\" content=\"Reda\u00e7\u00e3o TV Litoral\" \/>\n\t<meta name=\"twitter:label2\" content=\"Est. tempo de leitura\" \/>\n\t<meta name=\"twitter:data2\" content=\"2 minutos\" \/>\n<script type=\"application\/ld+json\" class=\"yoast-schema-graph\">{\"@context\":\"https:\\\/\\\/schema.org\",\"@graph\":[{\"@type\":\"Article\",\"@id\":\"https:\\\/\\\/redelitoralrs.com\\\/index.php\\\/2024\\\/04\\\/01\\\/crianca-de-cinco-anos-morre-apos-ser-atropelada-dentro-de-condominio-em-xangri-la\\\/#article\",\"isPartOf\":{\"@id\":\"https:\\\/\\\/redelitoralrs.com\\\/index.php\\\/2024\\\/04\\\/01\\\/crianca-de-cinco-anos-morre-apos-ser-atropelada-dentro-de-condominio-em-xangri-la\\\/\"},\"author\":{\"name\":\"Reda\u00e7\u00e3o TV Litoral\",\"@id\":\"https:\\\/\\\/redelitoralrs.com\\\/#\\\/schema\\\/person\\\/9f8181f2a7359dd3986f05ebaf5bd68a\"},\"headline\":\"Crian\u00e7a de cinco anos morre ap\u00f3s ser atropelada dentro de condom\u00ednio em Xangri-l\u00e1\",\"datePublished\":\"2024-04-01T17:07:22+00:00\",\"dateModified\":\"2024-04-01T17:08:55+00:00\",\"mainEntityOfPage\":{\"@id\":\"https:\\\/\\\/redelitoralrs.com\\\/index.php\\\/2024\\\/04\\\/01\\\/crianca-de-cinco-anos-morre-apos-ser-atropelada-dentro-de-condominio-em-xangri-la\\\/\"},\"wordCount\":231,\"commentCount\":0,\"publisher\":{\"@id\":\"https:\\\/\\\/redelitoralrs.com\\\/#organization\"},\"image\":{\"@id\":\"https:\\\/\\\/redelitoralrs.com\\\/index.php\\\/2024\\\/04\\\/01\\\/crianca-de-cinco-anos-morre-apos-ser-atropelada-dentro-de-condominio-em-xangri-la\\\/#primaryimage\"},\"thumbnailUrl\":\"https:\\\/\\\/redelitoralrs.com\\\/wp-content\\\/uploads\\\/2024\\\/04\\\/LITORAL-1.jpg\",\"articleSection\":[\"Xangri-L\u00e1\"],\"inLanguage\":\"pt-BR\",\"potentialAction\":[{\"@type\":\"CommentAction\",\"name\":\"Comment\",\"target\":[\"https:\\\/\\\/redelitoralrs.com\\\/index.php\\\/2024\\\/04\\\/01\\\/crianca-de-cinco-anos-morre-apos-ser-atropelada-dentro-de-condominio-em-xangri-la\\\/#respond\"]}]},{\"@type\":\"WebPage\",\"@id\":\"https:\\\/\\\/redelitoralrs.com\\\/index.php\\\/2024\\\/04\\\/01\\\/crianca-de-cinco-anos-morre-apos-ser-atropelada-dentro-de-condominio-em-xangri-la\\\/\",\"url\":\"https:\\\/\\\/redelitoralrs.com\\\/index.php\\\/2024\\\/04\\\/01\\\/crianca-de-cinco-anos-morre-apos-ser-atropelada-dentro-de-condominio-em-xangri-la\\\/\",\"name\":\"Crian\u00e7a de cinco anos morre ap\u00f3s ser atropelada dentro de condom\u00ednio em Xangri-l\u00e1 - Rede Litoral RS\",\"isPartOf\":{\"@id\":\"https:\\\/\\\/redelitoralrs.com\\\/#website\"},\"primaryImageOfPage\":{\"@id\":\"https:\\\/\\\/redelitoralrs.com\\\/index.php\\\/2024\\\/04\\\/01\\\/crianca-de-cinco-anos-morre-apos-ser-atropelada-dentro-de-condominio-em-xangri-la\\\/#primaryimage\"},\"image\":{\"@id\":\"https:\\\/\\\/redelitoralrs.com\\\/index.php\\\/2024\\\/04\\\/01\\\/crianca-de-cinco-anos-morre-apos-ser-atropelada-dentro-de-condominio-em-xangri-la\\\/#primaryimage\"},\"thumbnailUrl\":\"https:\\\/\\\/redelitoralrs.com\\\/wp-content\\\/uploads\\\/2024\\\/04\\\/LITORAL-1.jpg\",\"datePublished\":\"2024-04-01T17:07:22+00:00\",\"dateModified\":\"2024-04-01T17:08:55+00:00\",\"breadcrumb\":{\"@id\":\"https:\\\/\\\/redelitoralrs.com\\\/index.php\\\/2024\\\/04\\\/01\\\/crianca-de-cinco-anos-morre-apos-ser-atropelada-dentro-de-condominio-em-xangri-la\\\/#breadcrumb\"},\"inLanguage\":\"pt-BR\",\"potentialAction\":[{\"@type\":\"ReadAction\",\"target\":[\"https:\\\/\\\/redelitoralrs.com\\\/index.php\\\/2024\\\/04\\\/01\\\/crianca-de-cinco-anos-morre-apos-ser-atropelada-dentro-de-condominio-em-xangri-la\\\/\"]}]},{\"@type\":\"ImageObject\",\"inLanguage\":\"pt-BR\",\"@id\":\"https:\\\/\\\/redelitoralrs.com\\\/index.php\\\/2024\\\/04\\\/01\\\/crianca-de-cinco-anos-morre-apos-ser-atropelada-dentro-de-condominio-em-xangri-la\\\/#primaryimage\",\"url\":\"https:\\\/\\\/redelitoralrs.com\\\/wp-content\\\/uploads\\\/2024\\\/04\\\/LITORAL-1.jpg\",\"contentUrl\":\"https:\\\/\\\/redelitoralrs.com\\\/wp-content\\\/uploads\\\/2024\\\/04\\\/LITORAL-1.jpg\",\"width\":679,\"height\":451},{\"@type\":\"BreadcrumbList\",\"@id\":\"https:\\\/\\\/redelitoralrs.com\\\/index.php\\\/2024\\\/04\\\/01\\\/crianca-de-cinco-anos-morre-apos-ser-atropelada-dentro-de-condominio-em-xangri-la\\\/#breadcrumb\",\"itemListElement\":[{\"@type\":\"ListItem\",\"position\":1,\"name\":\"In\u00edcio\",\"item\":\"https:\\\/\\\/redelitoralrs.com\\\/\"},{\"@type\":\"ListItem\",\"position\":2,\"name\":\"Crian\u00e7a de cinco anos morre ap\u00f3s ser atropelada dentro de condom\u00ednio em Xangri-l\u00e1\"}]},{\"@type\":\"WebSite\",\"@id\":\"https:\\\/\\\/redelitoralrs.com\\\/#website\",\"url\":\"https:\\\/\\\/redelitoralrs.com\\\/\",\"name\":\"TV Litoral\",\"description\":\"Acompanhe tudo do litoral ga\u00facho com a cobertura completa e atualizada da Rede Litoral RS. Nossos jornalistas trazem as \u00faltimas not\u00edcias, os acontecimentos mais quentes e as hist\u00f3rias que importam sobre nosso amado litoral.\",\"publisher\":{\"@id\":\"https:\\\/\\\/redelitoralrs.com\\\/#organization\"},\"potentialAction\":[{\"@type\":\"SearchAction\",\"target\":{\"@type\":\"EntryPoint\",\"urlTemplate\":\"https:\\\/\\\/redelitoralrs.com\\\/?s={search_term_string}\"},\"query-input\":{\"@type\":\"PropertyValueSpecification\",\"valueRequired\":true,\"valueName\":\"search_term_string\"}}],\"inLanguage\":\"pt-BR\"},{\"@type\":\"Organization\",\"@id\":\"https:\\\/\\\/redelitoralrs.com\\\/#organization\",\"name\":\"TV Litoral\",\"url\":\"https:\\\/\\\/redelitoralrs.com\\\/\",\"logo\":{\"@type\":\"ImageObject\",\"inLanguage\":\"pt-BR\",\"@id\":\"https:\\\/\\\/redelitoralrs.com\\\/#\\\/schema\\\/logo\\\/image\\\/\",\"url\":\"https:\\\/\\\/redelitoralrs.com\\\/wp-content\\\/uploads\\\/2024\\\/01\\\/faviconicon-1-1.png\",\"contentUrl\":\"https:\\\/\\\/redelitoralrs.com\\\/wp-content\\\/uploads\\\/2024\\\/01\\\/faviconicon-1-1.png\",\"width\":454,\"height\":454,\"caption\":\"TV Litoral\"},\"image\":{\"@id\":\"https:\\\/\\\/redelitoralrs.com\\\/#\\\/schema\\\/logo\\\/image\\\/\"},\"sameAs\":[\"https:\\\/\\\/www.facebook.com\\\/tvlitoralrsoficial\",\"https:\\\/\\\/www.instagram.com\\\/tvlitoral.rs\"]},{\"@type\":\"Person\",\"@id\":\"https:\\\/\\\/redelitoralrs.com\\\/#\\\/schema\\\/person\\\/9f8181f2a7359dd3986f05ebaf5bd68a\",\"name\":\"Reda\u00e7\u00e3o TV Litoral\",\"image\":{\"@type\":\"ImageObject\",\"inLanguage\":\"pt-BR\",\"@id\":\"https:\\\/\\\/redelitoralrs.com\\\/wp-content\\\/litespeed\\\/avatar\\\/779aafbb45e66c7f82733e21abb48259.jpg?ver=1777561602\",\"url\":\"https:\\\/\\\/redelitoralrs.com\\\/wp-content\\\/litespeed\\\/avatar\\\/779aafbb45e66c7f82733e21abb48259.jpg?ver=1777561602\",\"contentUrl\":\"https:\\\/\\\/redelitoralrs.com\\\/wp-content\\\/litespeed\\\/avatar\\\/779aafbb45e66c7f82733e21abb48259.jpg?ver=1777561602\",\"caption\":\"Reda\u00e7\u00e3o TV Litoral\"},\"description\":\"A Rede Litoral de Comunica\u00e7\u00e3o \u00e9 um grupo de m\u00eddia multiplataforma do Litoral Norte do RS. Com atua\u00e7\u00e3o em TV, r\u00e1dio, portal e redes sociais, levamos informa\u00e7\u00e3o, conte\u00fado e entretenimento \u00e0 comunidade, fortalecendo a comunica\u00e7\u00e3o local e impulsionando o desenvolvimento regional. Acompanhe atrav\u00e9s de @redelitoralrs.\",\"sameAs\":[\"https:\\\/\\\/redelitoralrs.com\",\"https:\\\/\\\/www.instagram.com\\\/redelitoralrs\",\"https:\\\/\\\/www.youtube.com\\\/@redelitoralrs\"],\"url\":\"https:\\\/\\\/redelitoralrs.com\\\/index.php\\\/author\\\/redacaotvlitoral\\\/\"}]}<\/script>\n<!-- \/ Yoast SEO plugin. -->","yoast_head_json":{"title":"Crian\u00e7a de cinco anos morre ap\u00f3s ser atropelada dentro de condom\u00ednio em Xangri-l\u00e1 - Rede Litoral RS","robots":{"index":"index","follow":"follow","max-snippet":"max-snippet:-1","max-image-preview":"max-image-preview:large","max-video-preview":"max-video-preview:-1"},"canonical":"https:\/\/redelitoralrs.com\/index.php\/2024\/04\/01\/crianca-de-cinco-anos-morre-apos-ser-atropelada-dentro-de-condominio-em-xangri-la\/","og_locale":"pt_BR","og_type":"article","og_title":"Crian\u00e7a de cinco anos morre ap\u00f3s ser atropelada dentro de condom\u00ednio em Xangri-l\u00e1 - Rede Litoral RS","og_description":"Uma crian\u00e7a de 5 anos morreu, no in\u00edcio da tarde deste domingo (31), ap\u00f3s ser atropelada na avenida Paraguass\u00fa , em um Condom\u00ednio em Xangri-l\u00e1. O acidente ocorreu por volta das 13:30h. A Brigada Militar foi acionada pela equipe m\u00e9dica do Pronto atendimento informando sobre o atropleamento com morte de uma crian\u00e7a em Xangri-l\u00e1, no [&hellip;]","og_url":"https:\/\/redelitoralrs.com\/index.php\/2024\/04\/01\/crianca-de-cinco-anos-morre-apos-ser-atropelada-dentro-de-condominio-em-xangri-la\/","og_site_name":"Rede Litoral RS","article_publisher":"https:\/\/www.facebook.com\/tvlitoralrsoficial","article_published_time":"2024-04-01T17:07:22+00:00","article_modified_time":"2024-04-01T17:08:55+00:00","og_image":[{"width":679,"height":451,"url":"https:\/\/redelitoralrs.com\/wp-content\/uploads\/2024\/04\/LITORAL-1.jpg","type":"image\/jpeg"}],"author":"Reda\u00e7\u00e3o TV Litoral","twitter_card":"summary_large_image","twitter_image":"https:\/\/redelitoralrs.com\/wp-content\/uploads\/2024\/04\/LITORAL-1.jpg","twitter_misc":{"Escrito por":"Reda\u00e7\u00e3o TV Litoral","Est. tempo de leitura":"2 minutos"},"schema":{"@context":"https:\/\/schema.org","@graph":[{"@type":"Article","@id":"https:\/\/redelitoralrs.com\/index.php\/2024\/04\/01\/crianca-de-cinco-anos-morre-apos-ser-atropelada-dentro-de-condominio-em-xangri-la\/#article","isPartOf":{"@id":"https:\/\/redelitoralrs.com\/index.php\/2024\/04\/01\/crianca-de-cinco-anos-morre-apos-ser-atropelada-dentro-de-condominio-em-xangri-la\/"},"author":{"name":"Reda\u00e7\u00e3o TV Litoral","@id":"https:\/\/redelitoralrs.com\/#\/schema\/person\/9f8181f2a7359dd3986f05ebaf5bd68a"},"headline":"Crian\u00e7a de cinco anos morre ap\u00f3s ser atropelada dentro de condom\u00ednio em Xangri-l\u00e1","datePublished":"2024-04-01T17:07:22+00:00","dateModified":"2024-04-01T17:08:55+00:00","mainEntityOfPage":{"@id":"https:\/\/redelitoralrs.com\/index.php\/2024\/04\/01\/crianca-de-cinco-anos-morre-apos-ser-atropelada-dentro-de-condominio-em-xangri-la\/"},"wordCount":231,"commentCount":0,"publisher":{"@id":"https:\/\/redelitoralrs.com\/#organization"},"image":{"@id":"https:\/\/redelitoralrs.com\/index.php\/2024\/04\/01\/crianca-de-cinco-anos-morre-apos-ser-atropelada-dentro-de-condominio-em-xangri-la\/#primaryimage"},"thumbnailUrl":"https:\/\/redelitoralrs.com\/wp-content\/uploads\/2024\/04\/LITORAL-1.jpg","articleSection":["Xangri-L\u00e1"],"inLanguage":"pt-BR","potentialAction":[{"@type":"CommentAction","name":"Comment","target":["https:\/\/redelitoralrs.com\/index.php\/2024\/04\/01\/crianca-de-cinco-anos-morre-apos-ser-atropelada-dentro-de-condominio-em-xangri-la\/#respond"]}]},{"@type":"WebPage","@id":"https:\/\/redelitoralrs.com\/index.php\/2024\/04\/01\/crianca-de-cinco-anos-morre-apos-ser-atropelada-dentro-de-condominio-em-xangri-la\/","url":"https:\/\/redelitoralrs.com\/index.php\/2024\/04\/01\/crianca-de-cinco-anos-morre-apos-ser-atropelada-dentro-de-condominio-em-xangri-la\/","name":"Crian\u00e7a de cinco anos morre ap\u00f3s ser atropelada dentro de condom\u00ednio em Xangri-l\u00e1 - Rede Litoral RS","isPartOf":{"@id":"https:\/\/redelitoralrs.com\/#website"},"primaryImageOfPage":{"@id":"https:\/\/redelitoralrs.com\/index.php\/2024\/04\/01\/crianca-de-cinco-anos-morre-apos-ser-atropelada-dentro-de-condominio-em-xangri-la\/#primaryimage"},"image":{"@id":"https:\/\/redelitoralrs.com\/index.php\/2024\/04\/01\/crianca-de-cinco-anos-morre-apos-ser-atropelada-dentro-de-condominio-em-xangri-la\/#primaryimage"},"thumbnailUrl":"https:\/\/redelitoralrs.com\/wp-content\/uploads\/2024\/04\/LITORAL-1.jpg","datePublished":"2024-04-01T17:07:22+00:00","dateModified":"2024-04-01T17:08:55+00:00","breadcrumb":{"@id":"https:\/\/redelitoralrs.com\/index.php\/2024\/04\/01\/crianca-de-cinco-anos-morre-apos-ser-atropelada-dentro-de-condominio-em-xangri-la\/#breadcrumb"},"inLanguage":"pt-BR","potentialAction":[{"@type":"ReadAction","target":["https:\/\/redelitoralrs.com\/index.php\/2024\/04\/01\/crianca-de-cinco-anos-morre-apos-ser-atropelada-dentro-de-condominio-em-xangri-la\/"]}]},{"@type":"ImageObject","inLanguage":"pt-BR","@id":"https:\/\/redelitoralrs.com\/index.php\/2024\/04\/01\/crianca-de-cinco-anos-morre-apos-ser-atropelada-dentro-de-condominio-em-xangri-la\/#primaryimage","url":"https:\/\/redelitoralrs.com\/wp-content\/uploads\/2024\/04\/LITORAL-1.jpg","contentUrl":"https:\/\/redelitoralrs.com\/wp-content\/uploads\/2024\/04\/LITORAL-1.jpg","width":679,"height":451},{"@type":"BreadcrumbList","@id":"https:\/\/redelitoralrs.com\/index.php\/2024\/04\/01\/crianca-de-cinco-anos-morre-apos-ser-atropelada-dentro-de-condominio-em-xangri-la\/#breadcrumb","itemListElement":[{"@type":"ListItem","position":1,"name":"In\u00edcio","item":"https:\/\/redelitoralrs.com\/"},{"@type":"ListItem","position":2,"name":"Crian\u00e7a de cinco anos morre ap\u00f3s ser atropelada dentro de condom\u00ednio em Xangri-l\u00e1"}]},{"@type":"WebSite","@id":"https:\/\/redelitoralrs.com\/#website","url":"https:\/\/redelitoralrs.com\/","name":"TV Litoral","description":"Acompanhe tudo do litoral ga\u00facho com a cobertura completa e atualizada da Rede Litoral RS. Nossos jornalistas trazem as \u00faltimas not\u00edcias, os acontecimentos mais quentes e as hist\u00f3rias que importam sobre nosso amado litoral.","publisher":{"@id":"https:\/\/redelitoralrs.com\/#organization"},"potentialAction":[{"@type":"SearchAction","target":{"@type":"EntryPoint","urlTemplate":"https:\/\/redelitoralrs.com\/?s={search_term_string}"},"query-input":{"@type":"PropertyValueSpecification","valueRequired":true,"valueName":"search_term_string"}}],"inLanguage":"pt-BR"},{"@type":"Organization","@id":"https:\/\/redelitoralrs.com\/#organization","name":"TV Litoral","url":"https:\/\/redelitoralrs.com\/","logo":{"@type":"ImageObject","inLanguage":"pt-BR","@id":"https:\/\/redelitoralrs.com\/#\/schema\/logo\/image\/","url":"https:\/\/redelitoralrs.com\/wp-content\/uploads\/2024\/01\/faviconicon-1-1.png","contentUrl":"https:\/\/redelitoralrs.com\/wp-content\/uploads\/2024\/01\/faviconicon-1-1.png","width":454,"height":454,"caption":"TV Litoral"},"image":{"@id":"https:\/\/redelitoralrs.com\/#\/schema\/logo\/image\/"},"sameAs":["https:\/\/www.facebook.com\/tvlitoralrsoficial","https:\/\/www.instagram.com\/tvlitoral.rs"]},{"@type":"Person","@id":"https:\/\/redelitoralrs.com\/#\/schema\/person\/9f8181f2a7359dd3986f05ebaf5bd68a","name":"Reda\u00e7\u00e3o TV Litoral","image":{"@type":"ImageObject","inLanguage":"pt-BR","@id":"https:\/\/redelitoralrs.com\/wp-content\/litespeed\/avatar\/779aafbb45e66c7f82733e21abb48259.jpg?ver=1777561602","url":"https:\/\/redelitoralrs.com\/wp-content\/litespeed\/avatar\/779aafbb45e66c7f82733e21abb48259.jpg?ver=1777561602","contentUrl":"https:\/\/redelitoralrs.com\/wp-content\/litespeed\/avatar\/779aafbb45e66c7f82733e21abb48259.jpg?ver=1777561602","caption":"Reda\u00e7\u00e3o TV Litoral"},"description":"A Rede Litoral de Comunica\u00e7\u00e3o \u00e9 um grupo de m\u00eddia multiplataforma do Litoral Norte do RS. Com atua\u00e7\u00e3o em TV, r\u00e1dio, portal e redes sociais, levamos informa\u00e7\u00e3o, conte\u00fado e entretenimento \u00e0 comunidade, fortalecendo a comunica\u00e7\u00e3o local e impulsionando o desenvolvimento regional. Acompanhe atrav\u00e9s de @redelitoralrs.","sameAs":["https:\/\/redelitoralrs.com","https:\/\/www.instagram.com\/redelitoralrs","https:\/\/www.youtube.com\/@redelitoralrs"],"url":"https:\/\/redelitoralrs.com\/index.php\/author\/redacaotvlitoral\/"}]}},"_links":{"self":[{"href":"https:\/\/redelitoralrs.com\/index.php\/wp-json\/wp\/v2\/posts\/1203","targetHints":{"allow":["GET"]}}],"collection":[{"href":"https:\/\/redelitoralrs.com\/index.php\/wp-json\/wp\/v2\/posts"}],"about":[{"href":"https:\/\/redelitoralrs.com\/index.php\/wp-json\/wp\/v2\/types\/post"}],"author":[{"embeddable":true,"href":"https:\/\/redelitoralrs.com\/index.php\/wp-json\/wp\/v2\/users\/2"}],"replies":[{"embeddable":true,"href":"https:\/\/redelitoralrs.com\/index.php\/wp-json\/wp\/v2\/comments?post=1203"}],"version-history":[{"count":1,"href":"https:\/\/redelitoralrs.com\/index.php\/wp-json\/wp\/v2\/posts\/1203\/revisions"}],"predecessor-version":[{"id":1205,"href":"https:\/\/redelitoralrs.com\/index.php\/wp-json\/wp\/v2\/posts\/1203\/revisions\/1205"}],"wp:featuredmedia":[{"embeddable":true,"href":"https:\/\/redelitoralrs.com\/index.php\/wp-json\/wp\/v2\/media\/1204"}],"wp:attachment":[{"href":"https:\/\/redelitoralrs.com\/index.php\/wp-json\/wp\/v2\/media?parent=1203"}],"wp:term":[{"taxonomy":"category","embeddable":true,"href":"https:\/\/redelitoralrs.com\/index.php\/wp-json\/wp\/v2\/categories?post=1203"},{"taxonomy":"post_tag","embeddable":true,"href":"https:\/\/redelitoralrs.com\/index.php\/wp-json\/wp\/v2\/tags?post=1203"}],"curies":[{"name":"wp","href":"https:\/\/api.w.org\/{rel}","templated":true}]}}